{"id":936,"date":"2022-02-15T17:52:19","date_gmt":"2022-02-15T17:52:19","guid":{"rendered":"https:\/\/greenyellow-alligator-204266.hostingersite.com\/industria-empresa\/?p=936"},"modified":"2025-10-28T15:49:49","modified_gmt":"2025-10-28T14:49:49","slug":"tecnologia-conveccion-aire-acondicionado-industrial","status":"publish","type":"post","link":"https:\/\/innotecgrupo.com\/industria-empresa\/blog\/tecnologia-conveccion-aire-acondicionado-industrial\/","title":{"rendered":"Tecnolog\u00eda de convecci\u00f3n y aire acondicionado industrial"},"content":{"rendered":"\n<h2 class=\"wp-block-heading\">Soluciones en instalaci\u00f3n y mantenimiento\u00a0de aire acondicionado en la industria<\/h2>\n\n\n\n<p><strong>La <\/strong><a href=\"\/industria-empresa\/climatizacion\/\"><strong>tecnolog\u00eda de convecci\u00f3n y aire acondicionado para la industria<\/strong><\/a> funciona mediante el calentamiento o enfriamiento del volumen del aire del local con un elemento transmisor del calor y por circulaci\u00f3n natural (radiadores) o circulaci\u00f3n forzada (aerotermos). Su uso est\u00e1 <strong>indicado en naves industriales, almacenes, polideportivos o centros comerciales<\/strong>, entre otros espacios.<br><br>Aqu\u00ed tienes algunos de los sistemas que <strong>te recomendamos desde Innotec<\/strong>.<\/p>\n\n\n\n<h2 class=\"wp-block-heading\" id=\"soluciones-disponibles\"><strong>Sistema VRV<\/strong><\/h2>\n\n\n\n<p>Sistema de Volumen Variable de Refrigerante con tecnolog\u00eda full inverter para <strong>peque\u00f1as instalaciones residenciales y comerciales<\/strong>.<\/p>\n\n\n\n<h2 class=\"wp-block-heading\"><strong>Aut\u00f3nomos aire-aire<\/strong><\/h2>\n\n\n\n<p>Unidades condensadas por aire <strong>dise\u00f1adas para la instalaci\u00f3n en falsos techos<\/strong>, son adecuadas para operar acopladas a una red de conductos de distribuci\u00f3n de aire tanto en la secci\u00f3n interior como&nbsp;en el exterior.<\/p>\n\n\n\n<h2 class=\"wp-block-heading\"><strong>Aut\u00f3nomos agua-aire<\/strong><\/h2>\n\n\n\n<p>Dise\u00f1ados t<strong>anto para instalaciones de peque\u00f1o, mediano y gran tama\u00f1o<\/strong>, viviendas o locales comerciales. Est\u00e1n dotados con compresores scroll de gran eficacia para toda la gama.<\/p>\n\n\n\n<h2 class=\"wp-block-heading\"><strong>Sistemas agua-agua<\/strong><\/h2>\n\n\n\n<p>Dise\u00f1ados para <strong>medianas instalaciones residenciales, comerciales e industriales<\/strong>, para climatizaci\u00f3n mediante fancoils y unidades de tratamiento de aire (UTAS). Con un dise\u00f1o compacto que <strong>favorece el ahorro de espacio<\/strong> y compresores multiScroll de alta eficiencia.<\/p>\n\n\n\n<h2 class=\"wp-block-heading\"><strong>Aerotermos de agua<\/strong><\/h2>\n\n\n\n<p>Aerotermos de agua para <strong>calefacci\u00f3n y refrigeraci\u00f3n de locales industriales, comerciales, log\u00edstica, salas polivalentes, gimnasios<\/strong>\u2026 Su montaje en pared o techo permite una integraci\u00f3n discreta y adaptaci\u00f3n en todos los entornos. Los aerotermos est\u00e1n equipados con <strong>ventiladores de alto rendimiento<\/strong> y por lo tanto ofrecen <strong>bajos niveles de ruido<\/strong>. <\/p>\n\n\n\n<h2 class=\"wp-block-heading\"><strong>Aerotermos a gas<\/strong><\/h2>\n\n\n\n<p>Generan un flujo de aire caliente de forma aut\u00f3noma y descentralizada gracias a la combusti\u00f3n de gas en su interior. <strong>El aire del edificio se calienta directamente en un intercambiador tubular<\/strong> y es lanzado hacia el local gracias a su ventilador incorporado. Los aerotermos a gas cuentan con un sistema de encendido electr\u00f3nico y dispositivo de <strong>control de llama por ionizaci\u00f3n<\/strong>, adem\u00e1s de un circuito electr\u00f3nico de regulaci\u00f3n de funcionamiento, de seguridad, del encendido y del control de llama por ionizaci\u00f3n.<\/p>\n\n\n\n<div class=\"wp-block-image\"><figure class=\"aligncenter size-full\"><img fetchpriority=\"high\" decoding=\"async\" width=\"1000\" height=\"664\" src=\"https:\/\/greenyellow-alligator-204266.hostingersite.com\/industria-empresa\/wp-content\/uploads\/2022\/02\/aire_acondicionado.jpg\" alt=\"\" class=\"wp-image-1183\" srcset=\"https:\/\/innotecgrupo.com\/industria-empresa\/wp-content\/uploads\/2022\/02\/aire_acondicionado.jpg 1000w, https:\/\/innotecgrupo.com\/industria-empresa\/wp-content\/uploads\/2022\/02\/aire_acondicionado-300x199.jpg 300w, https:\/\/innotecgrupo.com\/industria-empresa\/wp-content\/uploads\/2022\/02\/aire_acondicionado-768x510.jpg 768w\" sizes=\"(max-width: 1000px) 100vw, 1000px\" \/><figcaption>Instalaci\u00f3n de convecci\u00f3n y aire acondicionado en la industria<\/figcaption><\/figure><\/div>\n\n\n\n<h2 class=\"wp-block-heading\"><strong>Destratificadores<\/strong><\/h2>\n\n\n\n<p>Equipo de <strong>recuperaci\u00f3n de aire caliente<\/strong> que se acumula en la parte alta de los edificios. Los ventiladores destratificadores funcionan con un motor helicoidal que produce el m\u00ednimo ruido durante el funcionamiento y un bajo consumo. Crea flujos descendentes de aire a muy baja velocidad y sin ruidos. <strong>Consigue un ahorro de energ\u00eda de hasta un 30%<\/strong>. Los destratificadores se utilizan en edificios calentados mediante aerotermos o generadores de aire caliente y con alto grado de estratificaci\u00f3n t\u00e9rmica. Gracias al termostato incorporado, podemos regular su funcionamiento.<\/p>\n\n\n\n<h2 class=\"wp-block-heading\"><strong>Cortinas de aire<\/strong><\/h2>\n\n\n\n<p>Indicadas para <strong>separar zonas climatizadas de zonas no climatizadas<\/strong>. Las cortinas de aire que no solo cierran el paso de aire del exterior, tambi\u00e9n la entrada de olores y polvo. Crean un chorro de aire a gran caudal mediante un sistema de ventiladores que crean una <strong>barrera mec\u00e1nica de aire<\/strong>. El ventilador agrega una presi\u00f3n a la corriente de aire, que impide la penetraci\u00f3n de toda part\u00edcula exterior en el local.<\/p>\n\n\n\n<h2 class=\"wp-block-heading\"><strong>Enfriamiento evaporativo<\/strong><\/h2>\n\n\n\n<p>El enfriador evaporativo adiab\u00e1tico es un equipo que <strong>permite el enfriamiento y la ventilaci\u00f3n del aire interior<\/strong> de los locales. Se alimenta con corriente el\u00e9ctrica y agua de red, y debe ser conectado a conductos y difusores de aire.<\/p>\n\n\n\n<h3 class=\"wp-block-heading\"><span style=\"text-decoration: underline;\">Funcionamiento y ventajas:<\/span><\/h3>\n\n\n\n<ul class=\"wp-block-list\"><li><strong>Alto poder refrigerante<\/strong> con eficacia de saturaci\u00f3n del 88%.<\/li><li><strong>Sistema de auto-limpieza y renovaci\u00f3n peri\u00f3dica del agua<\/strong> en todo el sistema hidr\u00e1ulico y en paneles evaporativos con descarga autom\u00e1tica del agua.<\/li><li><strong>Montaje en cubierta<\/strong>, tipo roof-top.<\/li><\/ul>\n\n\n\n<h2 class=\"wp-block-heading\"><strong>En Innotec Industria y Empresa<\/strong> <strong>podemos realizar<\/strong> la instalaci\u00f3n y mantenimiento<strong> de las soluciones m\u00e1s adecuadas para cualquier entorno industrial<\/strong>. <\/h2>\n\n\n\n<p>Nuestro equipo se encargar\u00e1 de la fase de <strong>estudio previo y asesoramiento t\u00e9cnico<\/strong>, as\u00ed como de facilitar las justificaciones necesarias para el cumplimiento de la normativa vigente y la documentaci\u00f3n t\u00e9cnica necesaria.<\/p>\n\n\n\n<p>Solicita una cita y disfruta de los equipos de climatizaci\u00f3n industrial m\u00e1s eficientes para tus instalaciones.<\/p>\n","protected":false},"excerpt":{"rendered":"<p>Soluciones en instalaci\u00f3n y mantenimiento\u00a0de aire acondicionado en la industria La tecnolog\u00eda de convecci\u00f3n y aire acondicionado para la industria funciona mediante el calentamiento o enfriamiento del volumen del aire del local con un elemento transmisor del calor y por circulaci\u00f3n natural (radiadores) o circulaci\u00f3n forzada (aerotermos). Su uso est\u00e1 indicado en naves industriales, almacenes, [&hellip;]<\/p>\n","protected":false},"author":9,"featured_media":1183,"comment_status":"open","ping_status":"open","sticky":false,"template":"","format":"standard","meta":{"_acf_changed":false,"footnotes":""},"categories":[102],"tags":[],"class_list":["post-936","post","type-post","status-publish","format-standard","has-post-thumbnail","hentry","category-climatizacion"],"acf":[],"yoast_head":"<!-- This site is optimized with the Yoast SEO plugin v27.3 - https:\/\/yoast.com\/product\/yoast-seo-wordpress\/ -->\n<title>Tecnolog\u00eda de convecci\u00f3n y aire acondicionado industrial | Innotec<\/title>\n<meta name=\"robots\" content=\"index, follow, max-snippet:-1, max-image-preview:large, max-video-preview:-1\" \/>\n<link rel=\"canonical\" href=\"https:\/\/innotecgrupo.com\/industria-empresa\/blog\/tecnologia-conveccion-aire-acondicionado-industrial\/\" \/>\n<meta property=\"og:locale\" content=\"es_ES\" \/>\n<meta property=\"og:type\" content=\"article\" \/>\n<meta property=\"og:title\" content=\"Tecnolog\u00eda de convecci\u00f3n y aire acondicionado industrial | Innotec\" \/>\n<meta property=\"og:description\" content=\"Soluciones en instalaci\u00f3n y mantenimiento\u00a0de aire acondicionado en la industria La tecnolog\u00eda de convecci\u00f3n y aire acondicionado para la industria funciona mediante el calentamiento o enfriamiento del volumen del aire del local con un elemento transmisor del calor y por circulaci\u00f3n natural (radiadores) o circulaci\u00f3n forzada (aerotermos). Su uso est\u00e1 indicado en naves industriales, almacenes, [&hellip;]\" \/>\n<meta property=\"og:url\" content=\"https:\/\/innotecgrupo.com\/industria-empresa\/blog\/tecnologia-conveccion-aire-acondicionado-industrial\/\" \/>\n<meta property=\"og:site_name\" content=\"Innotec\" \/>\n<meta property=\"article:published_time\" content=\"2022-02-15T17:52:19+00:00\" \/>\n<meta property=\"article:modified_time\" content=\"2025-10-28T14:49:49+00:00\" \/>\n<meta property=\"og:image\" content=\"https:\/\/innotecgrupo.com\/industria-empresa\/wp-content\/uploads\/2022\/02\/aire_acondicionado.jpg\" \/>\n\t<meta property=\"og:image:width\" content=\"1000\" \/>\n\t<meta property=\"og:image:height\" content=\"664\" \/>\n\t<meta property=\"og:image:type\" content=\"image\/jpeg\" \/>\n<meta name=\"author\" content=\"Manuel Bernal (Socio Fundador)\" \/>\n<meta name=\"twitter:card\" content=\"summary_large_image\" \/>\n<meta name=\"twitter:label1\" content=\"Escrito por\" \/>\n\t<meta name=\"twitter:data1\" content=\"Manuel Bernal (Socio Fundador)\" \/>\n\t<meta name=\"twitter:label2\" content=\"Tiempo de lectura\" \/>\n\t<meta name=\"twitter:data2\" content=\"4 minutos\" \/>\n<script type=\"application\/ld+json\" class=\"yoast-schema-graph\">{\"@context\":\"https:\\\/\\\/schema.org\",\"@graph\":[{\"@type\":\"Article\",\"@id\":\"https:\\\/\\\/innotecgrupo.com\\\/industria-empresa\\\/blog\\\/tecnologia-conveccion-aire-acondicionado-industrial\\\/#article\",\"isPartOf\":{\"@id\":\"https:\\\/\\\/innotecgrupo.com\\\/industria-empresa\\\/blog\\\/tecnologia-conveccion-aire-acondicionado-industrial\\\/\"},\"author\":{\"name\":\"Manuel Bernal (Socio Fundador)\",\"@id\":\"https:\\\/\\\/innotecgrupo.com\\\/industria-empresa\\\/#\\\/schema\\\/person\\\/cd83faa3aecd59ea2de1fcb467a88501\"},\"headline\":\"Tecnolog\u00eda de convecci\u00f3n y aire acondicionado industrial\",\"datePublished\":\"2022-02-15T17:52:19+00:00\",\"dateModified\":\"2025-10-28T14:49:49+00:00\",\"mainEntityOfPage\":{\"@id\":\"https:\\\/\\\/innotecgrupo.com\\\/industria-empresa\\\/blog\\\/tecnologia-conveccion-aire-acondicionado-industrial\\\/\"},\"wordCount\":716,\"commentCount\":0,\"publisher\":{\"@id\":\"https:\\\/\\\/innotecgrupo.com\\\/industria-empresa\\\/#organization\"},\"image\":{\"@id\":\"https:\\\/\\\/innotecgrupo.com\\\/industria-empresa\\\/blog\\\/tecnologia-conveccion-aire-acondicionado-industrial\\\/#primaryimage\"},\"thumbnailUrl\":\"https:\\\/\\\/innotecgrupo.com\\\/industria-empresa\\\/wp-content\\\/uploads\\\/2022\\\/02\\\/aire_acondicionado.jpg\",\"articleSection\":[\"Climatizaci\u00f3n\"],\"inLanguage\":\"es\",\"potentialAction\":[{\"@type\":\"CommentAction\",\"name\":\"Comment\",\"target\":[\"https:\\\/\\\/innotecgrupo.com\\\/industria-empresa\\\/blog\\\/tecnologia-conveccion-aire-acondicionado-industrial\\\/#respond\"]}]},{\"@type\":\"WebPage\",\"@id\":\"https:\\\/\\\/innotecgrupo.com\\\/industria-empresa\\\/blog\\\/tecnologia-conveccion-aire-acondicionado-industrial\\\/\",\"url\":\"https:\\\/\\\/innotecgrupo.com\\\/industria-empresa\\\/blog\\\/tecnologia-conveccion-aire-acondicionado-industrial\\\/\",\"name\":\"Tecnolog\u00eda de convecci\u00f3n y aire acondicionado industrial | Innotec\",\"isPartOf\":{\"@id\":\"https:\\\/\\\/innotecgrupo.com\\\/industria-empresa\\\/#website\"},\"primaryImageOfPage\":{\"@id\":\"https:\\\/\\\/innotecgrupo.com\\\/industria-empresa\\\/blog\\\/tecnologia-conveccion-aire-acondicionado-industrial\\\/#primaryimage\"},\"image\":{\"@id\":\"https:\\\/\\\/innotecgrupo.com\\\/industria-empresa\\\/blog\\\/tecnologia-conveccion-aire-acondicionado-industrial\\\/#primaryimage\"},\"thumbnailUrl\":\"https:\\\/\\\/innotecgrupo.com\\\/industria-empresa\\\/wp-content\\\/uploads\\\/2022\\\/02\\\/aire_acondicionado.jpg\",\"datePublished\":\"2022-02-15T17:52:19+00:00\",\"dateModified\":\"2025-10-28T14:49:49+00:00\",\"breadcrumb\":{\"@id\":\"https:\\\/\\\/innotecgrupo.com\\\/industria-empresa\\\/blog\\\/tecnologia-conveccion-aire-acondicionado-industrial\\\/#breadcrumb\"},\"inLanguage\":\"es\",\"potentialAction\":[{\"@type\":\"ReadAction\",\"target\":[\"https:\\\/\\\/innotecgrupo.com\\\/industria-empresa\\\/blog\\\/tecnologia-conveccion-aire-acondicionado-industrial\\\/\"]}]},{\"@type\":\"ImageObject\",\"inLanguage\":\"es\",\"@id\":\"https:\\\/\\\/innotecgrupo.com\\\/industria-empresa\\\/blog\\\/tecnologia-conveccion-aire-acondicionado-industrial\\\/#primaryimage\",\"url\":\"https:\\\/\\\/innotecgrupo.com\\\/industria-empresa\\\/wp-content\\\/uploads\\\/2022\\\/02\\\/aire_acondicionado.jpg\",\"contentUrl\":\"https:\\\/\\\/innotecgrupo.com\\\/industria-empresa\\\/wp-content\\\/uploads\\\/2022\\\/02\\\/aire_acondicionado.jpg\",\"width\":1000,\"height\":664},{\"@type\":\"BreadcrumbList\",\"@id\":\"https:\\\/\\\/innotecgrupo.com\\\/industria-empresa\\\/blog\\\/tecnologia-conveccion-aire-acondicionado-industrial\\\/#breadcrumb\",\"itemListElement\":[{\"@type\":\"ListItem\",\"position\":1,\"name\":\"Portada\",\"item\":\"https:\\\/\\\/innotecgrupo.com\\\/industria-empresa\\\/\"},{\"@type\":\"ListItem\",\"position\":2,\"name\":\"Tecnolog\u00eda de convecci\u00f3n y aire acondicionado industrial\"}]},{\"@type\":\"WebSite\",\"@id\":\"https:\\\/\\\/innotecgrupo.com\\\/industria-empresa\\\/#website\",\"url\":\"https:\\\/\\\/innotecgrupo.com\\\/industria-empresa\\\/\",\"name\":\"Innotec Grupo\",\"description\":\"CLIMATIZACI\u00d3N ENFOCADA AL BIENESTAR INTEGRAL\",\"publisher\":{\"@id\":\"https:\\\/\\\/innotecgrupo.com\\\/industria-empresa\\\/#organization\"},\"potentialAction\":[{\"@type\":\"SearchAction\",\"target\":{\"@type\":\"EntryPoint\",\"urlTemplate\":\"https:\\\/\\\/innotecgrupo.com\\\/industria-empresa\\\/?s={search_term_string}\"},\"query-input\":{\"@type\":\"PropertyValueSpecification\",\"valueRequired\":true,\"valueName\":\"search_term_string\"}}],\"inLanguage\":\"es\"},{\"@type\":\"Organization\",\"@id\":\"https:\\\/\\\/innotecgrupo.com\\\/industria-empresa\\\/#organization\",\"name\":\"Innotec\",\"url\":\"https:\\\/\\\/innotecgrupo.com\\\/industria-empresa\\\/\",\"logo\":{\"@type\":\"ImageObject\",\"inLanguage\":\"es\",\"@id\":\"https:\\\/\\\/innotecgrupo.com\\\/industria-empresa\\\/#\\\/schema\\\/logo\\\/image\\\/\",\"url\":\"https:\\\/\\\/innotecgrupo.com\\\/industria-empresa\\\/wp-content\\\/uploads\\\/2022\\\/01\\\/logo-innotec.png\",\"contentUrl\":\"https:\\\/\\\/innotecgrupo.com\\\/industria-empresa\\\/wp-content\\\/uploads\\\/2022\\\/01\\\/logo-innotec.png\",\"width\":166,\"height\":31,\"caption\":\"Innotec\"},\"image\":{\"@id\":\"https:\\\/\\\/innotecgrupo.com\\\/industria-empresa\\\/#\\\/schema\\\/logo\\\/image\\\/\"}},{\"@type\":\"Person\",\"@id\":\"https:\\\/\\\/innotecgrupo.com\\\/industria-empresa\\\/#\\\/schema\\\/person\\\/cd83faa3aecd59ea2de1fcb467a88501\",\"name\":\"Manuel Bernal (Socio Fundador)\",\"description\":\"Ingeniero Industrial MBA en CESTE\",\"sameAs\":[\"https:\\\/\\\/www.linkedin.com\\\/in\\\/manuel-bernal-innotec\\\/\"],\"url\":\"https:\\\/\\\/innotecgrupo.com\\\/industria-empresa\\\/blog\\\/author\\\/manuel-bernal\\\/\"}]}<\/script>\n<!-- \/ Yoast SEO plugin. -->","yoast_head_json":{"title":"Tecnolog\u00eda de convecci\u00f3n y aire acondicionado industrial | Innotec","robots":{"index":"index","follow":"follow","max-snippet":"max-snippet:-1","max-image-preview":"max-image-preview:large","max-video-preview":"max-video-preview:-1"},"canonical":"https:\/\/innotecgrupo.com\/industria-empresa\/blog\/tecnologia-conveccion-aire-acondicionado-industrial\/","og_locale":"es_ES","og_type":"article","og_title":"Tecnolog\u00eda de convecci\u00f3n y aire acondicionado industrial | Innotec","og_description":"Soluciones en instalaci\u00f3n y mantenimiento\u00a0de aire acondicionado en la industria La tecnolog\u00eda de convecci\u00f3n y aire acondicionado para la industria funciona mediante el calentamiento o enfriamiento del volumen del aire del local con un elemento transmisor del calor y por circulaci\u00f3n natural (radiadores) o circulaci\u00f3n forzada (aerotermos). Su uso est\u00e1 indicado en naves industriales, almacenes, [&hellip;]","og_url":"https:\/\/innotecgrupo.com\/industria-empresa\/blog\/tecnologia-conveccion-aire-acondicionado-industrial\/","og_site_name":"Innotec","article_published_time":"2022-02-15T17:52:19+00:00","article_modified_time":"2025-10-28T14:49:49+00:00","og_image":[{"width":1000,"height":664,"url":"https:\/\/innotecgrupo.com\/industria-empresa\/wp-content\/uploads\/2022\/02\/aire_acondicionado.jpg","type":"image\/jpeg"}],"author":"Manuel Bernal (Socio Fundador)","twitter_card":"summary_large_image","twitter_misc":{"Escrito por":"Manuel Bernal (Socio Fundador)","Tiempo de lectura":"4 minutos"},"schema":{"@context":"https:\/\/schema.org","@graph":[{"@type":"Article","@id":"https:\/\/innotecgrupo.com\/industria-empresa\/blog\/tecnologia-conveccion-aire-acondicionado-industrial\/#article","isPartOf":{"@id":"https:\/\/innotecgrupo.com\/industria-empresa\/blog\/tecnologia-conveccion-aire-acondicionado-industrial\/"},"author":{"name":"Manuel Bernal (Socio Fundador)","@id":"https:\/\/innotecgrupo.com\/industria-empresa\/#\/schema\/person\/cd83faa3aecd59ea2de1fcb467a88501"},"headline":"Tecnolog\u00eda de convecci\u00f3n y aire acondicionado industrial","datePublished":"2022-02-15T17:52:19+00:00","dateModified":"2025-10-28T14:49:49+00:00","mainEntityOfPage":{"@id":"https:\/\/innotecgrupo.com\/industria-empresa\/blog\/tecnologia-conveccion-aire-acondicionado-industrial\/"},"wordCount":716,"commentCount":0,"publisher":{"@id":"https:\/\/innotecgrupo.com\/industria-empresa\/#organization"},"image":{"@id":"https:\/\/innotecgrupo.com\/industria-empresa\/blog\/tecnologia-conveccion-aire-acondicionado-industrial\/#primaryimage"},"thumbnailUrl":"https:\/\/innotecgrupo.com\/industria-empresa\/wp-content\/uploads\/2022\/02\/aire_acondicionado.jpg","articleSection":["Climatizaci\u00f3n"],"inLanguage":"es","potentialAction":[{"@type":"CommentAction","name":"Comment","target":["https:\/\/innotecgrupo.com\/industria-empresa\/blog\/tecnologia-conveccion-aire-acondicionado-industrial\/#respond"]}]},{"@type":"WebPage","@id":"https:\/\/innotecgrupo.com\/industria-empresa\/blog\/tecnologia-conveccion-aire-acondicionado-industrial\/","url":"https:\/\/innotecgrupo.com\/industria-empresa\/blog\/tecnologia-conveccion-aire-acondicionado-industrial\/","name":"Tecnolog\u00eda de convecci\u00f3n y aire acondicionado industrial | Innotec","isPartOf":{"@id":"https:\/\/innotecgrupo.com\/industria-empresa\/#website"},"primaryImageOfPage":{"@id":"https:\/\/innotecgrupo.com\/industria-empresa\/blog\/tecnologia-conveccion-aire-acondicionado-industrial\/#primaryimage"},"image":{"@id":"https:\/\/innotecgrupo.com\/industria-empresa\/blog\/tecnologia-conveccion-aire-acondicionado-industrial\/#primaryimage"},"thumbnailUrl":"https:\/\/innotecgrupo.com\/industria-empresa\/wp-content\/uploads\/2022\/02\/aire_acondicionado.jpg","datePublished":"2022-02-15T17:52:19+00:00","dateModified":"2025-10-28T14:49:49+00:00","breadcrumb":{"@id":"https:\/\/innotecgrupo.com\/industria-empresa\/blog\/tecnologia-conveccion-aire-acondicionado-industrial\/#breadcrumb"},"inLanguage":"es","potentialAction":[{"@type":"ReadAction","target":["https:\/\/innotecgrupo.com\/industria-empresa\/blog\/tecnologia-conveccion-aire-acondicionado-industrial\/"]}]},{"@type":"ImageObject","inLanguage":"es","@id":"https:\/\/innotecgrupo.com\/industria-empresa\/blog\/tecnologia-conveccion-aire-acondicionado-industrial\/#primaryimage","url":"https:\/\/innotecgrupo.com\/industria-empresa\/wp-content\/uploads\/2022\/02\/aire_acondicionado.jpg","contentUrl":"https:\/\/innotecgrupo.com\/industria-empresa\/wp-content\/uploads\/2022\/02\/aire_acondicionado.jpg","width":1000,"height":664},{"@type":"BreadcrumbList","@id":"https:\/\/innotecgrupo.com\/industria-empresa\/blog\/tecnologia-conveccion-aire-acondicionado-industrial\/#breadcrumb","itemListElement":[{"@type":"ListItem","position":1,"name":"Portada","item":"https:\/\/innotecgrupo.com\/industria-empresa\/"},{"@type":"ListItem","position":2,"name":"Tecnolog\u00eda de convecci\u00f3n y aire acondicionado industrial"}]},{"@type":"WebSite","@id":"https:\/\/innotecgrupo.com\/industria-empresa\/#website","url":"https:\/\/innotecgrupo.com\/industria-empresa\/","name":"Innotec Grupo","description":"CLIMATIZACI\u00d3N ENFOCADA AL BIENESTAR INTEGRAL","publisher":{"@id":"https:\/\/innotecgrupo.com\/industria-empresa\/#organization"},"potentialAction":[{"@type":"SearchAction","target":{"@type":"EntryPoint","urlTemplate":"https:\/\/innotecgrupo.com\/industria-empresa\/?s={search_term_string}"},"query-input":{"@type":"PropertyValueSpecification","valueRequired":true,"valueName":"search_term_string"}}],"inLanguage":"es"},{"@type":"Organization","@id":"https:\/\/innotecgrupo.com\/industria-empresa\/#organization","name":"Innotec","url":"https:\/\/innotecgrupo.com\/industria-empresa\/","logo":{"@type":"ImageObject","inLanguage":"es","@id":"https:\/\/innotecgrupo.com\/industria-empresa\/#\/schema\/logo\/image\/","url":"https:\/\/innotecgrupo.com\/industria-empresa\/wp-content\/uploads\/2022\/01\/logo-innotec.png","contentUrl":"https:\/\/innotecgrupo.com\/industria-empresa\/wp-content\/uploads\/2022\/01\/logo-innotec.png","width":166,"height":31,"caption":"Innotec"},"image":{"@id":"https:\/\/innotecgrupo.com\/industria-empresa\/#\/schema\/logo\/image\/"}},{"@type":"Person","@id":"https:\/\/innotecgrupo.com\/industria-empresa\/#\/schema\/person\/cd83faa3aecd59ea2de1fcb467a88501","name":"Manuel Bernal (Socio Fundador)","description":"Ingeniero Industrial MBA en CESTE","sameAs":["https:\/\/www.linkedin.com\/in\/manuel-bernal-innotec\/"],"url":"https:\/\/innotecgrupo.com\/industria-empresa\/blog\/author\/manuel-bernal\/"}]}},"_links":{"self":[{"href":"https:\/\/innotecgrupo.com\/industria-empresa\/wp-json\/wp\/v2\/posts\/936","targetHints":{"allow":["GET"]}}],"collection":[{"href":"https:\/\/innotecgrupo.com\/industria-empresa\/wp-json\/wp\/v2\/posts"}],"about":[{"href":"https:\/\/innotecgrupo.com\/industria-empresa\/wp-json\/wp\/v2\/types\/post"}],"author":[{"embeddable":true,"href":"https:\/\/innotecgrupo.com\/industria-empresa\/wp-json\/wp\/v2\/users\/9"}],"replies":[{"embeddable":true,"href":"https:\/\/innotecgrupo.com\/industria-empresa\/wp-json\/wp\/v2\/comments?post=936"}],"version-history":[{"count":2,"href":"https:\/\/innotecgrupo.com\/industria-empresa\/wp-json\/wp\/v2\/posts\/936\/revisions"}],"predecessor-version":[{"id":3292,"href":"https:\/\/innotecgrupo.com\/industria-empresa\/wp-json\/wp\/v2\/posts\/936\/revisions\/3292"}],"wp:featuredmedia":[{"embeddable":true,"href":"https:\/\/innotecgrupo.com\/industria-empresa\/wp-json\/wp\/v2\/media\/1183"}],"wp:attachment":[{"href":"https:\/\/innotecgrupo.com\/industria-empresa\/wp-json\/wp\/v2\/media?parent=936"}],"wp:term":[{"taxonomy":"category","embeddable":true,"href":"https:\/\/innotecgrupo.com\/industria-empresa\/wp-json\/wp\/v2\/categories?post=936"},{"taxonomy":"post_tag","embeddable":true,"href":"https:\/\/innotecgrupo.com\/industria-empresa\/wp-json\/wp\/v2\/tags?post=936"}],"curies":[{"name":"wp","href":"https:\/\/api.w.org\/{rel}","templated":true}]}}