{"id":933,"date":"2022-02-15T17:51:23","date_gmt":"2022-02-15T17:51:23","guid":{"rendered":"https:\/\/greenyellow-alligator-204266.hostingersite.com\/industria-empresa\/?p=933"},"modified":"2025-09-11T12:46:16","modified_gmt":"2025-09-11T10:46:16","slug":"soluciones-disponibles-climatizacion-industrial","status":"publish","type":"post","link":"https:\/\/innotecgrupo.com\/industria-empresa\/blog\/soluciones-disponibles-climatizacion-industrial\/","title":{"rendered":"Climatizaci\u00f3n industrial: tecnolog\u00edas de radiaci\u00f3n"},"content":{"rendered":"\n<p>La <strong>adecuada <a href=\"\/industria-empresa\/climatizacion\/\">climatizaci\u00f3n de las industrias<\/a><\/strong> tiene una importancia clave para el <strong>bienestar de las personas<\/strong> que trabajan en estos espacios, adem\u00e1s de ofrecer una gran cantidad de ventajas en t\u00e9rminos de <strong>confort y ahorro energ\u00e9tico<\/strong> para la empresa.<\/p>\n\n\n\n<p>A continuaci\u00f3n, detallamos <strong>algunas de las opciones m\u00e1s recomendables y eficientes<\/strong> para instalar en todo tipo de entornos industriales.<\/p>\n\n\n\n<p><strong>Calefacci\u00f3n industrial por radiaci\u00f3n electromagn\u00e9tica<\/strong><\/p>\n\n\n\n<p>La tecnolog\u00eda de radiaci\u00f3n se utiliza en <strong>sistemas de calefacci\u00f3n basada en la radiaci\u00f3n electromagn\u00e9tica<\/strong> (frecuencia de radiaci\u00f3n en el espectro de los infrarrojos e inocua para la salud) que produce un tubo, panel, conducto o red radiante. <br><br>Entre estas tecnolog\u00edas, destacamos las siguientes:<\/p>\n\n\n\n<div class=\"wp-block-image\"><figure class=\"aligncenter size-full\"><img fetchpriority=\"high\" decoding=\"async\" width=\"1000\" height=\"667\" src=\"https:\/\/greenyellow-alligator-204266.hostingersite.com\/industria-empresa\/wp-content\/uploads\/2022\/02\/clinatizacion1.jpg\" alt=\"\" class=\"wp-image-1150\" srcset=\"https:\/\/innotecgrupo.com\/industria-empresa\/wp-content\/uploads\/2022\/02\/clinatizacion1.jpg 1000w, https:\/\/innotecgrupo.com\/industria-empresa\/wp-content\/uploads\/2022\/02\/clinatizacion1-300x200.jpg 300w, https:\/\/innotecgrupo.com\/industria-empresa\/wp-content\/uploads\/2022\/02\/clinatizacion1-768x512.jpg 768w\" sizes=\"(max-width: 1000px) 100vw, 1000px\" \/><\/figure><\/div>\n\n\n\n<h2 class=\"wp-block-heading\">Calefacci\u00f3n industrial por tubos radiantes<\/h2>\n\n\n\n<p>Estos <strong>tubos radiantes<\/strong> est\u00e1n compuestos por quemadores de distintos rangos de potencia y longitudes, de <strong>gran flexibilidad y ahorro energ\u00e9tico<\/strong> en la <strong>calefacci\u00f3n industrial<\/strong>.<\/p>\n\n\n\n<p><span style=\"text-decoration: underline;\">Aplicaciones<\/span><\/p>\n\n\n\n<ul class=\"wp-block-list\"><li>Gracias a sus dimensiones y a la simplicidad de la instalaci\u00f3n, esta tecnolog\u00eda se erige como la mejor soluci\u00f3n para quien desea una <strong>instalaci\u00f3n de calefacci\u00f3n flexible<\/strong>, adaptada incluso a la calefacci\u00f3n puesto a puesto.<\/li><\/ul>\n\n\n\n<p><span style=\"text-decoration: underline;\">Ventajas<\/span><\/p>\n\n\n\n<ul class=\"wp-block-list\"><li><strong>Gran ahorro energ\u00e9tico<\/strong>: con su empleo se consume desde un 20% hasta un 50% menos de combustible que con el empleo de instalaciones de calefacci\u00f3n por aire caliente.<\/li><li><strong>Calefacci\u00f3n zonal<\/strong>: es posible calentar desde zonas muy amplias hasta puestos de trabajo individuales, dejando fr\u00edo el resto del edificio.<\/li><li><strong>Confort t\u00e9rmico<\/strong>: garantiza una excepcional sensaci\u00f3n de confort t\u00e9rmico en el interior del local.<\/li><li><strong>Larga vida \u00fatil y m\u00ednimo mantenimiento<\/strong>.<\/li><li><strong>Gesti\u00f3n precisa<\/strong> de las \u00e1reas a calentar.<\/li><li><strong>Ausencia de movimiento de aire<\/strong>: no genera movimientos convectivos de aire, ya que para transmitir el calor no necesita del aire como fluido termovector.<\/li><\/ul>\n\n\n\n<p><span style=\"text-decoration: underline;\">Funcionamiento<\/span><\/p>\n\n\n\n<ul class=\"wp-block-list\"><li>La unidad de combusti\u00f3n <strong>quema la mezcla de aire y gas<\/strong>, y la llama fraccionada calienta el fluido portador que circula en el interior de los tubos intercambiadores.<\/li><li>Este fluido portador, consistente en productos de la combusti\u00f3n, <strong>circula por dentro de los tubos radiantes <\/strong>constituidos por un tubo de ida, una conexi\u00f3n en U y un tubo de retorno.<\/li><li>La puesta en marcha de un aspirador en el tubo de retorno crea una depresi\u00f3n dentro de los tubos, en virtud del cual <strong>el fluido portador es arrastrado a lo largo de toda la longitud de los tubos radiantes<\/strong>, que comienzan a irradiar el calor.<\/li><li>Para una concentraci\u00f3n total de radiaci\u00f3n hacia el suelo y los cuerpos presentes en \u00e9l, <strong>por encima de los tubos se montan par\u00e1bolas reflectantes en aleaci\u00f3n de aluminio<\/strong> que dirigen toda la radiaci\u00f3n producida por los tubos hacia las zonas a calentar.<\/li><\/ul>\n\n\n\n<div style=\"height:30px\" aria-hidden=\"true\" class=\"wp-block-spacer\"><\/div>\n\n\n\n<div class=\"wp-block-image\"><figure class=\"aligncenter size-full\"><img decoding=\"async\" width=\"1000\" height=\"561\" src=\"https:\/\/greenyellow-alligator-204266.hostingersite.com\/industria-empresa\/wp-content\/uploads\/2022\/02\/edificios_viviendas_25.jpg\" alt=\"\" class=\"wp-image-1152\" srcset=\"https:\/\/innotecgrupo.com\/industria-empresa\/wp-content\/uploads\/2022\/02\/edificios_viviendas_25.jpg 1000w, https:\/\/innotecgrupo.com\/industria-empresa\/wp-content\/uploads\/2022\/02\/edificios_viviendas_25-300x168.jpg 300w, https:\/\/innotecgrupo.com\/industria-empresa\/wp-content\/uploads\/2022\/02\/edificios_viviendas_25-768x431.jpg 768w\" sizes=\"(max-width: 1000px) 100vw, 1000px\" \/><\/figure><\/div>\n\n\n\n<div style=\"height:20px\" aria-hidden=\"true\" class=\"wp-block-spacer\"><\/div>\n\n\n\n<h2 class=\"wp-block-heading\">Calefacci\u00f3n industrial por conductos radiantes<\/h2>\n\n\n\n<p>Est\u00e1n compuestos por un <strong>quemador modulante con potencias variadas y conducto radiante continuo<\/strong>. Una tecnolog\u00eda ideal para <strong>llevar el m\u00e1ximo confort y ahorro en la calefacci\u00f3n<\/strong> de grandes superficies.<\/p>\n\n\n\n<p><span style=\"text-decoration: underline;\">Aplicaciones<\/span><\/p>\n\n\n\n<ul class=\"wp-block-list\"><li>Gracias a sus dimensiones y a la simplicidad de instalaci\u00f3n, se muestra como la <strong>mejor soluci\u00f3n para la instalaci\u00f3n de calefacci\u00f3n en medias y grandes superficies<\/strong>: industriales, comerciales y deportivas.<\/li><\/ul>\n\n\n\n<p><span style=\"text-decoration: underline;\">Ventajas<\/span><\/p>\n\n\n\n<ul class=\"wp-block-list\"><li><strong>Gran ahorro energ\u00e9tico<\/strong>: con su empleo se consume desde un 20% hasta un 50% menos de combustible que con el empleo de instalaciones de calefacci\u00f3n por aire caliente.<\/li><li><strong>El quemador modulante<\/strong> permite lograr una regulaci\u00f3n de la potencia mucho m\u00e1s precisa y equilibrada, permitiendo un ahorro en el consumo de gas.<\/li><li><strong>El quemador instalado<\/strong> en el exterior permite que la combusti\u00f3n se realice en el exterior, por tanto el gas no entra dentro del edificio y no se deben sacar humos del interior del mismo.<\/li><li><strong>M\u00f3dulos montados<\/strong>: fabricados y montados en f\u00e1brica lo que supone un ahorro de costo de instalaci\u00f3n<\/li><li><strong>Adecua su forma y potencia<\/strong> a las caracter\u00edsticas del edificio a calentar.<\/li><li><strong>Calefacci\u00f3n zona<\/strong>l: es posible calentar zonas amplias, dejando fr\u00edo el resto del edificio.<\/li><li><strong>Confort t\u00e9rmico<\/strong>: garantiza una excepcional sensaci\u00f3n de confort t\u00e9rmico en el interior del local<\/li><li><strong>Larga vida \u00fatil y m\u00ednimo mantenimiento.<\/strong><\/li><li><strong>Gesti\u00f3n precisa<\/strong> de las \u00e1reas a calentar.<\/li><li><strong>Ausencia de movimiento de aire<\/strong>.<\/li><\/ul>\n\n\n\n<p><span style=\"text-decoration: underline;\">Funcionamiento<\/span><\/p>\n\n\n\n<ul class=\"wp-block-list\"><li>La instalaci\u00f3n con conductos radiantes est\u00e1 constituida por u<strong>n generador de calor, por un circuito radiante con uno o dos tubos y por un dispositivo de control<\/strong> de la regulaci\u00f3n t\u00e9rmica.<\/li><li>El generador de calor, alimentado a gas o gasoil, produce <strong>un fluido vector constituido de aire y gas<\/strong> quemado recirculado.<\/li><li>Estos son <strong>sobrecalentados y circulan en depresi\u00f3n por el interior de los tubos del circuito<\/strong>, generando temperaturas superficiales variables en funci\u00f3n de las exigencias entre los 100 y los 300 \u00baC. A estas temperaturas se produce la energ\u00eda radiante necesaria para garantizar un \u00f3ptimo confort.<\/li><li>El circuito radiante est\u00e1 constituido de <strong>conductos en acero aluminado aislado por tres lados<\/strong>, tratados con <strong>pinturas silic\u00f3nicas<\/strong> especiales, y listos para ser unidas mediante <strong>bridas de alta estanqueidad<\/strong>.<\/li><\/ul>\n\n\n\n<div style=\"height:20px\" aria-hidden=\"true\" class=\"wp-block-spacer\"><\/div>\n\n\n\n<h2 class=\"wp-block-heading\">Calefacci\u00f3n industrial por paneles radiantes de vapor<\/h2>\n\n\n\n<p>Esta opci\u00f3n est\u00e1 especialmente <strong>indicada para calefacci\u00f3n industrial o civil<\/strong> en ambientes con particularidades en la <strong>prevenci\u00f3n de incendios<\/strong>.<\/p>\n\n\n\n<div style=\"height:20px\" aria-hidden=\"true\" class=\"wp-block-spacer\"><\/div>\n\n\n\n<div class=\"wp-block-image\"><figure class=\"aligncenter size-full is-resized\"><img decoding=\"async\" src=\"https:\/\/greenyellow-alligator-204266.hostingersite.com\/industria-empresa\/wp-content\/uploads\/2022\/02\/paneles-radiantes-vapor.jpg\" alt=\"\" class=\"wp-image-934\" width=\"368\" height=\"397\" srcset=\"https:\/\/innotecgrupo.com\/industria-empresa\/wp-content\/uploads\/2022\/02\/paneles-radiantes-vapor.jpg 368w, https:\/\/innotecgrupo.com\/industria-empresa\/wp-content\/uploads\/2022\/02\/paneles-radiantes-vapor-278x300.jpg 278w\" sizes=\"(max-width: 368px) 100vw, 368px\" \/><figcaption>Calefacci\u00f3n industrial por paneles radiantes de vapor<\/figcaption><\/figure><\/div>\n\n\n\n<div style=\"height:20px\" aria-hidden=\"true\" class=\"wp-block-spacer\"><\/div>\n\n\n\n<p><span style=\"text-decoration: underline;\">Funcionamiento<\/span><\/p>\n\n\n\n<ul class=\"wp-block-list\"><li>Los paneles radiantes son alimentados por una <strong>caldera que genera vapor al vac\u00edo<\/strong>.<\/li><li>El circuito hidr\u00e1ulico, constituido de las l\u00edneas de alimentaci\u00f3n y de los paneles, est\u00e1 cerrado y en depresi\u00f3n. Esta condici\u00f3n permite la <strong>circulaci\u00f3n natural del vapor sin el empleo de bombas<\/strong>, necesario para las instalaciones tradicionales de agua.<\/li><li>El vapor, tras haber cedido su energ\u00eda t\u00e9rmica a los paneles, condensa y retorna a la caldera. <strong>El proceso de condensaci\u00f3n y vaporizaci\u00f3n es continuo y constante<\/strong> a lo largo de todo el circuito.<\/li><li>La temperatura media de la superficie de los paneles alcanza los 105 \u00b0c.<\/li><\/ul>\n\n\n\n<p><span style=\"text-decoration: underline;\">Aplicaciones<\/span><\/p>\n\n\n\n<ul class=\"wp-block-list\"><li>Los paneles radiantes de vapor se utilizan para <strong>calentar grandes entornos industriales o civiles con particularidades en la prevenci\u00f3n de incendios<\/strong>, y donde se requiere una elevada eficiencia radiante.<\/li><\/ul>\n\n\n\n<p><span style=\"text-decoration: underline;\">Ventajas<\/span><\/p>\n\n\n\n<ul class=\"wp-block-list\"><li><strong>Gran ahorro energ\u00e9tico<\/strong>: con su empleo se consume hasta un 30% menos de combustible que con el empleo de instalaciones de calefacci\u00f3n por aire caliente.<\/li><li><strong>No es necesaria una sala de calderas<\/strong>.<\/li><li><strong>La caldera est\u00e1 estudiada para poder ser instalada en el exterior<\/strong>, gracias a las sus reducidas dimensiones, y no teme a las eventuales formaciones de hielo.<\/li><li><strong>Se aprovecha el principio de la circulaci\u00f3n natural<\/strong> y el calor latente de condensaci\u00f3n del vapor.<\/li><li><strong>La temperatura es constante<\/strong> a lo largo de toda la longitud de los paneles.<\/li><li><strong>Mayor cantidad de calor<\/strong> (aprox. 35% m\u00e1s) con respecto a las instalaciones de paneles radiantes con agua.<\/li><li><strong>Rapidez de puesta en r\u00e9gimen<\/strong>.<\/li><li><strong>Baj\u00edsimo consumo de energ\u00eda el\u00e9ctrica<\/strong> y significativa reducci\u00f3n de emisiones a la atm\u00f3sfera.<\/li><li>La presi\u00f3n relativa de ejercicio de la instalaci\u00f3n es inferior a 0,5 bar<\/li><\/ul>\n\n\n\n<div style=\"height:10px\" aria-hidden=\"true\" class=\"wp-block-spacer\"><\/div>\n\n\n\n<h3 class=\"wp-block-heading\">\u00bfQuieres saber m\u00e1s sobre nuestras soluciones de climatizaci\u00f3n industrial o asesoramiento personalizado para decidir cu\u00e1l es la m\u00e1s indicada para tu negocio? <\/h3>\n\n\n\n<h3 class=\"wp-block-heading\"><a href=\"https:\/\/greenyellow-alligator-204266.hostingersite.com\/industria-empresa\/contacto\/\" target=\"_blank\" rel=\"noreferrer noopener\">Estamos a tu disposici\u00f3n<\/a> para atenderte en lo que necesites.<\/h3>\n","protected":false},"excerpt":{"rendered":"<p>La adecuada climatizaci\u00f3n de las industrias tiene una importancia clave para el bienestar de las personas que trabajan en estos espacios, adem\u00e1s de ofrecer una gran cantidad de ventajas en t\u00e9rminos de confort y ahorro energ\u00e9tico para la empresa. A continuaci\u00f3n, detallamos algunas de las opciones m\u00e1s recomendables y eficientes para instalar en todo tipo [&hellip;]<\/p>\n","protected":false},"author":9,"featured_media":1150,"comment_status":"open","ping_status":"open","sticky":false,"template":"","format":"standard","meta":{"_acf_changed":false,"footnotes":""},"categories":[102],"tags":[],"class_list":["post-933","post","type-post","status-publish","format-standard","has-post-thumbnail","hentry","category-climatizacion"],"acf":[],"yoast_head":"<!-- This site is optimized with the Yoast SEO plugin v27.3 - https:\/\/yoast.com\/product\/yoast-seo-wordpress\/ -->\n<title>Climatizaci\u00f3n industrial: tecnolog\u00edas de radiaci\u00f3n | Innotec<\/title>\n<meta name=\"robots\" content=\"index, follow, max-snippet:-1, max-image-preview:large, max-video-preview:-1\" \/>\n<link rel=\"canonical\" href=\"https:\/\/innotecgrupo.com\/industria-empresa\/blog\/soluciones-disponibles-climatizacion-industrial\/\" \/>\n<meta property=\"og:locale\" content=\"es_ES\" \/>\n<meta property=\"og:type\" content=\"article\" \/>\n<meta property=\"og:title\" content=\"Climatizaci\u00f3n industrial: tecnolog\u00edas de radiaci\u00f3n | Innotec\" \/>\n<meta property=\"og:description\" content=\"La adecuada climatizaci\u00f3n de las industrias tiene una importancia clave para el bienestar de las personas que trabajan en estos espacios, adem\u00e1s de ofrecer una gran cantidad de ventajas en t\u00e9rminos de confort y ahorro energ\u00e9tico para la empresa. A continuaci\u00f3n, detallamos algunas de las opciones m\u00e1s recomendables y eficientes para instalar en todo tipo [&hellip;]\" \/>\n<meta property=\"og:url\" content=\"https:\/\/innotecgrupo.com\/industria-empresa\/blog\/soluciones-disponibles-climatizacion-industrial\/\" \/>\n<meta property=\"og:site_name\" content=\"Innotec\" \/>\n<meta property=\"article:published_time\" content=\"2022-02-15T17:51:23+00:00\" \/>\n<meta property=\"article:modified_time\" content=\"2025-09-11T10:46:16+00:00\" \/>\n<meta property=\"og:image\" content=\"https:\/\/innotecgrupo.com\/industria-empresa\/wp-content\/uploads\/2022\/02\/clinatizacion1.jpg\" \/>\n\t<meta property=\"og:image:width\" content=\"1000\" \/>\n\t<meta property=\"og:image:height\" content=\"667\" \/>\n\t<meta property=\"og:image:type\" content=\"image\/jpeg\" \/>\n<meta name=\"author\" content=\"Manuel Bernal (Socio Fundador)\" \/>\n<meta name=\"twitter:card\" content=\"summary_large_image\" \/>\n<meta name=\"twitter:label1\" content=\"Escrito por\" \/>\n\t<meta name=\"twitter:data1\" content=\"Manuel Bernal (Socio Fundador)\" \/>\n\t<meta name=\"twitter:label2\" content=\"Tiempo de lectura\" \/>\n\t<meta name=\"twitter:data2\" content=\"6 minutos\" \/>\n<script type=\"application\/ld+json\" class=\"yoast-schema-graph\">{\"@context\":\"https:\\\/\\\/schema.org\",\"@graph\":[{\"@type\":\"Article\",\"@id\":\"https:\\\/\\\/innotecgrupo.com\\\/industria-empresa\\\/blog\\\/soluciones-disponibles-climatizacion-industrial\\\/#article\",\"isPartOf\":{\"@id\":\"https:\\\/\\\/innotecgrupo.com\\\/industria-empresa\\\/blog\\\/soluciones-disponibles-climatizacion-industrial\\\/\"},\"author\":{\"name\":\"Manuel Bernal (Socio Fundador)\",\"@id\":\"https:\\\/\\\/innotecgrupo.com\\\/industria-empresa\\\/#\\\/schema\\\/person\\\/cd83faa3aecd59ea2de1fcb467a88501\"},\"headline\":\"Climatizaci\u00f3n industrial: tecnolog\u00edas de radiaci\u00f3n\",\"datePublished\":\"2022-02-15T17:51:23+00:00\",\"dateModified\":\"2025-09-11T10:46:16+00:00\",\"mainEntityOfPage\":{\"@id\":\"https:\\\/\\\/innotecgrupo.com\\\/industria-empresa\\\/blog\\\/soluciones-disponibles-climatizacion-industrial\\\/\"},\"wordCount\":1209,\"commentCount\":0,\"publisher\":{\"@id\":\"https:\\\/\\\/innotecgrupo.com\\\/industria-empresa\\\/#organization\"},\"image\":{\"@id\":\"https:\\\/\\\/innotecgrupo.com\\\/industria-empresa\\\/blog\\\/soluciones-disponibles-climatizacion-industrial\\\/#primaryimage\"},\"thumbnailUrl\":\"https:\\\/\\\/innotecgrupo.com\\\/industria-empresa\\\/wp-content\\\/uploads\\\/2022\\\/02\\\/clinatizacion1.jpg\",\"articleSection\":[\"Climatizaci\u00f3n\"],\"inLanguage\":\"es\",\"potentialAction\":[{\"@type\":\"CommentAction\",\"name\":\"Comment\",\"target\":[\"https:\\\/\\\/innotecgrupo.com\\\/industria-empresa\\\/blog\\\/soluciones-disponibles-climatizacion-industrial\\\/#respond\"]}]},{\"@type\":\"WebPage\",\"@id\":\"https:\\\/\\\/innotecgrupo.com\\\/industria-empresa\\\/blog\\\/soluciones-disponibles-climatizacion-industrial\\\/\",\"url\":\"https:\\\/\\\/innotecgrupo.com\\\/industria-empresa\\\/blog\\\/soluciones-disponibles-climatizacion-industrial\\\/\",\"name\":\"Climatizaci\u00f3n industrial: tecnolog\u00edas de radiaci\u00f3n | Innotec\",\"isPartOf\":{\"@id\":\"https:\\\/\\\/innotecgrupo.com\\\/industria-empresa\\\/#website\"},\"primaryImageOfPage\":{\"@id\":\"https:\\\/\\\/innotecgrupo.com\\\/industria-empresa\\\/blog\\\/soluciones-disponibles-climatizacion-industrial\\\/#primaryimage\"},\"image\":{\"@id\":\"https:\\\/\\\/innotecgrupo.com\\\/industria-empresa\\\/blog\\\/soluciones-disponibles-climatizacion-industrial\\\/#primaryimage\"},\"thumbnailUrl\":\"https:\\\/\\\/innotecgrupo.com\\\/industria-empresa\\\/wp-content\\\/uploads\\\/2022\\\/02\\\/clinatizacion1.jpg\",\"datePublished\":\"2022-02-15T17:51:23+00:00\",\"dateModified\":\"2025-09-11T10:46:16+00:00\",\"breadcrumb\":{\"@id\":\"https:\\\/\\\/innotecgrupo.com\\\/industria-empresa\\\/blog\\\/soluciones-disponibles-climatizacion-industrial\\\/#breadcrumb\"},\"inLanguage\":\"es\",\"potentialAction\":[{\"@type\":\"ReadAction\",\"target\":[\"https:\\\/\\\/innotecgrupo.com\\\/industria-empresa\\\/blog\\\/soluciones-disponibles-climatizacion-industrial\\\/\"]}]},{\"@type\":\"ImageObject\",\"inLanguage\":\"es\",\"@id\":\"https:\\\/\\\/innotecgrupo.com\\\/industria-empresa\\\/blog\\\/soluciones-disponibles-climatizacion-industrial\\\/#primaryimage\",\"url\":\"https:\\\/\\\/innotecgrupo.com\\\/industria-empresa\\\/wp-content\\\/uploads\\\/2022\\\/02\\\/clinatizacion1.jpg\",\"contentUrl\":\"https:\\\/\\\/innotecgrupo.com\\\/industria-empresa\\\/wp-content\\\/uploads\\\/2022\\\/02\\\/clinatizacion1.jpg\",\"width\":1000,\"height\":667},{\"@type\":\"BreadcrumbList\",\"@id\":\"https:\\\/\\\/innotecgrupo.com\\\/industria-empresa\\\/blog\\\/soluciones-disponibles-climatizacion-industrial\\\/#breadcrumb\",\"itemListElement\":[{\"@type\":\"ListItem\",\"position\":1,\"name\":\"Portada\",\"item\":\"https:\\\/\\\/innotecgrupo.com\\\/industria-empresa\\\/\"},{\"@type\":\"ListItem\",\"position\":2,\"name\":\"Climatizaci\u00f3n industrial: tecnolog\u00edas de radiaci\u00f3n\"}]},{\"@type\":\"WebSite\",\"@id\":\"https:\\\/\\\/innotecgrupo.com\\\/industria-empresa\\\/#website\",\"url\":\"https:\\\/\\\/innotecgrupo.com\\\/industria-empresa\\\/\",\"name\":\"Innotec Grupo\",\"description\":\"CLIMATIZACI\u00d3N ENFOCADA AL BIENESTAR INTEGRAL\",\"publisher\":{\"@id\":\"https:\\\/\\\/innotecgrupo.com\\\/industria-empresa\\\/#organization\"},\"potentialAction\":[{\"@type\":\"SearchAction\",\"target\":{\"@type\":\"EntryPoint\",\"urlTemplate\":\"https:\\\/\\\/innotecgrupo.com\\\/industria-empresa\\\/?s={search_term_string}\"},\"query-input\":{\"@type\":\"PropertyValueSpecification\",\"valueRequired\":true,\"valueName\":\"search_term_string\"}}],\"inLanguage\":\"es\"},{\"@type\":\"Organization\",\"@id\":\"https:\\\/\\\/innotecgrupo.com\\\/industria-empresa\\\/#organization\",\"name\":\"Innotec\",\"url\":\"https:\\\/\\\/innotecgrupo.com\\\/industria-empresa\\\/\",\"logo\":{\"@type\":\"ImageObject\",\"inLanguage\":\"es\",\"@id\":\"https:\\\/\\\/innotecgrupo.com\\\/industria-empresa\\\/#\\\/schema\\\/logo\\\/image\\\/\",\"url\":\"https:\\\/\\\/innotecgrupo.com\\\/industria-empresa\\\/wp-content\\\/uploads\\\/2022\\\/01\\\/logo-innotec.png\",\"contentUrl\":\"https:\\\/\\\/innotecgrupo.com\\\/industria-empresa\\\/wp-content\\\/uploads\\\/2022\\\/01\\\/logo-innotec.png\",\"width\":166,\"height\":31,\"caption\":\"Innotec\"},\"image\":{\"@id\":\"https:\\\/\\\/innotecgrupo.com\\\/industria-empresa\\\/#\\\/schema\\\/logo\\\/image\\\/\"}},{\"@type\":\"Person\",\"@id\":\"https:\\\/\\\/innotecgrupo.com\\\/industria-empresa\\\/#\\\/schema\\\/person\\\/cd83faa3aecd59ea2de1fcb467a88501\",\"name\":\"Manuel Bernal (Socio Fundador)\",\"description\":\"Ingeniero Industrial MBA en CESTE\",\"sameAs\":[\"https:\\\/\\\/www.linkedin.com\\\/in\\\/manuel-bernal-innotec\\\/\"],\"url\":\"https:\\\/\\\/innotecgrupo.com\\\/industria-empresa\\\/blog\\\/author\\\/manuel-bernal\\\/\"}]}<\/script>\n<!-- \/ Yoast SEO plugin. -->","yoast_head_json":{"title":"Climatizaci\u00f3n industrial: tecnolog\u00edas de radiaci\u00f3n | Innotec","robots":{"index":"index","follow":"follow","max-snippet":"max-snippet:-1","max-image-preview":"max-image-preview:large","max-video-preview":"max-video-preview:-1"},"canonical":"https:\/\/innotecgrupo.com\/industria-empresa\/blog\/soluciones-disponibles-climatizacion-industrial\/","og_locale":"es_ES","og_type":"article","og_title":"Climatizaci\u00f3n industrial: tecnolog\u00edas de radiaci\u00f3n | Innotec","og_description":"La adecuada climatizaci\u00f3n de las industrias tiene una importancia clave para el bienestar de las personas que trabajan en estos espacios, adem\u00e1s de ofrecer una gran cantidad de ventajas en t\u00e9rminos de confort y ahorro energ\u00e9tico para la empresa. A continuaci\u00f3n, detallamos algunas de las opciones m\u00e1s recomendables y eficientes para instalar en todo tipo [&hellip;]","og_url":"https:\/\/innotecgrupo.com\/industria-empresa\/blog\/soluciones-disponibles-climatizacion-industrial\/","og_site_name":"Innotec","article_published_time":"2022-02-15T17:51:23+00:00","article_modified_time":"2025-09-11T10:46:16+00:00","og_image":[{"width":1000,"height":667,"url":"https:\/\/innotecgrupo.com\/industria-empresa\/wp-content\/uploads\/2022\/02\/clinatizacion1.jpg","type":"image\/jpeg"}],"author":"Manuel Bernal (Socio Fundador)","twitter_card":"summary_large_image","twitter_misc":{"Escrito por":"Manuel Bernal (Socio Fundador)","Tiempo de lectura":"6 minutos"},"schema":{"@context":"https:\/\/schema.org","@graph":[{"@type":"Article","@id":"https:\/\/innotecgrupo.com\/industria-empresa\/blog\/soluciones-disponibles-climatizacion-industrial\/#article","isPartOf":{"@id":"https:\/\/innotecgrupo.com\/industria-empresa\/blog\/soluciones-disponibles-climatizacion-industrial\/"},"author":{"name":"Manuel Bernal (Socio Fundador)","@id":"https:\/\/innotecgrupo.com\/industria-empresa\/#\/schema\/person\/cd83faa3aecd59ea2de1fcb467a88501"},"headline":"Climatizaci\u00f3n industrial: tecnolog\u00edas de radiaci\u00f3n","datePublished":"2022-02-15T17:51:23+00:00","dateModified":"2025-09-11T10:46:16+00:00","mainEntityOfPage":{"@id":"https:\/\/innotecgrupo.com\/industria-empresa\/blog\/soluciones-disponibles-climatizacion-industrial\/"},"wordCount":1209,"commentCount":0,"publisher":{"@id":"https:\/\/innotecgrupo.com\/industria-empresa\/#organization"},"image":{"@id":"https:\/\/innotecgrupo.com\/industria-empresa\/blog\/soluciones-disponibles-climatizacion-industrial\/#primaryimage"},"thumbnailUrl":"https:\/\/innotecgrupo.com\/industria-empresa\/wp-content\/uploads\/2022\/02\/clinatizacion1.jpg","articleSection":["Climatizaci\u00f3n"],"inLanguage":"es","potentialAction":[{"@type":"CommentAction","name":"Comment","target":["https:\/\/innotecgrupo.com\/industria-empresa\/blog\/soluciones-disponibles-climatizacion-industrial\/#respond"]}]},{"@type":"WebPage","@id":"https:\/\/innotecgrupo.com\/industria-empresa\/blog\/soluciones-disponibles-climatizacion-industrial\/","url":"https:\/\/innotecgrupo.com\/industria-empresa\/blog\/soluciones-disponibles-climatizacion-industrial\/","name":"Climatizaci\u00f3n industrial: tecnolog\u00edas de radiaci\u00f3n | Innotec","isPartOf":{"@id":"https:\/\/innotecgrupo.com\/industria-empresa\/#website"},"primaryImageOfPage":{"@id":"https:\/\/innotecgrupo.com\/industria-empresa\/blog\/soluciones-disponibles-climatizacion-industrial\/#primaryimage"},"image":{"@id":"https:\/\/innotecgrupo.com\/industria-empresa\/blog\/soluciones-disponibles-climatizacion-industrial\/#primaryimage"},"thumbnailUrl":"https:\/\/innotecgrupo.com\/industria-empresa\/wp-content\/uploads\/2022\/02\/clinatizacion1.jpg","datePublished":"2022-02-15T17:51:23+00:00","dateModified":"2025-09-11T10:46:16+00:00","breadcrumb":{"@id":"https:\/\/innotecgrupo.com\/industria-empresa\/blog\/soluciones-disponibles-climatizacion-industrial\/#breadcrumb"},"inLanguage":"es","potentialAction":[{"@type":"ReadAction","target":["https:\/\/innotecgrupo.com\/industria-empresa\/blog\/soluciones-disponibles-climatizacion-industrial\/"]}]},{"@type":"ImageObject","inLanguage":"es","@id":"https:\/\/innotecgrupo.com\/industria-empresa\/blog\/soluciones-disponibles-climatizacion-industrial\/#primaryimage","url":"https:\/\/innotecgrupo.com\/industria-empresa\/wp-content\/uploads\/2022\/02\/clinatizacion1.jpg","contentUrl":"https:\/\/innotecgrupo.com\/industria-empresa\/wp-content\/uploads\/2022\/02\/clinatizacion1.jpg","width":1000,"height":667},{"@type":"BreadcrumbList","@id":"https:\/\/innotecgrupo.com\/industria-empresa\/blog\/soluciones-disponibles-climatizacion-industrial\/#breadcrumb","itemListElement":[{"@type":"ListItem","position":1,"name":"Portada","item":"https:\/\/innotecgrupo.com\/industria-empresa\/"},{"@type":"ListItem","position":2,"name":"Climatizaci\u00f3n industrial: tecnolog\u00edas de radiaci\u00f3n"}]},{"@type":"WebSite","@id":"https:\/\/innotecgrupo.com\/industria-empresa\/#website","url":"https:\/\/innotecgrupo.com\/industria-empresa\/","name":"Innotec Grupo","description":"CLIMATIZACI\u00d3N ENFOCADA AL BIENESTAR INTEGRAL","publisher":{"@id":"https:\/\/innotecgrupo.com\/industria-empresa\/#organization"},"potentialAction":[{"@type":"SearchAction","target":{"@type":"EntryPoint","urlTemplate":"https:\/\/innotecgrupo.com\/industria-empresa\/?s={search_term_string}"},"query-input":{"@type":"PropertyValueSpecification","valueRequired":true,"valueName":"search_term_string"}}],"inLanguage":"es"},{"@type":"Organization","@id":"https:\/\/innotecgrupo.com\/industria-empresa\/#organization","name":"Innotec","url":"https:\/\/innotecgrupo.com\/industria-empresa\/","logo":{"@type":"ImageObject","inLanguage":"es","@id":"https:\/\/innotecgrupo.com\/industria-empresa\/#\/schema\/logo\/image\/","url":"https:\/\/innotecgrupo.com\/industria-empresa\/wp-content\/uploads\/2022\/01\/logo-innotec.png","contentUrl":"https:\/\/innotecgrupo.com\/industria-empresa\/wp-content\/uploads\/2022\/01\/logo-innotec.png","width":166,"height":31,"caption":"Innotec"},"image":{"@id":"https:\/\/innotecgrupo.com\/industria-empresa\/#\/schema\/logo\/image\/"}},{"@type":"Person","@id":"https:\/\/innotecgrupo.com\/industria-empresa\/#\/schema\/person\/cd83faa3aecd59ea2de1fcb467a88501","name":"Manuel Bernal (Socio Fundador)","description":"Ingeniero Industrial MBA en CESTE","sameAs":["https:\/\/www.linkedin.com\/in\/manuel-bernal-innotec\/"],"url":"https:\/\/innotecgrupo.com\/industria-empresa\/blog\/author\/manuel-bernal\/"}]}},"_links":{"self":[{"href":"https:\/\/innotecgrupo.com\/industria-empresa\/wp-json\/wp\/v2\/posts\/933","targetHints":{"allow":["GET"]}}],"collection":[{"href":"https:\/\/innotecgrupo.com\/industria-empresa\/wp-json\/wp\/v2\/posts"}],"about":[{"href":"https:\/\/innotecgrupo.com\/industria-empresa\/wp-json\/wp\/v2\/types\/post"}],"author":[{"embeddable":true,"href":"https:\/\/innotecgrupo.com\/industria-empresa\/wp-json\/wp\/v2\/users\/9"}],"replies":[{"embeddable":true,"href":"https:\/\/innotecgrupo.com\/industria-empresa\/wp-json\/wp\/v2\/comments?post=933"}],"version-history":[{"count":1,"href":"https:\/\/innotecgrupo.com\/industria-empresa\/wp-json\/wp\/v2\/posts\/933\/revisions"}],"predecessor-version":[{"id":2867,"href":"https:\/\/innotecgrupo.com\/industria-empresa\/wp-json\/wp\/v2\/posts\/933\/revisions\/2867"}],"wp:featuredmedia":[{"embeddable":true,"href":"https:\/\/innotecgrupo.com\/industria-empresa\/wp-json\/wp\/v2\/media\/1150"}],"wp:attachment":[{"href":"https:\/\/innotecgrupo.com\/industria-empresa\/wp-json\/wp\/v2\/media?parent=933"}],"wp:term":[{"taxonomy":"category","embeddable":true,"href":"https:\/\/innotecgrupo.com\/industria-empresa\/wp-json\/wp\/v2\/categories?post=933"},{"taxonomy":"post_tag","embeddable":true,"href":"https:\/\/innotecgrupo.com\/industria-empresa\/wp-json\/wp\/v2\/tags?post=933"}],"curies":[{"name":"wp","href":"https:\/\/api.w.org\/{rel}","templated":true}]}}