{"id":24723,"date":"2025-09-26T18:21:10","date_gmt":"2025-09-26T16:21:10","guid":{"rendered":"https:\/\/innotecgrupo.com\/industria-empresa\/?p=24723"},"modified":"2025-10-28T16:55:09","modified_gmt":"2025-10-28T15:55:09","slug":"recalentamiento-en-sistemas-frigorificos","status":"publish","type":"post","link":"https:\/\/innotecgrupo.com\/industria-empresa\/blog\/recalentamiento-en-sistemas-frigorificos\/","title":{"rendered":"Recalentamiento en Sistemas Frigor\u00edficos"},"content":{"rendered":"\t\t<div data-elementor-type=\"wp-post\" data-elementor-id=\"24723\" class=\"elementor elementor-24723\" data-elementor-post-type=\"post\">\n\t\t\t\t<div class=\"has_ae_slider elementor-element elementor-element-732c762 e-flex e-con-boxed ae-bg-gallery-type-default e-con e-parent\" data-id=\"732c762\" data-element_type=\"container\" data-e-type=\"container\">\n\t\t\t\t\t<div class=\"e-con-inner\">\n\t\t\t\t<div class=\"elementor-element elementor-element-57219fd elementor-widget elementor-widget-image\" data-id=\"57219fd\" data-element_type=\"widget\" data-e-type=\"widget\" data-widget_type=\"image.default\">\n\t\t\t\t<div class=\"elementor-widget-container\">\n\t\t\t\t\t\t\t\t\t\t\t\t\t\t\t<img decoding=\"async\" width=\"200\" height=\"80\" src=\"https:\/\/innotecgrupo.com\/industria-empresa\/wp-content\/uploads\/2025\/06\/podcast.jpg\" class=\"attachment-large size-large wp-image-24534\" alt=\"\" \/>\t\t\t\t\t\t\t\t\t\t\t\t\t\t\t<\/div>\n\t\t\t\t<\/div>\n\t\t\t\t<div class=\"elementor-element elementor-element-520bf42 elementor-widget elementor-widget-wp-widget-media_audio\" data-id=\"520bf42\" data-element_type=\"widget\" data-e-type=\"widget\" data-widget_type=\"wp-widget-media_audio.default\">\n\t\t\t\t<div class=\"elementor-widget-container\">\n\t\t\t\t\t<audio class=\"wp-audio-shortcode\" id=\"audio-24723-1\" preload=\"none\" style=\"width: 100%;\" controls=\"controls\"><source type=\"audio\/mpeg\" src=\"https:\/\/innotecgrupo.com\/industria-empresa\/wp-content\/uploads\/2025\/10\/Recalentamiento_Frigorifico__El_Guardian_Silencioso_que_Protege.mp3?_=1\" \/><source type=\"audio\/mpeg\" src=\"https:\/\/innotecgrupo.com\/industria-empresa\/wp-content\/uploads\/2025\/10\/Recalentamiento_Frigorifico__El_Guardian_Silencioso_que_Protege.mp3?_=1\" \/><a href=\"https:\/\/innotecgrupo.com\/industria-empresa\/wp-content\/uploads\/2025\/10\/Recalentamiento_Frigorifico__El_Guardian_Silencioso_que_Protege.mp3\">https:\/\/innotecgrupo.com\/industria-empresa\/wp-content\/uploads\/2025\/10\/Recalentamiento_Frigorifico__El_Guardian_Silencioso_que_Protege.mp3<\/a><\/audio>\t\t\t\t<\/div>\n\t\t\t\t<\/div>\n\t\t\t\t<div class=\"elementor-element elementor-element-2312b00 elementor-widget elementor-widget-text-editor\" data-id=\"2312b00\" data-element_type=\"widget\" data-e-type=\"widget\" data-widget_type=\"text-editor.default\">\n\t\t\t\t<div class=\"elementor-widget-container\">\n\t\t\t\t\t\t\t\t\t<p>El recalentamiento es un par\u00e1metro que, cuando se entiende bien, se convierte en una poderosa herramienta de diagn\u00f3stico. No es solo un n\u00famero en un man\u00f3metro digital: refleja el funcionamiento del evaporador, el comportamiento de la v\u00e1lvula de expansi\u00f3n y la protecci\u00f3n del compresor.<\/p>\t\t\t\t\t\t\t\t<\/div>\n\t\t\t\t<\/div>\n\t\t\t\t<div class=\"elementor-element elementor-element-e1ac286 elementor-widget elementor-widget-heading\" data-id=\"e1ac286\" data-element_type=\"widget\" data-e-type=\"widget\" data-widget_type=\"heading.default\">\n\t\t\t\t<div class=\"elementor-widget-container\">\n\t\t\t\t\t<h2 class=\"elementor-heading-title elementor-size-default\">\u00bfQu\u00e9 es el recalentamiento y por qu\u00e9 es tan importante?<\/h2>\t\t\t\t<\/div>\n\t\t\t\t<\/div>\n\t\t\t\t<div class=\"elementor-element elementor-element-7eaa661 elementor-widget elementor-widget-text-editor\" data-id=\"7eaa661\" data-element_type=\"widget\" data-e-type=\"widget\" data-widget_type=\"text-editor.default\">\n\t\t\t\t<div class=\"elementor-widget-container\">\n\t\t\t\t\t\t\t\t\t<p>En un sistema frigor\u00edfico, el <strong>recalentamiento<\/strong> es el aumento de temperatura que experimenta el refrigerante una vez que ha cambiado completamente de estado l\u00edquido a vapor al final del evaporador. Dicho de otro modo, es la diferencia entre la temperatura de evaporaci\u00f3n y la temperatura del vapor a la salida del evaporador, justo antes de llegar al compresor.<\/p>\t\t\t\t\t\t\t\t<\/div>\n\t\t\t\t<\/div>\n\t\t\t\t<div class=\"elementor-element elementor-element-ac9e5ae elementor-widget elementor-widget-image\" data-id=\"ac9e5ae\" data-element_type=\"widget\" data-e-type=\"widget\" data-widget_type=\"image.default\">\n\t\t\t\t<div class=\"elementor-widget-container\">\n\t\t\t\t\t\t\t\t\t\t\t\t\t\t\t<img fetchpriority=\"high\" decoding=\"async\" width=\"800\" height=\"400\" src=\"https:\/\/innotecgrupo.com\/industria-empresa\/wp-content\/uploads\/2025\/09\/recalentamiento-en-sistemas-frigorificos-2.jpg\" class=\"attachment-large size-large wp-image-24726\" alt=\"\" srcset=\"https:\/\/innotecgrupo.com\/industria-empresa\/wp-content\/uploads\/2025\/09\/recalentamiento-en-sistemas-frigorificos-2.jpg 1000w, https:\/\/innotecgrupo.com\/industria-empresa\/wp-content\/uploads\/2025\/09\/recalentamiento-en-sistemas-frigorificos-2-300x150.jpg 300w, https:\/\/innotecgrupo.com\/industria-empresa\/wp-content\/uploads\/2025\/09\/recalentamiento-en-sistemas-frigorificos-2-768x384.jpg 768w\" sizes=\"(max-width: 800px) 100vw, 800px\" \/>\t\t\t\t\t\t\t\t\t\t\t\t\t\t\t<\/div>\n\t\t\t\t<\/div>\n\t\t\t\t<div class=\"elementor-element elementor-element-3baeb8e elementor-widget elementor-widget-heading\" data-id=\"3baeb8e\" data-element_type=\"widget\" data-e-type=\"widget\" data-widget_type=\"heading.default\">\n\t\t\t\t<div class=\"elementor-widget-container\">\n\t\t\t\t\t<h2 class=\"elementor-heading-title elementor-size-default\">\u00bfPor qu\u00e9 es crucial este proceso?<\/h2>\t\t\t\t<\/div>\n\t\t\t\t<\/div>\n\t\t\t\t<div class=\"elementor-element elementor-element-13de167 elementor-widget elementor-widget-n-accordion\" data-id=\"13de167\" data-element_type=\"widget\" data-e-type=\"widget\" data-settings=\"{&quot;default_state&quot;:&quot;expanded&quot;,&quot;max_items_expended&quot;:&quot;one&quot;,&quot;n_accordion_animation_duration&quot;:{&quot;unit&quot;:&quot;ms&quot;,&quot;size&quot;:400,&quot;sizes&quot;:[]}}\" data-widget_type=\"nested-accordion.default\">\n\t\t\t\t<div class=\"elementor-widget-container\">\n\t\t\t\t\t\t\t<div class=\"e-n-accordion\" aria-label=\"Accordion. Open links with Enter or Space, close with Escape, and navigate with Arrow Keys\">\n\t\t\t\t\t\t<details id=\"e-n-accordion-item-2080\" class=\"e-n-accordion-item\" open>\n\t\t\t\t<summary class=\"e-n-accordion-item-title\" data-accordion-index=\"1\" tabindex=\"0\" aria-expanded=\"true\" aria-controls=\"e-n-accordion-item-2080\" >\n\t\t\t\t\t<span class='e-n-accordion-item-title-header'><div class=\"e-n-accordion-item-title-text\"> 1.\tProtecci\u00f3n del compresor <\/div><\/span>\n\t\t\t\t\t\t\t<span class='e-n-accordion-item-title-icon'>\n\t\t\t<span class='e-opened' ><svg aria-hidden=\"true\" class=\"e-font-icon-svg e-fas-minus\" viewBox=\"0 0 448 512\" xmlns=\"http:\/\/www.w3.org\/2000\/svg\"><path d=\"M416 208H32c-17.67 0-32 14.33-32 32v32c0 17.67 14.33 32 32 32h384c17.67 0 32-14.33 32-32v-32c0-17.67-14.33-32-32-32z\"><\/path><\/svg><\/span>\n\t\t\t<span class='e-closed'><svg aria-hidden=\"true\" class=\"e-font-icon-svg e-fas-plus\" viewBox=\"0 0 448 512\" xmlns=\"http:\/\/www.w3.org\/2000\/svg\"><path d=\"M416 208H272V64c0-17.67-14.33-32-32-32h-32c-17.67 0-32 14.33-32 32v144H32c-17.67 0-32 14.33-32 32v32c0 17.67 14.33 32 32 32h144v144c0 17.67 14.33 32 32 32h32c17.67 0 32-14.33 32-32V304h144c17.67 0 32-14.33 32-32v-32c0-17.67-14.33-32-32-32z\"><\/path><\/svg><\/span>\n\t\t<\/span>\n\n\t\t\t\t\t\t<\/summary>\n\t\t\t\t<div class=\"has_ae_slider elementor-element elementor-element-4508cc7 e-con-full e-flex ae-bg-gallery-type-default e-con e-child\" role=\"region\" aria-labelledby=\"e-n-accordion-item-2080\" data-id=\"4508cc7\" data-element_type=\"container\" data-e-type=\"container\">\n\t\t\t\t<div class=\"elementor-element elementor-element-ea3eec8 elementor-widget elementor-widget-text-editor\" data-id=\"ea3eec8\" data-element_type=\"widget\" data-e-type=\"widget\" data-widget_type=\"text-editor.default\">\n\t\t\t\t<div class=\"elementor-widget-container\">\n\t\t\t\t\t\t\t\t\t<p>El compresor est\u00e1 dise\u00f1ado para comprimir vapor, no l\u00edquido. Si llega refrigerante l\u00edquido a su entrada, puede producirse un \u00abgolpe de l\u00edquido\u00bb que da\u00f1e v\u00e1lvulas, pistones o incluso el cig\u00fce\u00f1al. Un recalentamiento adecuado asegura que el refrigerante ha evaporado completamente antes de llegar al compresor.<\/p>\t\t\t\t\t\t\t\t<\/div>\n\t\t\t\t<\/div>\n\t\t\t\t<\/div>\n\t\t\t\t\t<\/details>\n\t\t\t\t\t\t<details id=\"e-n-accordion-item-2081\" class=\"e-n-accordion-item\" >\n\t\t\t\t<summary class=\"e-n-accordion-item-title\" data-accordion-index=\"2\" tabindex=\"-1\" aria-expanded=\"false\" aria-controls=\"e-n-accordion-item-2081\" >\n\t\t\t\t\t<span class='e-n-accordion-item-title-header'><div class=\"e-n-accordion-item-title-text\"> 2. Rendimiento energ\u00e9tico <\/div><\/span>\n\t\t\t\t\t\t\t<span class='e-n-accordion-item-title-icon'>\n\t\t\t<span class='e-opened' ><svg aria-hidden=\"true\" class=\"e-font-icon-svg e-fas-minus\" viewBox=\"0 0 448 512\" xmlns=\"http:\/\/www.w3.org\/2000\/svg\"><path d=\"M416 208H32c-17.67 0-32 14.33-32 32v32c0 17.67 14.33 32 32 32h384c17.67 0 32-14.33 32-32v-32c0-17.67-14.33-32-32-32z\"><\/path><\/svg><\/span>\n\t\t\t<span class='e-closed'><svg aria-hidden=\"true\" class=\"e-font-icon-svg e-fas-plus\" viewBox=\"0 0 448 512\" xmlns=\"http:\/\/www.w3.org\/2000\/svg\"><path d=\"M416 208H272V64c0-17.67-14.33-32-32-32h-32c-17.67 0-32 14.33-32 32v144H32c-17.67 0-32 14.33-32 32v32c0 17.67 14.33 32 32 32h144v144c0 17.67 14.33 32 32 32h32c17.67 0 32-14.33 32-32V304h144c17.67 0 32-14.33 32-32v-32c0-17.67-14.33-32-32-32z\"><\/path><\/svg><\/span>\n\t\t<\/span>\n\n\t\t\t\t\t\t<\/summary>\n\t\t\t\t<div class=\"has_ae_slider elementor-element elementor-element-1d4f32b e-con-full e-flex ae-bg-gallery-type-default e-con e-child\" role=\"region\" aria-labelledby=\"e-n-accordion-item-2081\" data-id=\"1d4f32b\" data-element_type=\"container\" data-e-type=\"container\">\n\t\t\t\t<div class=\"elementor-element elementor-element-62d5ce7 elementor-widget elementor-widget-text-editor\" data-id=\"62d5ce7\" data-element_type=\"widget\" data-e-type=\"widget\" data-widget_type=\"text-editor.default\">\n\t\t\t\t<div class=\"elementor-widget-container\">\n\t\t\t\t\t\t\t\t\t<p>Un recalentamiento excesivo reduce la capacidad del evaporador, ya que parte de \u00e9l no se utiliza eficientemente para absorber calor, sino \u00fanicamente para calentar vapor. Esto puede traducirse en un menor rendimiento frigor\u00edfico y mayor consumo energ\u00e9tico.<\/p>\t\t\t\t\t\t\t\t<\/div>\n\t\t\t\t<\/div>\n\t\t\t\t<\/div>\n\t\t\t\t\t<\/details>\n\t\t\t\t\t\t<details id=\"e-n-accordion-item-2082\" class=\"e-n-accordion-item\" >\n\t\t\t\t<summary class=\"e-n-accordion-item-title\" data-accordion-index=\"3\" tabindex=\"-1\" aria-expanded=\"false\" aria-controls=\"e-n-accordion-item-2082\" >\n\t\t\t\t\t<span class='e-n-accordion-item-title-header'><div class=\"e-n-accordion-item-title-text\"> 3. Diagn\u00f3stico del sistema <\/div><\/span>\n\t\t\t\t\t\t\t<span class='e-n-accordion-item-title-icon'>\n\t\t\t<span class='e-opened' ><svg aria-hidden=\"true\" class=\"e-font-icon-svg e-fas-minus\" viewBox=\"0 0 448 512\" xmlns=\"http:\/\/www.w3.org\/2000\/svg\"><path d=\"M416 208H32c-17.67 0-32 14.33-32 32v32c0 17.67 14.33 32 32 32h384c17.67 0 32-14.33 32-32v-32c0-17.67-14.33-32-32-32z\"><\/path><\/svg><\/span>\n\t\t\t<span class='e-closed'><svg aria-hidden=\"true\" class=\"e-font-icon-svg e-fas-plus\" viewBox=\"0 0 448 512\" xmlns=\"http:\/\/www.w3.org\/2000\/svg\"><path d=\"M416 208H272V64c0-17.67-14.33-32-32-32h-32c-17.67 0-32 14.33-32 32v144H32c-17.67 0-32 14.33-32 32v32c0 17.67 14.33 32 32 32h144v144c0 17.67 14.33 32 32 32h32c17.67 0 32-14.33 32-32V304h144c17.67 0 32-14.33 32-32v-32c0-17.67-14.33-32-32-32z\"><\/path><\/svg><\/span>\n\t\t<\/span>\n\n\t\t\t\t\t\t<\/summary>\n\t\t\t\t<div class=\"has_ae_slider elementor-element elementor-element-1e64f8f e-con-full e-flex ae-bg-gallery-type-default e-con e-child\" role=\"region\" aria-labelledby=\"e-n-accordion-item-2082\" data-id=\"1e64f8f\" data-element_type=\"container\" data-e-type=\"container\">\n\t\t\t\t<div class=\"elementor-element elementor-element-b477709 elementor-widget elementor-widget-text-editor\" data-id=\"b477709\" data-element_type=\"widget\" data-e-type=\"widget\" data-widget_type=\"text-editor.default\">\n\t\t\t\t<div class=\"elementor-widget-container\">\n\t\t\t\t\t\t\t\t\t<p>El recalentamiento es un par\u00e1metro clave para evaluar el funcionamiento del evaporador y la v\u00e1lvula de expansi\u00f3n. Un valor demasiado alto o demasiado bajo suele indicar problemas como carga incorrecta de refrigerante, mal funcionamiento de la v\u00e1lvula, suciedad en el evaporador o sensores mal colocados.<\/p>\t\t\t\t\t\t\t\t<\/div>\n\t\t\t\t<\/div>\n\t\t\t\t<\/div>\n\t\t\t\t\t<\/details>\n\t\t\t\t\t<\/div>\n\t\t\t\t\t\t<\/div>\n\t\t\t\t<\/div>\n\t\t\t\t<div class=\"elementor-element elementor-element-aa0da98 elementor-widget elementor-widget-image\" data-id=\"aa0da98\" data-element_type=\"widget\" data-e-type=\"widget\" data-widget_type=\"image.default\">\n\t\t\t\t<div class=\"elementor-widget-container\">\n\t\t\t\t\t\t\t\t\t\t\t\t\t\t\t<img decoding=\"async\" width=\"800\" height=\"800\" src=\"https:\/\/innotecgrupo.com\/industria-empresa\/wp-content\/uploads\/2025\/09\/recalentamiento-en-sistemas-frigorificos-4.png\" class=\"attachment-large size-large wp-image-24728\" alt=\"Recalentamiento en sistemas frigor\u00edficos\" srcset=\"https:\/\/innotecgrupo.com\/industria-empresa\/wp-content\/uploads\/2025\/09\/recalentamiento-en-sistemas-frigorificos-4.png 1024w, https:\/\/innotecgrupo.com\/industria-empresa\/wp-content\/uploads\/2025\/09\/recalentamiento-en-sistemas-frigorificos-4-300x300.png 300w, https:\/\/innotecgrupo.com\/industria-empresa\/wp-content\/uploads\/2025\/09\/recalentamiento-en-sistemas-frigorificos-4-150x150.png 150w, https:\/\/innotecgrupo.com\/industria-empresa\/wp-content\/uploads\/2025\/09\/recalentamiento-en-sistemas-frigorificos-4-768x768.png 768w\" sizes=\"(max-width: 800px) 100vw, 800px\" \/>\t\t\t\t\t\t\t\t\t\t\t\t\t\t\t<\/div>\n\t\t\t\t<\/div>\n\t\t\t\t<div class=\"elementor-element elementor-element-c16532b elementor-widget elementor-widget-heading\" data-id=\"c16532b\" data-element_type=\"widget\" data-e-type=\"widget\" data-widget_type=\"heading.default\">\n\t\t\t\t<div class=\"elementor-widget-container\">\n\t\t\t\t\t<h2 class=\"elementor-heading-title elementor-size-default\">C\u00f3mo medir el recalentamiento correctamente<\/h2>\t\t\t\t<\/div>\n\t\t\t\t<\/div>\n\t\t\t\t<div class=\"elementor-element elementor-element-31cad4c elementor-widget elementor-widget-text-editor\" data-id=\"31cad4c\" data-element_type=\"widget\" data-e-type=\"widget\" data-widget_type=\"text-editor.default\">\n\t\t\t\t<div class=\"elementor-widget-container\">\n\t\t\t\t\t\t\t\t\t<p>Para medir el recalentamiento de forma precisa, se necesitan dos datos fundamentales:<\/p><ul><li>Temperatura real del tubo de succi\u00f3n a la salida del evaporador (idealmente justo antes del bulbo de la v\u00e1lvula de expansi\u00f3n o entrada del compresor).<\/li><li>Presi\u00f3n de succi\u00f3n en ese mismo punto, para obtener la temperatura de evaporaci\u00f3n correspondiente seg\u00fan el refrigerante usado.<br \/><br \/><strong><em>F\u00f3rmula b\u00e1sica:<\/em><\/strong><br \/><strong><em>Recalentamiento = Temperatura de succi\u00f3n &#8211; Temperatura de evaporaci\u00f3n<\/em> <em>saturada<\/em><\/strong><br \/><br \/><\/li><\/ul>\t\t\t\t\t\t\t\t<\/div>\n\t\t\t\t<\/div>\n\t\t\t\t<div class=\"elementor-element elementor-element-c3135f4 elementor-widget elementor-widget-heading\" data-id=\"c3135f4\" data-element_type=\"widget\" data-e-type=\"widget\" data-widget_type=\"heading.default\">\n\t\t\t\t<div class=\"elementor-widget-container\">\n\t\t\t\t\t<h3 class=\"elementor-heading-title elementor-size-default\">Consideraciones importantes<\/h3>\t\t\t\t<\/div>\n\t\t\t\t<\/div>\n\t\t\t\t<div class=\"elementor-element elementor-element-906bcd4 elementor-widget elementor-widget-n-accordion\" data-id=\"906bcd4\" data-element_type=\"widget\" data-e-type=\"widget\" data-settings=\"{&quot;default_state&quot;:&quot;expanded&quot;,&quot;max_items_expended&quot;:&quot;one&quot;,&quot;n_accordion_animation_duration&quot;:{&quot;unit&quot;:&quot;ms&quot;,&quot;size&quot;:400,&quot;sizes&quot;:[]}}\" data-widget_type=\"nested-accordion.default\">\n\t\t\t\t<div class=\"elementor-widget-container\">\n\t\t\t\t\t\t\t<div class=\"e-n-accordion\" aria-label=\"Accordion. Open links with Enter or Space, close with Escape, and navigate with Arrow Keys\">\n\t\t\t\t\t\t<details id=\"e-n-accordion-item-1510\" class=\"e-n-accordion-item\" open>\n\t\t\t\t<summary class=\"e-n-accordion-item-title\" data-accordion-index=\"1\" tabindex=\"0\" aria-expanded=\"true\" aria-controls=\"e-n-accordion-item-1510\" >\n\t\t\t\t\t<span class='e-n-accordion-item-title-header'><div class=\"e-n-accordion-item-title-text\"> El refrigerante importa <\/div><\/span>\n\t\t\t\t\t\t\t<span class='e-n-accordion-item-title-icon'>\n\t\t\t<span class='e-opened' ><svg aria-hidden=\"true\" class=\"e-font-icon-svg e-fas-minus\" viewBox=\"0 0 448 512\" xmlns=\"http:\/\/www.w3.org\/2000\/svg\"><path d=\"M416 208H32c-17.67 0-32 14.33-32 32v32c0 17.67 14.33 32 32 32h384c17.67 0 32-14.33 32-32v-32c0-17.67-14.33-32-32-32z\"><\/path><\/svg><\/span>\n\t\t\t<span class='e-closed'><svg aria-hidden=\"true\" class=\"e-font-icon-svg e-fas-plus\" viewBox=\"0 0 448 512\" xmlns=\"http:\/\/www.w3.org\/2000\/svg\"><path d=\"M416 208H272V64c0-17.67-14.33-32-32-32h-32c-17.67 0-32 14.33-32 32v144H32c-17.67 0-32 14.33-32 32v32c0 17.67 14.33 32 32 32h144v144c0 17.67 14.33 32 32 32h32c17.67 0 32-14.33 32-32V304h144c17.67 0 32-14.33 32-32v-32c0-17.67-14.33-32-32-32z\"><\/path><\/svg><\/span>\n\t\t<\/span>\n\n\t\t\t\t\t\t<\/summary>\n\t\t\t\t<div class=\"has_ae_slider elementor-element elementor-element-9f7b139 e-con-full e-flex ae-bg-gallery-type-default e-con e-child\" role=\"region\" aria-labelledby=\"e-n-accordion-item-1510\" data-id=\"9f7b139\" data-element_type=\"container\" data-e-type=\"container\">\n\t\t\t\t<div class=\"elementor-element elementor-element-22d31b3 elementor-widget elementor-widget-text-editor\" data-id=\"22d31b3\" data-element_type=\"widget\" data-e-type=\"widget\" data-widget_type=\"text-editor.default\">\n\t\t\t\t<div class=\"elementor-widget-container\">\n\t\t\t\t\t\t\t\t\t<p>Si trabajamos con mezclas zeotr\u00f3picas (como R407C o R438A), debemos tener en cuenta el \u201cdeslizamiento\u201d o glide, que es la diferencia entre las temperaturas de burbuja (inicio de evaporaci\u00f3n) y de roc\u00edo (final de evaporaci\u00f3n) durante el cambio de fase. En estos casos, para calcular correctamente el recalentamiento se debe utilizar la temperatura de roc\u00edo correspondiente a la presi\u00f3n de succi\u00f3n.<\/p>\t\t\t\t\t\t\t\t<\/div>\n\t\t\t\t<\/div>\n\t\t\t\t<\/div>\n\t\t\t\t\t<\/details>\n\t\t\t\t\t\t<details id=\"e-n-accordion-item-1511\" class=\"e-n-accordion-item\" >\n\t\t\t\t<summary class=\"e-n-accordion-item-title\" data-accordion-index=\"2\" tabindex=\"-1\" aria-expanded=\"false\" aria-controls=\"e-n-accordion-item-1511\" >\n\t\t\t\t\t<span class='e-n-accordion-item-title-header'><div class=\"e-n-accordion-item-title-text\"> Ubicaci\u00f3n de los sensores <\/div><\/span>\n\t\t\t\t\t\t\t<span class='e-n-accordion-item-title-icon'>\n\t\t\t<span class='e-opened' ><svg aria-hidden=\"true\" class=\"e-font-icon-svg e-fas-minus\" viewBox=\"0 0 448 512\" xmlns=\"http:\/\/www.w3.org\/2000\/svg\"><path d=\"M416 208H32c-17.67 0-32 14.33-32 32v32c0 17.67 14.33 32 32 32h384c17.67 0 32-14.33 32-32v-32c0-17.67-14.33-32-32-32z\"><\/path><\/svg><\/span>\n\t\t\t<span class='e-closed'><svg aria-hidden=\"true\" class=\"e-font-icon-svg e-fas-plus\" viewBox=\"0 0 448 512\" xmlns=\"http:\/\/www.w3.org\/2000\/svg\"><path d=\"M416 208H272V64c0-17.67-14.33-32-32-32h-32c-17.67 0-32 14.33-32 32v144H32c-17.67 0-32 14.33-32 32v32c0 17.67 14.33 32 32 32h144v144c0 17.67 14.33 32 32 32h32c17.67 0 32-14.33 32-32V304h144c17.67 0 32-14.33 32-32v-32c0-17.67-14.33-32-32-32z\"><\/path><\/svg><\/span>\n\t\t<\/span>\n\n\t\t\t\t\t\t<\/summary>\n\t\t\t\t<div class=\"has_ae_slider elementor-element elementor-element-5443c17 e-con-full e-flex ae-bg-gallery-type-default e-con e-child\" role=\"region\" aria-labelledby=\"e-n-accordion-item-1511\" data-id=\"5443c17\" data-element_type=\"container\" data-e-type=\"container\">\n\t\t\t\t<div class=\"elementor-element elementor-element-0a09934 elementor-widget elementor-widget-text-editor\" data-id=\"0a09934\" data-element_type=\"widget\" data-e-type=\"widget\" data-widget_type=\"text-editor.default\">\n\t\t\t\t<div class=\"elementor-widget-container\">\n\t\t\t\t\t\t\t\t\t<p>La sonda de temperatura debe estar bien colocada y aislada del ambiente para evitar errores por corrientes de aire. La presi\u00f3n debe tomarse lo m\u00e1s cercana posible al punto donde se mide la temperatura.<br \/><br \/><\/p>\t\t\t\t\t\t\t\t<\/div>\n\t\t\t\t<\/div>\n\t\t\t\t<\/div>\n\t\t\t\t\t<\/details>\n\t\t\t\t\t\t<details id=\"e-n-accordion-item-1512\" class=\"e-n-accordion-item\" >\n\t\t\t\t<summary class=\"e-n-accordion-item-title\" data-accordion-index=\"3\" tabindex=\"-1\" aria-expanded=\"false\" aria-controls=\"e-n-accordion-item-1512\" >\n\t\t\t\t\t<span class='e-n-accordion-item-title-header'><div class=\"e-n-accordion-item-title-text\"> Sistema estabilizado <\/div><\/span>\n\t\t\t\t\t\t\t<span class='e-n-accordion-item-title-icon'>\n\t\t\t<span class='e-opened' ><svg aria-hidden=\"true\" class=\"e-font-icon-svg e-fas-minus\" viewBox=\"0 0 448 512\" xmlns=\"http:\/\/www.w3.org\/2000\/svg\"><path d=\"M416 208H32c-17.67 0-32 14.33-32 32v32c0 17.67 14.33 32 32 32h384c17.67 0 32-14.33 32-32v-32c0-17.67-14.33-32-32-32z\"><\/path><\/svg><\/span>\n\t\t\t<span class='e-closed'><svg aria-hidden=\"true\" class=\"e-font-icon-svg e-fas-plus\" viewBox=\"0 0 448 512\" xmlns=\"http:\/\/www.w3.org\/2000\/svg\"><path d=\"M416 208H272V64c0-17.67-14.33-32-32-32h-32c-17.67 0-32 14.33-32 32v144H32c-17.67 0-32 14.33-32 32v32c0 17.67 14.33 32 32 32h144v144c0 17.67 14.33 32 32 32h32c17.67 0 32-14.33 32-32V304h144c17.67 0 32-14.33 32-32v-32c0-17.67-14.33-32-32-32z\"><\/path><\/svg><\/span>\n\t\t<\/span>\n\n\t\t\t\t\t\t<\/summary>\n\t\t\t\t<div class=\"has_ae_slider elementor-element elementor-element-bdc2e4e e-con-full e-flex ae-bg-gallery-type-default e-con e-child\" role=\"region\" aria-labelledby=\"e-n-accordion-item-1512\" data-id=\"bdc2e4e\" data-element_type=\"container\" data-e-type=\"container\">\n\t\t\t\t<div class=\"elementor-element elementor-element-ba32cd4 elementor-widget elementor-widget-text-editor\" data-id=\"ba32cd4\" data-element_type=\"widget\" data-e-type=\"widget\" data-widget_type=\"text-editor.default\">\n\t\t\t\t<div class=\"elementor-widget-container\">\n\t\t\t\t\t\t\t\t\t<p>No se deben tomar lecturas al instante de arrancar el sistema. Hay que dejarlo funcionar hasta alcanzar condiciones estables (10-15 minutos m\u00ednimo).<\/p>\t\t\t\t\t\t\t\t<\/div>\n\t\t\t\t<\/div>\n\t\t\t\t<\/div>\n\t\t\t\t\t<\/details>\n\t\t\t\t\t<\/div>\n\t\t\t\t\t\t<\/div>\n\t\t\t\t<\/div>\n\t\t\t\t<div class=\"elementor-element elementor-element-c82fd5f elementor-widget elementor-widget-heading\" data-id=\"c82fd5f\" data-element_type=\"widget\" data-e-type=\"widget\" data-widget_type=\"heading.default\">\n\t\t\t\t<div class=\"elementor-widget-container\">\n\t\t\t\t\t<h2 class=\"elementor-heading-title elementor-size-default\">Problemas frecuentes relacionados con el recalentamiento<\/h2>\t\t\t\t<\/div>\n\t\t\t\t<\/div>\n\t\t\t\t<div class=\"elementor-element elementor-element-c690dc6 elementor-widget elementor-widget-text-editor\" data-id=\"c690dc6\" data-element_type=\"widget\" data-e-type=\"widget\" data-widget_type=\"text-editor.default\">\n\t\t\t\t<div class=\"elementor-widget-container\">\n\t\t\t\t\t\t\t\t\t<p><strong>Recalentamiento demasiado bajo (0-2 \u00baC)<\/strong><\/p><ul><li>Riesgo de retorno de l\u00edquido al compresor (golpe de l\u00edquido).<\/li><li>Posible sobrealimentaci\u00f3n por v\u00e1lvula de expansi\u00f3n mal calibrada.<\/li><li>Sondas mal ubicadas o mal aisladas.<\/li><\/ul><p>\u00a0<\/p><p><strong>Recalentamiento demasiado alto (+12 \u00baC o m\u00e1s)<\/strong><\/p><ul><li>Evaporador con baja eficiencia (parte de su superficie no se utiliza eficientemente).<\/li><li>Posible insuficiencia de carga de refrigerante.<\/li><li>V\u00e1lvula de expansi\u00f3n obstruida o mal ajustada.<\/li><li>Filtros o capilares parcialmente bloqueados.<\/li><\/ul><p>\u00a0<\/p><p><strong>Oscilaciones inestables en el recalentamiento<\/strong><\/p><ul><li>V\u00e1lvula de expansi\u00f3n modulando de forma err\u00e1tica o con retardo.<\/li><li>Sensor t\u00e9rmico del bulbo mal fijado o mal aislado.<\/li><li>Sistema con capacidad frigor\u00edfica superior a la demanda real.<\/li><\/ul>\t\t\t\t\t\t\t\t<\/div>\n\t\t\t\t<\/div>\n\t\t\t\t<div class=\"elementor-element elementor-element-5fccc1f elementor-widget elementor-widget-image\" data-id=\"5fccc1f\" data-element_type=\"widget\" data-e-type=\"widget\" data-widget_type=\"image.default\">\n\t\t\t\t<div class=\"elementor-widget-container\">\n\t\t\t\t\t\t\t\t\t\t\t\t\t\t\t<img loading=\"lazy\" decoding=\"async\" width=\"800\" height=\"800\" src=\"https:\/\/innotecgrupo.com\/industria-empresa\/wp-content\/uploads\/2025\/09\/recalentamiento-en-sistemas-frigorificos-5.png\" class=\"attachment-large size-large wp-image-24724\" alt=\"Recalentamiento en sistemas frigor\u00edficos\" srcset=\"https:\/\/innotecgrupo.com\/industria-empresa\/wp-content\/uploads\/2025\/09\/recalentamiento-en-sistemas-frigorificos-5.png 1024w, https:\/\/innotecgrupo.com\/industria-empresa\/wp-content\/uploads\/2025\/09\/recalentamiento-en-sistemas-frigorificos-5-300x300.png 300w, https:\/\/innotecgrupo.com\/industria-empresa\/wp-content\/uploads\/2025\/09\/recalentamiento-en-sistemas-frigorificos-5-150x150.png 150w, https:\/\/innotecgrupo.com\/industria-empresa\/wp-content\/uploads\/2025\/09\/recalentamiento-en-sistemas-frigorificos-5-768x768.png 768w\" sizes=\"(max-width: 800px) 100vw, 800px\" \/>\t\t\t\t\t\t\t\t\t\t\t\t\t\t\t<\/div>\n\t\t\t\t<\/div>\n\t\t\t\t<div class=\"elementor-element elementor-element-57ea8ad elementor-widget elementor-widget-heading\" data-id=\"57ea8ad\" data-element_type=\"widget\" data-e-type=\"widget\" data-widget_type=\"heading.default\">\n\t\t\t\t<div class=\"elementor-widget-container\">\n\t\t\t\t\t<h2 class=\"elementor-heading-title elementor-size-default\">Buenas pr\u00e1cticas para el control del recalentamiento<\/h2>\t\t\t\t<\/div>\n\t\t\t\t<\/div>\n\t\t\t\t<div class=\"elementor-element elementor-element-2c0c578 elementor-widget elementor-widget-text-editor\" data-id=\"2c0c578\" data-element_type=\"widget\" data-e-type=\"widget\" data-widget_type=\"text-editor.default\">\n\t\t\t\t<div class=\"elementor-widget-container\">\n\t\t\t\t\t\t\t\t\t<ol><li>Medir con el sistema estabilizado: Dejar operar 10-15 minutos antes de tomar datos.<\/li><li>Instrumentaci\u00f3n confiable: Usar man\u00f3metros y term\u00f3metros calibrados. Aislar bien la sonda de temperatura.<\/li><li>Identificar bien el refrigerante: Usar tablas actualizadas. En mezclas zeotr\u00f3picas, usar temperatura de roc\u00edo.<\/li><li>Revisar la v\u00e1lvula de expansi\u00f3n: Ajustar solo si es necesario. No girar m\u00e1s de 1\/4 de vuelta por vez.<\/li><li>Colocar bien el bulbo:<br \/>&#8211; Posiciones tipo reloj 4 u 8.<br \/>&#8211; Buen contacto t\u00e9rmico y bien aislado.<br \/>&#8211; Evitar exposici\u00f3n a corrientes de aire.<\/li><li>Monitorear peri\u00f3dicamente: el recalentamiento debe revisarse en mantenimientos, recargas o cambios de componentes.<\/li><\/ol>\t\t\t\t\t\t\t\t<\/div>\n\t\t\t\t<\/div>\n\t\t\t\t<div class=\"elementor-element elementor-element-7dc0552 elementor-widget elementor-widget-heading\" data-id=\"7dc0552\" data-element_type=\"widget\" data-e-type=\"widget\" data-widget_type=\"heading.default\">\n\t\t\t\t<div class=\"elementor-widget-container\">\n\t\t\t\t\t<h2 class=\"elementor-heading-title elementor-size-default\">Valores de referencia t\u00edpicos<\/h2>\t\t\t\t<\/div>\n\t\t\t\t<\/div>\n\t\t\t\t<div class=\"elementor-element elementor-element-8532114 elementor-widget elementor-widget-image\" data-id=\"8532114\" data-element_type=\"widget\" data-e-type=\"widget\" data-widget_type=\"image.default\">\n\t\t\t\t<div class=\"elementor-widget-container\">\n\t\t\t\t\t\t\t\t\t\t\t\t\t\t\t<img loading=\"lazy\" decoding=\"async\" width=\"648\" height=\"552\" src=\"https:\/\/innotecgrupo.com\/industria-empresa\/wp-content\/uploads\/2025\/09\/recalentamiento-en-sistemas-frigorificos6.png\" class=\"attachment-large size-large wp-image-24733\" alt=\"Recalentamiento en sistemas frigor\u00edficos\" srcset=\"https:\/\/innotecgrupo.com\/industria-empresa\/wp-content\/uploads\/2025\/09\/recalentamiento-en-sistemas-frigorificos6.png 648w, https:\/\/innotecgrupo.com\/industria-empresa\/wp-content\/uploads\/2025\/09\/recalentamiento-en-sistemas-frigorificos6-300x256.png 300w\" sizes=\"(max-width: 648px) 100vw, 648px\" \/>\t\t\t\t\t\t\t\t\t\t\t\t\t\t\t<\/div>\n\t\t\t\t<\/div>\n\t\t\t\t<div class=\"elementor-element elementor-element-9be1b25 elementor-widget elementor-widget-heading\" data-id=\"9be1b25\" data-element_type=\"widget\" data-e-type=\"widget\" data-widget_type=\"heading.default\">\n\t\t\t\t<div class=\"elementor-widget-container\">\n\t\t\t\t\t<h2 class=\"elementor-heading-title elementor-size-default\">Mantenimiento preventivo basado en recalentamiento<\/h2>\t\t\t\t<\/div>\n\t\t\t\t<\/div>\n\t\t\t\t<div class=\"elementor-element elementor-element-bfb8af1 elementor-widget elementor-widget-text-editor\" data-id=\"bfb8af1\" data-element_type=\"widget\" data-e-type=\"widget\" data-widget_type=\"text-editor.default\">\n\t\t\t\t<div class=\"elementor-widget-container\">\n\t\t\t\t\t\t\t\t\t<p>El recalentamiento es un indicador esencial no solo para el ajuste inicial del sistema frigor\u00edfico, sino tambi\u00e9n para su mantenimiento a lo largo del tiempo. Incorporar el seguimiento y an\u00e1lisis del recalentamiento dentro de las rutinas de mantenimiento preventivo permite anticipar problemas, evitar fallas inesperadas y optimizar la eficiencia del equipo.<br \/><br \/><strong>Monitorizaci\u00f3n peri\u00f3dica<\/strong><br \/>Durante las revisiones de rutina, medir el recalentamiento ayuda a detectar variaciones que pueden ser s\u00edntoma de:<br \/><br \/><\/p><ul><li>Fugas de refrigerante: Una ca\u00edda en la carga suele reflejarse en un aumento del recalentamiento, al haber menos l\u00edquido para evaporar.<\/li><li>Suciedad o bloqueo en el evaporador: Afecta el intercambio t\u00e9rmico y la evaporaci\u00f3n.<\/li><li>Problemas en la v\u00e1lvula de expansi\u00f3n: Atascos o mal calibraci\u00f3n provocan recalentamientos inestables.<\/li><\/ul><p>\u00a0<\/p><p>Detectar estas se\u00f1ales a tiempo permite actuar antes de da\u00f1os mayores como golpes de l\u00edquido o sobrecalentamiento del compresor.<br \/><br \/><strong>Ajustes y calibraciones oportunas<\/strong><br \/>Bas\u00e1ndose en las mediciones, el t\u00e9cnico puede ajustar la v\u00e1lvula de expansi\u00f3n para mantener condiciones \u00f3ptimas. Estos ajustes deben hacerse gradualmente con instrumentos precisos para evitar desestabilizar el ciclo frigor\u00edfico.<br \/><br \/><strong>Registro y an\u00e1lisis hist\u00f3rico<\/strong><br \/>Llevar un registro de las mediciones facilita el an\u00e1lisis de tendencias y detecci\u00f3n de anomal\u00edas recurrentes, ayudando a planificar intervenciones m\u00e1s efectivas y justificar mejoras.<\/p><p>\u00a0<\/p>\t\t\t\t\t\t\t\t<\/div>\n\t\t\t\t<\/div>\n\t\t\t\t<div class=\"elementor-element elementor-element-16e536f elementor-widget elementor-widget-heading\" data-id=\"16e536f\" data-element_type=\"widget\" data-e-type=\"widget\" data-widget_type=\"heading.default\">\n\t\t\t\t<div class=\"elementor-widget-container\">\n\t\t\t\t\t<h2 class=\"elementor-heading-title elementor-size-default\">Beneficios del mantenimiento basado en recalentamiento<\/h2>\t\t\t\t<\/div>\n\t\t\t\t<\/div>\n\t\t\t\t<div class=\"elementor-element elementor-element-d328956 elementor-widget elementor-widget-text-editor\" data-id=\"d328956\" data-element_type=\"widget\" data-e-type=\"widget\" data-widget_type=\"text-editor.default\">\n\t\t\t\t<div class=\"elementor-widget-container\">\n\t\t\t\t\t\t\t\t\t<ul><li>Prolonga la vida \u00fatil del compresor y componentes.<\/li><li>Mantiene la eficiencia energ\u00e9tica, reduciendo costos operativos<\/li><li>Minimiza riesgos de fallas graves y tiempos de paro.<\/li><\/ul><p style=\"padding-left: 40px;\">Mejora la fiabilidad y estabilidad del sistema.<br \/><br \/><\/p><p>En resumen, el recalentamiento no es solo un par\u00e1metro de ajuste inicial, sino una herramienta valiosa para el mantenimiento preventivo que asegura un funcionamiento seguro, eficiente y duradero.<\/p>\t\t\t\t\t\t\t\t<\/div>\n\t\t\t\t<\/div>\n\t\t\t\t<div class=\"elementor-element elementor-element-48a2678 elementor-widget elementor-widget-heading\" data-id=\"48a2678\" data-element_type=\"widget\" data-e-type=\"widget\" data-widget_type=\"heading.default\">\n\t\t\t\t<div class=\"elementor-widget-container\">\n\t\t\t\t\t<h2 class=\"elementor-heading-title elementor-size-default\">Conclusi\u00f3n final: El arte de afinar un sistema frigor\u00edfico<\/h2>\t\t\t\t<\/div>\n\t\t\t\t<\/div>\n\t\t\t\t<div class=\"elementor-element elementor-element-8ef48df elementor-widget elementor-widget-text-editor\" data-id=\"8ef48df\" data-element_type=\"widget\" data-e-type=\"widget\" data-widget_type=\"text-editor.default\">\n\t\t\t\t<div class=\"elementor-widget-container\">\n\t\t\t\t\t\t\t\t\t<p>Trabajar con un recalentamiento dentro de los valores \u00f3ptimos significa:<\/p><ul><li>Evitar golpes de l\u00edquido y fallas mec\u00e1nicas.<\/li><li>Reducir el consumo energ\u00e9tico.<\/li><li>Aumentar la vida \u00fatil del compresor.<\/li><li>Garantizar una refrigeraci\u00f3n eficiente y estable.<\/li><\/ul><p>\u00a0<\/p><p>Como t\u00e9cnicos, no basta con que \u201cenfr\u00ede\u201d: debemos asegurar que el sistema funcione bien, por dentro y por fuera. El recalentamiento es una de las pistas m\u00e1s claras para saberlo.<\/p>\t\t\t\t\t\t\t\t<\/div>\n\t\t\t\t<\/div>\n\t\t\t\t<div class=\"elementor-element elementor-element-078585d elementor-widget elementor-widget-heading\" data-id=\"078585d\" data-element_type=\"widget\" data-e-type=\"widget\" data-widget_type=\"heading.default\">\n\t\t\t\t<div class=\"elementor-widget-container\">\n\t\t\t\t\t<h2 class=\"elementor-heading-title elementor-size-default\">\u00bfY qu\u00e9 pasa del otro lado del sistema? Subenfriamiento: La otra cara de la moneda<\/h2>\t\t\t\t<\/div>\n\t\t\t\t<\/div>\n\t\t\t\t<div class=\"elementor-element elementor-element-1c41220 elementor-widget elementor-widget-text-editor\" data-id=\"1c41220\" data-element_type=\"widget\" data-e-type=\"widget\" data-widget_type=\"text-editor.default\">\n\t\t\t\t<div class=\"elementor-widget-container\">\n\t\t\t\t\t\t\t\t\t<p>En mi pr\u00f3ximo art\u00edculo profundizar\u00e9 en otro par\u00e1metro clave: <span style=\"color: #ff6600;\"><a style=\"color: #ff6600;\" href=\"https:\/\/innotecgrupo.com\/industria-empresa\/blog\/subenfriamiento-industrial\/\" target=\"_blank\" rel=\"noopener\">el subenfriamiento<\/a><\/span>.<\/p><p>Si el recalentamiento se encarga de que el compresor reciba vapor seco (en la l\u00ednea de succi\u00f3n), el subenfriamiento asegura que la v\u00e1lvula de expansi\u00f3n reciba l\u00edquido puro (en la l\u00ednea de l\u00edquido). Son las dos caras de una misma moneda: una en baja presi\u00f3n, otra en alta presi\u00f3n; una protege al compresor, la otra garantiza una expansi\u00f3n eficiente.<\/p><p>Entender y medir ambos correctamente da una visi\u00f3n completa del ciclo frigor\u00edfico y permite anticipar problemas antes de que se conviertan en fallas costosas.<\/p>\t\t\t\t\t\t\t\t<\/div>\n\t\t\t\t<\/div>\n\t\t<div class=\"has_ae_slider elementor-element elementor-element-f6e69cb e-con-full e-flex ae-bg-gallery-type-default e-con e-child\" data-id=\"f6e69cb\" data-element_type=\"container\" data-e-type=\"container\">\n\t\t\t\t<div class=\"elementor-element elementor-element-2e0ad78 elementor-widget elementor-widget-heading\" data-id=\"2e0ad78\" data-element_type=\"widget\" data-e-type=\"widget\" data-widget_type=\"heading.default\">\n\t\t\t\t<div class=\"elementor-widget-container\">\n\t\t\t\t\t<h5 class=\"elementor-heading-title elementor-size-default\">Con nuestro servicio de mantenimiento META transformamos la gesti\u00f3n de tus instalaciones industriales, garantizando un rendimiento \u00f3ptimo y un ahorro real en cada factura<\/h5>\t\t\t\t<\/div>\n\t\t\t\t<\/div>\n\t\t\t\t<div class=\"elementor-element elementor-element-7067f04 elementor-widget elementor-widget-text-editor\" data-id=\"7067f04\" data-element_type=\"widget\" data-e-type=\"widget\" data-widget_type=\"text-editor.default\">\n\t\t\t\t<div class=\"elementor-widget-container\">\n\t\t\t\t\t\t\t\t\t<p style=\"text-align: center;\">Descubre aqu\u00ed c\u00f3mo optimizar tu mantenimiento con <a href=\"https:\/\/innotecgrupo.com\/industria-empresa\/mantenimiento-industria\/\"><span style=\"color: #ff6600;\"><strong>el sistema<\/strong><\/span>\u00a0<strong><span style=\"color: #ff6600;\">META de Grupo Innotec<\/span><\/strong><\/a><\/p>\t\t\t\t\t\t\t\t<\/div>\n\t\t\t\t<\/div>\n\t\t\t\t<\/div>\n\t\t\t\t\t<\/div>\n\t\t\t\t<\/div>\n\t\t\t\t<\/div>\n\t\t","protected":false},"excerpt":{"rendered":"<p>El recalentamiento es un par\u00e1metro que, cuando se entiende bien, se convierte en una poderosa herramienta de diagn\u00f3stico. No es solo un n\u00famero en un man\u00f3metro digital: refleja el funcionamiento del evaporador, el comportamiento de la v\u00e1lvula de expansi\u00f3n y la protecci\u00f3n del compresor. \u00bfQu\u00e9 es el recalentamiento y por qu\u00e9 es tan importante? En [&hellip;]<\/p>\n","protected":false},"author":16,"featured_media":24725,"comment_status":"closed","ping_status":"open","sticky":false,"template":"","format":"standard","meta":{"_acf_changed":false,"footnotes":""},"categories":[101],"tags":[],"class_list":["post-24723","post","type-post","status-publish","format-standard","has-post-thumbnail","hentry","category-refrigeracion"],"acf":[],"yoast_head":"<!-- This site is optimized with the Yoast SEO plugin v27.3 - https:\/\/yoast.com\/product\/yoast-seo-wordpress\/ -->\n<title>Recalentamiento en Sistemas Frigor\u00edficos | Innotec<\/title>\n<meta name=\"description\" content=\"En un sistema frigor\u00edfico, el recalentamiento es el aumento de temperatura que experimenta el refrigerante una vez que ha cambiado completamente de estado l\u00edquido a vapor al final del evaporador.\" \/>\n<meta name=\"robots\" content=\"index, follow, max-snippet:-1, max-image-preview:large, max-video-preview:-1\" \/>\n<link rel=\"canonical\" href=\"https:\/\/innotecgrupo.com\/industria-empresa\/blog\/recalentamiento-en-sistemas-frigorificos\/\" \/>\n<meta property=\"og:locale\" content=\"es_ES\" \/>\n<meta property=\"og:type\" content=\"article\" \/>\n<meta property=\"og:title\" content=\"Recalentamiento en Sistemas Frigor\u00edficos | Innotec\" \/>\n<meta property=\"og:description\" content=\"En un sistema frigor\u00edfico, el recalentamiento es el aumento de temperatura que experimenta el refrigerante una vez que ha cambiado completamente de estado l\u00edquido a vapor al final del evaporador.\" \/>\n<meta property=\"og:url\" content=\"https:\/\/innotecgrupo.com\/industria-empresa\/blog\/recalentamiento-en-sistemas-frigorificos\/\" \/>\n<meta property=\"og:site_name\" content=\"Innotec\" \/>\n<meta property=\"article:published_time\" content=\"2025-09-26T16:21:10+00:00\" \/>\n<meta property=\"article:modified_time\" content=\"2025-10-28T15:55:09+00:00\" \/>\n<meta property=\"og:image\" content=\"https:\/\/innotecgrupo.com\/industria-empresa\/wp-content\/uploads\/2025\/09\/recalentamiento-en-sistemas-frigorificos-1.jpg\" \/>\n\t<meta property=\"og:image:width\" content=\"1923\" \/>\n\t<meta property=\"og:image:height\" content=\"800\" \/>\n\t<meta property=\"og:image:type\" content=\"image\/jpeg\" \/>\n<meta name=\"author\" content=\"Carlos Ochoa\" \/>\n<meta name=\"twitter:card\" content=\"summary_large_image\" \/>\n<meta name=\"twitter:label1\" content=\"Escrito por\" \/>\n\t<meta name=\"twitter:data1\" content=\"Carlos Ochoa\" \/>\n\t<meta name=\"twitter:label2\" content=\"Tiempo de lectura\" \/>\n\t<meta name=\"twitter:data2\" content=\"8 minutos\" \/>\n<script type=\"application\/ld+json\" class=\"yoast-schema-graph\">{\"@context\":\"https:\\\/\\\/schema.org\",\"@graph\":[{\"@type\":\"Article\",\"@id\":\"https:\\\/\\\/innotecgrupo.com\\\/industria-empresa\\\/blog\\\/recalentamiento-en-sistemas-frigorificos\\\/#article\",\"isPartOf\":{\"@id\":\"https:\\\/\\\/innotecgrupo.com\\\/industria-empresa\\\/blog\\\/recalentamiento-en-sistemas-frigorificos\\\/\"},\"author\":{\"name\":\"Carlos Ochoa\",\"@id\":\"https:\\\/\\\/innotecgrupo.com\\\/industria-empresa\\\/#\\\/schema\\\/person\\\/99ecc114b3ad955de8ce705c1e3a74b7\"},\"headline\":\"Recalentamiento en Sistemas Frigor\u00edficos\",\"datePublished\":\"2025-09-26T16:21:10+00:00\",\"dateModified\":\"2025-10-28T15:55:09+00:00\",\"mainEntityOfPage\":{\"@id\":\"https:\\\/\\\/innotecgrupo.com\\\/industria-empresa\\\/blog\\\/recalentamiento-en-sistemas-frigorificos\\\/\"},\"wordCount\":1556,\"publisher\":{\"@id\":\"https:\\\/\\\/innotecgrupo.com\\\/industria-empresa\\\/#organization\"},\"image\":{\"@id\":\"https:\\\/\\\/innotecgrupo.com\\\/industria-empresa\\\/blog\\\/recalentamiento-en-sistemas-frigorificos\\\/#primaryimage\"},\"thumbnailUrl\":\"https:\\\/\\\/innotecgrupo.com\\\/industria-empresa\\\/wp-content\\\/uploads\\\/2025\\\/09\\\/recalentamiento-en-sistemas-frigorificos-1.jpg\",\"articleSection\":[\"Refrigeraci\u00f3n\"],\"inLanguage\":\"es\"},{\"@type\":\"WebPage\",\"@id\":\"https:\\\/\\\/innotecgrupo.com\\\/industria-empresa\\\/blog\\\/recalentamiento-en-sistemas-frigorificos\\\/\",\"url\":\"https:\\\/\\\/innotecgrupo.com\\\/industria-empresa\\\/blog\\\/recalentamiento-en-sistemas-frigorificos\\\/\",\"name\":\"Recalentamiento en Sistemas Frigor\u00edficos | Innotec\",\"isPartOf\":{\"@id\":\"https:\\\/\\\/innotecgrupo.com\\\/industria-empresa\\\/#website\"},\"primaryImageOfPage\":{\"@id\":\"https:\\\/\\\/innotecgrupo.com\\\/industria-empresa\\\/blog\\\/recalentamiento-en-sistemas-frigorificos\\\/#primaryimage\"},\"image\":{\"@id\":\"https:\\\/\\\/innotecgrupo.com\\\/industria-empresa\\\/blog\\\/recalentamiento-en-sistemas-frigorificos\\\/#primaryimage\"},\"thumbnailUrl\":\"https:\\\/\\\/innotecgrupo.com\\\/industria-empresa\\\/wp-content\\\/uploads\\\/2025\\\/09\\\/recalentamiento-en-sistemas-frigorificos-1.jpg\",\"datePublished\":\"2025-09-26T16:21:10+00:00\",\"dateModified\":\"2025-10-28T15:55:09+00:00\",\"description\":\"En un sistema frigor\u00edfico, el recalentamiento es el aumento de temperatura que experimenta el refrigerante una vez que ha cambiado completamente de estado l\u00edquido a vapor al final del evaporador.\",\"breadcrumb\":{\"@id\":\"https:\\\/\\\/innotecgrupo.com\\\/industria-empresa\\\/blog\\\/recalentamiento-en-sistemas-frigorificos\\\/#breadcrumb\"},\"inLanguage\":\"es\",\"potentialAction\":[{\"@type\":\"ReadAction\",\"target\":[\"https:\\\/\\\/innotecgrupo.com\\\/industria-empresa\\\/blog\\\/recalentamiento-en-sistemas-frigorificos\\\/\"]}]},{\"@type\":\"ImageObject\",\"inLanguage\":\"es\",\"@id\":\"https:\\\/\\\/innotecgrupo.com\\\/industria-empresa\\\/blog\\\/recalentamiento-en-sistemas-frigorificos\\\/#primaryimage\",\"url\":\"https:\\\/\\\/innotecgrupo.com\\\/industria-empresa\\\/wp-content\\\/uploads\\\/2025\\\/09\\\/recalentamiento-en-sistemas-frigorificos-1.jpg\",\"contentUrl\":\"https:\\\/\\\/innotecgrupo.com\\\/industria-empresa\\\/wp-content\\\/uploads\\\/2025\\\/09\\\/recalentamiento-en-sistemas-frigorificos-1.jpg\",\"width\":1923,\"height\":800,\"caption\":\"Recalentamiento en sistemas frigor\u00edficos\"},{\"@type\":\"BreadcrumbList\",\"@id\":\"https:\\\/\\\/innotecgrupo.com\\\/industria-empresa\\\/blog\\\/recalentamiento-en-sistemas-frigorificos\\\/#breadcrumb\",\"itemListElement\":[{\"@type\":\"ListItem\",\"position\":1,\"name\":\"Portada\",\"item\":\"https:\\\/\\\/innotecgrupo.com\\\/industria-empresa\\\/\"},{\"@type\":\"ListItem\",\"position\":2,\"name\":\"Recalentamiento en Sistemas Frigor\u00edficos\"}]},{\"@type\":\"WebSite\",\"@id\":\"https:\\\/\\\/innotecgrupo.com\\\/industria-empresa\\\/#website\",\"url\":\"https:\\\/\\\/innotecgrupo.com\\\/industria-empresa\\\/\",\"name\":\"Innotec Grupo\",\"description\":\"CLIMATIZACI\u00d3N ENFOCADA AL BIENESTAR INTEGRAL\",\"publisher\":{\"@id\":\"https:\\\/\\\/innotecgrupo.com\\\/industria-empresa\\\/#organization\"},\"potentialAction\":[{\"@type\":\"SearchAction\",\"target\":{\"@type\":\"EntryPoint\",\"urlTemplate\":\"https:\\\/\\\/innotecgrupo.com\\\/industria-empresa\\\/?s={search_term_string}\"},\"query-input\":{\"@type\":\"PropertyValueSpecification\",\"valueRequired\":true,\"valueName\":\"search_term_string\"}}],\"inLanguage\":\"es\"},{\"@type\":\"Organization\",\"@id\":\"https:\\\/\\\/innotecgrupo.com\\\/industria-empresa\\\/#organization\",\"name\":\"Innotec\",\"url\":\"https:\\\/\\\/innotecgrupo.com\\\/industria-empresa\\\/\",\"logo\":{\"@type\":\"ImageObject\",\"inLanguage\":\"es\",\"@id\":\"https:\\\/\\\/innotecgrupo.com\\\/industria-empresa\\\/#\\\/schema\\\/logo\\\/image\\\/\",\"url\":\"https:\\\/\\\/innotecgrupo.com\\\/industria-empresa\\\/wp-content\\\/uploads\\\/2022\\\/01\\\/logo-innotec.png\",\"contentUrl\":\"https:\\\/\\\/innotecgrupo.com\\\/industria-empresa\\\/wp-content\\\/uploads\\\/2022\\\/01\\\/logo-innotec.png\",\"width\":166,\"height\":31,\"caption\":\"Innotec\"},\"image\":{\"@id\":\"https:\\\/\\\/innotecgrupo.com\\\/industria-empresa\\\/#\\\/schema\\\/logo\\\/image\\\/\"}},{\"@type\":\"Person\",\"@id\":\"https:\\\/\\\/innotecgrupo.com\\\/industria-empresa\\\/#\\\/schema\\\/person\\\/99ecc114b3ad955de8ce705c1e3a74b7\",\"name\":\"Carlos Ochoa\",\"description\":\"Responsable Instalaciones de Climatizaci\u00f3n, Refrigeraci\u00f3n y Captaci\u00f3n Industrial\",\"sameAs\":[\"https:\\\/\\\/www.linkedin.com\\\/in\\\/carlos-ochoa-crespo-b662aa203\\\/\"],\"url\":\"https:\\\/\\\/innotecgrupo.com\\\/industria-empresa\\\/blog\\\/author\\\/carlosochoa\\\/\"}]}<\/script>\n<!-- \/ Yoast SEO plugin. -->","yoast_head_json":{"title":"Recalentamiento en Sistemas Frigor\u00edficos | Innotec","description":"En un sistema frigor\u00edfico, el recalentamiento es el aumento de temperatura que experimenta el refrigerante una vez que ha cambiado completamente de estado l\u00edquido a vapor al final del evaporador.","robots":{"index":"index","follow":"follow","max-snippet":"max-snippet:-1","max-image-preview":"max-image-preview:large","max-video-preview":"max-video-preview:-1"},"canonical":"https:\/\/innotecgrupo.com\/industria-empresa\/blog\/recalentamiento-en-sistemas-frigorificos\/","og_locale":"es_ES","og_type":"article","og_title":"Recalentamiento en Sistemas Frigor\u00edficos | Innotec","og_description":"En un sistema frigor\u00edfico, el recalentamiento es el aumento de temperatura que experimenta el refrigerante una vez que ha cambiado completamente de estado l\u00edquido a vapor al final del evaporador.","og_url":"https:\/\/innotecgrupo.com\/industria-empresa\/blog\/recalentamiento-en-sistemas-frigorificos\/","og_site_name":"Innotec","article_published_time":"2025-09-26T16:21:10+00:00","article_modified_time":"2025-10-28T15:55:09+00:00","og_image":[{"width":1923,"height":800,"url":"https:\/\/innotecgrupo.com\/industria-empresa\/wp-content\/uploads\/2025\/09\/recalentamiento-en-sistemas-frigorificos-1.jpg","type":"image\/jpeg"}],"author":"Carlos Ochoa","twitter_card":"summary_large_image","twitter_misc":{"Escrito por":"Carlos Ochoa","Tiempo de lectura":"8 minutos"},"schema":{"@context":"https:\/\/schema.org","@graph":[{"@type":"Article","@id":"https:\/\/innotecgrupo.com\/industria-empresa\/blog\/recalentamiento-en-sistemas-frigorificos\/#article","isPartOf":{"@id":"https:\/\/innotecgrupo.com\/industria-empresa\/blog\/recalentamiento-en-sistemas-frigorificos\/"},"author":{"name":"Carlos Ochoa","@id":"https:\/\/innotecgrupo.com\/industria-empresa\/#\/schema\/person\/99ecc114b3ad955de8ce705c1e3a74b7"},"headline":"Recalentamiento en Sistemas Frigor\u00edficos","datePublished":"2025-09-26T16:21:10+00:00","dateModified":"2025-10-28T15:55:09+00:00","mainEntityOfPage":{"@id":"https:\/\/innotecgrupo.com\/industria-empresa\/blog\/recalentamiento-en-sistemas-frigorificos\/"},"wordCount":1556,"publisher":{"@id":"https:\/\/innotecgrupo.com\/industria-empresa\/#organization"},"image":{"@id":"https:\/\/innotecgrupo.com\/industria-empresa\/blog\/recalentamiento-en-sistemas-frigorificos\/#primaryimage"},"thumbnailUrl":"https:\/\/innotecgrupo.com\/industria-empresa\/wp-content\/uploads\/2025\/09\/recalentamiento-en-sistemas-frigorificos-1.jpg","articleSection":["Refrigeraci\u00f3n"],"inLanguage":"es"},{"@type":"WebPage","@id":"https:\/\/innotecgrupo.com\/industria-empresa\/blog\/recalentamiento-en-sistemas-frigorificos\/","url":"https:\/\/innotecgrupo.com\/industria-empresa\/blog\/recalentamiento-en-sistemas-frigorificos\/","name":"Recalentamiento en Sistemas Frigor\u00edficos | Innotec","isPartOf":{"@id":"https:\/\/innotecgrupo.com\/industria-empresa\/#website"},"primaryImageOfPage":{"@id":"https:\/\/innotecgrupo.com\/industria-empresa\/blog\/recalentamiento-en-sistemas-frigorificos\/#primaryimage"},"image":{"@id":"https:\/\/innotecgrupo.com\/industria-empresa\/blog\/recalentamiento-en-sistemas-frigorificos\/#primaryimage"},"thumbnailUrl":"https:\/\/innotecgrupo.com\/industria-empresa\/wp-content\/uploads\/2025\/09\/recalentamiento-en-sistemas-frigorificos-1.jpg","datePublished":"2025-09-26T16:21:10+00:00","dateModified":"2025-10-28T15:55:09+00:00","description":"En un sistema frigor\u00edfico, el recalentamiento es el aumento de temperatura que experimenta el refrigerante una vez que ha cambiado completamente de estado l\u00edquido a vapor al final del evaporador.","breadcrumb":{"@id":"https:\/\/innotecgrupo.com\/industria-empresa\/blog\/recalentamiento-en-sistemas-frigorificos\/#breadcrumb"},"inLanguage":"es","potentialAction":[{"@type":"ReadAction","target":["https:\/\/innotecgrupo.com\/industria-empresa\/blog\/recalentamiento-en-sistemas-frigorificos\/"]}]},{"@type":"ImageObject","inLanguage":"es","@id":"https:\/\/innotecgrupo.com\/industria-empresa\/blog\/recalentamiento-en-sistemas-frigorificos\/#primaryimage","url":"https:\/\/innotecgrupo.com\/industria-empresa\/wp-content\/uploads\/2025\/09\/recalentamiento-en-sistemas-frigorificos-1.jpg","contentUrl":"https:\/\/innotecgrupo.com\/industria-empresa\/wp-content\/uploads\/2025\/09\/recalentamiento-en-sistemas-frigorificos-1.jpg","width":1923,"height":800,"caption":"Recalentamiento en sistemas frigor\u00edficos"},{"@type":"BreadcrumbList","@id":"https:\/\/innotecgrupo.com\/industria-empresa\/blog\/recalentamiento-en-sistemas-frigorificos\/#breadcrumb","itemListElement":[{"@type":"ListItem","position":1,"name":"Portada","item":"https:\/\/innotecgrupo.com\/industria-empresa\/"},{"@type":"ListItem","position":2,"name":"Recalentamiento en Sistemas Frigor\u00edficos"}]},{"@type":"WebSite","@id":"https:\/\/innotecgrupo.com\/industria-empresa\/#website","url":"https:\/\/innotecgrupo.com\/industria-empresa\/","name":"Innotec Grupo","description":"CLIMATIZACI\u00d3N ENFOCADA AL BIENESTAR INTEGRAL","publisher":{"@id":"https:\/\/innotecgrupo.com\/industria-empresa\/#organization"},"potentialAction":[{"@type":"SearchAction","target":{"@type":"EntryPoint","urlTemplate":"https:\/\/innotecgrupo.com\/industria-empresa\/?s={search_term_string}"},"query-input":{"@type":"PropertyValueSpecification","valueRequired":true,"valueName":"search_term_string"}}],"inLanguage":"es"},{"@type":"Organization","@id":"https:\/\/innotecgrupo.com\/industria-empresa\/#organization","name":"Innotec","url":"https:\/\/innotecgrupo.com\/industria-empresa\/","logo":{"@type":"ImageObject","inLanguage":"es","@id":"https:\/\/innotecgrupo.com\/industria-empresa\/#\/schema\/logo\/image\/","url":"https:\/\/innotecgrupo.com\/industria-empresa\/wp-content\/uploads\/2022\/01\/logo-innotec.png","contentUrl":"https:\/\/innotecgrupo.com\/industria-empresa\/wp-content\/uploads\/2022\/01\/logo-innotec.png","width":166,"height":31,"caption":"Innotec"},"image":{"@id":"https:\/\/innotecgrupo.com\/industria-empresa\/#\/schema\/logo\/image\/"}},{"@type":"Person","@id":"https:\/\/innotecgrupo.com\/industria-empresa\/#\/schema\/person\/99ecc114b3ad955de8ce705c1e3a74b7","name":"Carlos Ochoa","description":"Responsable Instalaciones de Climatizaci\u00f3n, Refrigeraci\u00f3n y Captaci\u00f3n Industrial","sameAs":["https:\/\/www.linkedin.com\/in\/carlos-ochoa-crespo-b662aa203\/"],"url":"https:\/\/innotecgrupo.com\/industria-empresa\/blog\/author\/carlosochoa\/"}]}},"_links":{"self":[{"href":"https:\/\/innotecgrupo.com\/industria-empresa\/wp-json\/wp\/v2\/posts\/24723","targetHints":{"allow":["GET"]}}],"collection":[{"href":"https:\/\/innotecgrupo.com\/industria-empresa\/wp-json\/wp\/v2\/posts"}],"about":[{"href":"https:\/\/innotecgrupo.com\/industria-empresa\/wp-json\/wp\/v2\/types\/post"}],"author":[{"embeddable":true,"href":"https:\/\/innotecgrupo.com\/industria-empresa\/wp-json\/wp\/v2\/users\/16"}],"replies":[{"embeddable":true,"href":"https:\/\/innotecgrupo.com\/industria-empresa\/wp-json\/wp\/v2\/comments?post=24723"}],"version-history":[{"count":25,"href":"https:\/\/innotecgrupo.com\/industria-empresa\/wp-json\/wp\/v2\/posts\/24723\/revisions"}],"predecessor-version":[{"id":24853,"href":"https:\/\/innotecgrupo.com\/industria-empresa\/wp-json\/wp\/v2\/posts\/24723\/revisions\/24853"}],"wp:featuredmedia":[{"embeddable":true,"href":"https:\/\/innotecgrupo.com\/industria-empresa\/wp-json\/wp\/v2\/media\/24725"}],"wp:attachment":[{"href":"https:\/\/innotecgrupo.com\/industria-empresa\/wp-json\/wp\/v2\/media?parent=24723"}],"wp:term":[{"taxonomy":"category","embeddable":true,"href":"https:\/\/innotecgrupo.com\/industria-empresa\/wp-json\/wp\/v2\/categories?post=24723"},{"taxonomy":"post_tag","embeddable":true,"href":"https:\/\/innotecgrupo.com\/industria-empresa\/wp-json\/wp\/v2\/tags?post=24723"}],"curies":[{"name":"wp","href":"https:\/\/api.w.org\/{rel}","templated":true}]}}