{"id":24541,"date":"2025-07-06T17:01:24","date_gmt":"2025-07-06T15:01:24","guid":{"rendered":"https:\/\/innotecgrupo.com\/industria-empresa\/?p=24541"},"modified":"2025-10-14T16:40:42","modified_gmt":"2025-10-14T14:40:42","slug":"refrigeracion-industrial-en-sector-farmaceutico","status":"publish","type":"post","link":"https:\/\/innotecgrupo.com\/industria-empresa\/blog\/refrigeracion-industrial-en-sector-farmaceutico\/","title":{"rendered":"Refrigeraci\u00f3n Industrial en el Sector Farmac\u00e9utico: Calidad, seguridad y sostenibilidad de los medicamentos"},"content":{"rendered":"\t\t<div data-elementor-type=\"wp-post\" data-elementor-id=\"24541\" class=\"elementor elementor-24541\" data-elementor-post-type=\"post\">\n\t\t\t\t<div class=\"has_ae_slider elementor-element elementor-element-320727c e-flex e-con-boxed ae-bg-gallery-type-default e-con e-parent\" data-id=\"320727c\" data-element_type=\"container\" data-e-type=\"container\">\n\t\t\t\t\t<div class=\"e-con-inner\">\n\t\t\t\t<div class=\"elementor-element elementor-element-2070fc4 elementor-widget elementor-widget-image\" data-id=\"2070fc4\" data-element_type=\"widget\" data-e-type=\"widget\" data-widget_type=\"image.default\">\n\t\t\t\t<div class=\"elementor-widget-container\">\n\t\t\t\t\t\t\t\t\t\t\t\t\t\t\t<img decoding=\"async\" width=\"200\" height=\"80\" src=\"https:\/\/innotecgrupo.com\/industria-empresa\/wp-content\/uploads\/2025\/06\/podcast.jpg\" class=\"attachment-large size-large wp-image-24534\" alt=\"\" \/>\t\t\t\t\t\t\t\t\t\t\t\t\t\t\t<\/div>\n\t\t\t\t<\/div>\n\t\t\t\t<div class=\"elementor-element elementor-element-faad3ab elementor-widget elementor-widget-wp-widget-media_audio\" data-id=\"faad3ab\" data-element_type=\"widget\" data-e-type=\"widget\" data-widget_type=\"wp-widget-media_audio.default\">\n\t\t\t\t<div class=\"elementor-widget-container\">\n\t\t\t\t\t<audio class=\"wp-audio-shortcode\" id=\"audio-24541-1\" preload=\"none\" style=\"width: 100%;\" controls=\"controls\"><source type=\"audio\/wav\" src=\"https:\/\/innotecgrupo.com\/industria-empresa\/wp-content\/uploads\/2025\/07\/refrigeracion-industrial-sector-farmaceutico-11.wav?_=1\" \/><source type=\"audio\/wav\" src=\"https:\/\/innotecgrupo.com\/industria-empresa\/wp-content\/uploads\/2025\/07\/refrigeracion-industrial-sector-farmaceutico-11.wav?_=1\" \/><a href=\"https:\/\/innotecgrupo.com\/industria-empresa\/wp-content\/uploads\/2025\/07\/refrigeracion-industrial-sector-farmaceutico-11.wav\">https:\/\/innotecgrupo.com\/industria-empresa\/wp-content\/uploads\/2025\/07\/refrigeracion-industrial-sector-farmaceutico-11.wav<\/a><\/audio>\t\t\t\t<\/div>\n\t\t\t\t<\/div>\n\t\t\t\t<div class=\"elementor-element elementor-element-a2025f8 elementor-widget elementor-widget-text-editor\" data-id=\"a2025f8\" data-element_type=\"widget\" data-e-type=\"widget\" data-widget_type=\"text-editor.default\">\n\t\t\t\t<div class=\"elementor-widget-container\">\n\t\t\t\t\t\t\t\t\t<p><em><span style=\"font-weight: 400;\">Bienvenidos a una nueva entrega de nuestra serie \u00abAn\u00e1lisis de la Refrigeraci\u00f3n Industrial en los distintos Sectores productivos\u00bb. En esta ocasi\u00f3n, nos sumergimos en uno de los campos m\u00e1s cr\u00edticos y exigentes para la tecnolog\u00eda de refrigeraci\u00f3n: <\/span><b>el sector farmac\u00e9utico.<\/b><\/em><\/p>\t\t\t\t\t\t\t\t<\/div>\n\t\t\t\t<\/div>\n\t\t\t\t<div class=\"elementor-element elementor-element-96250e0 elementor-widget-divider--view-line elementor-widget elementor-widget-divider\" data-id=\"96250e0\" data-element_type=\"widget\" data-e-type=\"widget\" data-widget_type=\"divider.default\">\n\t\t\t\t<div class=\"elementor-widget-container\">\n\t\t\t\t\t\t\t<div class=\"elementor-divider\">\n\t\t\t<span class=\"elementor-divider-separator\">\n\t\t\t\t\t\t<\/span>\n\t\t<\/div>\n\t\t\t\t\t\t<\/div>\n\t\t\t\t<\/div>\n\t\t\t\t<div class=\"elementor-element elementor-element-725080c elementor-widget elementor-widget-image\" data-id=\"725080c\" data-element_type=\"widget\" data-e-type=\"widget\" data-widget_type=\"image.default\">\n\t\t\t\t<div class=\"elementor-widget-container\">\n\t\t\t\t\t\t\t\t\t\t\t\t\t\t\t<img fetchpriority=\"high\" decoding=\"async\" width=\"800\" height=\"200\" src=\"https:\/\/innotecgrupo.com\/industria-empresa\/wp-content\/uploads\/2025\/07\/refrigeracion-industrial-sector-farmaceutico-5.jpg\" class=\"attachment-large size-large wp-image-24546\" alt=\"Refrigeraci\u00f3n Industrial en el sector farmac\u00e9utico\" srcset=\"https:\/\/innotecgrupo.com\/industria-empresa\/wp-content\/uploads\/2025\/07\/refrigeracion-industrial-sector-farmaceutico-5.jpg 1000w, https:\/\/innotecgrupo.com\/industria-empresa\/wp-content\/uploads\/2025\/07\/refrigeracion-industrial-sector-farmaceutico-5-300x75.jpg 300w, https:\/\/innotecgrupo.com\/industria-empresa\/wp-content\/uploads\/2025\/07\/refrigeracion-industrial-sector-farmaceutico-5-768x192.jpg 768w\" sizes=\"(max-width: 800px) 100vw, 800px\" \/>\t\t\t\t\t\t\t\t\t\t\t\t\t\t\t<\/div>\n\t\t\t\t<\/div>\n\t\t\t\t<div class=\"elementor-element elementor-element-416bb00 elementor-widget elementor-widget-text-editor\" data-id=\"416bb00\" data-element_type=\"widget\" data-e-type=\"widget\" data-widget_type=\"text-editor.default\">\n\t\t\t\t<div class=\"elementor-widget-container\">\n\t\t\t\t\t\t\t\t\t<p><span style=\"font-weight: 400;\">En la industria farmac\u00e9utica, donde la precisi\u00f3n y la fiabilidad son la base de la salud p\u00fablica, existen procesos que operan silenciosamente pero que son absolutamente vitales. La refrigeraci\u00f3n industrial es uno de ellos. Lejos de ser un simple sistema para controlar la temperatura, es el eje central que garantiza la integridad, eficacia y seguridad de los medicamentos que salvan vidas.<\/span><\/p><p>\u00a0<\/p><p><span style=\"font-weight: 400;\">Los sistemas de refrigeraci\u00f3n y aire acondicionado (HVAC) en el sector farmac\u00e9utico no son una cuesti\u00f3n de confort, sino una herramienta de control de precisi\u00f3n. Gestionan par\u00e1metros cr\u00edticos como la temperatura, la humedad y la calidad del aire, creando ambientes controlados indispensables para la producci\u00f3n y conservaci\u00f3n de productos farmac\u00e9uticos.<\/span><\/p><p>\u00a0<\/p><p><span style=\"font-weight: 400;\"> Una m\u00ednima variaci\u00f3n en estas condiciones puede comprometer la estabilidad de medicamentos esenciales, como vacunas, insulinas y productos biotecnol\u00f3gicos, resultando en p\u00e9rdidas econ\u00f3micas millonarias y, lo que es m\u00e1s grave, en un riesgo inaceptable para la salud de los pacientes.<\/span><\/p><p><img decoding=\"async\" class=\"aligncenter wp-image-24553 size-full\" src=\"https:\/\/innotecgrupo.com\/industria-empresa\/wp-content\/uploads\/2025\/07\/refrigeracion-industrial-sector-farmaceutico-10.png\" alt=\"Refrigeraci\u00f3n Industrial en el sector farmac\u00e9utico\" width=\"756\" height=\"672\" srcset=\"https:\/\/innotecgrupo.com\/industria-empresa\/wp-content\/uploads\/2025\/07\/refrigeracion-industrial-sector-farmaceutico-10.png 756w, https:\/\/innotecgrupo.com\/industria-empresa\/wp-content\/uploads\/2025\/07\/refrigeracion-industrial-sector-farmaceutico-10-300x267.png 300w\" sizes=\"(max-width: 756px) 100vw, 756px\" \/><\/p><p><span style=\"font-weight: 400;\">Para gestionar esta complejidad, la industria se apoya en el concepto de <\/span><b>\u00abcadena de fr\u00edo\u00bb<\/b><span style=\"font-weight: 400;\">: un sistema ininterrumpido de procesos, equipos y log\u00edstica que mantiene los productos termol\u00e1biles dentro de un rango de temperatura espec\u00edfico, desde el laboratorio de fabricaci\u00f3n hasta el momento de su administraci\u00f3n.<\/span><\/p>\t\t\t\t\t\t\t\t<\/div>\n\t\t\t\t<\/div>\n\t\t\t\t<div class=\"elementor-element elementor-element-b916bfc elementor-widget elementor-widget-heading\" data-id=\"b916bfc\" data-element_type=\"widget\" data-e-type=\"widget\" data-widget_type=\"heading.default\">\n\t\t\t\t<div class=\"elementor-widget-container\">\n\t\t\t\t\t<h2 class=\"elementor-heading-title elementor-size-default\">Necesidades cr\u00edticas de refrigeraci\u00f3n en los procesos farmac\u00e9uticos\n<\/h2>\t\t\t\t<\/div>\n\t\t\t\t<\/div>\n\t\t\t\t<div class=\"elementor-element elementor-element-50d4357 elementor-widget elementor-widget-text-editor\" data-id=\"50d4357\" data-element_type=\"widget\" data-e-type=\"widget\" data-widget_type=\"text-editor.default\">\n\t\t\t\t<div class=\"elementor-widget-container\">\n\t\t\t\t\t\t\t\t\t<p><span style=\"font-weight: 400;\">La refrigeraci\u00f3n es un requisito transversal en la industria farmac\u00e9utica, presente en m\u00faltiples etapas cr\u00edticas. Cada proceso tiene sus propios desaf\u00edos y requerimientos, demandando soluciones de ingenier\u00eda altamente especializadas.<\/span><\/p>\t\t\t\t\t\t\t\t<\/div>\n\t\t\t\t<\/div>\n\t\t\t\t<div class=\"elementor-element elementor-element-a752364 elementor-widget elementor-widget-n-accordion\" data-id=\"a752364\" data-element_type=\"widget\" data-e-type=\"widget\" data-settings=\"{&quot;default_state&quot;:&quot;expanded&quot;,&quot;max_items_expended&quot;:&quot;one&quot;,&quot;n_accordion_animation_duration&quot;:{&quot;unit&quot;:&quot;ms&quot;,&quot;size&quot;:400,&quot;sizes&quot;:[]}}\" data-widget_type=\"nested-accordion.default\">\n\t\t\t\t<div class=\"elementor-widget-container\">\n\t\t\t\t\t\t\t<div class=\"e-n-accordion\" aria-label=\"Accordion. Open links with Enter or Space, close with Escape, and navigate with Arrow Keys\">\n\t\t\t\t\t\t<details id=\"e-n-accordion-item-1750\" class=\"e-n-accordion-item\" open>\n\t\t\t\t<summary class=\"e-n-accordion-item-title\" data-accordion-index=\"1\" tabindex=\"0\" aria-expanded=\"true\" aria-controls=\"e-n-accordion-item-1750\" >\n\t\t\t\t\t<span class='e-n-accordion-item-title-header'><div class=\"e-n-accordion-item-title-text\"> 1. Almacenamiento de materias primas <\/div><\/span>\n\t\t\t\t\t\t\t<span class='e-n-accordion-item-title-icon'>\n\t\t\t<span class='e-opened' ><svg aria-hidden=\"true\" class=\"e-font-icon-svg e-fas-minus\" viewBox=\"0 0 448 512\" xmlns=\"http:\/\/www.w3.org\/2000\/svg\"><path d=\"M416 208H32c-17.67 0-32 14.33-32 32v32c0 17.67 14.33 32 32 32h384c17.67 0 32-14.33 32-32v-32c0-17.67-14.33-32-32-32z\"><\/path><\/svg><\/span>\n\t\t\t<span class='e-closed'><svg aria-hidden=\"true\" class=\"e-font-icon-svg e-fas-plus\" viewBox=\"0 0 448 512\" xmlns=\"http:\/\/www.w3.org\/2000\/svg\"><path d=\"M416 208H272V64c0-17.67-14.33-32-32-32h-32c-17.67 0-32 14.33-32 32v144H32c-17.67 0-32 14.33-32 32v32c0 17.67 14.33 32 32 32h144v144c0 17.67 14.33 32 32 32h32c17.67 0 32-14.33 32-32V304h144c17.67 0 32-14.33 32-32v-32c0-17.67-14.33-32-32-32z\"><\/path><\/svg><\/span>\n\t\t<\/span>\n\n\t\t\t\t\t\t<\/summary>\n\t\t\t\t<div class=\"has_ae_slider elementor-element elementor-element-c04d96d e-con-full e-flex ae-bg-gallery-type-default e-con e-child\" role=\"region\" aria-labelledby=\"e-n-accordion-item-1750\" data-id=\"c04d96d\" data-element_type=\"container\" data-e-type=\"container\">\n\t\t\t\t<div class=\"elementor-element elementor-element-af281c6 elementor-widget elementor-widget-text-editor\" data-id=\"af281c6\" data-element_type=\"widget\" data-e-type=\"widget\" data-widget_type=\"text-editor.default\">\n\t\t\t\t<div class=\"elementor-widget-container\">\n\t\t\t\t\t\t\t\t\t<p><span style=\"font-weight: 400;\">Ingredientes activos y excipientes, a menudo sensibles a la temperatura, deben almacenarse en condiciones estrictamente controladas para preservar su pureza y propiedades qu\u00edmicas antes de entrar en la l\u00ednea de producci\u00f3n.<\/span><\/p>\t\t\t\t\t\t\t\t<\/div>\n\t\t\t\t<\/div>\n\t\t\t\t<\/div>\n\t\t\t\t\t<\/details>\n\t\t\t\t\t\t<details id=\"e-n-accordion-item-1751\" class=\"e-n-accordion-item\" >\n\t\t\t\t<summary class=\"e-n-accordion-item-title\" data-accordion-index=\"2\" tabindex=\"-1\" aria-expanded=\"false\" aria-controls=\"e-n-accordion-item-1751\" >\n\t\t\t\t\t<span class='e-n-accordion-item-title-header'><div class=\"e-n-accordion-item-title-text\"> 2. Producci\u00f3n y fabricaci\u00f3n <\/div><\/span>\n\t\t\t\t\t\t\t<span class='e-n-accordion-item-title-icon'>\n\t\t\t<span class='e-opened' ><svg aria-hidden=\"true\" class=\"e-font-icon-svg e-fas-minus\" viewBox=\"0 0 448 512\" xmlns=\"http:\/\/www.w3.org\/2000\/svg\"><path d=\"M416 208H32c-17.67 0-32 14.33-32 32v32c0 17.67 14.33 32 32 32h384c17.67 0 32-14.33 32-32v-32c0-17.67-14.33-32-32-32z\"><\/path><\/svg><\/span>\n\t\t\t<span class='e-closed'><svg aria-hidden=\"true\" class=\"e-font-icon-svg e-fas-plus\" viewBox=\"0 0 448 512\" xmlns=\"http:\/\/www.w3.org\/2000\/svg\"><path d=\"M416 208H272V64c0-17.67-14.33-32-32-32h-32c-17.67 0-32 14.33-32 32v144H32c-17.67 0-32 14.33-32 32v32c0 17.67 14.33 32 32 32h144v144c0 17.67 14.33 32 32 32h32c17.67 0 32-14.33 32-32V304h144c17.67 0 32-14.33 32-32v-32c0-17.67-14.33-32-32-32z\"><\/path><\/svg><\/span>\n\t\t<\/span>\n\n\t\t\t\t\t\t<\/summary>\n\t\t\t\t<div class=\"has_ae_slider elementor-element elementor-element-adef0b5 e-con-full e-flex ae-bg-gallery-type-default e-con e-child\" role=\"region\" aria-labelledby=\"e-n-accordion-item-1751\" data-id=\"adef0b5\" data-element_type=\"container\" data-e-type=\"container\">\n\t\t\t\t<div class=\"elementor-element elementor-element-5a495d4 elementor-widget elementor-widget-text-editor\" data-id=\"5a495d4\" data-element_type=\"widget\" data-e-type=\"widget\" data-widget_type=\"text-editor.default\">\n\t\t\t\t<div class=\"elementor-widget-container\">\n\t\t\t\t\t\t\t\t\t<p><span style=\"font-weight: 400;\">Procesos como la <\/span><b>fermentaci\u00f3n<\/b><span style=\"font-weight: 400;\"> para producir antibi\u00f3ticos o la <\/span><b>mezcla<\/b><span style=\"font-weight: 400;\"> de componentes para crear emulsiones generan calor. Se necesitan sistemas de refrigeraci\u00f3n eficientes (generalmente mediante sistemas de expansi\u00f3n indirecta con fluidos como el glicol) para disipar esta carga t\u00e9rmica y mantener el proceso dentro de los par\u00e1metros exactos que aseguran la calidad del producto final. El curado de ciertos medicamentos tambi\u00e9n requiere ambientes con temperatura y humedad estables.<\/span><\/p>\t\t\t\t\t\t\t\t<\/div>\n\t\t\t\t<\/div>\n\t\t\t\t<\/div>\n\t\t\t\t\t<\/details>\n\t\t\t\t\t\t<details id=\"e-n-accordion-item-1752\" class=\"e-n-accordion-item\" >\n\t\t\t\t<summary class=\"e-n-accordion-item-title\" data-accordion-index=\"3\" tabindex=\"-1\" aria-expanded=\"false\" aria-controls=\"e-n-accordion-item-1752\" >\n\t\t\t\t\t<span class='e-n-accordion-item-title-header'><div class=\"e-n-accordion-item-title-text\"> 3. Conservaci\u00f3n de productos terminados <\/div><\/span>\n\t\t\t\t\t\t\t<span class='e-n-accordion-item-title-icon'>\n\t\t\t<span class='e-opened' ><svg aria-hidden=\"true\" class=\"e-font-icon-svg e-fas-minus\" viewBox=\"0 0 448 512\" xmlns=\"http:\/\/www.w3.org\/2000\/svg\"><path d=\"M416 208H32c-17.67 0-32 14.33-32 32v32c0 17.67 14.33 32 32 32h384c17.67 0 32-14.33 32-32v-32c0-17.67-14.33-32-32-32z\"><\/path><\/svg><\/span>\n\t\t\t<span class='e-closed'><svg aria-hidden=\"true\" class=\"e-font-icon-svg e-fas-plus\" viewBox=\"0 0 448 512\" xmlns=\"http:\/\/www.w3.org\/2000\/svg\"><path d=\"M416 208H272V64c0-17.67-14.33-32-32-32h-32c-17.67 0-32 14.33-32 32v144H32c-17.67 0-32 14.33-32 32v32c0 17.67 14.33 32 32 32h144v144c0 17.67 14.33 32 32 32h32c17.67 0 32-14.33 32-32V304h144c17.67 0 32-14.33 32-32v-32c0-17.67-14.33-32-32-32z\"><\/path><\/svg><\/span>\n\t\t<\/span>\n\n\t\t\t\t\t\t<\/summary>\n\t\t\t\t<div class=\"has_ae_slider elementor-element elementor-element-0604829 e-con-full e-flex ae-bg-gallery-type-default e-con e-child\" role=\"region\" aria-labelledby=\"e-n-accordion-item-1752\" data-id=\"0604829\" data-element_type=\"container\" data-e-type=\"container\">\n\t\t\t\t<div class=\"elementor-element elementor-element-6c60d7c elementor-widget elementor-widget-text-editor\" data-id=\"6c60d7c\" data-element_type=\"widget\" data-e-type=\"widget\" data-widget_type=\"text-editor.default\">\n\t\t\t\t<div class=\"elementor-widget-container\">\n\t\t\t\t\t\t\t\t\t<p><span style=\"font-weight: 400;\">Las vacunas y productos biol\u00f3gicos son el ejemplo m\u00e1s claro. Deben almacenarse en rangos muy estrechos (habitualmente entre 2 \u00b0C y 8 \u00b0C) para mantener su potencia. Esto exige el uso de c\u00e1maras frigor\u00edficas y cuartos fr\u00edos de alta fiabilidad.<\/span><\/p>\t\t\t\t\t\t\t\t<\/div>\n\t\t\t\t<\/div>\n\t\t\t\t<\/div>\n\t\t\t\t\t<\/details>\n\t\t\t\t\t\t<details id=\"e-n-accordion-item-1753\" class=\"e-n-accordion-item\" >\n\t\t\t\t<summary class=\"e-n-accordion-item-title\" data-accordion-index=\"4\" tabindex=\"-1\" aria-expanded=\"false\" aria-controls=\"e-n-accordion-item-1753\" >\n\t\t\t\t\t<span class='e-n-accordion-item-title-header'><div class=\"e-n-accordion-item-title-text\"> 4. Climatizaci\u00f3n de \u00e1reas cr\u00edticas <\/div><\/span>\n\t\t\t\t\t\t\t<span class='e-n-accordion-item-title-icon'>\n\t\t\t<span class='e-opened' ><svg aria-hidden=\"true\" class=\"e-font-icon-svg e-fas-minus\" viewBox=\"0 0 448 512\" xmlns=\"http:\/\/www.w3.org\/2000\/svg\"><path d=\"M416 208H32c-17.67 0-32 14.33-32 32v32c0 17.67 14.33 32 32 32h384c17.67 0 32-14.33 32-32v-32c0-17.67-14.33-32-32-32z\"><\/path><\/svg><\/span>\n\t\t\t<span class='e-closed'><svg aria-hidden=\"true\" class=\"e-font-icon-svg e-fas-plus\" viewBox=\"0 0 448 512\" xmlns=\"http:\/\/www.w3.org\/2000\/svg\"><path d=\"M416 208H272V64c0-17.67-14.33-32-32-32h-32c-17.67 0-32 14.33-32 32v144H32c-17.67 0-32 14.33-32 32v32c0 17.67 14.33 32 32 32h144v144c0 17.67 14.33 32 32 32h32c17.67 0 32-14.33 32-32V304h144c17.67 0 32-14.33 32-32v-32c0-17.67-14.33-32-32-32z\"><\/path><\/svg><\/span>\n\t\t<\/span>\n\n\t\t\t\t\t\t<\/summary>\n\t\t\t\t<div class=\"has_ae_slider elementor-element elementor-element-19a37e1 e-con-full e-flex ae-bg-gallery-type-default e-con e-child\" role=\"region\" aria-labelledby=\"e-n-accordion-item-1753\" data-id=\"19a37e1\" data-element_type=\"container\" data-e-type=\"container\">\n\t\t\t\t<div class=\"elementor-element elementor-element-1aa4229 elementor-widget elementor-widget-text-editor\" data-id=\"1aa4229\" data-element_type=\"widget\" data-e-type=\"widget\" data-widget_type=\"text-editor.default\">\n\t\t\t\t<div class=\"elementor-widget-container\">\n\t\t\t\t\t\t\t\t\t<p><span style=\"font-weight: 400;\">Las \u00absalas limpias\u00bb o \u00e1reas de producci\u00f3n est\u00e9ril dependen de sistemas HVAC que no solo enfr\u00edan, sino que filtran y renuevan el aire para evitar la contaminaci\u00f3n cruzada, un desaf\u00edo may\u00fasculo en este sector.<\/span><\/p>\t\t\t\t\t\t\t\t<\/div>\n\t\t\t\t<\/div>\n\t\t\t\t<\/div>\n\t\t\t\t\t<\/details>\n\t\t\t\t\t\t<details id=\"e-n-accordion-item-1754\" class=\"e-n-accordion-item\" >\n\t\t\t\t<summary class=\"e-n-accordion-item-title\" data-accordion-index=\"5\" tabindex=\"-1\" aria-expanded=\"false\" aria-controls=\"e-n-accordion-item-1754\" >\n\t\t\t\t\t<span class='e-n-accordion-item-title-header'><div class=\"e-n-accordion-item-title-text\"> 5. Transporte y distribuci\u00f3n <\/div><\/span>\n\t\t\t\t\t\t\t<span class='e-n-accordion-item-title-icon'>\n\t\t\t<span class='e-opened' ><svg aria-hidden=\"true\" class=\"e-font-icon-svg e-fas-minus\" viewBox=\"0 0 448 512\" xmlns=\"http:\/\/www.w3.org\/2000\/svg\"><path d=\"M416 208H32c-17.67 0-32 14.33-32 32v32c0 17.67 14.33 32 32 32h384c17.67 0 32-14.33 32-32v-32c0-17.67-14.33-32-32-32z\"><\/path><\/svg><\/span>\n\t\t\t<span class='e-closed'><svg aria-hidden=\"true\" class=\"e-font-icon-svg e-fas-plus\" viewBox=\"0 0 448 512\" xmlns=\"http:\/\/www.w3.org\/2000\/svg\"><path d=\"M416 208H272V64c0-17.67-14.33-32-32-32h-32c-17.67 0-32 14.33-32 32v144H32c-17.67 0-32 14.33-32 32v32c0 17.67 14.33 32 32 32h144v144c0 17.67 14.33 32 32 32h32c17.67 0 32-14.33 32-32V304h144c17.67 0 32-14.33 32-32v-32c0-17.67-14.33-32-32-32z\"><\/path><\/svg><\/span>\n\t\t<\/span>\n\n\t\t\t\t\t\t<\/summary>\n\t\t\t\t<div class=\"has_ae_slider elementor-element elementor-element-1fef5fb e-con-full e-flex ae-bg-gallery-type-default e-con e-child\" role=\"region\" aria-labelledby=\"e-n-accordion-item-1754\" data-id=\"1fef5fb\" data-element_type=\"container\" data-e-type=\"container\">\n\t\t\t\t<div class=\"elementor-element elementor-element-adfdc44 elementor-widget elementor-widget-text-editor\" data-id=\"adfdc44\" data-element_type=\"widget\" data-e-type=\"widget\" data-widget_type=\"text-editor.default\">\n\t\t\t\t<div class=\"elementor-widget-container\">\n\t\t\t\t\t\t\t\t\t<p><span style=\"font-weight: 400;\">La cadena de fr\u00edo se extiende m\u00e1s all\u00e1 de la planta. El transporte en veh\u00edculos refrigerados es la \u00faltima milla cr\u00edtica para asegurar que el medicamento llegue intacto al distribuidor, hospital o farmacia.<\/span><\/p>\t\t\t\t\t\t\t\t<\/div>\n\t\t\t\t<\/div>\n\t\t\t\t<\/div>\n\t\t\t\t\t<\/details>\n\t\t\t\t\t<\/div>\n\t\t\t\t\t\t<\/div>\n\t\t\t\t<\/div>\n\t\t\t\t<div class=\"elementor-element elementor-element-2cb6e2e elementor-widget elementor-widget-image\" data-id=\"2cb6e2e\" data-element_type=\"widget\" data-e-type=\"widget\" data-widget_type=\"image.default\">\n\t\t\t\t<div class=\"elementor-widget-container\">\n\t\t\t\t\t\t\t\t\t\t\t\t\t\t\t<img loading=\"lazy\" decoding=\"async\" width=\"800\" height=\"561\" src=\"https:\/\/innotecgrupo.com\/industria-empresa\/wp-content\/uploads\/2025\/07\/refrigeracion-industrial-sector-farmaceutico-9.png\" class=\"attachment-large size-large wp-image-24552\" alt=\"Refrigeraci\u00f3n Industrial en el sector farmac\u00e9utico\" srcset=\"https:\/\/innotecgrupo.com\/industria-empresa\/wp-content\/uploads\/2025\/07\/refrigeracion-industrial-sector-farmaceutico-9.png 924w, https:\/\/innotecgrupo.com\/industria-empresa\/wp-content\/uploads\/2025\/07\/refrigeracion-industrial-sector-farmaceutico-9-300x210.png 300w, https:\/\/innotecgrupo.com\/industria-empresa\/wp-content\/uploads\/2025\/07\/refrigeracion-industrial-sector-farmaceutico-9-768x539.png 768w\" sizes=\"(max-width: 800px) 100vw, 800px\" \/>\t\t\t\t\t\t\t\t\t\t\t\t\t\t\t<\/div>\n\t\t\t\t<\/div>\n\t\t\t\t<div class=\"elementor-element elementor-element-bfe8bad elementor-widget elementor-widget-text-editor\" data-id=\"bfe8bad\" data-element_type=\"widget\" data-e-type=\"widget\" data-widget_type=\"text-editor.default\">\n\t\t\t\t<div class=\"elementor-widget-container\">\n\t\t\t\t\t\t\t\t\t<p><span style=\"font-weight: 400;\">Los desaf\u00edos son constantes: cargas t\u00e9rmicas que var\u00edan seg\u00fan el proceso, normativas estrictas que exigen validaci\u00f3n y calificaci\u00f3n de equipos, y la necesidad de una operatividad continua sin fallos. Para ello, se emplean diversos tipos de refrigeraci\u00f3n, desde sistemas de expansi\u00f3n directa para aplicaciones peque\u00f1as hasta complejas plantas de refrigeraci\u00f3n con refrigerantes naturales como el <\/span><b>amon\u00edaco (NH\u2083)<\/b><span style=\"font-weight: 400;\"> o el <\/span><b>di\u00f3xido de carbono (CO\u2082)<\/b><span style=\"font-weight: 400;\">, elegidos por su alta eficiencia y bajo impacto ambiental.<\/span><\/p>\t\t\t\t\t\t\t\t<\/div>\n\t\t\t\t<\/div>\n\t\t\t\t<div class=\"elementor-element elementor-element-df0ec53 elementor-widget elementor-widget-image\" data-id=\"df0ec53\" data-element_type=\"widget\" data-e-type=\"widget\" data-widget_type=\"image.default\">\n\t\t\t\t<div class=\"elementor-widget-container\">\n\t\t\t\t\t\t\t\t\t\t\t\t\t\t\t<img loading=\"lazy\" decoding=\"async\" width=\"800\" height=\"350\" src=\"https:\/\/innotecgrupo.com\/industria-empresa\/wp-content\/uploads\/2025\/07\/refrigeracion-industrial-sector-farmaceutico-2.jpg\" class=\"attachment-large size-large wp-image-24543\" alt=\"Refrigeraci\u00f3n Industrial en el sector farmac\u00e9utico\" srcset=\"https:\/\/innotecgrupo.com\/industria-empresa\/wp-content\/uploads\/2025\/07\/refrigeracion-industrial-sector-farmaceutico-2.jpg 1000w, https:\/\/innotecgrupo.com\/industria-empresa\/wp-content\/uploads\/2025\/07\/refrigeracion-industrial-sector-farmaceutico-2-300x131.jpg 300w, https:\/\/innotecgrupo.com\/industria-empresa\/wp-content\/uploads\/2025\/07\/refrigeracion-industrial-sector-farmaceutico-2-768x336.jpg 768w\" sizes=\"(max-width: 800px) 100vw, 800px\" \/>\t\t\t\t\t\t\t\t\t\t\t\t\t\t\t<\/div>\n\t\t\t\t<\/div>\n\t\t\t\t<div class=\"elementor-element elementor-element-175dd9b elementor-widget elementor-widget-heading\" data-id=\"175dd9b\" data-element_type=\"widget\" data-e-type=\"widget\" data-widget_type=\"heading.default\">\n\t\t\t\t<div class=\"elementor-widget-container\">\n\t\t\t\t\t<h2 class=\"elementor-heading-title elementor-size-default\">Soluciones innovadoras y mejores pr\u00e1cticas que marcan la diferencia<\/h2>\t\t\t\t<\/div>\n\t\t\t\t<\/div>\n\t\t\t\t<div class=\"elementor-element elementor-element-bc9e4b3 elementor-widget elementor-widget-text-editor\" data-id=\"bc9e4b3\" data-element_type=\"widget\" data-e-type=\"widget\" data-widget_type=\"text-editor.default\">\n\t\t\t\t<div class=\"elementor-widget-container\">\n\t\t\t\t\t\t\t\t\t<p><span style=\"font-weight: 400;\">Para superar estos desaf\u00edos, la industria necesita m\u00e1s que equipos: requiere soluciones integrales y un enfoque estrat\u00e9gico.<\/span><\/p>\t\t\t\t\t\t\t\t<\/div>\n\t\t\t\t<\/div>\n\t\t\t\t<div class=\"elementor-element elementor-element-4e4cd61 elementor-widget elementor-widget-n-accordion\" data-id=\"4e4cd61\" data-element_type=\"widget\" data-e-type=\"widget\" data-settings=\"{&quot;default_state&quot;:&quot;expanded&quot;,&quot;max_items_expended&quot;:&quot;one&quot;,&quot;n_accordion_animation_duration&quot;:{&quot;unit&quot;:&quot;ms&quot;,&quot;size&quot;:400,&quot;sizes&quot;:[]}}\" data-widget_type=\"nested-accordion.default\">\n\t\t\t\t<div class=\"elementor-widget-container\">\n\t\t\t\t\t\t\t<div class=\"e-n-accordion\" aria-label=\"Accordion. Open links with Enter or Space, close with Escape, and navigate with Arrow Keys\">\n\t\t\t\t\t\t<details id=\"e-n-accordion-item-8210\" class=\"e-n-accordion-item\" open>\n\t\t\t\t<summary class=\"e-n-accordion-item-title\" data-accordion-index=\"1\" tabindex=\"0\" aria-expanded=\"true\" aria-controls=\"e-n-accordion-item-8210\" >\n\t\t\t\t\t<span class='e-n-accordion-item-title-header'><div class=\"e-n-accordion-item-title-text\"> 1. Infraestructura Especializada y Validada <\/div><\/span>\n\t\t\t\t\t\t\t<span class='e-n-accordion-item-title-icon'>\n\t\t\t<span class='e-opened' ><svg aria-hidden=\"true\" class=\"e-font-icon-svg e-fas-minus\" viewBox=\"0 0 448 512\" xmlns=\"http:\/\/www.w3.org\/2000\/svg\"><path d=\"M416 208H32c-17.67 0-32 14.33-32 32v32c0 17.67 14.33 32 32 32h384c17.67 0 32-14.33 32-32v-32c0-17.67-14.33-32-32-32z\"><\/path><\/svg><\/span>\n\t\t\t<span class='e-closed'><svg aria-hidden=\"true\" class=\"e-font-icon-svg e-fas-plus\" viewBox=\"0 0 448 512\" xmlns=\"http:\/\/www.w3.org\/2000\/svg\"><path d=\"M416 208H272V64c0-17.67-14.33-32-32-32h-32c-17.67 0-32 14.33-32 32v144H32c-17.67 0-32 14.33-32 32v32c0 17.67 14.33 32 32 32h144v144c0 17.67 14.33 32 32 32h32c17.67 0 32-14.33 32-32V304h144c17.67 0 32-14.33 32-32v-32c0-17.67-14.33-32-32-32z\"><\/path><\/svg><\/span>\n\t\t<\/span>\n\n\t\t\t\t\t\t<\/summary>\n\t\t\t\t<div class=\"has_ae_slider elementor-element elementor-element-61ac7f2 e-con-full e-flex ae-bg-gallery-type-default e-con e-child\" role=\"region\" aria-labelledby=\"e-n-accordion-item-8210\" data-id=\"61ac7f2\" data-element_type=\"container\" data-e-type=\"container\">\n\t\t\t\t<div class=\"elementor-element elementor-element-6b363e6 elementor-widget elementor-widget-text-editor\" data-id=\"6b363e6\" data-element_type=\"widget\" data-e-type=\"widget\" data-widget_type=\"text-editor.default\">\n\t\t\t\t<div class=\"elementor-widget-container\">\n\t\t\t\t\t\t\t\t\t<ul><li style=\"font-weight: 400;\" aria-level=\"1\"><b>Cuartos Fr\u00edos y C\u00e1maras Frigor\u00edficas:<\/b><span style=\"font-weight: 400;\"> No son simples espacios refrigerados. Son proyectos de ingenier\u00eda dise\u00f1ados con paneles de alto aislamiento, sistemas de refrigeraci\u00f3n redundantes y, fundamentalmente, sometidos a rigurosos procesos de <\/span><b>calificaci\u00f3n (IQ, OQ, PQ)<\/b><span style=\"font-weight: 400;\"> para demostrar que su funcionamiento es consistente y fiable. Adem\u00e1s, deben incorporar sistemas de alarma cr\u00edticos (desviaci\u00f3n de temperatura, fallo de energ\u00eda, hombre atrapado, puerta abierta) para una respuesta inmediata ante cualquier incidencia.<\/span><\/li><li style=\"font-weight: 400;\" aria-level=\"1\"><b>Veh\u00edculos y Contenedores Refrigerados:<\/b><span style=\"font-weight: 400;\"> El transporte seguro se logra con contenedores isot\u00e9rmicos de alto rendimiento que garantizan un aislamiento superior, autonom\u00eda energ\u00e9tica y una construcci\u00f3n robusta para soportar las exigencias de la log\u00edstica farmac\u00e9utica.<\/span><\/li><li style=\"font-weight: 400;\" aria-level=\"1\"><b>Sistemas HVAC y Unidades de Tratamiento de Aire (UTAs):<\/b><span style=\"font-weight: 400;\"> Son el coraz\u00f3n de las salas limpias. Su funci\u00f3n es purificar, climatizar y distribuir el aire a la presi\u00f3n y velocidad correctas para mantener las condiciones de esterilidad requeridas.<\/span><\/li><\/ul><p>\u00a0<\/p>\t\t\t\t\t\t\t\t<\/div>\n\t\t\t\t<\/div>\n\t\t\t\t<\/div>\n\t\t\t\t\t<\/details>\n\t\t\t\t\t\t<details id=\"e-n-accordion-item-8211\" class=\"e-n-accordion-item\" >\n\t\t\t\t<summary class=\"e-n-accordion-item-title\" data-accordion-index=\"2\" tabindex=\"-1\" aria-expanded=\"false\" aria-controls=\"e-n-accordion-item-8211\" >\n\t\t\t\t\t<span class='e-n-accordion-item-title-header'><div class=\"e-n-accordion-item-title-text\"> 2. Tecnolog\u00edas de Monitoreo y Control Avanzado <\/div><\/span>\n\t\t\t\t\t\t\t<span class='e-n-accordion-item-title-icon'>\n\t\t\t<span class='e-opened' ><svg aria-hidden=\"true\" class=\"e-font-icon-svg e-fas-minus\" viewBox=\"0 0 448 512\" xmlns=\"http:\/\/www.w3.org\/2000\/svg\"><path d=\"M416 208H32c-17.67 0-32 14.33-32 32v32c0 17.67 14.33 32 32 32h384c17.67 0 32-14.33 32-32v-32c0-17.67-14.33-32-32-32z\"><\/path><\/svg><\/span>\n\t\t\t<span class='e-closed'><svg aria-hidden=\"true\" class=\"e-font-icon-svg e-fas-plus\" viewBox=\"0 0 448 512\" xmlns=\"http:\/\/www.w3.org\/2000\/svg\"><path d=\"M416 208H272V64c0-17.67-14.33-32-32-32h-32c-17.67 0-32 14.33-32 32v144H32c-17.67 0-32 14.33-32 32v32c0 17.67 14.33 32 32 32h144v144c0 17.67 14.33 32 32 32h32c17.67 0 32-14.33 32-32V304h144c17.67 0 32-14.33 32-32v-32c0-17.67-14.33-32-32-32z\"><\/path><\/svg><\/span>\n\t\t<\/span>\n\n\t\t\t\t\t\t<\/summary>\n\t\t\t\t<div class=\"has_ae_slider elementor-element elementor-element-52e6665 e-con-full e-flex ae-bg-gallery-type-default e-con e-child\" role=\"region\" aria-labelledby=\"e-n-accordion-item-8211\" data-id=\"52e6665\" data-element_type=\"container\" data-e-type=\"container\">\n\t\t\t\t<div class=\"elementor-element elementor-element-15890ac elementor-widget elementor-widget-text-editor\" data-id=\"15890ac\" data-element_type=\"widget\" data-e-type=\"widget\" data-widget_type=\"text-editor.default\">\n\t\t\t\t<div class=\"elementor-widget-container\">\n\t\t\t\t\t\t\t\t\t<ul><li style=\"font-weight: 400;\" aria-level=\"1\"><b>Control de Temperatura y Humedad:<\/b><span style=\"font-weight: 400;\"> Es importante elegir bien la ubicaci\u00f3n de los sensores de monitoreo y garantizar que todo el espacio cumple con las especificaciones. <\/span><b>Data Loggers y Mantenimiento Predictivo:<\/b><span style=\"font-weight: 400;\"> El uso de registradores de datos (Data Loggers) y term\u00f3metros de m\u00e1xima y m\u00ednima es est\u00e1ndar para el control diario. Sin embargo, la vanguardia est\u00e1 en el <\/span><b>mantenimiento predictivo<\/b><span style=\"font-weight: 400;\">. Mediante sensores IoT instalados en equipos cr\u00edticos, se recopilan datos en tiempo real. Plataformas de an\u00e1lisis avanzadas procesan esta informaci\u00f3n para anticipar fallos antes de que ocurran, optimizando el rendimiento y evitando paradas no planificadas que podr\u00edan ser catastr\u00f3ficas.<\/span><\/li><\/ul>\t\t\t\t\t\t\t\t<\/div>\n\t\t\t\t<\/div>\n\t\t\t\t<\/div>\n\t\t\t\t\t<\/details>\n\t\t\t\t\t\t<details id=\"e-n-accordion-item-8212\" class=\"e-n-accordion-item\" >\n\t\t\t\t<summary class=\"e-n-accordion-item-title\" data-accordion-index=\"3\" tabindex=\"-1\" aria-expanded=\"false\" aria-controls=\"e-n-accordion-item-8212\" >\n\t\t\t\t\t<span class='e-n-accordion-item-title-header'><div class=\"e-n-accordion-item-title-text\"> 3. Sostenibilidad y Eficiencia Energ\u00e9tica <\/div><\/span>\n\t\t\t\t\t\t\t<span class='e-n-accordion-item-title-icon'>\n\t\t\t<span class='e-opened' ><svg aria-hidden=\"true\" class=\"e-font-icon-svg e-fas-minus\" viewBox=\"0 0 448 512\" xmlns=\"http:\/\/www.w3.org\/2000\/svg\"><path d=\"M416 208H32c-17.67 0-32 14.33-32 32v32c0 17.67 14.33 32 32 32h384c17.67 0 32-14.33 32-32v-32c0-17.67-14.33-32-32-32z\"><\/path><\/svg><\/span>\n\t\t\t<span class='e-closed'><svg aria-hidden=\"true\" class=\"e-font-icon-svg e-fas-plus\" viewBox=\"0 0 448 512\" xmlns=\"http:\/\/www.w3.org\/2000\/svg\"><path d=\"M416 208H272V64c0-17.67-14.33-32-32-32h-32c-17.67 0-32 14.33-32 32v144H32c-17.67 0-32 14.33-32 32v32c0 17.67 14.33 32 32 32h144v144c0 17.67 14.33 32 32 32h32c17.67 0 32-14.33 32-32V304h144c17.67 0 32-14.33 32-32v-32c0-17.67-14.33-32-32-32z\"><\/path><\/svg><\/span>\n\t\t<\/span>\n\n\t\t\t\t\t\t<\/summary>\n\t\t\t\t<div class=\"has_ae_slider elementor-element elementor-element-cae5b9c e-con-full e-flex ae-bg-gallery-type-default e-con e-child\" role=\"region\" aria-labelledby=\"e-n-accordion-item-8212\" data-id=\"cae5b9c\" data-element_type=\"container\" data-e-type=\"container\">\n\t\t\t\t<div class=\"elementor-element elementor-element-9282a60 elementor-widget elementor-widget-text-editor\" data-id=\"9282a60\" data-element_type=\"widget\" data-e-type=\"widget\" data-widget_type=\"text-editor.default\">\n\t\t\t\t<div class=\"elementor-widget-container\">\n\t\t\t\t\t\t\t\t\t<p><span style=\"font-weight: 400;\">La refrigeraci\u00f3n es un proceso de alto consumo energ\u00e9tico. Por ello, la tendencia global es clara: migrar hacia <\/span><b>refrigerantes ecol\u00f3gicos<\/b><span style=\"font-weight: 400;\"> como el amon\u00edaco y el CO\u2082, que no da\u00f1an la capa de ozono y tienen un bajo potencial de calentamiento global. Adem\u00e1s, la integraci\u00f3n de tecnolog\u00edas de <\/span><b>recuperaci\u00f3n de calor<\/b><span style=\"font-weight: 400;\"> y el uso de energ\u00edas renovables no solo reduce el impacto ambiental, sino que tambi\u00e9n disminuye significativamente los costos operativos.<\/span><\/p>\t\t\t\t\t\t\t\t<\/div>\n\t\t\t\t<\/div>\n\t\t\t\t<\/div>\n\t\t\t\t\t<\/details>\n\t\t\t\t\t<\/div>\n\t\t\t\t\t\t<\/div>\n\t\t\t\t<\/div>\n\t\t\t\t<div class=\"elementor-element elementor-element-1e6123d elementor-widget elementor-widget-image\" data-id=\"1e6123d\" data-element_type=\"widget\" data-e-type=\"widget\" data-widget_type=\"image.default\">\n\t\t\t\t<div class=\"elementor-widget-container\">\n\t\t\t\t\t\t\t\t\t\t\t\t\t\t\t<img loading=\"lazy\" decoding=\"async\" width=\"800\" height=\"504\" src=\"https:\/\/innotecgrupo.com\/industria-empresa\/wp-content\/uploads\/2025\/07\/refrigeracion-industrial-sector-farmaceutico-8.png\" class=\"attachment-large size-large wp-image-24551\" alt=\"Refrigeraci\u00f3n Industrial en el sector farmac\u00e9utico\" srcset=\"https:\/\/innotecgrupo.com\/industria-empresa\/wp-content\/uploads\/2025\/07\/refrigeracion-industrial-sector-farmaceutico-8.png 934w, https:\/\/innotecgrupo.com\/industria-empresa\/wp-content\/uploads\/2025\/07\/refrigeracion-industrial-sector-farmaceutico-8-300x189.png 300w, https:\/\/innotecgrupo.com\/industria-empresa\/wp-content\/uploads\/2025\/07\/refrigeracion-industrial-sector-farmaceutico-8-768x483.png 768w\" sizes=\"(max-width: 800px) 100vw, 800px\" \/>\t\t\t\t\t\t\t\t\t\t\t\t\t\t\t<\/div>\n\t\t\t\t<\/div>\n\t\t\t\t<div class=\"elementor-element elementor-element-738aa67 elementor-widget elementor-widget-heading\" data-id=\"738aa67\" data-element_type=\"widget\" data-e-type=\"widget\" data-widget_type=\"heading.default\">\n\t\t\t\t<div class=\"elementor-widget-container\">\n\t\t\t\t\t<h2 class=\"elementor-heading-title elementor-size-default\">El Factor Humano: Colaboraci\u00f3n y formaci\u00f3n<\/h2>\t\t\t\t<\/div>\n\t\t\t\t<\/div>\n\t\t\t\t<div class=\"elementor-element elementor-element-9bc3f63 elementor-widget elementor-widget-text-editor\" data-id=\"9bc3f63\" data-element_type=\"widget\" data-e-type=\"widget\" data-widget_type=\"text-editor.default\">\n\t\t\t\t<div class=\"elementor-widget-container\">\n\t\t\t\t\t\t\t\t\t<p><span style=\"font-weight: 400;\">La mejor tecnolog\u00eda es ineficaz sin personal competente. La formaci\u00f3n continua del equipo en <\/span><b>Buenas Pr\u00e1cticas de Distribuci\u00f3n (BPD)<\/b><span style=\"font-weight: 400;\"> y en el manejo de productos termosensibles es fundamental. Asimismo, es crucial desarrollar <\/span><b>Planes de Contingencia<\/b><span style=\"font-weight: 400;\"> robustos, basados en an\u00e1lisis de riesgos como FMEA o HAZOP, para que todo el personal sepa c\u00f3mo actuar de manera r\u00e1pida y coordinada ante una desviaci\u00f3n de temperatura o un fallo en los equipos.<\/span><\/p>\t\t\t\t\t\t\t\t<\/div>\n\t\t\t\t<\/div>\n\t\t\t\t<div class=\"elementor-element elementor-element-9d0ad47 elementor-widget elementor-widget-image\" data-id=\"9d0ad47\" data-element_type=\"widget\" data-e-type=\"widget\" data-widget_type=\"image.default\">\n\t\t\t\t<div class=\"elementor-widget-container\">\n\t\t\t\t\t\t\t\t\t\t\t\t\t\t\t<img loading=\"lazy\" decoding=\"async\" width=\"800\" height=\"229\" src=\"https:\/\/innotecgrupo.com\/industria-empresa\/wp-content\/uploads\/2025\/07\/refrigeracion-industrial-sector-farmaceutico-3.jpg\" class=\"attachment-large size-large wp-image-24544\" alt=\"Refrigeraci\u00f3n Industrial en el sector farmac\u00e9utico\" srcset=\"https:\/\/innotecgrupo.com\/industria-empresa\/wp-content\/uploads\/2025\/07\/refrigeracion-industrial-sector-farmaceutico-3.jpg 1000w, https:\/\/innotecgrupo.com\/industria-empresa\/wp-content\/uploads\/2025\/07\/refrigeracion-industrial-sector-farmaceutico-3-300x86.jpg 300w, https:\/\/innotecgrupo.com\/industria-empresa\/wp-content\/uploads\/2025\/07\/refrigeracion-industrial-sector-farmaceutico-3-768x220.jpg 768w, https:\/\/innotecgrupo.com\/industria-empresa\/wp-content\/uploads\/2025\/07\/refrigeracion-industrial-sector-farmaceutico-3-350x100.jpg 350w\" sizes=\"(max-width: 800px) 100vw, 800px\" \/>\t\t\t\t\t\t\t\t\t\t\t\t\t\t\t<\/div>\n\t\t\t\t<\/div>\n\t\t\t\t<div class=\"elementor-element elementor-element-6427481 elementor-widget elementor-widget-heading\" data-id=\"6427481\" data-element_type=\"widget\" data-e-type=\"widget\" data-widget_type=\"heading.default\">\n\t\t\t\t<div class=\"elementor-widget-container\">\n\t\t\t\t\t<h2 class=\"elementor-heading-title elementor-size-default\">Beneficios tangibles: M\u00e1s all\u00e1 del cumplimiento normativo<\/h2>\t\t\t\t<\/div>\n\t\t\t\t<\/div>\n\t\t\t\t<div class=\"elementor-element elementor-element-5da7781 elementor-widget elementor-widget-text-editor\" data-id=\"5da7781\" data-element_type=\"widget\" data-e-type=\"widget\" data-widget_type=\"text-editor.default\">\n\t\t\t\t<div class=\"elementor-widget-container\">\n\t\t\t\t\t\t\t\t\t<p><span style=\"font-weight: 400;\">Invertir en una cadena de fr\u00edo robusta y tecnol\u00f3gicamente avanzada ofrece beneficios que impactan directamente en el negocio:<\/span><\/p><ul><li style=\"font-weight: 400;\" aria-level=\"1\"><b>Calidad y Seguridad del Paciente:<\/b><span style=\"font-weight: 400;\"> Garantiza que los medicamentos conserven su m\u00e1xima eficacia y sean seguros para su uso.<\/span><\/li><li style=\"font-weight: 400;\" aria-level=\"1\"><b>Minimizaci\u00f3n de P\u00e9rdidas Econ\u00f3micas:<\/b><span style=\"font-weight: 400;\"> Evita la degradaci\u00f3n y el desecho de lotes de productos de alto valor.<\/span><\/li><li style=\"font-weight: 400;\" aria-level=\"1\"><b>Optimizaci\u00f3n de Costos:<\/b><span style=\"font-weight: 400;\"> La eficiencia energ\u00e9tica y la fiabilidad de los equipos reducen los costos operativos y log\u00edsticos.<\/span><\/li><li style=\"font-weight: 400;\" aria-level=\"1\"><b>Fortalecimiento de la Reputaci\u00f3n:<\/b><span> Cumplir y superar las normativas consolida la confianza de los reguladores, socios y pacientes.<\/span><\/li><\/ul>\t\t\t\t\t\t\t\t<\/div>\n\t\t\t\t<\/div>\n\t\t\t\t<div class=\"elementor-element elementor-element-44e20fe elementor-widget elementor-widget-image\" data-id=\"44e20fe\" data-element_type=\"widget\" data-e-type=\"widget\" data-widget_type=\"image.default\">\n\t\t\t\t<div class=\"elementor-widget-container\">\n\t\t\t\t\t\t\t\t\t\t\t\t\t\t\t<img loading=\"lazy\" decoding=\"async\" width=\"800\" height=\"456\" src=\"https:\/\/innotecgrupo.com\/industria-empresa\/wp-content\/uploads\/2025\/07\/refrigeracion-industrial-sector-farmaceutico-7.png\" class=\"attachment-large size-large wp-image-24550\" alt=\"Refrigeraci\u00f3n Industrial en el sector farmac\u00e9utico\" srcset=\"https:\/\/innotecgrupo.com\/industria-empresa\/wp-content\/uploads\/2025\/07\/refrigeracion-industrial-sector-farmaceutico-7.png 1024w, https:\/\/innotecgrupo.com\/industria-empresa\/wp-content\/uploads\/2025\/07\/refrigeracion-industrial-sector-farmaceutico-7-300x171.png 300w, https:\/\/innotecgrupo.com\/industria-empresa\/wp-content\/uploads\/2025\/07\/refrigeracion-industrial-sector-farmaceutico-7-768x438.png 768w\" sizes=\"(max-width: 800px) 100vw, 800px\" \/>\t\t\t\t\t\t\t\t\t\t\t\t\t\t\t<\/div>\n\t\t\t\t<\/div>\n\t\t\t\t<div class=\"elementor-element elementor-element-acc31c1 elementor-widget elementor-widget-text-editor\" data-id=\"acc31c1\" data-element_type=\"widget\" data-e-type=\"widget\" data-widget_type=\"text-editor.default\">\n\t\t\t\t<div class=\"elementor-widget-container\">\n\t\t\t\t\t\t\t\t\t<p><span style=\"font-weight: 400;\">En definitiva, la gesti\u00f3n de la cadena de fr\u00edo en el sector farmac\u00e9utico es una disciplina de alta complejidad que exige precisi\u00f3n, fiabilidad y una visi\u00f3n estrat\u00e9gica.<\/span><\/p><p>\u00a0<\/p><p><span style=\"font-weight: 400;\">En <\/span><b>Grupo Innotec<\/b><span style=\"font-weight: 400;\">, entendemos que cada eslab\u00f3n de esta cadena es cr\u00edtico. Nuestro enfoque se basa en la ingenier\u00eda de soluciones personalizadas que no solo cumplen con las normativas m\u00e1s exigentes, sino que optimizan la eficiencia y la sostenibilidad de sus operaciones. Le invitamos a contactarnos para explorar c\u00f3mo podemos ser su aliado estrat\u00e9gico para proteger la integridad de sus productos y fortalecer su competitividad en un mercado que no admite errores.<\/span><\/p>\t\t\t\t\t\t\t\t<\/div>\n\t\t\t\t<\/div>\n\t\t\t\t<div class=\"elementor-element elementor-element-15570d1 elementor-widget elementor-widget-spacer\" data-id=\"15570d1\" data-element_type=\"widget\" data-e-type=\"widget\" data-widget_type=\"spacer.default\">\n\t\t\t\t<div class=\"elementor-widget-container\">\n\t\t\t\t\t\t\t<div class=\"elementor-spacer\">\n\t\t\t<div class=\"elementor-spacer-inner\"><\/div>\n\t\t<\/div>\n\t\t\t\t\t\t<\/div>\n\t\t\t\t<\/div>\n\t\t\t\t<div class=\"elementor-element elementor-element-1bcdfea elementor-widget elementor-widget-image\" data-id=\"1bcdfea\" data-element_type=\"widget\" data-e-type=\"widget\" data-widget_type=\"image.default\">\n\t\t\t\t<div class=\"elementor-widget-container\">\n\t\t\t\t\t\t\t\t\t\t\t\t\t\t\t<img decoding=\"async\" width=\"200\" height=\"80\" src=\"https:\/\/innotecgrupo.com\/industria-empresa\/wp-content\/uploads\/2025\/06\/podcast.jpg\" class=\"attachment-large size-large wp-image-24534\" alt=\"\" \/>\t\t\t\t\t\t\t\t\t\t\t\t\t\t\t<\/div>\n\t\t\t\t<\/div>\n\t\t\t\t<div class=\"elementor-element elementor-element-a3828bc elementor-widget elementor-widget-wp-widget-media_audio\" data-id=\"a3828bc\" data-element_type=\"widget\" data-e-type=\"widget\" data-widget_type=\"wp-widget-media_audio.default\">\n\t\t\t\t<div class=\"elementor-widget-container\">\n\t\t\t\t\t<audio class=\"wp-audio-shortcode\" id=\"audio-24541-2\" preload=\"none\" style=\"width: 100%;\" controls=\"controls\"><source type=\"audio\/wav\" src=\"https:\/\/innotecgrupo.com\/industria-empresa\/wp-content\/uploads\/2025\/07\/refrigeracion-industrial-sector-farmaceutico-11.wav?_=2\" \/><source type=\"audio\/wav\" src=\"https:\/\/innotecgrupo.com\/industria-empresa\/wp-content\/uploads\/2025\/07\/refrigeracion-industrial-sector-farmaceutico-11.wav?_=2\" \/><a href=\"https:\/\/innotecgrupo.com\/industria-empresa\/wp-content\/uploads\/2025\/07\/refrigeracion-industrial-sector-farmaceutico-11.wav\">https:\/\/innotecgrupo.com\/industria-empresa\/wp-content\/uploads\/2025\/07\/refrigeracion-industrial-sector-farmaceutico-11.wav<\/a><\/audio>\t\t\t\t<\/div>\n\t\t\t\t<\/div>\n\t\t\t\t<div class=\"elementor-element elementor-element-85c1f32 elementor-widget elementor-widget-spacer\" data-id=\"85c1f32\" data-element_type=\"widget\" data-e-type=\"widget\" data-widget_type=\"spacer.default\">\n\t\t\t\t<div class=\"elementor-widget-container\">\n\t\t\t\t\t\t\t<div class=\"elementor-spacer\">\n\t\t\t<div class=\"elementor-spacer-inner\"><\/div>\n\t\t<\/div>\n\t\t\t\t\t\t<\/div>\n\t\t\t\t<\/div>\n\t\t\t\t\t<\/div>\n\t\t\t\t<\/div>\n\t\t<div class=\"has_ae_slider elementor-element elementor-element-d49a2b2 e-flex e-con-boxed ae-bg-gallery-type-default e-con e-parent\" data-id=\"d49a2b2\" data-element_type=\"container\" data-e-type=\"container\">\n\t\t\t\t\t<div class=\"e-con-inner\">\n\t\t\t\t\t<\/div>\n\t\t\t\t<\/div>\n\t\t\t\t<\/div>\n\t\t","protected":false},"excerpt":{"rendered":"<p>Bienvenidos a una nueva entrega de nuestra serie \u00abAn\u00e1lisis de la Refrigeraci\u00f3n Industrial en los distintos Sectores productivos\u00bb. En esta ocasi\u00f3n, nos sumergimos en uno de los campos m\u00e1s cr\u00edticos y exigentes para la tecnolog\u00eda de refrigeraci\u00f3n: el sector farmac\u00e9utico. En la industria farmac\u00e9utica, donde la precisi\u00f3n y la fiabilidad son la base de la [&hellip;]<\/p>\n","protected":false},"author":9,"featured_media":24548,"comment_status":"closed","ping_status":"open","sticky":false,"template":"","format":"standard","meta":{"_acf_changed":false,"footnotes":""},"categories":[101],"tags":[],"class_list":["post-24541","post","type-post","status-publish","format-standard","has-post-thumbnail","hentry","category-refrigeracion"],"acf":[],"yoast_head":"<!-- This site is optimized with the Yoast SEO plugin v27.3 - https:\/\/yoast.com\/product\/yoast-seo-wordpress\/ -->\n<title>Refrigeraci\u00f3n Industrial en el Sector Farmac\u00e9utico: Calidad, seguridad y sostenibilidad de los medicamentos | Innotec<\/title>\n<meta name=\"description\" content=\"En la industria farmac\u00e9utica, donde la precisi\u00f3n y la fiabilidad son la base de la salud p\u00fablica, existen procesos que operan silenciosamente pero que son absolutamente vitales.\" \/>\n<meta name=\"robots\" content=\"index, follow, max-snippet:-1, max-image-preview:large, max-video-preview:-1\" \/>\n<link rel=\"canonical\" href=\"https:\/\/innotecgrupo.com\/industria-empresa\/blog\/refrigeracion-industrial-en-sector-farmaceutico\/\" \/>\n<meta property=\"og:locale\" content=\"es_ES\" \/>\n<meta property=\"og:type\" content=\"article\" \/>\n<meta property=\"og:title\" content=\"Refrigeraci\u00f3n Industrial en el Sector Farmac\u00e9utico: Calidad, seguridad y sostenibilidad de los medicamentos | Innotec\" \/>\n<meta property=\"og:description\" content=\"En la industria farmac\u00e9utica, donde la precisi\u00f3n y la fiabilidad son la base de la salud p\u00fablica, existen procesos que operan silenciosamente pero que son absolutamente vitales.\" \/>\n<meta property=\"og:url\" content=\"https:\/\/innotecgrupo.com\/industria-empresa\/blog\/refrigeracion-industrial-en-sector-farmaceutico\/\" \/>\n<meta property=\"og:site_name\" content=\"Innotec\" \/>\n<meta property=\"article:published_time\" content=\"2025-07-06T15:01:24+00:00\" \/>\n<meta property=\"article:modified_time\" content=\"2025-10-14T14:40:42+00:00\" \/>\n<meta property=\"og:image\" content=\"https:\/\/innotecgrupo.com\/industria-empresa\/wp-content\/uploads\/2025\/07\/refrigeracion-industrial-sector-farmaceutico-6-scaled.jpg\" \/>\n\t<meta property=\"og:image:width\" content=\"2560\" \/>\n\t<meta property=\"og:image:height\" content=\"1706\" \/>\n\t<meta property=\"og:image:type\" content=\"image\/jpeg\" \/>\n<meta name=\"author\" content=\"Manuel Bernal (Socio Fundador)\" \/>\n<meta name=\"twitter:card\" content=\"summary_large_image\" \/>\n<meta name=\"twitter:label1\" content=\"Escrito por\" \/>\n\t<meta name=\"twitter:data1\" content=\"Manuel Bernal (Socio Fundador)\" \/>\n\t<meta name=\"twitter:label2\" content=\"Tiempo de lectura\" \/>\n\t<meta name=\"twitter:data2\" content=\"10 minutos\" \/>\n<script type=\"application\/ld+json\" class=\"yoast-schema-graph\">{\"@context\":\"https:\\\/\\\/schema.org\",\"@graph\":[{\"@type\":\"Article\",\"@id\":\"https:\\\/\\\/innotecgrupo.com\\\/industria-empresa\\\/blog\\\/refrigeracion-industrial-en-sector-farmaceutico\\\/#article\",\"isPartOf\":{\"@id\":\"https:\\\/\\\/innotecgrupo.com\\\/industria-empresa\\\/blog\\\/refrigeracion-industrial-en-sector-farmaceutico\\\/\"},\"author\":{\"name\":\"Manuel Bernal (Socio Fundador)\",\"@id\":\"https:\\\/\\\/innotecgrupo.com\\\/industria-empresa\\\/#\\\/schema\\\/person\\\/cd83faa3aecd59ea2de1fcb467a88501\"},\"headline\":\"Refrigeraci\u00f3n Industrial en el Sector Farmac\u00e9utico: Calidad, seguridad y sostenibilidad de los medicamentos\",\"datePublished\":\"2025-07-06T15:01:24+00:00\",\"dateModified\":\"2025-10-14T14:40:42+00:00\",\"mainEntityOfPage\":{\"@id\":\"https:\\\/\\\/innotecgrupo.com\\\/industria-empresa\\\/blog\\\/refrigeracion-industrial-en-sector-farmaceutico\\\/\"},\"wordCount\":1950,\"publisher\":{\"@id\":\"https:\\\/\\\/innotecgrupo.com\\\/industria-empresa\\\/#organization\"},\"image\":{\"@id\":\"https:\\\/\\\/innotecgrupo.com\\\/industria-empresa\\\/blog\\\/refrigeracion-industrial-en-sector-farmaceutico\\\/#primaryimage\"},\"thumbnailUrl\":\"https:\\\/\\\/innotecgrupo.com\\\/industria-empresa\\\/wp-content\\\/uploads\\\/2025\\\/07\\\/refrigeracion-industrial-sector-farmaceutico-6-scaled.jpg\",\"articleSection\":[\"Refrigeraci\u00f3n\"],\"inLanguage\":\"es\"},{\"@type\":\"WebPage\",\"@id\":\"https:\\\/\\\/innotecgrupo.com\\\/industria-empresa\\\/blog\\\/refrigeracion-industrial-en-sector-farmaceutico\\\/\",\"url\":\"https:\\\/\\\/innotecgrupo.com\\\/industria-empresa\\\/blog\\\/refrigeracion-industrial-en-sector-farmaceutico\\\/\",\"name\":\"Refrigeraci\u00f3n Industrial en el Sector Farmac\u00e9utico: Calidad, seguridad y sostenibilidad de los medicamentos | Innotec\",\"isPartOf\":{\"@id\":\"https:\\\/\\\/innotecgrupo.com\\\/industria-empresa\\\/#website\"},\"primaryImageOfPage\":{\"@id\":\"https:\\\/\\\/innotecgrupo.com\\\/industria-empresa\\\/blog\\\/refrigeracion-industrial-en-sector-farmaceutico\\\/#primaryimage\"},\"image\":{\"@id\":\"https:\\\/\\\/innotecgrupo.com\\\/industria-empresa\\\/blog\\\/refrigeracion-industrial-en-sector-farmaceutico\\\/#primaryimage\"},\"thumbnailUrl\":\"https:\\\/\\\/innotecgrupo.com\\\/industria-empresa\\\/wp-content\\\/uploads\\\/2025\\\/07\\\/refrigeracion-industrial-sector-farmaceutico-6-scaled.jpg\",\"datePublished\":\"2025-07-06T15:01:24+00:00\",\"dateModified\":\"2025-10-14T14:40:42+00:00\",\"description\":\"En la industria farmac\u00e9utica, donde la precisi\u00f3n y la fiabilidad son la base de la salud p\u00fablica, existen procesos que operan silenciosamente pero que son absolutamente vitales.\",\"breadcrumb\":{\"@id\":\"https:\\\/\\\/innotecgrupo.com\\\/industria-empresa\\\/blog\\\/refrigeracion-industrial-en-sector-farmaceutico\\\/#breadcrumb\"},\"inLanguage\":\"es\",\"potentialAction\":[{\"@type\":\"ReadAction\",\"target\":[\"https:\\\/\\\/innotecgrupo.com\\\/industria-empresa\\\/blog\\\/refrigeracion-industrial-en-sector-farmaceutico\\\/\"]}]},{\"@type\":\"ImageObject\",\"inLanguage\":\"es\",\"@id\":\"https:\\\/\\\/innotecgrupo.com\\\/industria-empresa\\\/blog\\\/refrigeracion-industrial-en-sector-farmaceutico\\\/#primaryimage\",\"url\":\"https:\\\/\\\/innotecgrupo.com\\\/industria-empresa\\\/wp-content\\\/uploads\\\/2025\\\/07\\\/refrigeracion-industrial-sector-farmaceutico-6-scaled.jpg\",\"contentUrl\":\"https:\\\/\\\/innotecgrupo.com\\\/industria-empresa\\\/wp-content\\\/uploads\\\/2025\\\/07\\\/refrigeracion-industrial-sector-farmaceutico-6-scaled.jpg\",\"width\":2560,\"height\":1706,\"caption\":\"Refrigeraci\u00f3n Industrial en el sector farmac\u00e9utico\"},{\"@type\":\"BreadcrumbList\",\"@id\":\"https:\\\/\\\/innotecgrupo.com\\\/industria-empresa\\\/blog\\\/refrigeracion-industrial-en-sector-farmaceutico\\\/#breadcrumb\",\"itemListElement\":[{\"@type\":\"ListItem\",\"position\":1,\"name\":\"Portada\",\"item\":\"https:\\\/\\\/innotecgrupo.com\\\/industria-empresa\\\/\"},{\"@type\":\"ListItem\",\"position\":2,\"name\":\"Refrigeraci\u00f3n Industrial en el Sector Farmac\u00e9utico: Calidad, seguridad y sostenibilidad de los medicamentos\"}]},{\"@type\":\"WebSite\",\"@id\":\"https:\\\/\\\/innotecgrupo.com\\\/industria-empresa\\\/#website\",\"url\":\"https:\\\/\\\/innotecgrupo.com\\\/industria-empresa\\\/\",\"name\":\"Innotec Grupo\",\"description\":\"CLIMATIZACI\u00d3N ENFOCADA AL BIENESTAR INTEGRAL\",\"publisher\":{\"@id\":\"https:\\\/\\\/innotecgrupo.com\\\/industria-empresa\\\/#organization\"},\"potentialAction\":[{\"@type\":\"SearchAction\",\"target\":{\"@type\":\"EntryPoint\",\"urlTemplate\":\"https:\\\/\\\/innotecgrupo.com\\\/industria-empresa\\\/?s={search_term_string}\"},\"query-input\":{\"@type\":\"PropertyValueSpecification\",\"valueRequired\":true,\"valueName\":\"search_term_string\"}}],\"inLanguage\":\"es\"},{\"@type\":\"Organization\",\"@id\":\"https:\\\/\\\/innotecgrupo.com\\\/industria-empresa\\\/#organization\",\"name\":\"Innotec\",\"url\":\"https:\\\/\\\/innotecgrupo.com\\\/industria-empresa\\\/\",\"logo\":{\"@type\":\"ImageObject\",\"inLanguage\":\"es\",\"@id\":\"https:\\\/\\\/innotecgrupo.com\\\/industria-empresa\\\/#\\\/schema\\\/logo\\\/image\\\/\",\"url\":\"https:\\\/\\\/innotecgrupo.com\\\/industria-empresa\\\/wp-content\\\/uploads\\\/2022\\\/01\\\/logo-innotec.png\",\"contentUrl\":\"https:\\\/\\\/innotecgrupo.com\\\/industria-empresa\\\/wp-content\\\/uploads\\\/2022\\\/01\\\/logo-innotec.png\",\"width\":166,\"height\":31,\"caption\":\"Innotec\"},\"image\":{\"@id\":\"https:\\\/\\\/innotecgrupo.com\\\/industria-empresa\\\/#\\\/schema\\\/logo\\\/image\\\/\"}},{\"@type\":\"Person\",\"@id\":\"https:\\\/\\\/innotecgrupo.com\\\/industria-empresa\\\/#\\\/schema\\\/person\\\/cd83faa3aecd59ea2de1fcb467a88501\",\"name\":\"Manuel Bernal (Socio Fundador)\",\"description\":\"Ingeniero Industrial MBA en CESTE\",\"sameAs\":[\"https:\\\/\\\/www.linkedin.com\\\/in\\\/manuel-bernal-innotec\\\/\"],\"url\":\"https:\\\/\\\/innotecgrupo.com\\\/industria-empresa\\\/blog\\\/author\\\/manuel-bernal\\\/\"}]}<\/script>\n<!-- \/ Yoast SEO plugin. -->","yoast_head_json":{"title":"Refrigeraci\u00f3n Industrial en el Sector Farmac\u00e9utico: Calidad, seguridad y sostenibilidad de los medicamentos | Innotec","description":"En la industria farmac\u00e9utica, donde la precisi\u00f3n y la fiabilidad son la base de la salud p\u00fablica, existen procesos que operan silenciosamente pero que son absolutamente vitales.","robots":{"index":"index","follow":"follow","max-snippet":"max-snippet:-1","max-image-preview":"max-image-preview:large","max-video-preview":"max-video-preview:-1"},"canonical":"https:\/\/innotecgrupo.com\/industria-empresa\/blog\/refrigeracion-industrial-en-sector-farmaceutico\/","og_locale":"es_ES","og_type":"article","og_title":"Refrigeraci\u00f3n Industrial en el Sector Farmac\u00e9utico: Calidad, seguridad y sostenibilidad de los medicamentos | Innotec","og_description":"En la industria farmac\u00e9utica, donde la precisi\u00f3n y la fiabilidad son la base de la salud p\u00fablica, existen procesos que operan silenciosamente pero que son absolutamente vitales.","og_url":"https:\/\/innotecgrupo.com\/industria-empresa\/blog\/refrigeracion-industrial-en-sector-farmaceutico\/","og_site_name":"Innotec","article_published_time":"2025-07-06T15:01:24+00:00","article_modified_time":"2025-10-14T14:40:42+00:00","og_image":[{"width":2560,"height":1706,"url":"https:\/\/innotecgrupo.com\/industria-empresa\/wp-content\/uploads\/2025\/07\/refrigeracion-industrial-sector-farmaceutico-6-scaled.jpg","type":"image\/jpeg"}],"author":"Manuel Bernal (Socio Fundador)","twitter_card":"summary_large_image","twitter_misc":{"Escrito por":"Manuel Bernal (Socio Fundador)","Tiempo de lectura":"10 minutos"},"schema":{"@context":"https:\/\/schema.org","@graph":[{"@type":"Article","@id":"https:\/\/innotecgrupo.com\/industria-empresa\/blog\/refrigeracion-industrial-en-sector-farmaceutico\/#article","isPartOf":{"@id":"https:\/\/innotecgrupo.com\/industria-empresa\/blog\/refrigeracion-industrial-en-sector-farmaceutico\/"},"author":{"name":"Manuel Bernal (Socio Fundador)","@id":"https:\/\/innotecgrupo.com\/industria-empresa\/#\/schema\/person\/cd83faa3aecd59ea2de1fcb467a88501"},"headline":"Refrigeraci\u00f3n Industrial en el Sector Farmac\u00e9utico: Calidad, seguridad y sostenibilidad de los medicamentos","datePublished":"2025-07-06T15:01:24+00:00","dateModified":"2025-10-14T14:40:42+00:00","mainEntityOfPage":{"@id":"https:\/\/innotecgrupo.com\/industria-empresa\/blog\/refrigeracion-industrial-en-sector-farmaceutico\/"},"wordCount":1950,"publisher":{"@id":"https:\/\/innotecgrupo.com\/industria-empresa\/#organization"},"image":{"@id":"https:\/\/innotecgrupo.com\/industria-empresa\/blog\/refrigeracion-industrial-en-sector-farmaceutico\/#primaryimage"},"thumbnailUrl":"https:\/\/innotecgrupo.com\/industria-empresa\/wp-content\/uploads\/2025\/07\/refrigeracion-industrial-sector-farmaceutico-6-scaled.jpg","articleSection":["Refrigeraci\u00f3n"],"inLanguage":"es"},{"@type":"WebPage","@id":"https:\/\/innotecgrupo.com\/industria-empresa\/blog\/refrigeracion-industrial-en-sector-farmaceutico\/","url":"https:\/\/innotecgrupo.com\/industria-empresa\/blog\/refrigeracion-industrial-en-sector-farmaceutico\/","name":"Refrigeraci\u00f3n Industrial en el Sector Farmac\u00e9utico: Calidad, seguridad y sostenibilidad de los medicamentos | Innotec","isPartOf":{"@id":"https:\/\/innotecgrupo.com\/industria-empresa\/#website"},"primaryImageOfPage":{"@id":"https:\/\/innotecgrupo.com\/industria-empresa\/blog\/refrigeracion-industrial-en-sector-farmaceutico\/#primaryimage"},"image":{"@id":"https:\/\/innotecgrupo.com\/industria-empresa\/blog\/refrigeracion-industrial-en-sector-farmaceutico\/#primaryimage"},"thumbnailUrl":"https:\/\/innotecgrupo.com\/industria-empresa\/wp-content\/uploads\/2025\/07\/refrigeracion-industrial-sector-farmaceutico-6-scaled.jpg","datePublished":"2025-07-06T15:01:24+00:00","dateModified":"2025-10-14T14:40:42+00:00","description":"En la industria farmac\u00e9utica, donde la precisi\u00f3n y la fiabilidad son la base de la salud p\u00fablica, existen procesos que operan silenciosamente pero que son absolutamente vitales.","breadcrumb":{"@id":"https:\/\/innotecgrupo.com\/industria-empresa\/blog\/refrigeracion-industrial-en-sector-farmaceutico\/#breadcrumb"},"inLanguage":"es","potentialAction":[{"@type":"ReadAction","target":["https:\/\/innotecgrupo.com\/industria-empresa\/blog\/refrigeracion-industrial-en-sector-farmaceutico\/"]}]},{"@type":"ImageObject","inLanguage":"es","@id":"https:\/\/innotecgrupo.com\/industria-empresa\/blog\/refrigeracion-industrial-en-sector-farmaceutico\/#primaryimage","url":"https:\/\/innotecgrupo.com\/industria-empresa\/wp-content\/uploads\/2025\/07\/refrigeracion-industrial-sector-farmaceutico-6-scaled.jpg","contentUrl":"https:\/\/innotecgrupo.com\/industria-empresa\/wp-content\/uploads\/2025\/07\/refrigeracion-industrial-sector-farmaceutico-6-scaled.jpg","width":2560,"height":1706,"caption":"Refrigeraci\u00f3n Industrial en el sector farmac\u00e9utico"},{"@type":"BreadcrumbList","@id":"https:\/\/innotecgrupo.com\/industria-empresa\/blog\/refrigeracion-industrial-en-sector-farmaceutico\/#breadcrumb","itemListElement":[{"@type":"ListItem","position":1,"name":"Portada","item":"https:\/\/innotecgrupo.com\/industria-empresa\/"},{"@type":"ListItem","position":2,"name":"Refrigeraci\u00f3n Industrial en el Sector Farmac\u00e9utico: Calidad, seguridad y sostenibilidad de los medicamentos"}]},{"@type":"WebSite","@id":"https:\/\/innotecgrupo.com\/industria-empresa\/#website","url":"https:\/\/innotecgrupo.com\/industria-empresa\/","name":"Innotec Grupo","description":"CLIMATIZACI\u00d3N ENFOCADA AL BIENESTAR INTEGRAL","publisher":{"@id":"https:\/\/innotecgrupo.com\/industria-empresa\/#organization"},"potentialAction":[{"@type":"SearchAction","target":{"@type":"EntryPoint","urlTemplate":"https:\/\/innotecgrupo.com\/industria-empresa\/?s={search_term_string}"},"query-input":{"@type":"PropertyValueSpecification","valueRequired":true,"valueName":"search_term_string"}}],"inLanguage":"es"},{"@type":"Organization","@id":"https:\/\/innotecgrupo.com\/industria-empresa\/#organization","name":"Innotec","url":"https:\/\/innotecgrupo.com\/industria-empresa\/","logo":{"@type":"ImageObject","inLanguage":"es","@id":"https:\/\/innotecgrupo.com\/industria-empresa\/#\/schema\/logo\/image\/","url":"https:\/\/innotecgrupo.com\/industria-empresa\/wp-content\/uploads\/2022\/01\/logo-innotec.png","contentUrl":"https:\/\/innotecgrupo.com\/industria-empresa\/wp-content\/uploads\/2022\/01\/logo-innotec.png","width":166,"height":31,"caption":"Innotec"},"image":{"@id":"https:\/\/innotecgrupo.com\/industria-empresa\/#\/schema\/logo\/image\/"}},{"@type":"Person","@id":"https:\/\/innotecgrupo.com\/industria-empresa\/#\/schema\/person\/cd83faa3aecd59ea2de1fcb467a88501","name":"Manuel Bernal (Socio Fundador)","description":"Ingeniero Industrial MBA en CESTE","sameAs":["https:\/\/www.linkedin.com\/in\/manuel-bernal-innotec\/"],"url":"https:\/\/innotecgrupo.com\/industria-empresa\/blog\/author\/manuel-bernal\/"}]}},"_links":{"self":[{"href":"https:\/\/innotecgrupo.com\/industria-empresa\/wp-json\/wp\/v2\/posts\/24541","targetHints":{"allow":["GET"]}}],"collection":[{"href":"https:\/\/innotecgrupo.com\/industria-empresa\/wp-json\/wp\/v2\/posts"}],"about":[{"href":"https:\/\/innotecgrupo.com\/industria-empresa\/wp-json\/wp\/v2\/types\/post"}],"author":[{"embeddable":true,"href":"https:\/\/innotecgrupo.com\/industria-empresa\/wp-json\/wp\/v2\/users\/9"}],"replies":[{"embeddable":true,"href":"https:\/\/innotecgrupo.com\/industria-empresa\/wp-json\/wp\/v2\/comments?post=24541"}],"version-history":[{"count":16,"href":"https:\/\/innotecgrupo.com\/industria-empresa\/wp-json\/wp\/v2\/posts\/24541\/revisions"}],"predecessor-version":[{"id":24568,"href":"https:\/\/innotecgrupo.com\/industria-empresa\/wp-json\/wp\/v2\/posts\/24541\/revisions\/24568"}],"wp:featuredmedia":[{"embeddable":true,"href":"https:\/\/innotecgrupo.com\/industria-empresa\/wp-json\/wp\/v2\/media\/24548"}],"wp:attachment":[{"href":"https:\/\/innotecgrupo.com\/industria-empresa\/wp-json\/wp\/v2\/media?parent=24541"}],"wp:term":[{"taxonomy":"category","embeddable":true,"href":"https:\/\/innotecgrupo.com\/industria-empresa\/wp-json\/wp\/v2\/categories?post=24541"},{"taxonomy":"post_tag","embeddable":true,"href":"https:\/\/innotecgrupo.com\/industria-empresa\/wp-json\/wp\/v2\/tags?post=24541"}],"curies":[{"name":"wp","href":"https:\/\/api.w.org\/{rel}","templated":true}]}}