{"id":24526,"date":"2025-06-04T19:15:27","date_gmt":"2025-06-04T17:15:27","guid":{"rendered":"https:\/\/innotecgrupo.com\/industria-empresa\/?p=24526"},"modified":"2025-06-04T19:15:52","modified_gmt":"2025-06-04T17:15:52","slug":"refrigeracion-industrial-en-la-industria-carnica-eficiencia-seguridad-y-rentabilidad","status":"publish","type":"post","link":"https:\/\/innotecgrupo.com\/industria-empresa\/blog\/refrigeracion-industrial-en-la-industria-carnica-eficiencia-seguridad-y-rentabilidad\/","title":{"rendered":"Refrigeraci\u00f3n Industrial en la Industria C\u00e1rnica: Eficiencia, seguridad y rentabilidad"},"content":{"rendered":"\t\t<div data-elementor-type=\"wp-post\" data-elementor-id=\"24526\" class=\"elementor elementor-24526\" data-elementor-post-type=\"post\">\n\t\t\t\t<div class=\"has_ae_slider elementor-element elementor-element-320727c e-flex e-con-boxed ae-bg-gallery-type-default e-con e-parent\" data-id=\"320727c\" data-element_type=\"container\" data-e-type=\"container\">\n\t\t\t\t\t<div class=\"e-con-inner\">\n\t\t\t\t<div class=\"elementor-element elementor-element-2070fc4 elementor-widget elementor-widget-image\" data-id=\"2070fc4\" data-element_type=\"widget\" data-e-type=\"widget\" data-widget_type=\"image.default\">\n\t\t\t\t<div class=\"elementor-widget-container\">\n\t\t\t\t\t\t\t\t\t\t\t\t\t\t\t<img decoding=\"async\" width=\"200\" height=\"80\" src=\"https:\/\/innotecgrupo.com\/industria-empresa\/wp-content\/uploads\/2025\/06\/podcast.jpg\" class=\"attachment-large size-large wp-image-24534\" alt=\"\" \/>\t\t\t\t\t\t\t\t\t\t\t\t\t\t\t<\/div>\n\t\t\t\t<\/div>\n\t\t\t\t<div class=\"elementor-element elementor-element-d82a208 elementor-widget elementor-widget-wp-widget-media_audio\" data-id=\"d82a208\" data-element_type=\"widget\" data-e-type=\"widget\" data-widget_type=\"wp-widget-media_audio.default\">\n\t\t\t\t<div class=\"elementor-widget-container\">\n\t\t\t\t\t<audio class=\"wp-audio-shortcode\" id=\"audio-24526-1\" preload=\"none\" style=\"width: 100%;\" controls=\"controls\"><source type=\"audio\/mpeg\" src=\"https:\/\/innotecgrupo.com\/industria-empresa\/wp-content\/uploads\/2025\/06\/refrigeracion-industrial-industria-carnica-6.mp3?_=1\" \/><source type=\"audio\/mpeg\" src=\"https:\/\/innotecgrupo.com\/industria-empresa\/wp-content\/uploads\/2025\/06\/refrigeracion-industrial-industria-carnica-6.mp3?_=1\" \/><a href=\"https:\/\/innotecgrupo.com\/industria-empresa\/wp-content\/uploads\/2025\/06\/refrigeracion-industrial-industria-carnica-6.mp3\">https:\/\/innotecgrupo.com\/industria-empresa\/wp-content\/uploads\/2025\/06\/refrigeracion-industrial-industria-carnica-6.mp3<\/a><\/audio>\t\t\t\t<\/div>\n\t\t\t\t<\/div>\n\t\t\t\t<div class=\"elementor-element elementor-element-a2025f8 elementor-widget elementor-widget-text-editor\" data-id=\"a2025f8\" data-element_type=\"widget\" data-e-type=\"widget\" data-widget_type=\"text-editor.default\">\n\t\t\t\t<div class=\"elementor-widget-container\">\n\t\t\t\t\t\t\t\t\t<p><em><span style=\"font-weight: 400;\">Bienvenidos a una nueva entrega de nuestra serie \u00abAn\u00e1lisis de la Refrigeraci\u00f3n Industrial en los distintos Sectores productivos\u00bb. En esta ocasi\u00f3n, nos sumergimos en uno de los campos m\u00e1s cr\u00edticos y exigentes para la tecnolog\u00eda de refrigeraci\u00f3n: la <\/span><b>industria c\u00e1rnica.<\/b><\/em><\/p>\t\t\t\t\t\t\t\t<\/div>\n\t\t\t\t<\/div>\n\t\t\t\t<div class=\"elementor-element elementor-element-96250e0 elementor-widget-divider--view-line elementor-widget elementor-widget-divider\" data-id=\"96250e0\" data-element_type=\"widget\" data-e-type=\"widget\" data-widget_type=\"divider.default\">\n\t\t\t\t<div class=\"elementor-widget-container\">\n\t\t\t\t\t\t\t<div class=\"elementor-divider\">\n\t\t\t<span class=\"elementor-divider-separator\">\n\t\t\t\t\t\t<\/span>\n\t\t<\/div>\n\t\t\t\t\t\t<\/div>\n\t\t\t\t<\/div>\n\t\t\t\t<div class=\"elementor-element elementor-element-081a8bd elementor-widget elementor-widget-heading\" data-id=\"081a8bd\" data-element_type=\"widget\" data-e-type=\"widget\" data-widget_type=\"heading.default\">\n\t\t\t\t<div class=\"elementor-widget-container\">\n\t\t\t\t\t<h2 class=\"elementor-heading-title elementor-size-default\">La Cadena de Fr\u00edo, coraz\u00f3n vital de la Industria C\u00e1rnica<\/h2>\t\t\t\t<\/div>\n\t\t\t\t<\/div>\n\t\t\t\t<div class=\"elementor-element elementor-element-80e737d elementor-widget elementor-widget-text-editor\" data-id=\"80e737d\" data-element_type=\"widget\" data-e-type=\"widget\" data-widget_type=\"text-editor.default\">\n\t\t\t\t<div class=\"elementor-widget-container\">\n\t\t\t\t\t\t\t\t\t<p>La cadena de fr\u00edo es el coraz\u00f3n invisible de la industria c\u00e1rnica. Garantizar su integridad no es solo una necesidad operativa, sino un pilar fundamental para la seguridad alimentaria, la calidad del producto y la rentabilidad del negocio. En un sector tan exigente y regulado como el c\u00e1rnico, donde cada etapa \u2013desde la recepci\u00f3n de la materia prima hasta la expedici\u00f3n del producto final\u2013 es cr\u00edtica, un fallo en el sistema de refrigeraci\u00f3n puede desencadenar consecuencias severas: desde importantes p\u00e9rdidas econ\u00f3micas por deterioro del producto y paradas de producci\u00f3n, hasta graves riesgos sanitarios y un da\u00f1o irreparable a la reputaci\u00f3n de la marca.<\/p><p>\u00a0<\/p><p><img fetchpriority=\"high\" decoding=\"async\" class=\"aligncenter wp-image-24528 size-full\" src=\"https:\/\/innotecgrupo.com\/industria-empresa\/wp-content\/uploads\/2025\/06\/refrigeracion-industrial-industria-carnica--scaled.jpg\" alt=\"Refrigeraci\u00f3n Industrial en la Industria C\u00e1rnica\" width=\"2560\" height=\"1706\" srcset=\"https:\/\/innotecgrupo.com\/industria-empresa\/wp-content\/uploads\/2025\/06\/refrigeracion-industrial-industria-carnica--scaled.jpg 2560w, https:\/\/innotecgrupo.com\/industria-empresa\/wp-content\/uploads\/2025\/06\/refrigeracion-industrial-industria-carnica--300x200.jpg 300w, https:\/\/innotecgrupo.com\/industria-empresa\/wp-content\/uploads\/2025\/06\/refrigeracion-industrial-industria-carnica--1024x683.jpg 1024w, https:\/\/innotecgrupo.com\/industria-empresa\/wp-content\/uploads\/2025\/06\/refrigeracion-industrial-industria-carnica--768x512.jpg 768w, https:\/\/innotecgrupo.com\/industria-empresa\/wp-content\/uploads\/2025\/06\/refrigeracion-industrial-industria-carnica--1536x1024.jpg 1536w, https:\/\/innotecgrupo.com\/industria-empresa\/wp-content\/uploads\/2025\/06\/refrigeracion-industrial-industria-carnica--2048x1365.jpg 2048w\" sizes=\"(max-width: 2560px) 100vw, 2560px\" \/><\/p><p>\u00a0<\/p><p>La industria c\u00e1rnica se caracteriza por su complejidad y la diversidad de sus procesos: sacrificio, oreo, despiece, maduraci\u00f3n, procesado de elaborados, congelaci\u00f3n, almacenamiento y distribuci\u00f3n. En cada uno de estos eslabones, el control preciso y constante de la temperatura y la humedad es absolutamente cr\u00edtico. No solo para inhibir el crecimiento microbiano y asegurar la inocuidad del producto, sino tambi\u00e9n para preservar sus cualidades organol\u00e9pticas \u2013textura, sabor, color\u2013 y minimizar las mermas.<\/p><p>\u00a0<\/p><p>Este art\u00edculo explora las exigentes y espec\u00edficas necesidades de refrigeraci\u00f3n industrial que demanda la industria c\u00e1rnica, desde las cruciales salas de despiece hasta los eficientes t\u00faneles de congelaci\u00f3n. Analizaremos c\u00f3mo una correcta selecci\u00f3n, un dise\u00f1o a medida, una implementaci\u00f3n experta y un mantenimiento proactivo de los sistemas frigor\u00edficos, de la mano de especialistas como Grupo Innotec, no solo asegura el cumplimiento de la estricta normativa vigente, sino que se convierte en un motor que impulsa la eficiencia operativa, reduce significativamente los costes y garantiza la m\u00e1xima calidad y seguridad de sus valiosos productos c\u00e1rnicos.<\/p>\t\t\t\t\t\t\t\t<\/div>\n\t\t\t\t<\/div>\n\t\t\t\t<div class=\"elementor-element elementor-element-4ae0e85 elementor-widget elementor-widget-heading\" data-id=\"4ae0e85\" data-element_type=\"widget\" data-e-type=\"widget\" data-widget_type=\"heading.default\">\n\t\t\t\t<div class=\"elementor-widget-container\">\n\t\t\t\t\t<h2 class=\"elementor-heading-title elementor-size-default\">Necesidades de refrigeraci\u00f3n por procesos en el Sector C\u00e1rnico<\/h2>\t\t\t\t<\/div>\n\t\t\t\t<\/div>\n\t\t\t\t<div class=\"elementor-element elementor-element-f5128bd elementor-widget elementor-widget-image\" data-id=\"f5128bd\" data-element_type=\"widget\" data-e-type=\"widget\" data-widget_type=\"image.default\">\n\t\t\t\t<div class=\"elementor-widget-container\">\n\t\t\t\t\t\t\t\t\t\t\t\t\t\t\t<img decoding=\"async\" width=\"800\" height=\"879\" src=\"https:\/\/innotecgrupo.com\/industria-empresa\/wp-content\/uploads\/2025\/06\/refrigeracion-industrial-industria-carnica-5-932x1024.png\" class=\"attachment-large size-large wp-image-24532\" alt=\"Refrigeraci\u00f3n Industrial en la Industria C\u00e1rnica\" srcset=\"https:\/\/innotecgrupo.com\/industria-empresa\/wp-content\/uploads\/2025\/06\/refrigeracion-industrial-industria-carnica-5-932x1024.png 932w, https:\/\/innotecgrupo.com\/industria-empresa\/wp-content\/uploads\/2025\/06\/refrigeracion-industrial-industria-carnica-5-273x300.png 273w, https:\/\/innotecgrupo.com\/industria-empresa\/wp-content\/uploads\/2025\/06\/refrigeracion-industrial-industria-carnica-5-768x844.png 768w, https:\/\/innotecgrupo.com\/industria-empresa\/wp-content\/uploads\/2025\/06\/refrigeracion-industrial-industria-carnica-5.png 1104w\" sizes=\"(max-width: 800px) 100vw, 800px\" \/>\t\t\t\t\t\t\t\t\t\t\t\t\t\t\t<\/div>\n\t\t\t\t<\/div>\n\t\t\t\t<div class=\"elementor-element elementor-element-5f08ef6 elementor-widget elementor-widget-text-editor\" data-id=\"5f08ef6\" data-element_type=\"widget\" data-e-type=\"widget\" data-widget_type=\"text-editor.default\">\n\t\t\t\t<div class=\"elementor-widget-container\">\n\t\t\t\t\t\t\t\t\t<p>La cadena de fr\u00edo en el sector c\u00e1rnico es compleja y vital. A continuaci\u00f3n, detallamos las exigencias de refrigeraci\u00f3n en cada etapa crucial, siguiendo el flujo operativo:<\/p>\t\t\t\t\t\t\t\t<\/div>\n\t\t\t\t<\/div>\n\t\t\t\t<div class=\"elementor-element elementor-element-fa6e08e elementor-widget elementor-widget-n-accordion\" data-id=\"fa6e08e\" data-element_type=\"widget\" data-e-type=\"widget\" data-settings=\"{&quot;default_state&quot;:&quot;expanded&quot;,&quot;max_items_expended&quot;:&quot;one&quot;,&quot;n_accordion_animation_duration&quot;:{&quot;unit&quot;:&quot;ms&quot;,&quot;size&quot;:400,&quot;sizes&quot;:[]}}\" data-widget_type=\"nested-accordion.default\">\n\t\t\t\t<div class=\"elementor-widget-container\">\n\t\t\t\t\t\t\t<div class=\"e-n-accordion\" aria-label=\"Accordion. Open links with Enter or Space, close with Escape, and navigate with Arrow Keys\">\n\t\t\t\t\t\t<details id=\"e-n-accordion-item-2620\" class=\"e-n-accordion-item\" open>\n\t\t\t\t<summary class=\"e-n-accordion-item-title\" data-accordion-index=\"1\" tabindex=\"0\" aria-expanded=\"true\" aria-controls=\"e-n-accordion-item-2620\" >\n\t\t\t\t\t<span class='e-n-accordion-item-title-header'><div class=\"e-n-accordion-item-title-text\"> 1. Recepci\u00f3n y Estabulaci\u00f3n <\/div><\/span>\n\t\t\t\t\t\t\t<span class='e-n-accordion-item-title-icon'>\n\t\t\t<span class='e-opened' ><svg aria-hidden=\"true\" class=\"e-font-icon-svg e-fas-minus\" viewBox=\"0 0 448 512\" xmlns=\"http:\/\/www.w3.org\/2000\/svg\"><path d=\"M416 208H32c-17.67 0-32 14.33-32 32v32c0 17.67 14.33 32 32 32h384c17.67 0 32-14.33 32-32v-32c0-17.67-14.33-32-32-32z\"><\/path><\/svg><\/span>\n\t\t\t<span class='e-closed'><svg aria-hidden=\"true\" class=\"e-font-icon-svg e-fas-plus\" viewBox=\"0 0 448 512\" xmlns=\"http:\/\/www.w3.org\/2000\/svg\"><path d=\"M416 208H272V64c0-17.67-14.33-32-32-32h-32c-17.67 0-32 14.33-32 32v144H32c-17.67 0-32 14.33-32 32v32c0 17.67 14.33 32 32 32h144v144c0 17.67 14.33 32 32 32h32c17.67 0 32-14.33 32-32V304h144c17.67 0 32-14.33 32-32v-32c0-17.67-14.33-32-32-32z\"><\/path><\/svg><\/span>\n\t\t<\/span>\n\n\t\t\t\t\t\t<\/summary>\n\t\t\t\t<div class=\"has_ae_slider elementor-element elementor-element-86847e7 e-con-full e-flex ae-bg-gallery-type-default e-con e-child\" role=\"region\" aria-labelledby=\"e-n-accordion-item-2620\" data-id=\"86847e7\" data-element_type=\"container\" data-e-type=\"container\">\n\t\t\t\t<div class=\"elementor-element elementor-element-769dfdb elementor-widget elementor-widget-text-editor\" data-id=\"769dfdb\" data-element_type=\"widget\" data-e-type=\"widget\" data-widget_type=\"text-editor.default\">\n\t\t\t\t<div class=\"elementor-widget-container\">\n\t\t\t\t\t\t\t\t\t<ul><li><strong>Descripci\u00f3n del Proceso:<\/strong> Aunque previo al procesamiento directo, esta etapa es crucial para el bienestar animal. Involucra la llegada de los animales a las instalaciones y su espera en corrales o \u00e1reas designadas antes del sacrificio.<\/li><li><strong>Temperatura y Humedad Requeridas:<\/strong> El objetivo es mantener condiciones que reduzcan el estr\u00e9s t\u00e9rmico en los animales. Las temperaturas no deben ser extremas, evitando el calor excesivo en verano y el fr\u00edo intenso en invierno. Se busca una ventilaci\u00f3n adecuada y un control de la humedad para un ambiente confortable.<\/li><li><strong>Tipo de Equipamiento:<\/strong> Sistemas de ventilaci\u00f3n controlada, nebulizadores o paneles de enfriamiento evaporativo en climas c\u00e1lidos, y cerramientos adecuados en climas fr\u00edos.<\/li><li><strong>Impacto de Fallos:<\/strong> Un ambiente estresante para los animales puede repercutir negativamente en la calidad de la carne (por ejemplo, carne DFD &#8211; oscura, firme, seca &#8211; o PSE &#8211; p\u00e1lida, suave, exudativa), afectando su apariencia, textura y capacidad de conservaci\u00f3n.<\/li><li><strong>Desaf\u00edos Particulares:<\/strong> Gesti\u00f3n de la carga t\u00e9rmica generada por los animales, la necesidad de una ventilaci\u00f3n constante y el control de olores y residuos.<\/li><\/ul>\t\t\t\t\t\t\t\t<\/div>\n\t\t\t\t<\/div>\n\t\t\t\t<\/div>\n\t\t\t\t\t<\/details>\n\t\t\t\t\t\t<details id=\"e-n-accordion-item-2621\" class=\"e-n-accordion-item\" >\n\t\t\t\t<summary class=\"e-n-accordion-item-title\" data-accordion-index=\"2\" tabindex=\"-1\" aria-expanded=\"false\" aria-controls=\"e-n-accordion-item-2621\" >\n\t\t\t\t\t<span class='e-n-accordion-item-title-header'><div class=\"e-n-accordion-item-title-text\"> 2. Salas de Sacrificio y Oreo <\/div><\/span>\n\t\t\t\t\t\t\t<span class='e-n-accordion-item-title-icon'>\n\t\t\t<span class='e-opened' ><svg aria-hidden=\"true\" class=\"e-font-icon-svg e-fas-minus\" viewBox=\"0 0 448 512\" xmlns=\"http:\/\/www.w3.org\/2000\/svg\"><path d=\"M416 208H32c-17.67 0-32 14.33-32 32v32c0 17.67 14.33 32 32 32h384c17.67 0 32-14.33 32-32v-32c0-17.67-14.33-32-32-32z\"><\/path><\/svg><\/span>\n\t\t\t<span class='e-closed'><svg aria-hidden=\"true\" class=\"e-font-icon-svg e-fas-plus\" viewBox=\"0 0 448 512\" xmlns=\"http:\/\/www.w3.org\/2000\/svg\"><path d=\"M416 208H272V64c0-17.67-14.33-32-32-32h-32c-17.67 0-32 14.33-32 32v144H32c-17.67 0-32 14.33-32 32v32c0 17.67 14.33 32 32 32h144v144c0 17.67 14.33 32 32 32h32c17.67 0 32-14.33 32-32V304h144c17.67 0 32-14.33 32-32v-32c0-17.67-14.33-32-32-32z\"><\/path><\/svg><\/span>\n\t\t<\/span>\n\n\t\t\t\t\t\t<\/summary>\n\t\t\t\t<div class=\"has_ae_slider elementor-element elementor-element-b639730 e-con-full e-flex ae-bg-gallery-type-default e-con e-child\" role=\"region\" aria-labelledby=\"e-n-accordion-item-2621\" data-id=\"b639730\" data-element_type=\"container\" data-e-type=\"container\">\n\t\t\t\t<div class=\"elementor-element elementor-element-1fc6bfb elementor-widget elementor-widget-text-editor\" data-id=\"1fc6bfb\" data-element_type=\"widget\" data-e-type=\"widget\" data-widget_type=\"text-editor.default\">\n\t\t\t\t<div class=\"elementor-widget-container\">\n\t\t\t\t\t\t\t\t\t<ul><li><strong>Descripci\u00f3n del Proceso:<\/strong> Despu\u00e9s del sacrificio, las canales deben ser enfriadas r\u00e1pidamente (pre-enfriamiento) y luego sometidas a un proceso de oreo para iniciar la maduraci\u00f3n.<\/li><li><strong>Temperatura y Humedad Requeridas:<\/strong> Para el pre-enfriamiento, son vitales temperaturas objetivo de <strong>0-2\u00b0C con alta velocidad de aire<\/strong> en las fases iniciales. Esto permite bajar r\u00e1pidamente la temperatura interna de las canales e inhibir el crecimiento bacteriano. El oreo posterior requiere un control preciso de <strong>temperatura y humedad<\/strong> (t\u00edpicamente entre 0-4\u00b0C, con humedad controlada para evitar desecaci\u00f3n) para prevenir mermas por deshidrataci\u00f3n y asegurar las primeras etapas de transformaci\u00f3n del m\u00fasculo en carne (rigor mortis y maduraci\u00f3n inicial).<\/li><li><strong>Tipo de Equipamiento:<\/strong> T\u00faneles de enfriamiento r\u00e1pido, c\u00e1maras de oreo con sistemas de ventilaci\u00f3n forzada y control de humedad.<\/li><li><strong>Impacto de Fallos:<\/strong> Un enfriamiento lento aumenta el riesgo de crecimiento microbiano, reduce la vida \u00fatil, y puede provocar problemas de calidad como el acortamiento por fr\u00edo. Un control deficiente del oreo lleva a mermas de peso significativas y una maduraci\u00f3n inadecuada.<\/li><li><strong>Desaf\u00edos Particulares:<\/strong> Altas cargas t\u00e9rmicas de las canales reci\u00e9n sacrificadas, necesidad de rapidez y uniformidad en el enfriamiento, y gesti\u00f3n de la condensaci\u00f3n y el vapor de agua.<\/li><\/ul>\t\t\t\t\t\t\t\t<\/div>\n\t\t\t\t<\/div>\n\t\t\t\t<\/div>\n\t\t\t\t\t<\/details>\n\t\t\t\t\t\t<details id=\"e-n-accordion-item-2622\" class=\"e-n-accordion-item\" >\n\t\t\t\t<summary class=\"e-n-accordion-item-title\" data-accordion-index=\"3\" tabindex=\"-1\" aria-expanded=\"false\" aria-controls=\"e-n-accordion-item-2622\" >\n\t\t\t\t\t<span class='e-n-accordion-item-title-header'><div class=\"e-n-accordion-item-title-text\"> 3. Salas de Despiece y Fileteado <\/div><\/span>\n\t\t\t\t\t\t\t<span class='e-n-accordion-item-title-icon'>\n\t\t\t<span class='e-opened' ><svg aria-hidden=\"true\" class=\"e-font-icon-svg e-fas-minus\" viewBox=\"0 0 448 512\" xmlns=\"http:\/\/www.w3.org\/2000\/svg\"><path d=\"M416 208H32c-17.67 0-32 14.33-32 32v32c0 17.67 14.33 32 32 32h384c17.67 0 32-14.33 32-32v-32c0-17.67-14.33-32-32-32z\"><\/path><\/svg><\/span>\n\t\t\t<span class='e-closed'><svg aria-hidden=\"true\" class=\"e-font-icon-svg e-fas-plus\" viewBox=\"0 0 448 512\" xmlns=\"http:\/\/www.w3.org\/2000\/svg\"><path d=\"M416 208H272V64c0-17.67-14.33-32-32-32h-32c-17.67 0-32 14.33-32 32v144H32c-17.67 0-32 14.33-32 32v32c0 17.67 14.33 32 32 32h144v144c0 17.67 14.33 32 32 32h32c17.67 0 32-14.33 32-32V304h144c17.67 0 32-14.33 32-32v-32c0-17.67-14.33-32-32-32z\"><\/path><\/svg><\/span>\n\t\t<\/span>\n\n\t\t\t\t\t\t<\/summary>\n\t\t\t\t<div class=\"has_ae_slider elementor-element elementor-element-0941a05 e-con-full e-flex ae-bg-gallery-type-default e-con e-child\" role=\"region\" aria-labelledby=\"e-n-accordion-item-2622\" data-id=\"0941a05\" data-element_type=\"container\" data-e-type=\"container\">\n\t\t\t\t<div class=\"elementor-element elementor-element-3c3bf24 elementor-widget elementor-widget-text-editor\" data-id=\"3c3bf24\" data-element_type=\"widget\" data-e-type=\"widget\" data-widget_type=\"text-editor.default\">\n\t\t\t\t<div class=\"elementor-widget-container\">\n\t\t\t\t\t\t\t\t\t<ul><li><strong>Descripci\u00f3n del Proceso:<\/strong> En estas \u00e1reas, las canales se fraccionan en cortes m\u00e1s peque\u00f1os, se deshuesan y se preparan para su posterior envasado o elaboraci\u00f3n.<\/li><li><strong>Temperatura y Humedad Requeridas:<\/strong> Estas zonas deben mantenerse a temperaturas controladas, frecuentemente <strong>por debajo de 7-12\u00b0C<\/strong> para la temperatura ambiente, asegurando que la carne manipulada se mantenga <strong>siempre por debajo de 7\u00b0C<\/strong> (y despojos por debajo de 3\u00b0C), seg\u00fan la normativa (Reglamento (CE) n\u00ba 853\/2004). El dise\u00f1o debe priorizar la higiene, con <strong>renovaciones de aire adecuadas<\/strong> y <strong>filtraci\u00f3n<\/strong> para limitar el crecimiento microbiano durante la manipulaci\u00f3n. La humedad debe controlarse para evitar la condensaci\u00f3n y la desecaci\u00f3n.<\/li><li><strong>Tipo de Equipamiento:<\/strong> Climatizadores industriales, unidades de tratamiento de aire (UTA) con sistemas de filtraci\u00f3n y control de humedad, sistemas de ventilaci\u00f3n con presi\u00f3n positiva.<\/li><li><strong>Impacto de Fallos:<\/strong> Temperaturas elevadas en estas salas aceleran el crecimiento bacteriano en la superficie de la carne, comprometiendo la seguridad y reduciendo la vida \u00fatil del producto final. El incumplimiento normativo puede resultar en sanciones.<\/li><li><strong>Desaf\u00edos Particulares:<\/strong> Cargas t\u00e9rmicas variables generadas por el personal y la maquinaria, la necesidad de un dise\u00f1o higi\u00e9nico que facilite la limpieza profunda y el control de part\u00edculas en el aire.<\/li><\/ul>\t\t\t\t\t\t\t\t<\/div>\n\t\t\t\t<\/div>\n\t\t\t\t<\/div>\n\t\t\t\t\t<\/details>\n\t\t\t\t\t\t<details id=\"e-n-accordion-item-2623\" class=\"e-n-accordion-item\" >\n\t\t\t\t<summary class=\"e-n-accordion-item-title\" data-accordion-index=\"4\" tabindex=\"-1\" aria-expanded=\"false\" aria-controls=\"e-n-accordion-item-2623\" >\n\t\t\t\t\t<span class='e-n-accordion-item-title-header'><div class=\"e-n-accordion-item-title-text\"> 4. Congelaci\u00f3n y Ultracongelaci\u00f3n (T\u00faneles de Congelaci\u00f3n) <\/div><\/span>\n\t\t\t\t\t\t\t<span class='e-n-accordion-item-title-icon'>\n\t\t\t<span class='e-opened' ><svg aria-hidden=\"true\" class=\"e-font-icon-svg e-fas-minus\" viewBox=\"0 0 448 512\" xmlns=\"http:\/\/www.w3.org\/2000\/svg\"><path d=\"M416 208H32c-17.67 0-32 14.33-32 32v32c0 17.67 14.33 32 32 32h384c17.67 0 32-14.33 32-32v-32c0-17.67-14.33-32-32-32z\"><\/path><\/svg><\/span>\n\t\t\t<span class='e-closed'><svg aria-hidden=\"true\" class=\"e-font-icon-svg e-fas-plus\" viewBox=\"0 0 448 512\" xmlns=\"http:\/\/www.w3.org\/2000\/svg\"><path d=\"M416 208H272V64c0-17.67-14.33-32-32-32h-32c-17.67 0-32 14.33-32 32v144H32c-17.67 0-32 14.33-32 32v32c0 17.67 14.33 32 32 32h144v144c0 17.67 14.33 32 32 32h32c17.67 0 32-14.33 32-32V304h144c17.67 0 32-14.33 32-32v-32c0-17.67-14.33-32-32-32z\"><\/path><\/svg><\/span>\n\t\t<\/span>\n\n\t\t\t\t\t\t<\/summary>\n\t\t\t\t<div class=\"has_ae_slider elementor-element elementor-element-cce54ff e-con-full e-flex ae-bg-gallery-type-default e-con e-child\" role=\"region\" aria-labelledby=\"e-n-accordion-item-2623\" data-id=\"cce54ff\" data-element_type=\"container\" data-e-type=\"container\">\n\t\t\t\t<div class=\"elementor-element elementor-element-00ada1c elementor-widget elementor-widget-text-editor\" data-id=\"00ada1c\" data-element_type=\"widget\" data-e-type=\"widget\" data-widget_type=\"text-editor.default\">\n\t\t\t\t<div class=\"elementor-widget-container\">\n\t\t\t\t\t\t\t\t\t<ul><li><strong>Descripci\u00f3n del Proceso:<\/strong> Para productos de larga conservaci\u00f3n, se aplica la congelaci\u00f3n o ultracongelaci\u00f3n.<\/li><li><strong>Temperatura y Humedad Requeridas:<\/strong> Para la congelaci\u00f3n r\u00e1pida, se requieren temperaturas extremadamente bajas, entre <strong>-35\u00b0C y -40\u00b0C<\/strong>, que garanticen la formaci\u00f3n de microcristales de hielo, preservando la estructura celular del producto.<\/li><li><strong>Tipo de Equipamiento:<\/strong> T\u00faneles de congelaci\u00f3n est\u00e1ticos o continuos (espirales, lineales), c\u00e1maras de ultracongelaci\u00f3n.<\/li><li><strong>Impacto de Fallos:<\/strong> Formaci\u00f3n de macrocristales de hielo que da\u00f1an la textura de la carne (\u00abquemadura por fr\u00edo\u00bb), p\u00e9rdida de jugosidad, disminuci\u00f3n de la calidad organol\u00e9ptica y reducci\u00f3n de la vida \u00fatil en congelaci\u00f3n.<\/li><li><strong>Desaf\u00edos Particulares:<\/strong> Altas demandas energ\u00e9ticas, necesidad de sistemas de desescarche eficientes y gesti\u00f3n de grandes vol\u00famenes de producto en un corto per\u00edodo.<\/li><\/ul>\t\t\t\t\t\t\t\t<\/div>\n\t\t\t\t<\/div>\n\t\t\t\t<\/div>\n\t\t\t\t\t<\/details>\n\t\t\t\t\t\t<details id=\"e-n-accordion-item-2624\" class=\"e-n-accordion-item\" >\n\t\t\t\t<summary class=\"e-n-accordion-item-title\" data-accordion-index=\"5\" tabindex=\"-1\" aria-expanded=\"false\" aria-controls=\"e-n-accordion-item-2624\" >\n\t\t\t\t\t<span class='e-n-accordion-item-title-header'><div class=\"e-n-accordion-item-title-text\"> 5. Almacenamiento de Producto Terminado Congelado y Refrigerado <\/div><\/span>\n\t\t\t\t\t\t\t<span class='e-n-accordion-item-title-icon'>\n\t\t\t<span class='e-opened' ><svg aria-hidden=\"true\" class=\"e-font-icon-svg e-fas-minus\" viewBox=\"0 0 448 512\" xmlns=\"http:\/\/www.w3.org\/2000\/svg\"><path d=\"M416 208H32c-17.67 0-32 14.33-32 32v32c0 17.67 14.33 32 32 32h384c17.67 0 32-14.33 32-32v-32c0-17.67-14.33-32-32-32z\"><\/path><\/svg><\/span>\n\t\t\t<span class='e-closed'><svg aria-hidden=\"true\" class=\"e-font-icon-svg e-fas-plus\" viewBox=\"0 0 448 512\" xmlns=\"http:\/\/www.w3.org\/2000\/svg\"><path d=\"M416 208H272V64c0-17.67-14.33-32-32-32h-32c-17.67 0-32 14.33-32 32v144H32c-17.67 0-32 14.33-32 32v32c0 17.67 14.33 32 32 32h144v144c0 17.67 14.33 32 32 32h32c17.67 0 32-14.33 32-32V304h144c17.67 0 32-14.33 32-32v-32c0-17.67-14.33-32-32-32z\"><\/path><\/svg><\/span>\n\t\t<\/span>\n\n\t\t\t\t\t\t<\/summary>\n\t\t\t\t<div class=\"has_ae_slider elementor-element elementor-element-bddd7bb e-con-full e-flex ae-bg-gallery-type-default e-con e-child\" role=\"region\" aria-labelledby=\"e-n-accordion-item-2624\" data-id=\"bddd7bb\" data-element_type=\"container\" data-e-type=\"container\">\n\t\t\t\t<div class=\"elementor-element elementor-element-e25105e elementor-widget elementor-widget-text-editor\" data-id=\"e25105e\" data-element_type=\"widget\" data-e-type=\"widget\" data-widget_type=\"text-editor.default\">\n\t\t\t\t<div class=\"elementor-widget-container\">\n\t\t\t\t\t\t\t\t\t<ul><li><strong>Descripci\u00f3n del Proceso:<\/strong> Conservaci\u00f3n de los productos c\u00e1rnicos, ya sean frescos o congelados, antes de su expedici\u00f3n.<\/li><li><strong>Temperatura y Humedad Requeridas:<\/strong> Para productos refrigerados, entre <strong>0\u00b0C y 4\u00b0C<\/strong>. Para productos congelados, se mantienen entre <strong>-18\u00b0C y -25\u00b0C<\/strong>. La estabilidad es la clave para evitar ciclos de congelaci\u00f3n-descongelaci\u00f3n parcial.<\/li><li><strong>Tipo de Equipamiento:<\/strong> C\u00e1maras de conservaci\u00f3n de gran capacidad, estanter\u00edas espec\u00edficas para optimizar el flujo de aire.<\/li><li><strong>Impacto de Fallos:<\/strong> Degradaci\u00f3n de la calidad, riesgo de crecimiento microbiano, p\u00e9rdida de peso por sublimaci\u00f3n en productos congelados (\u00abquemadura por congelaci\u00f3n\u00bb), y posibles retiros de producto.<\/li><li><strong>Desaf\u00edos Particulares:<\/strong> Mantenimiento de la uniformidad de la temperatura en grandes vol\u00famenes, gesti\u00f3n de la energ\u00eda para sistemas de gran escala, y minimizaci\u00f3n de p\u00e9rdidas por apertura de puertas.<\/li><\/ul>\t\t\t\t\t\t\t\t<\/div>\n\t\t\t\t<\/div>\n\t\t\t\t<\/div>\n\t\t\t\t\t<\/details>\n\t\t\t\t\t\t<details id=\"e-n-accordion-item-2625\" class=\"e-n-accordion-item\" >\n\t\t\t\t<summary class=\"e-n-accordion-item-title\" data-accordion-index=\"6\" tabindex=\"-1\" aria-expanded=\"false\" aria-controls=\"e-n-accordion-item-2625\" >\n\t\t\t\t\t<span class='e-n-accordion-item-title-header'><div class=\"e-n-accordion-item-title-text\"> 6. Muelles de Carga y Expedici\u00f3n <\/div><\/span>\n\t\t\t\t\t\t\t<span class='e-n-accordion-item-title-icon'>\n\t\t\t<span class='e-opened' ><svg aria-hidden=\"true\" class=\"e-font-icon-svg e-fas-minus\" viewBox=\"0 0 448 512\" xmlns=\"http:\/\/www.w3.org\/2000\/svg\"><path d=\"M416 208H32c-17.67 0-32 14.33-32 32v32c0 17.67 14.33 32 32 32h384c17.67 0 32-14.33 32-32v-32c0-17.67-14.33-32-32-32z\"><\/path><\/svg><\/span>\n\t\t\t<span class='e-closed'><svg aria-hidden=\"true\" class=\"e-font-icon-svg e-fas-plus\" viewBox=\"0 0 448 512\" xmlns=\"http:\/\/www.w3.org\/2000\/svg\"><path d=\"M416 208H272V64c0-17.67-14.33-32-32-32h-32c-17.67 0-32 14.33-32 32v144H32c-17.67 0-32 14.33-32 32v32c0 17.67 14.33 32 32 32h144v144c0 17.67 14.33 32 32 32h32c17.67 0 32-14.33 32-32V304h144c17.67 0 32-14.33 32-32v-32c0-17.67-14.33-32-32-32z\"><\/path><\/svg><\/span>\n\t\t<\/span>\n\n\t\t\t\t\t\t<\/summary>\n\t\t\t\t<div class=\"has_ae_slider elementor-element elementor-element-b1c1e48 e-con-full e-flex ae-bg-gallery-type-default e-con e-child\" role=\"region\" aria-labelledby=\"e-n-accordion-item-2625\" data-id=\"b1c1e48\" data-element_type=\"container\" data-e-type=\"container\">\n\t\t\t\t<div class=\"elementor-element elementor-element-0d15bf5 elementor-widget elementor-widget-text-editor\" data-id=\"0d15bf5\" data-element_type=\"widget\" data-e-type=\"widget\" data-widget_type=\"text-editor.default\">\n\t\t\t\t<div class=\"elementor-widget-container\">\n\t\t\t\t\t\t\t\t\t<ul><li><strong>Descripci\u00f3n del Proceso:<\/strong> Estas son las zonas de transici\u00f3n donde el producto terminado es cargado en los veh\u00edculos de transporte para su distribuci\u00f3n.<\/li><li><strong>Temperatura y Humedad Requeridas:<\/strong> Estas zonas deben estar refrigeradas, t\u00edpicamente entre <strong>0-7\u00b0C<\/strong>, para evitar romper la cadena de fr\u00edo durante la carga y descarga. Es crucial minimizar el tiempo de exposici\u00f3n de la carne a temperaturas ambiente m\u00e1s elevadas.<\/li><li><strong>Tipo de Equipamiento:<\/strong> Muelles refrigerados, puertas r\u00e1pidas o abrigos de muelle, y sistemas de climatizaci\u00f3n que compensen las aperturas frecuentes.<\/li><li><strong>Impacto de Fallos:<\/strong> Una ruptura en la cadena de fr\u00edo en esta etapa final puede anular los esfuerzos de refrigeraci\u00f3n previos, favoreciendo el crecimiento bacteriano y el deterioro del producto justo antes de su env\u00edo al cliente.<\/li><li><strong>Desaf\u00edos Particulares:<\/strong> Flujo constante de mercanc\u00eda, necesidad de sellado eficiente entre el muelle y el veh\u00edculo, y compensaci\u00f3n r\u00e1pida de las fluctuaciones t\u00e9rmicas.<\/li><\/ul>\t\t\t\t\t\t\t\t<\/div>\n\t\t\t\t<\/div>\n\t\t\t\t<\/div>\n\t\t\t\t\t<\/details>\n\t\t\t\t\t<\/div>\n\t\t\t\t\t\t<\/div>\n\t\t\t\t<\/div>\n\t\t\t\t<div class=\"elementor-element elementor-element-afa04a7 elementor-widget elementor-widget-heading\" data-id=\"afa04a7\" data-element_type=\"widget\" data-e-type=\"widget\" data-widget_type=\"heading.default\">\n\t\t\t\t<div class=\"elementor-widget-container\">\n\t\t\t\t\t<h2 class=\"elementor-heading-title elementor-size-default\">Beneficios de un sistema de refrigeraci\u00f3n optimizado y bien mantenido para tu empresa<\/h2>\t\t\t\t<\/div>\n\t\t\t\t<\/div>\n\t\t\t\t<div class=\"elementor-element elementor-element-6a60d0b elementor-widget elementor-widget-text-editor\" data-id=\"6a60d0b\" data-element_type=\"widget\" data-e-type=\"widget\" data-widget_type=\"text-editor.default\">\n\t\t\t\t<div class=\"elementor-widget-container\">\n\t\t\t\t\t\t\t\t\t<p>Invertir en un sistema de refrigeraci\u00f3n industrial de vanguardia y asegurar su mantenimiento adecuado no es un gasto, sino una <strong>inversi\u00f3n estrat\u00e9gica<\/strong> que genera un retorno significativo en m\u00faltiples frentes:<\/p>\t\t\t\t\t\t\t\t<\/div>\n\t\t\t\t<\/div>\n\t\t\t\t<div class=\"elementor-element elementor-element-849c20f elementor-widget elementor-widget-n-accordion\" data-id=\"849c20f\" data-element_type=\"widget\" data-e-type=\"widget\" data-settings=\"{&quot;default_state&quot;:&quot;expanded&quot;,&quot;max_items_expended&quot;:&quot;one&quot;,&quot;n_accordion_animation_duration&quot;:{&quot;unit&quot;:&quot;ms&quot;,&quot;size&quot;:400,&quot;sizes&quot;:[]}}\" data-widget_type=\"nested-accordion.default\">\n\t\t\t\t<div class=\"elementor-widget-container\">\n\t\t\t\t\t\t\t<div class=\"e-n-accordion\" aria-label=\"Accordion. Open links with Enter or Space, close with Escape, and navigate with Arrow Keys\">\n\t\t\t\t\t\t<details id=\"e-n-accordion-item-1390\" class=\"e-n-accordion-item\" open>\n\t\t\t\t<summary class=\"e-n-accordion-item-title\" data-accordion-index=\"1\" tabindex=\"0\" aria-expanded=\"true\" aria-controls=\"e-n-accordion-item-1390\" >\n\t\t\t\t\t<span class='e-n-accordion-item-title-header'><div class=\"e-n-accordion-item-title-text\"> 1. Aumento de la Eficiencia Operativa <\/div><\/span>\n\t\t\t\t\t\t\t<span class='e-n-accordion-item-title-icon'>\n\t\t\t<span class='e-opened' ><svg aria-hidden=\"true\" class=\"e-font-icon-svg e-fas-minus\" viewBox=\"0 0 448 512\" xmlns=\"http:\/\/www.w3.org\/2000\/svg\"><path d=\"M416 208H32c-17.67 0-32 14.33-32 32v32c0 17.67 14.33 32 32 32h384c17.67 0 32-14.33 32-32v-32c0-17.67-14.33-32-32-32z\"><\/path><\/svg><\/span>\n\t\t\t<span class='e-closed'><svg aria-hidden=\"true\" class=\"e-font-icon-svg e-fas-plus\" viewBox=\"0 0 448 512\" xmlns=\"http:\/\/www.w3.org\/2000\/svg\"><path d=\"M416 208H272V64c0-17.67-14.33-32-32-32h-32c-17.67 0-32 14.33-32 32v144H32c-17.67 0-32 14.33-32 32v32c0 17.67 14.33 32 32 32h144v144c0 17.67 14.33 32 32 32h32c17.67 0 32-14.33 32-32V304h144c17.67 0 32-14.33 32-32v-32c0-17.67-14.33-32-32-32z\"><\/path><\/svg><\/span>\n\t\t<\/span>\n\n\t\t\t\t\t\t<\/summary>\n\t\t\t\t<div class=\"has_ae_slider elementor-element elementor-element-06f99f9 e-con-full e-flex ae-bg-gallery-type-default e-con e-child\" role=\"region\" aria-labelledby=\"e-n-accordion-item-1390\" data-id=\"06f99f9\" data-element_type=\"container\" data-e-type=\"container\">\n\t\t\t\t<div class=\"elementor-element elementor-element-d207108 elementor-widget elementor-widget-text-editor\" data-id=\"d207108\" data-element_type=\"widget\" data-e-type=\"widget\" data-widget_type=\"text-editor.default\">\n\t\t\t\t<div class=\"elementor-widget-container\">\n\t\t\t\t\t\t\t\t\t<ul><li><strong>Reducci\u00f3n de Mermas y Desperdicios:<\/strong> Un control preciso de la temperatura y humedad minimiza la p\u00e9rdida de peso del producto por deshidrataci\u00f3n y previene el deterioro, lo que se traduce en una mayor cantidad de producto apto para la venta.<\/li><li><strong>Optimizaci\u00f3n de Tiempos de Producci\u00f3n y Procesos:<\/strong> Sistemas de enfriamiento eficientes permiten reducir los tiempos de espera entre etapas, agilizando el flujo de producci\u00f3n.<\/li><li><strong>Reducci\u00f3n de Tiempos de Inactividad:<\/strong> Un mantenimiento preventivo y predictivo reduce la probabilidad de aver\u00edas inesperadas, evitando paradas de producci\u00f3n costosas.<\/li><li><strong>Mejora de la Calidad y Homogeneidad del Producto:<\/strong> Las condiciones \u00f3ptimas de refrigeraci\u00f3n aseguran que la carne mantenga sus propiedades organol\u00e9pticas (color, textura, sabor) y su frescura por m\u00e1s tiempo, aumentando la satisfacci\u00f3n del cliente.<\/li><\/ul>\t\t\t\t\t\t\t\t<\/div>\n\t\t\t\t<\/div>\n\t\t\t\t<\/div>\n\t\t\t\t\t<\/details>\n\t\t\t\t\t\t<details id=\"e-n-accordion-item-1391\" class=\"e-n-accordion-item\" >\n\t\t\t\t<summary class=\"e-n-accordion-item-title\" data-accordion-index=\"2\" tabindex=\"-1\" aria-expanded=\"false\" aria-controls=\"e-n-accordion-item-1391\" >\n\t\t\t\t\t<span class='e-n-accordion-item-title-header'><div class=\"e-n-accordion-item-title-text\"> 2. Cumplimiento Normativo y Seguridad Alimentaria <\/div><\/span>\n\t\t\t\t\t\t\t<span class='e-n-accordion-item-title-icon'>\n\t\t\t<span class='e-opened' ><svg aria-hidden=\"true\" class=\"e-font-icon-svg e-fas-minus\" viewBox=\"0 0 448 512\" xmlns=\"http:\/\/www.w3.org\/2000\/svg\"><path d=\"M416 208H32c-17.67 0-32 14.33-32 32v32c0 17.67 14.33 32 32 32h384c17.67 0 32-14.33 32-32v-32c0-17.67-14.33-32-32-32z\"><\/path><\/svg><\/span>\n\t\t\t<span class='e-closed'><svg aria-hidden=\"true\" class=\"e-font-icon-svg e-fas-plus\" viewBox=\"0 0 448 512\" xmlns=\"http:\/\/www.w3.org\/2000\/svg\"><path d=\"M416 208H272V64c0-17.67-14.33-32-32-32h-32c-17.67 0-32 14.33-32 32v144H32c-17.67 0-32 14.33-32 32v32c0 17.67 14.33 32 32 32h144v144c0 17.67 14.33 32 32 32h32c17.67 0 32-14.33 32-32V304h144c17.67 0 32-14.33 32-32v-32c0-17.67-14.33-32-32-32z\"><\/path><\/svg><\/span>\n\t\t<\/span>\n\n\t\t\t\t\t\t<\/summary>\n\t\t\t\t<div class=\"has_ae_slider elementor-element elementor-element-5cda5d7 e-con-full e-flex ae-bg-gallery-type-default e-con e-child\" role=\"region\" aria-labelledby=\"e-n-accordion-item-1391\" data-id=\"5cda5d7\" data-element_type=\"container\" data-e-type=\"container\">\n\t\t\t\t<div class=\"elementor-element elementor-element-7177e13 elementor-widget elementor-widget-text-editor\" data-id=\"7177e13\" data-element_type=\"widget\" data-e-type=\"widget\" data-widget_type=\"text-editor.default\">\n\t\t\t\t<div class=\"elementor-widget-container\">\n\t\t\t\t\t\t\t\t\t<ul><li><strong>Adherencia a Regulaciones Sanitarias y de Seguridad:<\/strong> Un sistema robusto garantiza el cumplimiento de normativas estrictas como <strong>APPCC (An\u00e1lisis de Peligros y Puntos Cr\u00edticos de Control)<\/strong>, <strong>IFS (International Featured Standards)<\/strong>, <strong>BRC (British Retail Consortium)<\/strong> y otras regulaciones espec\u00edficas del sector c\u00e1rnico. Esto es fundamental para evitar sanciones, cierres de planta y problemas legales.<\/li><li><strong>Prevenci\u00f3n de Sanciones y P\u00e9rdida de Reputaci\u00f3n:<\/strong> Un sistema de refrigeraci\u00f3n deficiente puede llevar a la retirada de productos del mercado, lo que no solo implica p\u00e9rdidas econ\u00f3micas directas sino tambi\u00e9n un da\u00f1o irreparable a la imagen de la marca.<\/li><li><strong>Protecci\u00f3n de la Salud del Consumidor:<\/strong> La refrigeraci\u00f3n adecuada es la barrera m\u00e1s importante contra el crecimiento de pat\u00f3genos, garantizando la inocuidad de los alimentos y la seguridad del consumidor final.<\/li><\/ul>\t\t\t\t\t\t\t\t<\/div>\n\t\t\t\t<\/div>\n\t\t\t\t<\/div>\n\t\t\t\t\t<\/details>\n\t\t\t\t\t\t<details id=\"e-n-accordion-item-1392\" class=\"e-n-accordion-item\" >\n\t\t\t\t<summary class=\"e-n-accordion-item-title\" data-accordion-index=\"3\" tabindex=\"-1\" aria-expanded=\"false\" aria-controls=\"e-n-accordion-item-1392\" >\n\t\t\t\t\t<span class='e-n-accordion-item-title-header'><div class=\"e-n-accordion-item-title-text\"> 3. Ahorro de Costos a Largo Plazo <\/div><\/span>\n\t\t\t\t\t\t\t<span class='e-n-accordion-item-title-icon'>\n\t\t\t<span class='e-opened' ><svg aria-hidden=\"true\" class=\"e-font-icon-svg e-fas-minus\" viewBox=\"0 0 448 512\" xmlns=\"http:\/\/www.w3.org\/2000\/svg\"><path d=\"M416 208H32c-17.67 0-32 14.33-32 32v32c0 17.67 14.33 32 32 32h384c17.67 0 32-14.33 32-32v-32c0-17.67-14.33-32-32-32z\"><\/path><\/svg><\/span>\n\t\t\t<span class='e-closed'><svg aria-hidden=\"true\" class=\"e-font-icon-svg e-fas-plus\" viewBox=\"0 0 448 512\" xmlns=\"http:\/\/www.w3.org\/2000\/svg\"><path d=\"M416 208H272V64c0-17.67-14.33-32-32-32h-32c-17.67 0-32 14.33-32 32v144H32c-17.67 0-32 14.33-32 32v32c0 17.67 14.33 32 32 32h144v144c0 17.67 14.33 32 32 32h32c17.67 0 32-14.33 32-32V304h144c17.67 0 32-14.33 32-32v-32c0-17.67-14.33-32-32-32z\"><\/path><\/svg><\/span>\n\t\t<\/span>\n\n\t\t\t\t\t\t<\/summary>\n\t\t\t\t<div class=\"has_ae_slider elementor-element elementor-element-69ed45a e-con-full e-flex ae-bg-gallery-type-default e-con e-child\" role=\"region\" aria-labelledby=\"e-n-accordion-item-1392\" data-id=\"69ed45a\" data-element_type=\"container\" data-e-type=\"container\">\n\t\t\t\t<div class=\"elementor-element elementor-element-10ad70f elementor-widget elementor-widget-text-editor\" data-id=\"10ad70f\" data-element_type=\"widget\" data-e-type=\"widget\" data-widget_type=\"text-editor.default\">\n\t\t\t\t<div class=\"elementor-widget-container\">\n\t\t\t\t\t\t\t\t\t<ul><li><strong>Reducci\u00f3n del Consumo Energ\u00e9tico:<\/strong> Los sistemas modernos y eficientes de refrigeraci\u00f3n, con tecnolog\u00edas de recuperaci\u00f3n de calor y control avanzado, consumen significativamente menos energ\u00eda, lo que se traduce en una dr\u00e1stica reducci\u00f3n de las facturas el\u00e9ctricas.<\/li><li><strong>Menores Costos de Mantenimiento y Reparaciones Imprevistas:<\/strong> Un dise\u00f1o adecuado, equipos de calidad y un plan de mantenimiento proactivo minimizan la necesidad de reparaciones urgentes y costosas.<\/li><li><strong>Mayor Vida \u00datil de los Equipos:<\/strong> La inversi\u00f3n en equipos de alta calidad y su mantenimiento adecuado prolonga su vida \u00fatil, posponiendo la necesidad de grandes inversiones de capital para reemplazo.<\/li><\/ul>\t\t\t\t\t\t\t\t<\/div>\n\t\t\t\t<\/div>\n\t\t\t\t<\/div>\n\t\t\t\t\t<\/details>\n\t\t\t\t\t\t<details id=\"e-n-accordion-item-1393\" class=\"e-n-accordion-item\" >\n\t\t\t\t<summary class=\"e-n-accordion-item-title\" data-accordion-index=\"4\" tabindex=\"-1\" aria-expanded=\"false\" aria-controls=\"e-n-accordion-item-1393\" >\n\t\t\t\t\t<span class='e-n-accordion-item-title-header'><div class=\"e-n-accordion-item-title-text\"> 4. Sostenibilidad y Responsabilidad Social Corporativa (RSC) <\/div><\/span>\n\t\t\t\t\t\t\t<span class='e-n-accordion-item-title-icon'>\n\t\t\t<span class='e-opened' ><svg aria-hidden=\"true\" class=\"e-font-icon-svg e-fas-minus\" viewBox=\"0 0 448 512\" xmlns=\"http:\/\/www.w3.org\/2000\/svg\"><path d=\"M416 208H32c-17.67 0-32 14.33-32 32v32c0 17.67 14.33 32 32 32h384c17.67 0 32-14.33 32-32v-32c0-17.67-14.33-32-32-32z\"><\/path><\/svg><\/span>\n\t\t\t<span class='e-closed'><svg aria-hidden=\"true\" class=\"e-font-icon-svg e-fas-plus\" viewBox=\"0 0 448 512\" xmlns=\"http:\/\/www.w3.org\/2000\/svg\"><path d=\"M416 208H272V64c0-17.67-14.33-32-32-32h-32c-17.67 0-32 14.33-32 32v144H32c-17.67 0-32 14.33-32 32v32c0 17.67 14.33 32 32 32h144v144c0 17.67 14.33 32 32 32h32c17.67 0 32-14.33 32-32V304h144c17.67 0 32-14.33 32-32v-32c0-17.67-14.33-32-32-32z\"><\/path><\/svg><\/span>\n\t\t<\/span>\n\n\t\t\t\t\t\t<\/summary>\n\t\t\t\t<div class=\"has_ae_slider elementor-element elementor-element-ec7e681 e-con-full e-flex ae-bg-gallery-type-default e-con e-child\" role=\"region\" aria-labelledby=\"e-n-accordion-item-1393\" data-id=\"ec7e681\" data-element_type=\"container\" data-e-type=\"container\">\n\t\t\t\t<div class=\"elementor-element elementor-element-b90c918 elementor-widget elementor-widget-text-editor\" data-id=\"b90c918\" data-element_type=\"widget\" data-e-type=\"widget\" data-widget_type=\"text-editor.default\">\n\t\t\t\t<div class=\"elementor-widget-container\">\n\t\t\t\t\t\t\t\t\t<ul><li><strong>Reducci\u00f3n de la Huella de Carbono:<\/strong> El uso de refrigerantes naturales (como el amoniaco o el CO2) y sistemas de alta eficiencia energ\u00e9tica contribuye a la reducci\u00f3n de las emisiones de gases de efecto invernadero.<\/li><li><strong>Uso de Refrigerantes Eficientes y Ecol\u00f3gicos:<\/strong> Apostar por tecnolog\u00edas respetuosas con el medio ambiente no solo es una obligaci\u00f3n en muchos casos, sino tambi\u00e9n un valor diferencial para la marca.<\/li><li><strong>Visi\u00f3n a Largo Plazo: Inversiones Rentables y Duraderas:<\/strong> Un enfoque en la sostenibilidad asegura que las soluciones implementadas sean viables y beneficiosas no solo a corto plazo, sino durante toda la vida \u00fatil de la instalaci\u00f3n.<\/li><\/ul>\t\t\t\t\t\t\t\t<\/div>\n\t\t\t\t<\/div>\n\t\t\t\t<\/div>\n\t\t\t\t\t<\/details>\n\t\t\t\t\t<\/div>\n\t\t\t\t\t\t<\/div>\n\t\t\t\t<\/div>\n\t\t\t\t<div class=\"elementor-element elementor-element-9bd402d elementor-widget elementor-widget-image\" data-id=\"9bd402d\" data-element_type=\"widget\" data-e-type=\"widget\" data-widget_type=\"image.default\">\n\t\t\t\t<div class=\"elementor-widget-container\">\n\t\t\t\t\t\t\t\t\t\t\t\t\t\t\t<img loading=\"lazy\" decoding=\"async\" width=\"800\" height=\"534\" src=\"https:\/\/innotecgrupo.com\/industria-empresa\/wp-content\/uploads\/2025\/06\/refrigeracion-industrial-industria-carnica-2-1024x683.jpg\" class=\"attachment-large size-large wp-image-24530\" alt=\"Refrigeraci\u00f3n Industrial en la Industria C\u00e1rnica\" srcset=\"https:\/\/innotecgrupo.com\/industria-empresa\/wp-content\/uploads\/2025\/06\/refrigeracion-industrial-industria-carnica-2-1024x683.jpg 1024w, https:\/\/innotecgrupo.com\/industria-empresa\/wp-content\/uploads\/2025\/06\/refrigeracion-industrial-industria-carnica-2-300x200.jpg 300w, https:\/\/innotecgrupo.com\/industria-empresa\/wp-content\/uploads\/2025\/06\/refrigeracion-industrial-industria-carnica-2-768x513.jpg 768w, https:\/\/innotecgrupo.com\/industria-empresa\/wp-content\/uploads\/2025\/06\/refrigeracion-industrial-industria-carnica-2-1536x1025.jpg 1536w, https:\/\/innotecgrupo.com\/industria-empresa\/wp-content\/uploads\/2025\/06\/refrigeracion-industrial-industria-carnica-2-2048x1367.jpg 2048w\" sizes=\"(max-width: 800px) 100vw, 800px\" \/>\t\t\t\t\t\t\t\t\t\t\t\t\t\t\t<\/div>\n\t\t\t\t<\/div>\n\t\t\t\t<div class=\"elementor-element elementor-element-6c81b00 elementor-widget elementor-widget-heading\" data-id=\"6c81b00\" data-element_type=\"widget\" data-e-type=\"widget\" data-widget_type=\"heading.default\">\n\t\t\t\t<div class=\"elementor-widget-container\">\n\t\t\t\t\t<h2 class=\"elementor-heading-title elementor-size-default\">El impacto positivo de las soluciones de Grupo Innotec<\/h2>\t\t\t\t<\/div>\n\t\t\t\t<\/div>\n\t\t\t\t<div class=\"elementor-element elementor-element-01429de elementor-widget elementor-widget-text-editor\" data-id=\"01429de\" data-element_type=\"widget\" data-e-type=\"widget\" data-widget_type=\"text-editor.default\">\n\t\t\t\t<div class=\"elementor-widget-container\">\n\t\t\t\t\t\t\t\t\t<p>En <strong>Grupo Innotec<\/strong>, entendemos las complejidades y las altas exigencias del sector c\u00e1rnico. Nuestra experiencia y liderazgo en refrigeraci\u00f3n industrial nos permiten ofrecer soluciones que van m\u00e1s all\u00e1 del simple enfriamiento, aportando valor real a su negocio.<\/p>\t\t\t\t\t\t\t\t<\/div>\n\t\t\t\t<\/div>\n\t\t\t\t<div class=\"elementor-element elementor-element-e62d371 elementor-widget elementor-widget-heading\" data-id=\"e62d371\" data-element_type=\"widget\" data-e-type=\"widget\" data-widget_type=\"heading.default\">\n\t\t\t\t<div class=\"elementor-widget-container\">\n\t\t\t\t\t<h3 class=\"elementor-heading-title elementor-size-default\">Experiencia y Liderazgo<\/h3>\t\t\t\t<\/div>\n\t\t\t\t<\/div>\n\t\t\t\t<div class=\"elementor-element elementor-element-94a9acc elementor-widget elementor-widget-text-editor\" data-id=\"94a9acc\" data-element_type=\"widget\" data-e-type=\"widget\" data-widget_type=\"text-editor.default\">\n\t\t\t\t<div class=\"elementor-widget-container\">\n\t\t\t\t\t\t\t\t\t<p>Contamos con una s\u00f3lida trayectoria en el dise\u00f1o, instalaci\u00f3n y mantenimiento de sistemas de refrigeraci\u00f3n para la industria c\u00e1rnica. Nuestro profundo conocimiento de los procesos espec\u00edficos del sector nos permite anticipar desaf\u00edos y dise\u00f1ar soluciones optimizadas para cada necesidad, desde peque\u00f1as salas de despiece hasta grandes complejos industriales.<\/p>\t\t\t\t\t\t\t\t<\/div>\n\t\t\t\t<\/div>\n\t\t\t\t<div class=\"elementor-element elementor-element-0d35d0b elementor-widget elementor-widget-heading\" data-id=\"0d35d0b\" data-element_type=\"widget\" data-e-type=\"widget\" data-widget_type=\"heading.default\">\n\t\t\t\t<div class=\"elementor-widget-container\">\n\t\t\t\t\t<h3 class=\"elementor-heading-title elementor-size-default\">Soluciones Integrales y Personalizadas<\/h3>\t\t\t\t<\/div>\n\t\t\t\t<\/div>\n\t\t\t\t<div class=\"elementor-element elementor-element-df489b8 elementor-widget elementor-widget-text-editor\" data-id=\"df489b8\" data-element_type=\"widget\" data-e-type=\"widget\" data-widget_type=\"text-editor.default\">\n\t\t\t\t<div class=\"elementor-widget-container\">\n\t\t\t\t\t\t\t\t\t<p>En Grupo Innotec, no ofrecemos soluciones est\u00e1ndar. Comprendemos que cada instalaci\u00f3n c\u00e1rnica tiene sus particularidades. Por ello, brindamos un servicio integral que abarca desde la <strong>consultor\u00eda inicial<\/strong> y el <strong>dise\u00f1o a medida<\/strong> de proyectos, hasta la <strong>instalaci\u00f3n, puesta en marcha<\/strong> y el <strong>mantenimiento preventivo y correctivo<\/strong>. Nos adaptamos a sus procesos, vol\u00famenes de producci\u00f3n y objetivos de eficiencia.<\/p>\t\t\t\t\t\t\t\t<\/div>\n\t\t\t\t<\/div>\n\t\t\t\t<div class=\"elementor-element elementor-element-56f05ea elementor-widget elementor-widget-heading\" data-id=\"56f05ea\" data-element_type=\"widget\" data-e-type=\"widget\" data-widget_type=\"heading.default\">\n\t\t\t\t<div class=\"elementor-widget-container\">\n\t\t\t\t\t<h3 class=\"elementor-heading-title elementor-size-default\">Tecnolog\u00eda de Vanguardia<\/h3>\t\t\t\t<\/div>\n\t\t\t\t<\/div>\n\t\t\t\t<div class=\"elementor-element elementor-element-b3e8890 elementor-widget elementor-widget-text-editor\" data-id=\"b3e8890\" data-element_type=\"widget\" data-e-type=\"widget\" data-widget_type=\"text-editor.default\">\n\t\t\t\t<div class=\"elementor-widget-container\">\n\t\t\t\t\t\t\t\t\t<p>Estamos a la vanguardia de la tecnolog\u00eda en refrigeraci\u00f3n industrial. Implementamos los \u00faltimos avances en eficiencia energ\u00e9tica, utilizando <strong>refrigerantes naturales<\/strong> como el amoniaco (NH3) y el CO2 (R744), que no solo son m\u00e1s sostenibles sino tambi\u00e9n altamente eficientes. Integramos sistemas de <strong>recuperaci\u00f3n de calor<\/strong> para aprovechar la energ\u00eda residual, y soluciones de <strong>monitorizaci\u00f3n y control remoto (IoT e Industria 4.0)<\/strong> que permiten supervisar y optimizar el rendimiento en tiempo real, incluso con estacionalidad o variabilidad en la carga de producci\u00f3n.<\/p>\t\t\t\t\t\t\t\t<\/div>\n\t\t\t\t<\/div>\n\t\t\t\t<div class=\"elementor-element elementor-element-dcab689 elementor-widget elementor-widget-heading\" data-id=\"dcab689\" data-element_type=\"widget\" data-e-type=\"widget\" data-widget_type=\"heading.default\">\n\t\t\t\t<div class=\"elementor-widget-container\">\n\t\t\t\t\t<h3 class=\"elementor-heading-title elementor-size-default\">Cumplimiento Normativo y Respaldo T\u00e9cnico<\/h3>\t\t\t\t<\/div>\n\t\t\t\t<\/div>\n\t\t\t\t<div class=\"elementor-element elementor-element-65e3a56 elementor-widget elementor-widget-text-editor\" data-id=\"65e3a56\" data-element_type=\"widget\" data-e-type=\"widget\" data-widget_type=\"text-editor.default\">\n\t\t\t\t<div class=\"elementor-widget-container\">\n\t\t\t\t\t\t\t\t\t<p>La seguridad alimentaria y el cumplimiento normativo son no negociables en el sector c\u00e1rnico. Nuestros sistemas est\u00e1n dise\u00f1ados para cumplir con las normativas m\u00e1s exigentes (APPCC, IFS, BRC, etc.). Adem\u00e1s, ofrecemos un <strong>soporte t\u00e9cnico especializado<\/strong> y continuo. Nuestro equipo de ingenieros y t\u00e9cnicos altamente cualificados est\u00e1 disponible para ofrecer asistencia r\u00e1pida y eficaz, minimizando cualquier posible interrupci\u00f3n en su producci\u00f3n.<\/p>\t\t\t\t\t\t\t\t<\/div>\n\t\t\t\t<\/div>\n\t\t\t\t<div class=\"elementor-element elementor-element-1ed95d8 elementor-widget elementor-widget-heading\" data-id=\"1ed95d8\" data-element_type=\"widget\" data-e-type=\"widget\" data-widget_type=\"heading.default\">\n\t\t\t\t<div class=\"elementor-widget-container\">\n\t\t\t\t\t<h3 class=\"elementor-heading-title elementor-size-default\">Compromiso con la Sostenibilidad<\/h3>\t\t\t\t<\/div>\n\t\t\t\t<\/div>\n\t\t\t\t<div class=\"elementor-element elementor-element-ae72ea8 elementor-widget elementor-widget-text-editor\" data-id=\"ae72ea8\" data-element_type=\"widget\" data-e-type=\"widget\" data-widget_type=\"text-editor.default\">\n\t\t\t\t<div class=\"elementor-widget-container\">\n\t\t\t\t\t\t\t\t\t<p>En Grupo Innotec, estamos firmemente comprometidos con la reducci\u00f3n de la huella de carbono de nuestros clientes. Dise\u00f1amos e implementamos soluciones que no solo optimizan el consumo energ\u00e9tico, sino que tambi\u00e9n promueven el uso de tecnolog\u00edas m\u00e1s limpias y respetuosas con el medio ambiente, contribuyendo a la <strong>Responsabilidad Social Corporativa<\/strong> de su empresa.<\/p>\t\t\t\t\t\t\t\t<\/div>\n\t\t\t\t<\/div>\n\t\t\t\t<div class=\"elementor-element elementor-element-31ec5b5 elementor-widget elementor-widget-image\" data-id=\"31ec5b5\" data-element_type=\"widget\" data-e-type=\"widget\" data-widget_type=\"image.default\">\n\t\t\t\t<div class=\"elementor-widget-container\">\n\t\t\t\t\t\t\t\t\t\t\t\t\t\t\t<img loading=\"lazy\" decoding=\"async\" width=\"800\" height=\"448\" src=\"https:\/\/innotecgrupo.com\/industria-empresa\/wp-content\/uploads\/2025\/06\/refrigeracion-industrial-industria-carnica-3-1024x574.jpg\" class=\"attachment-large size-large wp-image-24531\" alt=\"Refrigeraci\u00f3n Industrial en la Industria C\u00e1rnica\" srcset=\"https:\/\/innotecgrupo.com\/industria-empresa\/wp-content\/uploads\/2025\/06\/refrigeracion-industrial-industria-carnica-3-1024x574.jpg 1024w, https:\/\/innotecgrupo.com\/industria-empresa\/wp-content\/uploads\/2025\/06\/refrigeracion-industrial-industria-carnica-3-300x168.jpg 300w, https:\/\/innotecgrupo.com\/industria-empresa\/wp-content\/uploads\/2025\/06\/refrigeracion-industrial-industria-carnica-3-768x430.jpg 768w, https:\/\/innotecgrupo.com\/industria-empresa\/wp-content\/uploads\/2025\/06\/refrigeracion-industrial-industria-carnica-3-1536x861.jpg 1536w, https:\/\/innotecgrupo.com\/industria-empresa\/wp-content\/uploads\/2025\/06\/refrigeracion-industrial-industria-carnica-3-2048x1148.jpg 2048w\" sizes=\"(max-width: 800px) 100vw, 800px\" \/>\t\t\t\t\t\t\t\t\t\t\t\t\t\t\t<\/div>\n\t\t\t\t<\/div>\n\t\t\t\t<div class=\"elementor-element elementor-element-1cbf62d elementor-widget elementor-widget-heading\" data-id=\"1cbf62d\" data-element_type=\"widget\" data-e-type=\"widget\" data-widget_type=\"heading.default\">\n\t\t\t\t<div class=\"elementor-widget-container\">\n\t\t\t\t\t<h2 class=\"elementor-heading-title elementor-size-default\">Conclusi\u00f3n: Tu aliado estrat\u00e9gico en refrigeraci\u00f3n para la Industria C\u00e1rnica<\/h2>\t\t\t\t<\/div>\n\t\t\t\t<\/div>\n\t\t\t\t<div class=\"elementor-element elementor-element-03b8ac6 elementor-widget elementor-widget-text-editor\" data-id=\"03b8ac6\" data-element_type=\"widget\" data-e-type=\"widget\" data-widget_type=\"text-editor.default\">\n\t\t\t\t<div class=\"elementor-widget-container\">\n\t\t\t\t\t\t\t\t\t<p>La refrigeraci\u00f3n industrial es, sin lugar a dudas, una inversi\u00f3n estrat\u00e9gica y no un mero gasto para cualquier empresa del sector c\u00e1rnico que aspire a la excelencia operativa y a la m\u00e1xima calidad. Una gesti\u00f3n optimizada de la cadena de fr\u00edo, desde la recepci\u00f3n hasta la expedici\u00f3n, se traduce directamente en una mayor seguridad alimentaria, productos de calidad superior que satisfacen al consumidor, un cumplimiento normativo sin fisuras y, fundamentalmente, una mejora sustancial y sostenible de la rentabilidad.<\/p><p>En Grupo Innotec, estamos comprometidos a ser su socio tecnol\u00f3gico de confianza, aportando nuestra experiencia, innovaci\u00f3n y un enfoque centrado en sus necesidades espec\u00edficas para transformar sus sistemas de refrigeraci\u00f3n en verdaderas ventajas competitivas.<\/p>\t\t\t\t\t\t\t\t<\/div>\n\t\t\t\t<\/div>\n\t\t\t\t<div class=\"elementor-element elementor-element-425b06c elementor-widget elementor-widget-heading\" data-id=\"425b06c\" data-element_type=\"widget\" data-e-type=\"widget\" data-widget_type=\"heading.default\">\n\t\t\t\t<div class=\"elementor-widget-container\">\n\t\t\t\t\t<h5 class=\"elementor-heading-title elementor-size-default\">Grupo Innotec \u2013 Innovaci\u00f3n y Eficiencia para la Cadena de Fr\u00edo de la Industria C\u00e1rnica<\/h5>\t\t\t\t<\/div>\n\t\t\t\t<\/div>\n\t\t\t\t<div class=\"elementor-element elementor-element-15570d1 elementor-widget elementor-widget-spacer\" data-id=\"15570d1\" data-element_type=\"widget\" data-e-type=\"widget\" data-widget_type=\"spacer.default\">\n\t\t\t\t<div class=\"elementor-widget-container\">\n\t\t\t\t\t\t\t<div class=\"elementor-spacer\">\n\t\t\t<div class=\"elementor-spacer-inner\"><\/div>\n\t\t<\/div>\n\t\t\t\t\t\t<\/div>\n\t\t\t\t<\/div>\n\t\t\t\t<div class=\"elementor-element elementor-element-1bcdfea elementor-widget elementor-widget-image\" data-id=\"1bcdfea\" data-element_type=\"widget\" data-e-type=\"widget\" data-widget_type=\"image.default\">\n\t\t\t\t<div class=\"elementor-widget-container\">\n\t\t\t\t\t\t\t\t\t\t\t\t\t\t\t<img decoding=\"async\" width=\"200\" height=\"80\" src=\"https:\/\/innotecgrupo.com\/industria-empresa\/wp-content\/uploads\/2025\/06\/podcast.jpg\" class=\"attachment-large size-large wp-image-24534\" alt=\"\" \/>\t\t\t\t\t\t\t\t\t\t\t\t\t\t\t<\/div>\n\t\t\t\t<\/div>\n\t\t\t\t<div class=\"elementor-element elementor-element-cbcd1a5 elementor-widget elementor-widget-wp-widget-media_audio\" data-id=\"cbcd1a5\" data-element_type=\"widget\" data-e-type=\"widget\" data-widget_type=\"wp-widget-media_audio.default\">\n\t\t\t\t<div class=\"elementor-widget-container\">\n\t\t\t\t\t<audio class=\"wp-audio-shortcode\" id=\"audio-24526-2\" preload=\"none\" style=\"width: 100%;\" controls=\"controls\"><source type=\"audio\/mpeg\" src=\"https:\/\/innotecgrupo.com\/industria-empresa\/wp-content\/uploads\/2025\/06\/refrigeracion-industrial-industria-carnica-6.mp3?_=2\" \/><source type=\"audio\/mpeg\" src=\"https:\/\/innotecgrupo.com\/industria-empresa\/wp-content\/uploads\/2025\/06\/refrigeracion-industrial-industria-carnica-6.mp3?_=2\" \/><a href=\"https:\/\/innotecgrupo.com\/industria-empresa\/wp-content\/uploads\/2025\/06\/refrigeracion-industrial-industria-carnica-6.mp3\">https:\/\/innotecgrupo.com\/industria-empresa\/wp-content\/uploads\/2025\/06\/refrigeracion-industrial-industria-carnica-6.mp3<\/a><\/audio>\t\t\t\t<\/div>\n\t\t\t\t<\/div>\n\t\t\t\t<div class=\"elementor-element elementor-element-85c1f32 elementor-widget elementor-widget-spacer\" data-id=\"85c1f32\" data-element_type=\"widget\" data-e-type=\"widget\" data-widget_type=\"spacer.default\">\n\t\t\t\t<div class=\"elementor-widget-container\">\n\t\t\t\t\t\t\t<div class=\"elementor-spacer\">\n\t\t\t<div class=\"elementor-spacer-inner\"><\/div>\n\t\t<\/div>\n\t\t\t\t\t\t<\/div>\n\t\t\t\t<\/div>\n\t\t\t\t\t<\/div>\n\t\t\t\t<\/div>\n\t\t\t\t<\/div>\n\t\t","protected":false},"excerpt":{"rendered":"<p>Bienvenidos a una nueva entrega de nuestra serie \u00abAn\u00e1lisis de la Refrigeraci\u00f3n Industrial en los distintos Sectores productivos\u00bb. En esta ocasi\u00f3n, nos sumergimos en uno de los campos m\u00e1s cr\u00edticos y exigentes para la tecnolog\u00eda de refrigeraci\u00f3n: la industria c\u00e1rnica. La Cadena de Fr\u00edo, coraz\u00f3n vital de la Industria C\u00e1rnica La cadena de fr\u00edo es [&hellip;]<\/p>\n","protected":false},"author":9,"featured_media":24531,"comment_status":"closed","ping_status":"open","sticky":false,"template":"","format":"standard","meta":{"_acf_changed":false,"footnotes":""},"categories":[101],"tags":[],"class_list":["post-24526","post","type-post","status-publish","format-standard","has-post-thumbnail","hentry","category-refrigeracion"],"acf":[],"yoast_head":"<!-- This site is optimized with the Yoast SEO plugin v27.3 - https:\/\/yoast.com\/product\/yoast-seo-wordpress\/ -->\n<title>Refrigeraci\u00f3n Industrial en la Industria C\u00e1rnica: Eficiencia, seguridad y rentabilidad | Innotec<\/title>\n<meta name=\"description\" content=\"Este art\u00edculo explora las exigentes y espec\u00edficas necesidades de refrigeraci\u00f3n industrial que demanda la industria c\u00e1rnica.\" \/>\n<meta name=\"robots\" content=\"index, follow, max-snippet:-1, max-image-preview:large, max-video-preview:-1\" \/>\n<link rel=\"canonical\" href=\"https:\/\/innotecgrupo.com\/industria-empresa\/blog\/refrigeracion-industrial-en-la-industria-carnica-eficiencia-seguridad-y-rentabilidad\/\" \/>\n<meta property=\"og:locale\" content=\"es_ES\" \/>\n<meta property=\"og:type\" content=\"article\" \/>\n<meta property=\"og:title\" content=\"Refrigeraci\u00f3n Industrial en la Industria C\u00e1rnica: Eficiencia, seguridad y rentabilidad | Innotec\" \/>\n<meta property=\"og:description\" content=\"Este art\u00edculo explora las exigentes y espec\u00edficas necesidades de refrigeraci\u00f3n industrial que demanda la industria c\u00e1rnica.\" \/>\n<meta property=\"og:url\" content=\"https:\/\/innotecgrupo.com\/industria-empresa\/blog\/refrigeracion-industrial-en-la-industria-carnica-eficiencia-seguridad-y-rentabilidad\/\" \/>\n<meta property=\"og:site_name\" content=\"Innotec\" \/>\n<meta property=\"article:published_time\" content=\"2025-06-04T17:15:27+00:00\" \/>\n<meta property=\"article:modified_time\" content=\"2025-06-04T17:15:52+00:00\" \/>\n<meta property=\"og:image\" content=\"https:\/\/innotecgrupo.com\/industria-empresa\/wp-content\/uploads\/2025\/06\/refrigeracion-industrial-industria-carnica-3-scaled.jpg\" \/>\n\t<meta property=\"og:image:width\" content=\"2560\" \/>\n\t<meta property=\"og:image:height\" content=\"1435\" \/>\n\t<meta property=\"og:image:type\" content=\"image\/jpeg\" \/>\n<meta name=\"author\" content=\"Manuel Bernal (Socio Fundador)\" \/>\n<meta name=\"twitter:card\" content=\"summary_large_image\" \/>\n<meta name=\"twitter:label1\" content=\"Escrito por\" \/>\n\t<meta name=\"twitter:data1\" content=\"Manuel Bernal (Socio Fundador)\" \/>\n\t<meta name=\"twitter:label2\" content=\"Tiempo de lectura\" \/>\n\t<meta name=\"twitter:data2\" content=\"19 minutos\" \/>\n<script type=\"application\/ld+json\" class=\"yoast-schema-graph\">{\"@context\":\"https:\\\/\\\/schema.org\",\"@graph\":[{\"@type\":\"Article\",\"@id\":\"https:\\\/\\\/innotecgrupo.com\\\/industria-empresa\\\/blog\\\/refrigeracion-industrial-en-la-industria-carnica-eficiencia-seguridad-y-rentabilidad\\\/#article\",\"isPartOf\":{\"@id\":\"https:\\\/\\\/innotecgrupo.com\\\/industria-empresa\\\/blog\\\/refrigeracion-industrial-en-la-industria-carnica-eficiencia-seguridad-y-rentabilidad\\\/\"},\"author\":{\"name\":\"Manuel Bernal (Socio Fundador)\",\"@id\":\"https:\\\/\\\/innotecgrupo.com\\\/industria-empresa\\\/#\\\/schema\\\/person\\\/cd83faa3aecd59ea2de1fcb467a88501\"},\"headline\":\"Refrigeraci\u00f3n Industrial en la Industria C\u00e1rnica: Eficiencia, seguridad y rentabilidad\",\"datePublished\":\"2025-06-04T17:15:27+00:00\",\"dateModified\":\"2025-06-04T17:15:52+00:00\",\"mainEntityOfPage\":{\"@id\":\"https:\\\/\\\/innotecgrupo.com\\\/industria-empresa\\\/blog\\\/refrigeracion-industrial-en-la-industria-carnica-eficiencia-seguridad-y-rentabilidad\\\/\"},\"wordCount\":4188,\"publisher\":{\"@id\":\"https:\\\/\\\/innotecgrupo.com\\\/industria-empresa\\\/#organization\"},\"image\":{\"@id\":\"https:\\\/\\\/innotecgrupo.com\\\/industria-empresa\\\/blog\\\/refrigeracion-industrial-en-la-industria-carnica-eficiencia-seguridad-y-rentabilidad\\\/#primaryimage\"},\"thumbnailUrl\":\"https:\\\/\\\/innotecgrupo.com\\\/industria-empresa\\\/wp-content\\\/uploads\\\/2025\\\/06\\\/refrigeracion-industrial-industria-carnica-3-scaled.jpg\",\"articleSection\":[\"Refrigeraci\u00f3n\"],\"inLanguage\":\"es\"},{\"@type\":\"WebPage\",\"@id\":\"https:\\\/\\\/innotecgrupo.com\\\/industria-empresa\\\/blog\\\/refrigeracion-industrial-en-la-industria-carnica-eficiencia-seguridad-y-rentabilidad\\\/\",\"url\":\"https:\\\/\\\/innotecgrupo.com\\\/industria-empresa\\\/blog\\\/refrigeracion-industrial-en-la-industria-carnica-eficiencia-seguridad-y-rentabilidad\\\/\",\"name\":\"Refrigeraci\u00f3n Industrial en la Industria C\u00e1rnica: Eficiencia, seguridad y rentabilidad | Innotec\",\"isPartOf\":{\"@id\":\"https:\\\/\\\/innotecgrupo.com\\\/industria-empresa\\\/#website\"},\"primaryImageOfPage\":{\"@id\":\"https:\\\/\\\/innotecgrupo.com\\\/industria-empresa\\\/blog\\\/refrigeracion-industrial-en-la-industria-carnica-eficiencia-seguridad-y-rentabilidad\\\/#primaryimage\"},\"image\":{\"@id\":\"https:\\\/\\\/innotecgrupo.com\\\/industria-empresa\\\/blog\\\/refrigeracion-industrial-en-la-industria-carnica-eficiencia-seguridad-y-rentabilidad\\\/#primaryimage\"},\"thumbnailUrl\":\"https:\\\/\\\/innotecgrupo.com\\\/industria-empresa\\\/wp-content\\\/uploads\\\/2025\\\/06\\\/refrigeracion-industrial-industria-carnica-3-scaled.jpg\",\"datePublished\":\"2025-06-04T17:15:27+00:00\",\"dateModified\":\"2025-06-04T17:15:52+00:00\",\"description\":\"Este art\u00edculo explora las exigentes y espec\u00edficas necesidades de refrigeraci\u00f3n industrial que demanda la industria c\u00e1rnica.\",\"breadcrumb\":{\"@id\":\"https:\\\/\\\/innotecgrupo.com\\\/industria-empresa\\\/blog\\\/refrigeracion-industrial-en-la-industria-carnica-eficiencia-seguridad-y-rentabilidad\\\/#breadcrumb\"},\"inLanguage\":\"es\",\"potentialAction\":[{\"@type\":\"ReadAction\",\"target\":[\"https:\\\/\\\/innotecgrupo.com\\\/industria-empresa\\\/blog\\\/refrigeracion-industrial-en-la-industria-carnica-eficiencia-seguridad-y-rentabilidad\\\/\"]}]},{\"@type\":\"ImageObject\",\"inLanguage\":\"es\",\"@id\":\"https:\\\/\\\/innotecgrupo.com\\\/industria-empresa\\\/blog\\\/refrigeracion-industrial-en-la-industria-carnica-eficiencia-seguridad-y-rentabilidad\\\/#primaryimage\",\"url\":\"https:\\\/\\\/innotecgrupo.com\\\/industria-empresa\\\/wp-content\\\/uploads\\\/2025\\\/06\\\/refrigeracion-industrial-industria-carnica-3-scaled.jpg\",\"contentUrl\":\"https:\\\/\\\/innotecgrupo.com\\\/industria-empresa\\\/wp-content\\\/uploads\\\/2025\\\/06\\\/refrigeracion-industrial-industria-carnica-3-scaled.jpg\",\"width\":2560,\"height\":1435,\"caption\":\"Refrigeraci\u00f3n Industrial en la Industria C\u00e1rnica\"},{\"@type\":\"BreadcrumbList\",\"@id\":\"https:\\\/\\\/innotecgrupo.com\\\/industria-empresa\\\/blog\\\/refrigeracion-industrial-en-la-industria-carnica-eficiencia-seguridad-y-rentabilidad\\\/#breadcrumb\",\"itemListElement\":[{\"@type\":\"ListItem\",\"position\":1,\"name\":\"Portada\",\"item\":\"https:\\\/\\\/innotecgrupo.com\\\/industria-empresa\\\/\"},{\"@type\":\"ListItem\",\"position\":2,\"name\":\"Refrigeraci\u00f3n Industrial en la Industria C\u00e1rnica: Eficiencia, seguridad y rentabilidad\"}]},{\"@type\":\"WebSite\",\"@id\":\"https:\\\/\\\/innotecgrupo.com\\\/industria-empresa\\\/#website\",\"url\":\"https:\\\/\\\/innotecgrupo.com\\\/industria-empresa\\\/\",\"name\":\"Innotec Grupo\",\"description\":\"CLIMATIZACI\u00d3N ENFOCADA AL BIENESTAR INTEGRAL\",\"publisher\":{\"@id\":\"https:\\\/\\\/innotecgrupo.com\\\/industria-empresa\\\/#organization\"},\"potentialAction\":[{\"@type\":\"SearchAction\",\"target\":{\"@type\":\"EntryPoint\",\"urlTemplate\":\"https:\\\/\\\/innotecgrupo.com\\\/industria-empresa\\\/?s={search_term_string}\"},\"query-input\":{\"@type\":\"PropertyValueSpecification\",\"valueRequired\":true,\"valueName\":\"search_term_string\"}}],\"inLanguage\":\"es\"},{\"@type\":\"Organization\",\"@id\":\"https:\\\/\\\/innotecgrupo.com\\\/industria-empresa\\\/#organization\",\"name\":\"Innotec\",\"url\":\"https:\\\/\\\/innotecgrupo.com\\\/industria-empresa\\\/\",\"logo\":{\"@type\":\"ImageObject\",\"inLanguage\":\"es\",\"@id\":\"https:\\\/\\\/innotecgrupo.com\\\/industria-empresa\\\/#\\\/schema\\\/logo\\\/image\\\/\",\"url\":\"https:\\\/\\\/innotecgrupo.com\\\/industria-empresa\\\/wp-content\\\/uploads\\\/2022\\\/01\\\/logo-innotec.png\",\"contentUrl\":\"https:\\\/\\\/innotecgrupo.com\\\/industria-empresa\\\/wp-content\\\/uploads\\\/2022\\\/01\\\/logo-innotec.png\",\"width\":166,\"height\":31,\"caption\":\"Innotec\"},\"image\":{\"@id\":\"https:\\\/\\\/innotecgrupo.com\\\/industria-empresa\\\/#\\\/schema\\\/logo\\\/image\\\/\"}},{\"@type\":\"Person\",\"@id\":\"https:\\\/\\\/innotecgrupo.com\\\/industria-empresa\\\/#\\\/schema\\\/person\\\/cd83faa3aecd59ea2de1fcb467a88501\",\"name\":\"Manuel Bernal (Socio Fundador)\",\"description\":\"Ingeniero Industrial MBA en CESTE\",\"sameAs\":[\"https:\\\/\\\/www.linkedin.com\\\/in\\\/manuel-bernal-innotec\\\/\"],\"url\":\"https:\\\/\\\/innotecgrupo.com\\\/industria-empresa\\\/blog\\\/author\\\/manuel-bernal\\\/\"}]}<\/script>\n<!-- \/ Yoast SEO plugin. -->","yoast_head_json":{"title":"Refrigeraci\u00f3n Industrial en la Industria C\u00e1rnica: Eficiencia, seguridad y rentabilidad | Innotec","description":"Este art\u00edculo explora las exigentes y espec\u00edficas necesidades de refrigeraci\u00f3n industrial que demanda la industria c\u00e1rnica.","robots":{"index":"index","follow":"follow","max-snippet":"max-snippet:-1","max-image-preview":"max-image-preview:large","max-video-preview":"max-video-preview:-1"},"canonical":"https:\/\/innotecgrupo.com\/industria-empresa\/blog\/refrigeracion-industrial-en-la-industria-carnica-eficiencia-seguridad-y-rentabilidad\/","og_locale":"es_ES","og_type":"article","og_title":"Refrigeraci\u00f3n Industrial en la Industria C\u00e1rnica: Eficiencia, seguridad y rentabilidad | Innotec","og_description":"Este art\u00edculo explora las exigentes y espec\u00edficas necesidades de refrigeraci\u00f3n industrial que demanda la industria c\u00e1rnica.","og_url":"https:\/\/innotecgrupo.com\/industria-empresa\/blog\/refrigeracion-industrial-en-la-industria-carnica-eficiencia-seguridad-y-rentabilidad\/","og_site_name":"Innotec","article_published_time":"2025-06-04T17:15:27+00:00","article_modified_time":"2025-06-04T17:15:52+00:00","og_image":[{"width":2560,"height":1435,"url":"https:\/\/innotecgrupo.com\/industria-empresa\/wp-content\/uploads\/2025\/06\/refrigeracion-industrial-industria-carnica-3-scaled.jpg","type":"image\/jpeg"}],"author":"Manuel Bernal (Socio Fundador)","twitter_card":"summary_large_image","twitter_misc":{"Escrito por":"Manuel Bernal (Socio Fundador)","Tiempo de lectura":"19 minutos"},"schema":{"@context":"https:\/\/schema.org","@graph":[{"@type":"Article","@id":"https:\/\/innotecgrupo.com\/industria-empresa\/blog\/refrigeracion-industrial-en-la-industria-carnica-eficiencia-seguridad-y-rentabilidad\/#article","isPartOf":{"@id":"https:\/\/innotecgrupo.com\/industria-empresa\/blog\/refrigeracion-industrial-en-la-industria-carnica-eficiencia-seguridad-y-rentabilidad\/"},"author":{"name":"Manuel Bernal (Socio Fundador)","@id":"https:\/\/innotecgrupo.com\/industria-empresa\/#\/schema\/person\/cd83faa3aecd59ea2de1fcb467a88501"},"headline":"Refrigeraci\u00f3n Industrial en la Industria C\u00e1rnica: Eficiencia, seguridad y rentabilidad","datePublished":"2025-06-04T17:15:27+00:00","dateModified":"2025-06-04T17:15:52+00:00","mainEntityOfPage":{"@id":"https:\/\/innotecgrupo.com\/industria-empresa\/blog\/refrigeracion-industrial-en-la-industria-carnica-eficiencia-seguridad-y-rentabilidad\/"},"wordCount":4188,"publisher":{"@id":"https:\/\/innotecgrupo.com\/industria-empresa\/#organization"},"image":{"@id":"https:\/\/innotecgrupo.com\/industria-empresa\/blog\/refrigeracion-industrial-en-la-industria-carnica-eficiencia-seguridad-y-rentabilidad\/#primaryimage"},"thumbnailUrl":"https:\/\/innotecgrupo.com\/industria-empresa\/wp-content\/uploads\/2025\/06\/refrigeracion-industrial-industria-carnica-3-scaled.jpg","articleSection":["Refrigeraci\u00f3n"],"inLanguage":"es"},{"@type":"WebPage","@id":"https:\/\/innotecgrupo.com\/industria-empresa\/blog\/refrigeracion-industrial-en-la-industria-carnica-eficiencia-seguridad-y-rentabilidad\/","url":"https:\/\/innotecgrupo.com\/industria-empresa\/blog\/refrigeracion-industrial-en-la-industria-carnica-eficiencia-seguridad-y-rentabilidad\/","name":"Refrigeraci\u00f3n Industrial en la Industria C\u00e1rnica: Eficiencia, seguridad y rentabilidad | Innotec","isPartOf":{"@id":"https:\/\/innotecgrupo.com\/industria-empresa\/#website"},"primaryImageOfPage":{"@id":"https:\/\/innotecgrupo.com\/industria-empresa\/blog\/refrigeracion-industrial-en-la-industria-carnica-eficiencia-seguridad-y-rentabilidad\/#primaryimage"},"image":{"@id":"https:\/\/innotecgrupo.com\/industria-empresa\/blog\/refrigeracion-industrial-en-la-industria-carnica-eficiencia-seguridad-y-rentabilidad\/#primaryimage"},"thumbnailUrl":"https:\/\/innotecgrupo.com\/industria-empresa\/wp-content\/uploads\/2025\/06\/refrigeracion-industrial-industria-carnica-3-scaled.jpg","datePublished":"2025-06-04T17:15:27+00:00","dateModified":"2025-06-04T17:15:52+00:00","description":"Este art\u00edculo explora las exigentes y espec\u00edficas necesidades de refrigeraci\u00f3n industrial que demanda la industria c\u00e1rnica.","breadcrumb":{"@id":"https:\/\/innotecgrupo.com\/industria-empresa\/blog\/refrigeracion-industrial-en-la-industria-carnica-eficiencia-seguridad-y-rentabilidad\/#breadcrumb"},"inLanguage":"es","potentialAction":[{"@type":"ReadAction","target":["https:\/\/innotecgrupo.com\/industria-empresa\/blog\/refrigeracion-industrial-en-la-industria-carnica-eficiencia-seguridad-y-rentabilidad\/"]}]},{"@type":"ImageObject","inLanguage":"es","@id":"https:\/\/innotecgrupo.com\/industria-empresa\/blog\/refrigeracion-industrial-en-la-industria-carnica-eficiencia-seguridad-y-rentabilidad\/#primaryimage","url":"https:\/\/innotecgrupo.com\/industria-empresa\/wp-content\/uploads\/2025\/06\/refrigeracion-industrial-industria-carnica-3-scaled.jpg","contentUrl":"https:\/\/innotecgrupo.com\/industria-empresa\/wp-content\/uploads\/2025\/06\/refrigeracion-industrial-industria-carnica-3-scaled.jpg","width":2560,"height":1435,"caption":"Refrigeraci\u00f3n Industrial en la Industria C\u00e1rnica"},{"@type":"BreadcrumbList","@id":"https:\/\/innotecgrupo.com\/industria-empresa\/blog\/refrigeracion-industrial-en-la-industria-carnica-eficiencia-seguridad-y-rentabilidad\/#breadcrumb","itemListElement":[{"@type":"ListItem","position":1,"name":"Portada","item":"https:\/\/innotecgrupo.com\/industria-empresa\/"},{"@type":"ListItem","position":2,"name":"Refrigeraci\u00f3n Industrial en la Industria C\u00e1rnica: Eficiencia, seguridad y rentabilidad"}]},{"@type":"WebSite","@id":"https:\/\/innotecgrupo.com\/industria-empresa\/#website","url":"https:\/\/innotecgrupo.com\/industria-empresa\/","name":"Innotec Grupo","description":"CLIMATIZACI\u00d3N ENFOCADA AL BIENESTAR INTEGRAL","publisher":{"@id":"https:\/\/innotecgrupo.com\/industria-empresa\/#organization"},"potentialAction":[{"@type":"SearchAction","target":{"@type":"EntryPoint","urlTemplate":"https:\/\/innotecgrupo.com\/industria-empresa\/?s={search_term_string}"},"query-input":{"@type":"PropertyValueSpecification","valueRequired":true,"valueName":"search_term_string"}}],"inLanguage":"es"},{"@type":"Organization","@id":"https:\/\/innotecgrupo.com\/industria-empresa\/#organization","name":"Innotec","url":"https:\/\/innotecgrupo.com\/industria-empresa\/","logo":{"@type":"ImageObject","inLanguage":"es","@id":"https:\/\/innotecgrupo.com\/industria-empresa\/#\/schema\/logo\/image\/","url":"https:\/\/innotecgrupo.com\/industria-empresa\/wp-content\/uploads\/2022\/01\/logo-innotec.png","contentUrl":"https:\/\/innotecgrupo.com\/industria-empresa\/wp-content\/uploads\/2022\/01\/logo-innotec.png","width":166,"height":31,"caption":"Innotec"},"image":{"@id":"https:\/\/innotecgrupo.com\/industria-empresa\/#\/schema\/logo\/image\/"}},{"@type":"Person","@id":"https:\/\/innotecgrupo.com\/industria-empresa\/#\/schema\/person\/cd83faa3aecd59ea2de1fcb467a88501","name":"Manuel Bernal (Socio Fundador)","description":"Ingeniero Industrial MBA en CESTE","sameAs":["https:\/\/www.linkedin.com\/in\/manuel-bernal-innotec\/"],"url":"https:\/\/innotecgrupo.com\/industria-empresa\/blog\/author\/manuel-bernal\/"}]}},"_links":{"self":[{"href":"https:\/\/innotecgrupo.com\/industria-empresa\/wp-json\/wp\/v2\/posts\/24526","targetHints":{"allow":["GET"]}}],"collection":[{"href":"https:\/\/innotecgrupo.com\/industria-empresa\/wp-json\/wp\/v2\/posts"}],"about":[{"href":"https:\/\/innotecgrupo.com\/industria-empresa\/wp-json\/wp\/v2\/types\/post"}],"author":[{"embeddable":true,"href":"https:\/\/innotecgrupo.com\/industria-empresa\/wp-json\/wp\/v2\/users\/9"}],"replies":[{"embeddable":true,"href":"https:\/\/innotecgrupo.com\/industria-empresa\/wp-json\/wp\/v2\/comments?post=24526"}],"version-history":[{"count":5,"href":"https:\/\/innotecgrupo.com\/industria-empresa\/wp-json\/wp\/v2\/posts\/24526\/revisions"}],"predecessor-version":[{"id":24539,"href":"https:\/\/innotecgrupo.com\/industria-empresa\/wp-json\/wp\/v2\/posts\/24526\/revisions\/24539"}],"wp:featuredmedia":[{"embeddable":true,"href":"https:\/\/innotecgrupo.com\/industria-empresa\/wp-json\/wp\/v2\/media\/24531"}],"wp:attachment":[{"href":"https:\/\/innotecgrupo.com\/industria-empresa\/wp-json\/wp\/v2\/media?parent=24526"}],"wp:term":[{"taxonomy":"category","embeddable":true,"href":"https:\/\/innotecgrupo.com\/industria-empresa\/wp-json\/wp\/v2\/categories?post=24526"},{"taxonomy":"post_tag","embeddable":true,"href":"https:\/\/innotecgrupo.com\/industria-empresa\/wp-json\/wp\/v2\/tags?post=24526"}],"curies":[{"name":"wp","href":"https:\/\/api.w.org\/{rel}","templated":true}]}}