{"id":24480,"date":"2025-05-21T17:47:53","date_gmt":"2025-05-21T15:47:53","guid":{"rendered":"https:\/\/innotecgrupo.com\/industria-empresa\/?p=24480"},"modified":"2025-05-21T17:49:58","modified_gmt":"2025-05-21T15:49:58","slug":"refrigeracion-en-la-industria-alimentaria-garantizando-la-cadena-de-frio","status":"publish","type":"post","link":"https:\/\/innotecgrupo.com\/industria-empresa\/blog\/refrigeracion-en-la-industria-alimentaria-garantizando-la-cadena-de-frio\/","title":{"rendered":"Refrigeraci\u00f3n en la Industria Alimentaria: Garantizando la cadena de fr\u00edo"},"content":{"rendered":"\t\t<div data-elementor-type=\"wp-post\" data-elementor-id=\"24480\" class=\"elementor elementor-24480\" data-elementor-post-type=\"post\">\n\t\t\t\t<div class=\"has_ae_slider elementor-element elementor-element-4adf90b e-flex e-con-boxed ae-bg-gallery-type-default e-con e-parent\" data-id=\"4adf90b\" data-element_type=\"container\" data-e-type=\"container\">\n\t\t\t\t\t<div class=\"e-con-inner\">\n\t\t\t\t<div class=\"elementor-element elementor-element-1351885 elementor-widget elementor-widget-image\" data-id=\"1351885\" data-element_type=\"widget\" data-e-type=\"widget\" data-widget_type=\"image.default\">\n\t\t\t\t<div class=\"elementor-widget-container\">\n\t\t\t\t\t\t\t\t\t\t\t\t\t\t\t<img decoding=\"async\" width=\"200\" height=\"80\" src=\"https:\/\/innotecgrupo.com\/industria-empresa\/wp-content\/uploads\/2025\/05\/podcast.jpg\" class=\"attachment-large size-large wp-image-24410\" alt=\"Sistemas de Refrigeraci\u00f3n Industrial\" \/>\t\t\t\t\t\t\t\t\t\t\t\t\t\t\t<\/div>\n\t\t\t\t<\/div>\n\t\t\t\t<div class=\"elementor-element elementor-element-21815c0 elementor-widget elementor-widget-wp-widget-media_audio\" data-id=\"21815c0\" data-element_type=\"widget\" data-e-type=\"widget\" data-widget_type=\"wp-widget-media_audio.default\">\n\t\t\t\t<div class=\"elementor-widget-container\">\n\t\t\t\t\t<audio class=\"wp-audio-shortcode\" id=\"audio-24480-1\" preload=\"none\" style=\"width: 100%;\" controls=\"controls\"><source type=\"audio\/mpeg\" src=\"https:\/\/innotecgrupo.com\/industria-empresa\/wp-content\/uploads\/2025\/05\/Refrigeracion-en-la-Industria-Alimentaria.mp3?_=1\" \/><source type=\"audio\/mpeg\" src=\"https:\/\/innotecgrupo.com\/industria-empresa\/wp-content\/uploads\/2025\/05\/Refrigeracion-en-la-Industria-Alimentaria.mp3?_=1\" \/><a href=\"https:\/\/innotecgrupo.com\/industria-empresa\/wp-content\/uploads\/2025\/05\/Refrigeracion-en-la-Industria-Alimentaria.mp3\">https:\/\/innotecgrupo.com\/industria-empresa\/wp-content\/uploads\/2025\/05\/Refrigeracion-en-la-Industria-Alimentaria.mp3<\/a><\/audio>\t\t\t\t<\/div>\n\t\t\t\t<\/div>\n\t\t\t\t<div class=\"elementor-element elementor-element-256998b elementor-widget elementor-widget-text-editor\" data-id=\"256998b\" data-element_type=\"widget\" data-e-type=\"widget\" data-widget_type=\"text-editor.default\">\n\t\t\t\t<div class=\"elementor-widget-container\">\n\t\t\t\t\t\t\t\t\t<p style=\"text-align: center;\"><em><span style=\"font-weight: 400;\">Bienvenidos a una nueva entrega de nuestra serie \u00abAn\u00e1lisis de la Refrigeraci\u00f3n Industrial en los distintos Sectores productivos\u00bb. En esta ocasi\u00f3n, nos sumergimos en uno de los campos m\u00e1s cr\u00edticos y exigentes para la tecnolog\u00eda de refrigeraci\u00f3n: la <\/span><b>industria alimentaria<\/b><\/em><\/p>\t\t\t\t\t\t\t\t<\/div>\n\t\t\t\t<\/div>\n\t\t\t\t<div class=\"elementor-element elementor-element-20bcc9e elementor-widget-divider--view-line elementor-widget elementor-widget-divider\" data-id=\"20bcc9e\" data-element_type=\"widget\" data-e-type=\"widget\" data-widget_type=\"divider.default\">\n\t\t\t\t<div class=\"elementor-widget-container\">\n\t\t\t\t\t\t\t<div class=\"elementor-divider\">\n\t\t\t<span class=\"elementor-divider-separator\">\n\t\t\t\t\t\t<\/span>\n\t\t<\/div>\n\t\t\t\t\t\t<\/div>\n\t\t\t\t<\/div>\n\t\t\t\t\t<\/div>\n\t\t\t\t<\/div>\n\t\t<div class=\"has_ae_slider elementor-element elementor-element-a2f7656 e-flex e-con-boxed ae-bg-gallery-type-default e-con e-parent\" data-id=\"a2f7656\" data-element_type=\"container\" data-e-type=\"container\">\n\t\t\t\t\t<div class=\"e-con-inner\">\n\t\t\t\t<div class=\"elementor-element elementor-element-0274d3b elementor-widget elementor-widget-text-editor\" data-id=\"0274d3b\" data-element_type=\"widget\" data-e-type=\"widget\" data-widget_type=\"text-editor.default\">\n\t\t\t\t<div class=\"elementor-widget-container\">\n\t\t\t\t\t\t\t\t\t<p><span style=\"font-weight: 400;\">Nos sumergimos en uno de los campos m\u00e1s cr\u00edticos y exigentes para la tecnolog\u00eda de refrigeraci\u00f3n: la <\/span><b>industria alimentaria<\/b><span style=\"font-weight: 400;\">. Desde la cosecha o el sacrificio hasta la mesa del consumidor, mantener una temperatura controlada es fundamental no solo para la calidad y vida \u00fatil de los productos, sino, y m\u00e1s importante a\u00fan, para la seguridad alimentaria.<\/span><\/p><p>\u00a0<\/p><p><span style=\"font-weight: 400;\">Hoy exploraremos c\u00f3mo la <\/span><b>cadena de fr\u00edo<\/b><span style=\"font-weight: 400;\"> es el pilar que sostiene la integridad de los alimentos, y analizaremos los sistemas de refrigeraci\u00f3n espec\u00edficos que se emplean en las etapas de procesado, almacenamiento y distribuci\u00f3n.<\/span><\/p>\t\t\t\t\t\t\t\t<\/div>\n\t\t\t\t<\/div>\n\t\t\t\t<div class=\"elementor-element elementor-element-f889a04 elementor-widget elementor-widget-image\" data-id=\"f889a04\" data-element_type=\"widget\" data-e-type=\"widget\" data-widget_type=\"image.default\">\n\t\t\t\t<div class=\"elementor-widget-container\">\n\t\t\t\t\t\t\t\t\t\t\t\t\t\t\t<img fetchpriority=\"high\" decoding=\"async\" width=\"800\" height=\"449\" src=\"https:\/\/innotecgrupo.com\/industria-empresa\/wp-content\/uploads\/2025\/05\/refrigeracion-industria-alimentaria-cadena-de-frio-2-1024x575.jpg\" class=\"attachment-large size-large wp-image-24485\" alt=\"Refrigeraci\u00f3n Industrial Cadena de Fr\u00edo\" srcset=\"https:\/\/innotecgrupo.com\/industria-empresa\/wp-content\/uploads\/2025\/05\/refrigeracion-industria-alimentaria-cadena-de-frio-2-1024x575.jpg 1024w, https:\/\/innotecgrupo.com\/industria-empresa\/wp-content\/uploads\/2025\/05\/refrigeracion-industria-alimentaria-cadena-de-frio-2-300x168.jpg 300w, https:\/\/innotecgrupo.com\/industria-empresa\/wp-content\/uploads\/2025\/05\/refrigeracion-industria-alimentaria-cadena-de-frio-2-768x431.jpg 768w, https:\/\/innotecgrupo.com\/industria-empresa\/wp-content\/uploads\/2025\/05\/refrigeracion-industria-alimentaria-cadena-de-frio-2.jpg 1500w\" sizes=\"(max-width: 800px) 100vw, 800px\" \/>\t\t\t\t\t\t\t\t\t\t\t\t\t\t\t<\/div>\n\t\t\t\t<\/div>\n\t\t\t\t<div class=\"elementor-element elementor-element-4dd4df2 elementor-widget elementor-widget-heading\" data-id=\"4dd4df2\" data-element_type=\"widget\" data-e-type=\"widget\" data-widget_type=\"heading.default\">\n\t\t\t\t<div class=\"elementor-widget-container\">\n\t\t\t\t\t<h2 class=\"elementor-heading-title elementor-size-default\">\u00bfQu\u00e9 es la cadena de fr\u00edo y por qu\u00e9 es crucial?<\/h2>\t\t\t\t<\/div>\n\t\t\t\t<\/div>\n\t\t\t\t<div class=\"elementor-element elementor-element-0edaef7 elementor-widget elementor-widget-text-editor\" data-id=\"0edaef7\" data-element_type=\"widget\" data-e-type=\"widget\" data-widget_type=\"text-editor.default\">\n\t\t\t\t<div class=\"elementor-widget-container\">\n\t\t\t\t\t\t\t\t\t<p><span style=\"font-weight: 400;\">La cadena de fr\u00edo se refiere al control constante de la temperatura de los alimentos (refrigerados o congelados) a lo largo de toda la cadena de suministro: producci\u00f3n, transformaci\u00f3n, almacenamiento, transporte y punto de venta. Su objetivo principal es <\/span><b>mantener los alimentos dentro de un rango de temperatura seguro<\/b><span style=\"font-weight: 400;\"> para inhibir el crecimiento de microorganismos pat\u00f3genos y ralentizar los procesos de degradaci\u00f3n enzim\u00e1tica y oxidativa.<\/span><\/p><p>\u00a0<\/p><p>La importancia de una cadena de fr\u00edo ininterrumpida radica en:<\/p><ol><li style=\"font-weight: 400;\" aria-level=\"1\"><b>Seguridad Alimentaria:<\/b><span style=\"font-weight: 400;\"> Evita la proliferaci\u00f3n de bacterias como Salmonella, Listeria o E. coli, responsables de intoxicaciones alimentarias.<\/span><\/li><li style=\"font-weight: 400;\" aria-level=\"1\"><b>Calidad del Producto:<\/b><span style=\"font-weight: 400;\"> Conserva las propiedades organol\u00e9pticas (sabor, textura, olor, color) y nutricionales de los alimentos.<\/span><\/li><li style=\"font-weight: 400;\" aria-level=\"1\"><b>Reducci\u00f3n de Mermas:<\/b><span style=\"font-weight: 400;\"> Alarga la vida \u00fatil de los productos, disminuyendo el desperdicio alimentario y las p\u00e9rdidas econ\u00f3micas.<\/span><\/li><li style=\"font-weight: 400;\" aria-level=\"1\"><b>Cumplimiento Normativo:<\/b><span style=\"font-weight: 400;\"> Satisface las estrictas regulaciones sanitarias (APPCC, IFS, BRC, etc.) que exigen un control riguroso de la temperatura.<\/span><\/li><\/ol><p>\u00a0<\/p><p><span style=\"font-weight: 400;\">Romper la cadena de fr\u00edo, aunque sea por un breve periodo, puede comprometer irreversiblemente la seguridad y calidad del alimento, incluso si posteriormente se vuelve a enfriar.<\/span><\/p>\t\t\t\t\t\t\t\t<\/div>\n\t\t\t\t<\/div>\n\t\t\t\t<div class=\"elementor-element elementor-element-ea2a36b elementor-widget elementor-widget-image\" data-id=\"ea2a36b\" data-element_type=\"widget\" data-e-type=\"widget\" data-widget_type=\"image.default\">\n\t\t\t\t<div class=\"elementor-widget-container\">\n\t\t\t\t\t\t\t\t\t\t\t\t\t\t\t<img decoding=\"async\" width=\"800\" height=\"375\" src=\"https:\/\/innotecgrupo.com\/industria-empresa\/wp-content\/uploads\/2025\/05\/refrigeracion-industria-alimentaria-cadena-de-frio-7.jpg\" class=\"attachment-large size-large wp-image-24481\" alt=\"\" srcset=\"https:\/\/innotecgrupo.com\/industria-empresa\/wp-content\/uploads\/2025\/05\/refrigeracion-industria-alimentaria-cadena-de-frio-7.jpg 1000w, https:\/\/innotecgrupo.com\/industria-empresa\/wp-content\/uploads\/2025\/05\/refrigeracion-industria-alimentaria-cadena-de-frio-7-300x141.jpg 300w, https:\/\/innotecgrupo.com\/industria-empresa\/wp-content\/uploads\/2025\/05\/refrigeracion-industria-alimentaria-cadena-de-frio-7-768x360.jpg 768w\" sizes=\"(max-width: 800px) 100vw, 800px\" \/>\t\t\t\t\t\t\t\t\t\t\t\t\t\t\t<\/div>\n\t\t\t\t<\/div>\n\t\t\t\t<div class=\"elementor-element elementor-element-17d5811 elementor-widget elementor-widget-heading\" data-id=\"17d5811\" data-element_type=\"widget\" data-e-type=\"widget\" data-widget_type=\"heading.default\">\n\t\t\t\t<div class=\"elementor-widget-container\">\n\t\t\t\t\t<h2 class=\"elementor-heading-title elementor-size-default\">Refrigeraci\u00f3n en el procesamiento de alimentos: Precisi\u00f3n y rapidez<\/h2>\t\t\t\t<\/div>\n\t\t\t\t<\/div>\n\t\t\t\t<div class=\"elementor-element elementor-element-15a5f86 elementor-widget elementor-widget-text-editor\" data-id=\"15a5f86\" data-element_type=\"widget\" data-e-type=\"widget\" data-widget_type=\"text-editor.default\">\n\t\t\t\t<div class=\"elementor-widget-container\">\n\t\t\t\t\t\t\t\t\t<p><span style=\"font-weight: 400;\">La etapa de procesamiento es, a menudo, donde los alimentos son m\u00e1s vulnerables. Las operaciones como el corte, mezclado, cocci\u00f3n o pasteurizaci\u00f3n pueden elevar la temperatura, creando un ambiente propicio para el crecimiento microbiano si no se act\u00faa con rapidez.<\/span><\/p><p>\u00a0<\/p><p><b>Sistemas y aplicaciones clave:<\/b><\/p>\t\t\t\t\t\t\t\t<\/div>\n\t\t\t\t<\/div>\n\t\t\t\t<div class=\"elementor-element elementor-element-6447134 elementor-widget elementor-widget-n-accordion\" data-id=\"6447134\" data-element_type=\"widget\" data-e-type=\"widget\" data-settings=\"{&quot;default_state&quot;:&quot;expanded&quot;,&quot;max_items_expended&quot;:&quot;one&quot;,&quot;n_accordion_animation_duration&quot;:{&quot;unit&quot;:&quot;ms&quot;,&quot;size&quot;:400,&quot;sizes&quot;:[]}}\" data-widget_type=\"nested-accordion.default\">\n\t\t\t\t<div class=\"elementor-widget-container\">\n\t\t\t\t\t\t\t<div class=\"e-n-accordion\" aria-label=\"Accordion. Open links with Enter or Space, close with Escape, and navigate with Arrow Keys\">\n\t\t\t\t\t\t<details id=\"e-n-accordion-item-1050\" class=\"e-n-accordion-item\" open>\n\t\t\t\t<summary class=\"e-n-accordion-item-title\" data-accordion-index=\"1\" tabindex=\"0\" aria-expanded=\"true\" aria-controls=\"e-n-accordion-item-1050\" >\n\t\t\t\t\t<span class='e-n-accordion-item-title-header'><div class=\"e-n-accordion-item-title-text\"> Abatidores de Temperatura <\/div><\/span>\n\t\t\t\t\t\t\t<span class='e-n-accordion-item-title-icon'>\n\t\t\t<span class='e-opened' ><svg aria-hidden=\"true\" class=\"e-font-icon-svg e-fas-minus\" viewBox=\"0 0 448 512\" xmlns=\"http:\/\/www.w3.org\/2000\/svg\"><path d=\"M416 208H32c-17.67 0-32 14.33-32 32v32c0 17.67 14.33 32 32 32h384c17.67 0 32-14.33 32-32v-32c0-17.67-14.33-32-32-32z\"><\/path><\/svg><\/span>\n\t\t\t<span class='e-closed'><svg aria-hidden=\"true\" class=\"e-font-icon-svg e-fas-plus\" viewBox=\"0 0 448 512\" xmlns=\"http:\/\/www.w3.org\/2000\/svg\"><path d=\"M416 208H272V64c0-17.67-14.33-32-32-32h-32c-17.67 0-32 14.33-32 32v144H32c-17.67 0-32 14.33-32 32v32c0 17.67 14.33 32 32 32h144v144c0 17.67 14.33 32 32 32h32c17.67 0 32-14.33 32-32V304h144c17.67 0 32-14.33 32-32v-32c0-17.67-14.33-32-32-32z\"><\/path><\/svg><\/span>\n\t\t<\/span>\n\n\t\t\t\t\t\t<\/summary>\n\t\t\t\t<div class=\"has_ae_slider elementor-element elementor-element-b5d50b4 e-con-full e-flex ae-bg-gallery-type-default e-con e-child\" role=\"region\" aria-labelledby=\"e-n-accordion-item-1050\" data-id=\"b5d50b4\" data-element_type=\"container\" data-e-type=\"container\">\n\t\t\t\t<div class=\"elementor-element elementor-element-390792a elementor-widget elementor-widget-text-editor\" data-id=\"390792a\" data-element_type=\"widget\" data-e-type=\"widget\" data-widget_type=\"text-editor.default\">\n\t\t\t\t<div class=\"elementor-widget-container\">\n\t\t\t\t\t\t\t\t\t<p><span style=\"font-weight: 400;\">Esenciales para enfriar r\u00e1pidamente alimentos cocinados o calientes, atravesando la \u00abzona de peligro\u00bb (entre 5\u00b0C y 65\u00b0C) en el menor tiempo posible. Existen abatidores de refrigeraci\u00f3n (hasta +3\u00b0C en n\u00facleo) y de congelaci\u00f3n (hasta -18\u00b0C en n\u00facleo).<\/span><\/p>\t\t\t\t\t\t\t\t<\/div>\n\t\t\t\t<\/div>\n\t\t\t\t<\/div>\n\t\t\t\t\t<\/details>\n\t\t\t\t\t\t<details id=\"e-n-accordion-item-1051\" class=\"e-n-accordion-item\" >\n\t\t\t\t<summary class=\"e-n-accordion-item-title\" data-accordion-index=\"2\" tabindex=\"-1\" aria-expanded=\"false\" aria-controls=\"e-n-accordion-item-1051\" >\n\t\t\t\t\t<span class='e-n-accordion-item-title-header'><div class=\"e-n-accordion-item-title-text\"> T\u00faneles de Enfriamiento y Congelaci\u00f3n <\/div><\/span>\n\t\t\t\t\t\t\t<span class='e-n-accordion-item-title-icon'>\n\t\t\t<span class='e-opened' ><svg aria-hidden=\"true\" class=\"e-font-icon-svg e-fas-minus\" viewBox=\"0 0 448 512\" xmlns=\"http:\/\/www.w3.org\/2000\/svg\"><path d=\"M416 208H32c-17.67 0-32 14.33-32 32v32c0 17.67 14.33 32 32 32h384c17.67 0 32-14.33 32-32v-32c0-17.67-14.33-32-32-32z\"><\/path><\/svg><\/span>\n\t\t\t<span class='e-closed'><svg aria-hidden=\"true\" class=\"e-font-icon-svg e-fas-plus\" viewBox=\"0 0 448 512\" xmlns=\"http:\/\/www.w3.org\/2000\/svg\"><path d=\"M416 208H272V64c0-17.67-14.33-32-32-32h-32c-17.67 0-32 14.33-32 32v144H32c-17.67 0-32 14.33-32 32v32c0 17.67 14.33 32 32 32h144v144c0 17.67 14.33 32 32 32h32c17.67 0 32-14.33 32-32V304h144c17.67 0 32-14.33 32-32v-32c0-17.67-14.33-32-32-32z\"><\/path><\/svg><\/span>\n\t\t<\/span>\n\n\t\t\t\t\t\t<\/summary>\n\t\t\t\t<div class=\"has_ae_slider elementor-element elementor-element-ffd219f e-flex e-con-boxed ae-bg-gallery-type-default e-con e-child\" role=\"region\" aria-labelledby=\"e-n-accordion-item-1051\" data-id=\"ffd219f\" data-element_type=\"container\" data-e-type=\"container\">\n\t\t\t\t\t<div class=\"e-con-inner\">\n\t\t\t\t<div class=\"elementor-element elementor-element-0b0203e elementor-widget elementor-widget-text-editor\" data-id=\"0b0203e\" data-element_type=\"widget\" data-e-type=\"widget\" data-widget_type=\"text-editor.default\">\n\t\t\t\t<div class=\"elementor-widget-container\">\n\t\t\t\t\t\t\t\t\t<p><span style=\"font-weight: 400;\">Utilizados para un enfriamiento o congelaci\u00f3n continua y en l\u00ednea de grandes vol\u00famenes de producto. Pueden ser de aire forzado, criog\u00e9nicos (con N2\u200b o CO2\u200b l\u00edquido) o por contacto (placas).<\/span><\/p>\t\t\t\t\t\t\t\t<\/div>\n\t\t\t\t<\/div>\n\t\t\t\t\t<\/div>\n\t\t\t\t<\/div>\n\t\t\t\t\t<\/details>\n\t\t\t\t\t\t<details id=\"e-n-accordion-item-1052\" class=\"e-n-accordion-item\" >\n\t\t\t\t<summary class=\"e-n-accordion-item-title\" data-accordion-index=\"3\" tabindex=\"-1\" aria-expanded=\"false\" aria-controls=\"e-n-accordion-item-1052\" >\n\t\t\t\t\t<span class='e-n-accordion-item-title-header'><div class=\"e-n-accordion-item-title-text\"> Intercambiadores de Calor de Placas o Tubulares <\/div><\/span>\n\t\t\t\t\t\t\t<span class='e-n-accordion-item-title-icon'>\n\t\t\t<span class='e-opened' ><svg aria-hidden=\"true\" class=\"e-font-icon-svg e-fas-minus\" viewBox=\"0 0 448 512\" xmlns=\"http:\/\/www.w3.org\/2000\/svg\"><path d=\"M416 208H32c-17.67 0-32 14.33-32 32v32c0 17.67 14.33 32 32 32h384c17.67 0 32-14.33 32-32v-32c0-17.67-14.33-32-32-32z\"><\/path><\/svg><\/span>\n\t\t\t<span class='e-closed'><svg aria-hidden=\"true\" class=\"e-font-icon-svg e-fas-plus\" viewBox=\"0 0 448 512\" xmlns=\"http:\/\/www.w3.org\/2000\/svg\"><path d=\"M416 208H272V64c0-17.67-14.33-32-32-32h-32c-17.67 0-32 14.33-32 32v144H32c-17.67 0-32 14.33-32 32v32c0 17.67 14.33 32 32 32h144v144c0 17.67 14.33 32 32 32h32c17.67 0 32-14.33 32-32V304h144c17.67 0 32-14.33 32-32v-32c0-17.67-14.33-32-32-32z\"><\/path><\/svg><\/span>\n\t\t<\/span>\n\n\t\t\t\t\t\t<\/summary>\n\t\t\t\t<div class=\"has_ae_slider elementor-element elementor-element-94f5119 e-flex e-con-boxed ae-bg-gallery-type-default e-con e-child\" role=\"region\" aria-labelledby=\"e-n-accordion-item-1052\" data-id=\"94f5119\" data-element_type=\"container\" data-e-type=\"container\">\n\t\t\t\t\t<div class=\"e-con-inner\">\n\t\t\t\t<div class=\"elementor-element elementor-element-786f4e9 elementor-widget elementor-widget-text-editor\" data-id=\"786f4e9\" data-element_type=\"widget\" data-e-type=\"widget\" data-widget_type=\"text-editor.default\">\n\t\t\t\t<div class=\"elementor-widget-container\">\n\t\t\t\t\t\t\t\t\t<p><span style=\"font-weight: 400;\">Ampliamente usados para enfriar l\u00edquidos (leche, zumos, salsas) despu\u00e9s de procesos como la pasteurizaci\u00f3n o esterilizaci\u00f3n. Permiten una transferencia t\u00e9rmica eficiente y r\u00e1pida.<\/span><\/p>\t\t\t\t\t\t\t\t<\/div>\n\t\t\t\t<\/div>\n\t\t\t\t\t<\/div>\n\t\t\t\t<\/div>\n\t\t\t\t\t<\/details>\n\t\t\t\t\t\t<details id=\"e-n-accordion-item-1053\" class=\"e-n-accordion-item\" >\n\t\t\t\t<summary class=\"e-n-accordion-item-title\" data-accordion-index=\"4\" tabindex=\"-1\" aria-expanded=\"false\" aria-controls=\"e-n-accordion-item-1053\" >\n\t\t\t\t\t<span class='e-n-accordion-item-title-header'><div class=\"e-n-accordion-item-title-text\"> Salas de Despiece y Manipulaci\u00f3n Climatizadas <\/div><\/span>\n\t\t\t\t\t\t\t<span class='e-n-accordion-item-title-icon'>\n\t\t\t<span class='e-opened' ><svg aria-hidden=\"true\" class=\"e-font-icon-svg e-fas-minus\" viewBox=\"0 0 448 512\" xmlns=\"http:\/\/www.w3.org\/2000\/svg\"><path d=\"M416 208H32c-17.67 0-32 14.33-32 32v32c0 17.67 14.33 32 32 32h384c17.67 0 32-14.33 32-32v-32c0-17.67-14.33-32-32-32z\"><\/path><\/svg><\/span>\n\t\t\t<span class='e-closed'><svg aria-hidden=\"true\" class=\"e-font-icon-svg e-fas-plus\" viewBox=\"0 0 448 512\" xmlns=\"http:\/\/www.w3.org\/2000\/svg\"><path d=\"M416 208H272V64c0-17.67-14.33-32-32-32h-32c-17.67 0-32 14.33-32 32v144H32c-17.67 0-32 14.33-32 32v32c0 17.67 14.33 32 32 32h144v144c0 17.67 14.33 32 32 32h32c17.67 0 32-14.33 32-32V304h144c17.67 0 32-14.33 32-32v-32c0-17.67-14.33-32-32-32z\"><\/path><\/svg><\/span>\n\t\t<\/span>\n\n\t\t\t\t\t\t<\/summary>\n\t\t\t\t<div class=\"has_ae_slider elementor-element elementor-element-65b5e87 e-flex e-con-boxed ae-bg-gallery-type-default e-con e-child\" role=\"region\" aria-labelledby=\"e-n-accordion-item-1053\" data-id=\"65b5e87\" data-element_type=\"container\" data-e-type=\"container\">\n\t\t\t\t\t<div class=\"e-con-inner\">\n\t\t\t\t<div class=\"elementor-element elementor-element-4788545 elementor-widget elementor-widget-text-editor\" data-id=\"4788545\" data-element_type=\"widget\" data-e-type=\"widget\" data-widget_type=\"text-editor.default\">\n\t\t\t\t<div class=\"elementor-widget-container\">\n\t\t\t\t\t\t\t\t\t<p><span style=\"font-weight: 400;\">Mantener estas \u00e1reas a temperaturas controladas (generalmente entre 8\u00b0C y 12\u00b0C) es crucial para limitar el crecimiento microbiano durante las operaciones de corte y preparaci\u00f3n de carnes, pescados o productos de cuarta gama.<\/span><\/p>\t\t\t\t\t\t\t\t<\/div>\n\t\t\t\t<\/div>\n\t\t\t\t\t<\/div>\n\t\t\t\t<\/div>\n\t\t\t\t\t<\/details>\n\t\t\t\t\t\t<details id=\"e-n-accordion-item-1054\" class=\"e-n-accordion-item\" >\n\t\t\t\t<summary class=\"e-n-accordion-item-title\" data-accordion-index=\"5\" tabindex=\"-1\" aria-expanded=\"false\" aria-controls=\"e-n-accordion-item-1054\" >\n\t\t\t\t\t<span class='e-n-accordion-item-title-header'><div class=\"e-n-accordion-item-title-text\"> Sistemas de Enfriamiento por Vac\u00edo (Vacuum Cooling) <\/div><\/span>\n\t\t\t\t\t\t\t<span class='e-n-accordion-item-title-icon'>\n\t\t\t<span class='e-opened' ><svg aria-hidden=\"true\" class=\"e-font-icon-svg e-fas-minus\" viewBox=\"0 0 448 512\" xmlns=\"http:\/\/www.w3.org\/2000\/svg\"><path d=\"M416 208H32c-17.67 0-32 14.33-32 32v32c0 17.67 14.33 32 32 32h384c17.67 0 32-14.33 32-32v-32c0-17.67-14.33-32-32-32z\"><\/path><\/svg><\/span>\n\t\t\t<span class='e-closed'><svg aria-hidden=\"true\" class=\"e-font-icon-svg e-fas-plus\" viewBox=\"0 0 448 512\" xmlns=\"http:\/\/www.w3.org\/2000\/svg\"><path d=\"M416 208H272V64c0-17.67-14.33-32-32-32h-32c-17.67 0-32 14.33-32 32v144H32c-17.67 0-32 14.33-32 32v32c0 17.67 14.33 32 32 32h144v144c0 17.67 14.33 32 32 32h32c17.67 0 32-14.33 32-32V304h144c17.67 0 32-14.33 32-32v-32c0-17.67-14.33-32-32-32z\"><\/path><\/svg><\/span>\n\t\t<\/span>\n\n\t\t\t\t\t\t<\/summary>\n\t\t\t\t<div class=\"has_ae_slider elementor-element elementor-element-702de7f e-flex e-con-boxed ae-bg-gallery-type-default e-con e-child\" role=\"region\" aria-labelledby=\"e-n-accordion-item-1054\" data-id=\"702de7f\" data-element_type=\"container\" data-e-type=\"container\">\n\t\t\t\t\t<div class=\"e-con-inner\">\n\t\t\t\t<div class=\"elementor-element elementor-element-631dc4d elementor-widget elementor-widget-text-editor\" data-id=\"631dc4d\" data-element_type=\"widget\" data-e-type=\"widget\" data-widget_type=\"text-editor.default\">\n\t\t\t\t<div class=\"elementor-widget-container\">\n\t\t\t\t\t\t\t\t\t<p><span style=\"font-weight: 400;\">Ideales para productos con alta superficie y contenido de agua, como verduras de hoja u horneados. El producto se introduce en una c\u00e1mara de vac\u00edo, y la evaporaci\u00f3n r\u00e1pida del agua superficial provoca un enfriamiento muy r\u00e1pido y uniforme.<\/span><\/p>\t\t\t\t\t\t\t\t<\/div>\n\t\t\t\t<\/div>\n\t\t\t\t\t<\/div>\n\t\t\t\t<\/div>\n\t\t\t\t\t<\/details>\n\t\t\t\t\t<\/div>\n\t\t\t\t\t\t<\/div>\n\t\t\t\t<\/div>\n\t\t\t\t<div class=\"elementor-element elementor-element-55839ac elementor-widget elementor-widget-text-editor\" data-id=\"55839ac\" data-element_type=\"widget\" data-e-type=\"widget\" data-widget_type=\"text-editor.default\">\n\t\t\t\t<div class=\"elementor-widget-container\">\n\t\t\t\t\t\t\t\t\t<p><b>Retos en esta fase:<\/b><\/p><ul><li style=\"font-weight: 400;\" aria-level=\"1\"><span style=\"font-weight: 400;\">Minimizar el tiempo de exposici\u00f3n a temperaturas no \u00f3ptimas.<\/span><\/li><li style=\"font-weight: 400;\" aria-level=\"1\"><span style=\"font-weight: 400;\">Evitar la contaminaci\u00f3n cruzada.<\/span><\/li><li style=\"font-weight: 400;\" aria-level=\"1\"><span style=\"font-weight: 400;\">Optimizar el consumo energ\u00e9tico de equipos de enfriamiento r\u00e1pido.<\/span><\/li><\/ul>\t\t\t\t\t\t\t\t<\/div>\n\t\t\t\t<\/div>\n\t\t\t\t<div class=\"elementor-element elementor-element-33fa37d elementor-widget elementor-widget-heading\" data-id=\"33fa37d\" data-element_type=\"widget\" data-e-type=\"widget\" data-widget_type=\"heading.default\">\n\t\t\t\t<div class=\"elementor-widget-container\">\n\t\t\t\t\t<h2 class=\"elementor-heading-title elementor-size-default\">Refrigeraci\u00f3n en el almacenamiento de alimentos: Conservaci\u00f3n a largo plazo<\/h2>\t\t\t\t<\/div>\n\t\t\t\t<\/div>\n\t\t\t\t<div class=\"elementor-element elementor-element-7673e53 elementor-widget elementor-widget-text-editor\" data-id=\"7673e53\" data-element_type=\"widget\" data-e-type=\"widget\" data-widget_type=\"text-editor.default\">\n\t\t\t\t<div class=\"elementor-widget-container\">\n\t\t\t\t\t\t\t\t\t<p><span style=\"font-weight: 400;\">Una vez procesados, los alimentos deben almacenarse en condiciones \u00f3ptimas hasta su distribuci\u00f3n. El tipo de almacenamiento depender\u00e1 de la naturaleza del producto y su vida \u00fatil esperada.<\/span><\/p><p>\u00a0<\/p><p><b>Sistemas y aplicaciones clave:<\/b><\/p>\t\t\t\t\t\t\t\t<\/div>\n\t\t\t\t<\/div>\n\t\t\t\t<div class=\"elementor-element elementor-element-8fc993e elementor-widget elementor-widget-n-accordion\" data-id=\"8fc993e\" data-element_type=\"widget\" data-e-type=\"widget\" data-settings=\"{&quot;default_state&quot;:&quot;expanded&quot;,&quot;max_items_expended&quot;:&quot;one&quot;,&quot;n_accordion_animation_duration&quot;:{&quot;unit&quot;:&quot;ms&quot;,&quot;size&quot;:400,&quot;sizes&quot;:[]}}\" data-widget_type=\"nested-accordion.default\">\n\t\t\t\t<div class=\"elementor-widget-container\">\n\t\t\t\t\t\t\t<div class=\"e-n-accordion\" aria-label=\"Accordion. Open links with Enter or Space, close with Escape, and navigate with Arrow Keys\">\n\t\t\t\t\t\t<details id=\"e-n-accordion-item-1500\" class=\"e-n-accordion-item\" open>\n\t\t\t\t<summary class=\"e-n-accordion-item-title\" data-accordion-index=\"1\" tabindex=\"0\" aria-expanded=\"true\" aria-controls=\"e-n-accordion-item-1500\" >\n\t\t\t\t\t<span class='e-n-accordion-item-title-header'><div class=\"e-n-accordion-item-title-text\"> C\u00e1maras de Refrigeraci\u00f3n (Temperatura Positiva) <\/div><\/span>\n\t\t\t\t\t\t\t<span class='e-n-accordion-item-title-icon'>\n\t\t\t<span class='e-opened' ><svg aria-hidden=\"true\" class=\"e-font-icon-svg e-fas-minus\" viewBox=\"0 0 448 512\" xmlns=\"http:\/\/www.w3.org\/2000\/svg\"><path d=\"M416 208H32c-17.67 0-32 14.33-32 32v32c0 17.67 14.33 32 32 32h384c17.67 0 32-14.33 32-32v-32c0-17.67-14.33-32-32-32z\"><\/path><\/svg><\/span>\n\t\t\t<span class='e-closed'><svg aria-hidden=\"true\" class=\"e-font-icon-svg e-fas-plus\" viewBox=\"0 0 448 512\" xmlns=\"http:\/\/www.w3.org\/2000\/svg\"><path d=\"M416 208H272V64c0-17.67-14.33-32-32-32h-32c-17.67 0-32 14.33-32 32v144H32c-17.67 0-32 14.33-32 32v32c0 17.67 14.33 32 32 32h144v144c0 17.67 14.33 32 32 32h32c17.67 0 32-14.33 32-32V304h144c17.67 0 32-14.33 32-32v-32c0-17.67-14.33-32-32-32z\"><\/path><\/svg><\/span>\n\t\t<\/span>\n\n\t\t\t\t\t\t<\/summary>\n\t\t\t\t<div class=\"has_ae_slider elementor-element elementor-element-3ca75d3 e-con-full e-flex ae-bg-gallery-type-default e-con e-child\" role=\"region\" aria-labelledby=\"e-n-accordion-item-1500\" data-id=\"3ca75d3\" data-element_type=\"container\" data-e-type=\"container\">\n\t\t\t\t<div class=\"elementor-element elementor-element-5324e17 elementor-widget elementor-widget-text-editor\" data-id=\"5324e17\" data-element_type=\"widget\" data-e-type=\"widget\" data-widget_type=\"text-editor.default\">\n\t\t\t\t<div class=\"elementor-widget-container\">\n\t\t\t\t\t\t\t\t\t<p><span style=\"font-weight: 400;\">Dise\u00f1adas para almacenar productos frescos (frutas, verduras, l\u00e1cteos, carnes frescas) a temperaturas entre 0\u00b0C y 8\u00b0C. Es vital un control preciso de la humedad para evitar la deshidrataci\u00f3n o el exceso de condensaci\u00f3n.<\/span><\/p><p>\u00a0<\/p>\t\t\t\t\t\t\t\t<\/div>\n\t\t\t\t<\/div>\n\t\t\t\t<\/div>\n\t\t\t\t\t<\/details>\n\t\t\t\t\t\t<details id=\"e-n-accordion-item-1501\" class=\"e-n-accordion-item\" >\n\t\t\t\t<summary class=\"e-n-accordion-item-title\" data-accordion-index=\"2\" tabindex=\"-1\" aria-expanded=\"false\" aria-controls=\"e-n-accordion-item-1501\" >\n\t\t\t\t\t<span class='e-n-accordion-item-title-header'><div class=\"e-n-accordion-item-title-text\"> C\u00e1maras de Congelaci\u00f3n (Temperatura Negativa) <\/div><\/span>\n\t\t\t\t\t\t\t<span class='e-n-accordion-item-title-icon'>\n\t\t\t<span class='e-opened' ><svg aria-hidden=\"true\" class=\"e-font-icon-svg e-fas-minus\" viewBox=\"0 0 448 512\" xmlns=\"http:\/\/www.w3.org\/2000\/svg\"><path d=\"M416 208H32c-17.67 0-32 14.33-32 32v32c0 17.67 14.33 32 32 32h384c17.67 0 32-14.33 32-32v-32c0-17.67-14.33-32-32-32z\"><\/path><\/svg><\/span>\n\t\t\t<span class='e-closed'><svg aria-hidden=\"true\" class=\"e-font-icon-svg e-fas-plus\" viewBox=\"0 0 448 512\" xmlns=\"http:\/\/www.w3.org\/2000\/svg\"><path d=\"M416 208H272V64c0-17.67-14.33-32-32-32h-32c-17.67 0-32 14.33-32 32v144H32c-17.67 0-32 14.33-32 32v32c0 17.67 14.33 32 32 32h144v144c0 17.67 14.33 32 32 32h32c17.67 0 32-14.33 32-32V304h144c17.67 0 32-14.33 32-32v-32c0-17.67-14.33-32-32-32z\"><\/path><\/svg><\/span>\n\t\t<\/span>\n\n\t\t\t\t\t\t<\/summary>\n\t\t\t\t<div class=\"has_ae_slider elementor-element elementor-element-5b2662e e-con-full e-flex ae-bg-gallery-type-default e-con e-child\" role=\"region\" aria-labelledby=\"e-n-accordion-item-1501\" data-id=\"5b2662e\" data-element_type=\"container\" data-e-type=\"container\">\n\t\t\t\t<div class=\"elementor-element elementor-element-4c1b067 elementor-widget elementor-widget-text-editor\" data-id=\"4c1b067\" data-element_type=\"widget\" data-e-type=\"widget\" data-widget_type=\"text-editor.default\">\n\t\t\t\t<div class=\"elementor-widget-container\">\n\t\t\t\t\t\t\t\t\t<p><span style=\"font-weight: 400;\">Para productos congelados, operan habitualmente entre -18\u00b0C y -25\u00b0C. La estabilidad de la temperatura es clave para evitar ciclos de congelaci\u00f3n-descongelaci\u00f3n que da\u00f1an la textura del producto.<\/span><\/p><p>\u00a0<\/p><p><img loading=\"lazy\" decoding=\"async\" class=\"aligncenter wp-image-24488 size-full\" src=\"https:\/\/innotecgrupo.com\/industria-empresa\/wp-content\/uploads\/2025\/05\/refrigeracion-industria-alimentaria-cadena-de-frio-5.jpg\" alt=\"Refrigeraci\u00f3n Industrial Cadena de Fr\u00edo\" width=\"1000\" height=\"538\" srcset=\"https:\/\/innotecgrupo.com\/industria-empresa\/wp-content\/uploads\/2025\/05\/refrigeracion-industria-alimentaria-cadena-de-frio-5.jpg 1000w, https:\/\/innotecgrupo.com\/industria-empresa\/wp-content\/uploads\/2025\/05\/refrigeracion-industria-alimentaria-cadena-de-frio-5-300x161.jpg 300w, https:\/\/innotecgrupo.com\/industria-empresa\/wp-content\/uploads\/2025\/05\/refrigeracion-industria-alimentaria-cadena-de-frio-5-768x413.jpg 768w\" sizes=\"(max-width: 1000px) 100vw, 1000px\" \/><\/p>\t\t\t\t\t\t\t\t<\/div>\n\t\t\t\t<\/div>\n\t\t\t\t<\/div>\n\t\t\t\t\t<\/details>\n\t\t\t\t\t\t<details id=\"e-n-accordion-item-1502\" class=\"e-n-accordion-item\" >\n\t\t\t\t<summary class=\"e-n-accordion-item-title\" data-accordion-index=\"3\" tabindex=\"-1\" aria-expanded=\"false\" aria-controls=\"e-n-accordion-item-1502\" >\n\t\t\t\t\t<span class='e-n-accordion-item-title-header'><div class=\"e-n-accordion-item-title-text\"> Almacenes con Atm\u00f3sfera Controlada (AC) y Modificada (AM) <\/div><\/span>\n\t\t\t\t\t\t\t<span class='e-n-accordion-item-title-icon'>\n\t\t\t<span class='e-opened' ><svg aria-hidden=\"true\" class=\"e-font-icon-svg e-fas-minus\" viewBox=\"0 0 448 512\" xmlns=\"http:\/\/www.w3.org\/2000\/svg\"><path d=\"M416 208H32c-17.67 0-32 14.33-32 32v32c0 17.67 14.33 32 32 32h384c17.67 0 32-14.33 32-32v-32c0-17.67-14.33-32-32-32z\"><\/path><\/svg><\/span>\n\t\t\t<span class='e-closed'><svg aria-hidden=\"true\" class=\"e-font-icon-svg e-fas-plus\" viewBox=\"0 0 448 512\" xmlns=\"http:\/\/www.w3.org\/2000\/svg\"><path d=\"M416 208H272V64c0-17.67-14.33-32-32-32h-32c-17.67 0-32 14.33-32 32v144H32c-17.67 0-32 14.33-32 32v32c0 17.67 14.33 32 32 32h144v144c0 17.67 14.33 32 32 32h32c17.67 0 32-14.33 32-32V304h144c17.67 0 32-14.33 32-32v-32c0-17.67-14.33-32-32-32z\"><\/path><\/svg><\/span>\n\t\t<\/span>\n\n\t\t\t\t\t\t<\/summary>\n\t\t\t\t<div class=\"has_ae_slider elementor-element elementor-element-0a376a6 e-con-full e-flex ae-bg-gallery-type-default e-con e-child\" role=\"region\" aria-labelledby=\"e-n-accordion-item-1502\" data-id=\"0a376a6\" data-element_type=\"container\" data-e-type=\"container\">\n\t\t\t\t<div class=\"elementor-element elementor-element-81b4026 elementor-widget elementor-widget-text-editor\" data-id=\"81b4026\" data-element_type=\"widget\" data-e-type=\"widget\" data-widget_type=\"text-editor.default\">\n\t\t\t\t<div class=\"elementor-widget-container\">\n\t\t\t\t\t\t\t\t\t<ul><li style=\"font-weight: 400;\" aria-level=\"2\"><b>AC:<\/b><span style=\"font-weight: 400;\"> Se controla con precisi\u00f3n la composici\u00f3n de gases (Ox\u00edgeno, Di\u00f3xido de Carbono, Nitr\u00f3geno) adem\u00e1s de la temperatura y humedad. Muy usado para frutas y hortalizas, permitiendo alargar su conservaci\u00f3n durante meses.<\/span><\/li><li style=\"font-weight: 400;\" aria-level=\"2\"><b>AM:<\/b><span> Similar a la AC pero aplicada al envasado individual (MAP &#8211; Modified Atmosphere Packaging), donde se modifica la atm\u00f3sfera dentro del envase.<\/span><\/li><\/ul>\t\t\t\t\t\t\t\t<\/div>\n\t\t\t\t<\/div>\n\t\t\t\t<\/div>\n\t\t\t\t\t<\/details>\n\t\t\t\t\t\t<details id=\"e-n-accordion-item-1503\" class=\"e-n-accordion-item\" >\n\t\t\t\t<summary class=\"e-n-accordion-item-title\" data-accordion-index=\"4\" tabindex=\"-1\" aria-expanded=\"false\" aria-controls=\"e-n-accordion-item-1503\" >\n\t\t\t\t\t<span class='e-n-accordion-item-title-header'><div class=\"e-n-accordion-item-title-text\"> Sistemas de Desescarche Eficientes <\/div><\/span>\n\t\t\t\t\t\t\t<span class='e-n-accordion-item-title-icon'>\n\t\t\t<span class='e-opened' ><svg aria-hidden=\"true\" class=\"e-font-icon-svg e-fas-minus\" viewBox=\"0 0 448 512\" xmlns=\"http:\/\/www.w3.org\/2000\/svg\"><path d=\"M416 208H32c-17.67 0-32 14.33-32 32v32c0 17.67 14.33 32 32 32h384c17.67 0 32-14.33 32-32v-32c0-17.67-14.33-32-32-32z\"><\/path><\/svg><\/span>\n\t\t\t<span class='e-closed'><svg aria-hidden=\"true\" class=\"e-font-icon-svg e-fas-plus\" viewBox=\"0 0 448 512\" xmlns=\"http:\/\/www.w3.org\/2000\/svg\"><path d=\"M416 208H272V64c0-17.67-14.33-32-32-32h-32c-17.67 0-32 14.33-32 32v144H32c-17.67 0-32 14.33-32 32v32c0 17.67 14.33 32 32 32h144v144c0 17.67 14.33 32 32 32h32c17.67 0 32-14.33 32-32V304h144c17.67 0 32-14.33 32-32v-32c0-17.67-14.33-32-32-32z\"><\/path><\/svg><\/span>\n\t\t<\/span>\n\n\t\t\t\t\t\t<\/summary>\n\t\t\t\t<div class=\"has_ae_slider elementor-element elementor-element-937f4b6 e-con-full e-flex ae-bg-gallery-type-default e-con e-child\" role=\"region\" aria-labelledby=\"e-n-accordion-item-1503\" data-id=\"937f4b6\" data-element_type=\"container\" data-e-type=\"container\">\n\t\t\t\t<div class=\"elementor-element elementor-element-4f65841 elementor-widget elementor-widget-text-editor\" data-id=\"4f65841\" data-element_type=\"widget\" data-e-type=\"widget\" data-widget_type=\"text-editor.default\">\n\t\t\t\t<div class=\"elementor-widget-container\">\n\t\t\t\t\t\t\t\t\t<p><span style=\"font-weight: 400;\">El hielo en los evaporadores reduce la eficiencia. Se requieren sistemas de desescarche (por gas caliente, resistencias el\u00e9ctricas, agua) bien dimensionados y programados para minimizar el impacto en la temperatura de la c\u00e1mara y el consumo energ\u00e9tico.<\/span><\/p>\t\t\t\t\t\t\t\t<\/div>\n\t\t\t\t<\/div>\n\t\t\t\t<\/div>\n\t\t\t\t\t<\/details>\n\t\t\t\t\t<\/div>\n\t\t\t\t\t\t<\/div>\n\t\t\t\t<\/div>\n\t\t\t\t<div class=\"elementor-element elementor-element-518090e elementor-widget elementor-widget-text-editor\" data-id=\"518090e\" data-element_type=\"widget\" data-e-type=\"widget\" data-widget_type=\"text-editor.default\">\n\t\t\t\t<div class=\"elementor-widget-container\">\n\t\t\t\t\t\t\t\t\t<p><b>Retos en esta fase:<\/b><\/p><ul><li style=\"font-weight: 400;\" aria-level=\"1\"><span style=\"font-weight: 400;\">Garantizar la uniformidad de la temperatura en todo el volumen de la c\u00e1mara.<\/span><\/li><li style=\"font-weight: 400;\" aria-level=\"1\"><span style=\"font-weight: 400;\">Controlar la humedad relativa.<\/span><\/li><li style=\"font-weight: 400;\" aria-level=\"1\"><span style=\"font-weight: 400;\">Optimizar el aislamiento y la estanqueidad de las c\u00e1maras para reducir las ganancias de calor.<\/span><\/li><li style=\"font-weight: 400;\" aria-level=\"1\"><span style=\"font-weight: 400;\">Gestionar la apertura de puertas para minimizar la p\u00e9rdida de fr\u00edo.<\/span><\/li><\/ul>\t\t\t\t\t\t\t\t<\/div>\n\t\t\t\t<\/div>\n\t\t\t\t<div class=\"elementor-element elementor-element-5c08e9d elementor-widget elementor-widget-image\" data-id=\"5c08e9d\" data-element_type=\"widget\" data-e-type=\"widget\" data-widget_type=\"image.default\">\n\t\t\t\t<div class=\"elementor-widget-container\">\n\t\t\t\t\t\t\t\t\t\t\t\t\t\t\t<img loading=\"lazy\" decoding=\"async\" width=\"800\" height=\"401\" src=\"https:\/\/innotecgrupo.com\/industria-empresa\/wp-content\/uploads\/2025\/05\/refrigeracion-industria-alimentaria-cadena-de-frio-6.jpg\" class=\"attachment-large size-large wp-image-24489\" alt=\"Refrigeraci\u00f3n Industrial Cadena de Fr\u00edo\" srcset=\"https:\/\/innotecgrupo.com\/industria-empresa\/wp-content\/uploads\/2025\/05\/refrigeracion-industria-alimentaria-cadena-de-frio-6.jpg 1000w, https:\/\/innotecgrupo.com\/industria-empresa\/wp-content\/uploads\/2025\/05\/refrigeracion-industria-alimentaria-cadena-de-frio-6-300x150.jpg 300w, https:\/\/innotecgrupo.com\/industria-empresa\/wp-content\/uploads\/2025\/05\/refrigeracion-industria-alimentaria-cadena-de-frio-6-768x385.jpg 768w\" sizes=\"(max-width: 800px) 100vw, 800px\" \/>\t\t\t\t\t\t\t\t\t\t\t\t\t\t\t<\/div>\n\t\t\t\t<\/div>\n\t\t\t\t<div class=\"elementor-element elementor-element-dca781c elementor-widget elementor-widget-heading\" data-id=\"dca781c\" data-element_type=\"widget\" data-e-type=\"widget\" data-widget_type=\"heading.default\">\n\t\t\t\t<div class=\"elementor-widget-container\">\n\t\t\t\t\t<h2 class=\"elementor-heading-title elementor-size-default\">Refrigeraci\u00f3n en la distribuci\u00f3n de alimentos: El \u00faltimo eslab\u00f3n cr\u00edtico<\/h2>\t\t\t\t<\/div>\n\t\t\t\t<\/div>\n\t\t\t\t<div class=\"elementor-element elementor-element-0312063 elementor-widget elementor-widget-text-editor\" data-id=\"0312063\" data-element_type=\"widget\" data-e-type=\"widget\" data-widget_type=\"text-editor.default\">\n\t\t\t\t<div class=\"elementor-widget-container\">\n\t\t\t\t\t\t\t\t\t<p><span style=\"font-weight: 400;\">El transporte es, posiblemente, el eslab\u00f3n m\u00e1s delicado de la cadena de fr\u00edo. Los alimentos est\u00e1n expuestos a variaciones de temperatura ambiente, m\u00faltiples manipulaciones y largos trayectos.<\/span><\/p><p>\u00a0<\/p><p><b>Sistemas y aplicaciones clave:<\/b><\/p>\t\t\t\t\t\t\t\t<\/div>\n\t\t\t\t<\/div>\n\t\t\t\t<div class=\"elementor-element elementor-element-db2f951 elementor-widget elementor-widget-n-accordion\" data-id=\"db2f951\" data-element_type=\"widget\" data-e-type=\"widget\" data-settings=\"{&quot;default_state&quot;:&quot;expanded&quot;,&quot;max_items_expended&quot;:&quot;one&quot;,&quot;n_accordion_animation_duration&quot;:{&quot;unit&quot;:&quot;ms&quot;,&quot;size&quot;:400,&quot;sizes&quot;:[]}}\" data-widget_type=\"nested-accordion.default\">\n\t\t\t\t<div class=\"elementor-widget-container\">\n\t\t\t\t\t\t\t<div class=\"e-n-accordion\" aria-label=\"Accordion. Open links with Enter or Space, close with Escape, and navigate with Arrow Keys\">\n\t\t\t\t\t\t<details id=\"e-n-accordion-item-2290\" class=\"e-n-accordion-item\" open>\n\t\t\t\t<summary class=\"e-n-accordion-item-title\" data-accordion-index=\"1\" tabindex=\"0\" aria-expanded=\"true\" aria-controls=\"e-n-accordion-item-2290\" >\n\t\t\t\t\t<span class='e-n-accordion-item-title-header'><div class=\"e-n-accordion-item-title-text\"> Veh\u00edculos Refrigerados y Congeladores <\/div><\/span>\n\t\t\t\t\t\t\t<span class='e-n-accordion-item-title-icon'>\n\t\t\t<span class='e-opened' ><svg aria-hidden=\"true\" class=\"e-font-icon-svg e-fas-minus\" viewBox=\"0 0 448 512\" xmlns=\"http:\/\/www.w3.org\/2000\/svg\"><path d=\"M416 208H32c-17.67 0-32 14.33-32 32v32c0 17.67 14.33 32 32 32h384c17.67 0 32-14.33 32-32v-32c0-17.67-14.33-32-32-32z\"><\/path><\/svg><\/span>\n\t\t\t<span class='e-closed'><svg aria-hidden=\"true\" class=\"e-font-icon-svg e-fas-plus\" viewBox=\"0 0 448 512\" xmlns=\"http:\/\/www.w3.org\/2000\/svg\"><path d=\"M416 208H272V64c0-17.67-14.33-32-32-32h-32c-17.67 0-32 14.33-32 32v144H32c-17.67 0-32 14.33-32 32v32c0 17.67 14.33 32 32 32h144v144c0 17.67 14.33 32 32 32h32c17.67 0 32-14.33 32-32V304h144c17.67 0 32-14.33 32-32v-32c0-17.67-14.33-32-32-32z\"><\/path><\/svg><\/span>\n\t\t<\/span>\n\n\t\t\t\t\t\t<\/summary>\n\t\t\t\t<div class=\"has_ae_slider elementor-element elementor-element-d6a5f9b e-con-full e-flex ae-bg-gallery-type-default e-con e-child\" role=\"region\" aria-labelledby=\"e-n-accordion-item-2290\" data-id=\"d6a5f9b\" data-element_type=\"container\" data-e-type=\"container\">\n\t\t\t\t<div class=\"elementor-element elementor-element-4a6f556 elementor-widget elementor-widget-text-editor\" data-id=\"4a6f556\" data-element_type=\"widget\" data-e-type=\"widget\" data-widget_type=\"text-editor.default\">\n\t\t\t\t<div class=\"elementor-widget-container\">\n\t\t\t\t\t\t\t\t\t<p><span style=\"font-weight: 400;\">Camiones, furgonetas y contenedores equipados con unidades de refrigeraci\u00f3n aut\u00f3nomas capaces de mantener temperaturas espec\u00edficas (positivas o negativas) durante todo el trayecto. Estos equipos deben ser robustos y fiables.<\/span><\/p><p>\u00a0<\/p><p><img loading=\"lazy\" decoding=\"async\" class=\"aligncenter wp-image-24486 size-full\" src=\"https:\/\/innotecgrupo.com\/industria-empresa\/wp-content\/uploads\/2025\/05\/refrigeracion-industria-alimentaria-cadena-de-frio-3.jpg\" alt=\"Refrigeraci\u00f3n Industrial Cadena de Fr\u00edo\" width=\"1000\" height=\"541\" srcset=\"https:\/\/innotecgrupo.com\/industria-empresa\/wp-content\/uploads\/2025\/05\/refrigeracion-industria-alimentaria-cadena-de-frio-3.jpg 1000w, https:\/\/innotecgrupo.com\/industria-empresa\/wp-content\/uploads\/2025\/05\/refrigeracion-industria-alimentaria-cadena-de-frio-3-300x162.jpg 300w, https:\/\/innotecgrupo.com\/industria-empresa\/wp-content\/uploads\/2025\/05\/refrigeracion-industria-alimentaria-cadena-de-frio-3-768x415.jpg 768w\" sizes=\"(max-width: 1000px) 100vw, 1000px\" \/><\/p>\t\t\t\t\t\t\t\t<\/div>\n\t\t\t\t<\/div>\n\t\t\t\t<\/div>\n\t\t\t\t\t<\/details>\n\t\t\t\t\t\t<details id=\"e-n-accordion-item-2291\" class=\"e-n-accordion-item\" >\n\t\t\t\t<summary class=\"e-n-accordion-item-title\" data-accordion-index=\"2\" tabindex=\"-1\" aria-expanded=\"false\" aria-controls=\"e-n-accordion-item-2291\" >\n\t\t\t\t\t<span class='e-n-accordion-item-title-header'><div class=\"e-n-accordion-item-title-text\"> Registradores de Datos (Data Loggers) y Sistemas de Monitorizaci\u00f3n Remota (IoT) <\/div><\/span>\n\t\t\t\t\t\t\t<span class='e-n-accordion-item-title-icon'>\n\t\t\t<span class='e-opened' ><svg aria-hidden=\"true\" class=\"e-font-icon-svg e-fas-minus\" viewBox=\"0 0 448 512\" xmlns=\"http:\/\/www.w3.org\/2000\/svg\"><path d=\"M416 208H32c-17.67 0-32 14.33-32 32v32c0 17.67 14.33 32 32 32h384c17.67 0 32-14.33 32-32v-32c0-17.67-14.33-32-32-32z\"><\/path><\/svg><\/span>\n\t\t\t<span class='e-closed'><svg aria-hidden=\"true\" class=\"e-font-icon-svg e-fas-plus\" viewBox=\"0 0 448 512\" xmlns=\"http:\/\/www.w3.org\/2000\/svg\"><path d=\"M416 208H272V64c0-17.67-14.33-32-32-32h-32c-17.67 0-32 14.33-32 32v144H32c-17.67 0-32 14.33-32 32v32c0 17.67 14.33 32 32 32h144v144c0 17.67 14.33 32 32 32h32c17.67 0 32-14.33 32-32V304h144c17.67 0 32-14.33 32-32v-32c0-17.67-14.33-32-32-32z\"><\/path><\/svg><\/span>\n\t\t<\/span>\n\n\t\t\t\t\t\t<\/summary>\n\t\t\t\t<div class=\"has_ae_slider elementor-element elementor-element-bb3c5dc e-flex e-con-boxed ae-bg-gallery-type-default e-con e-child\" role=\"region\" aria-labelledby=\"e-n-accordion-item-2291\" data-id=\"bb3c5dc\" data-element_type=\"container\" data-e-type=\"container\">\n\t\t\t\t\t<div class=\"e-con-inner\">\n\t\t\t\t<div class=\"elementor-element elementor-element-0813bf9 elementor-widget elementor-widget-text-editor\" data-id=\"0813bf9\" data-element_type=\"widget\" data-e-type=\"widget\" data-widget_type=\"text-editor.default\">\n\t\t\t\t<div class=\"elementor-widget-container\">\n\t\t\t\t\t\t\t\t\t<p><span style=\"font-weight: 400;\">Permiten un seguimiento continuo de la temperatura durante el transporte. En caso de desviaci\u00f3n, se pueden generar alertas en tiempo real, permitiendo acciones correctivas. El IoT (Internet of Things) facilita la trazabilidad y la gesti\u00f3n de flotas.<\/span><\/p>\t\t\t\t\t\t\t\t<\/div>\n\t\t\t\t<\/div>\n\t\t\t\t\t<\/div>\n\t\t\t\t<\/div>\n\t\t\t\t\t<\/details>\n\t\t\t\t\t\t<details id=\"e-n-accordion-item-2292\" class=\"e-n-accordion-item\" >\n\t\t\t\t<summary class=\"e-n-accordion-item-title\" data-accordion-index=\"3\" tabindex=\"-1\" aria-expanded=\"false\" aria-controls=\"e-n-accordion-item-2292\" >\n\t\t\t\t\t<span class='e-n-accordion-item-title-header'><div class=\"e-n-accordion-item-title-text\"> Embalajes Isot\u00e9rmicos y Acumuladores de Fr\u00edo <\/div><\/span>\n\t\t\t\t\t\t\t<span class='e-n-accordion-item-title-icon'>\n\t\t\t<span class='e-opened' ><svg aria-hidden=\"true\" class=\"e-font-icon-svg e-fas-minus\" viewBox=\"0 0 448 512\" xmlns=\"http:\/\/www.w3.org\/2000\/svg\"><path d=\"M416 208H32c-17.67 0-32 14.33-32 32v32c0 17.67 14.33 32 32 32h384c17.67 0 32-14.33 32-32v-32c0-17.67-14.33-32-32-32z\"><\/path><\/svg><\/span>\n\t\t\t<span class='e-closed'><svg aria-hidden=\"true\" class=\"e-font-icon-svg e-fas-plus\" viewBox=\"0 0 448 512\" xmlns=\"http:\/\/www.w3.org\/2000\/svg\"><path d=\"M416 208H272V64c0-17.67-14.33-32-32-32h-32c-17.67 0-32 14.33-32 32v144H32c-17.67 0-32 14.33-32 32v32c0 17.67 14.33 32 32 32h144v144c0 17.67 14.33 32 32 32h32c17.67 0 32-14.33 32-32V304h144c17.67 0 32-14.33 32-32v-32c0-17.67-14.33-32-32-32z\"><\/path><\/svg><\/span>\n\t\t<\/span>\n\n\t\t\t\t\t\t<\/summary>\n\t\t\t\t<div class=\"has_ae_slider elementor-element elementor-element-812ce4d e-flex e-con-boxed ae-bg-gallery-type-default e-con e-child\" role=\"region\" aria-labelledby=\"e-n-accordion-item-2292\" data-id=\"812ce4d\" data-element_type=\"container\" data-e-type=\"container\">\n\t\t\t\t\t<div class=\"e-con-inner\">\n\t\t\t\t<div class=\"elementor-element elementor-element-9865f62 elementor-widget elementor-widget-text-editor\" data-id=\"9865f62\" data-element_type=\"widget\" data-e-type=\"widget\" data-widget_type=\"text-editor.default\">\n\t\t\t\t<div class=\"elementor-widget-container\">\n\t\t\t\t\t\t\t\t\t<p><span style=\"font-weight: 400;\">Para el transporte de peque\u00f1as cantidades o la \u00ab\u00faltima milla\u00bb, se utilizan cajas isot\u00e9rmicas con acumuladores de fr\u00edo (gel packs, hielo seco) que ayudan a mantener la temperatura durante periodos limitados.<\/span><\/p>\t\t\t\t\t\t\t\t<\/div>\n\t\t\t\t<\/div>\n\t\t\t\t\t<\/div>\n\t\t\t\t<\/div>\n\t\t\t\t\t<\/details>\n\t\t\t\t\t\t<details id=\"e-n-accordion-item-2293\" class=\"e-n-accordion-item\" >\n\t\t\t\t<summary class=\"e-n-accordion-item-title\" data-accordion-index=\"4\" tabindex=\"-1\" aria-expanded=\"false\" aria-controls=\"e-n-accordion-item-2293\" >\n\t\t\t\t\t<span class='e-n-accordion-item-title-header'><div class=\"e-n-accordion-item-title-text\"> Plataformas Log\u00edsticas Refrigeradas <\/div><\/span>\n\t\t\t\t\t\t\t<span class='e-n-accordion-item-title-icon'>\n\t\t\t<span class='e-opened' ><svg aria-hidden=\"true\" class=\"e-font-icon-svg e-fas-minus\" viewBox=\"0 0 448 512\" xmlns=\"http:\/\/www.w3.org\/2000\/svg\"><path d=\"M416 208H32c-17.67 0-32 14.33-32 32v32c0 17.67 14.33 32 32 32h384c17.67 0 32-14.33 32-32v-32c0-17.67-14.33-32-32-32z\"><\/path><\/svg><\/span>\n\t\t\t<span class='e-closed'><svg aria-hidden=\"true\" class=\"e-font-icon-svg e-fas-plus\" viewBox=\"0 0 448 512\" xmlns=\"http:\/\/www.w3.org\/2000\/svg\"><path d=\"M416 208H272V64c0-17.67-14.33-32-32-32h-32c-17.67 0-32 14.33-32 32v144H32c-17.67 0-32 14.33-32 32v32c0 17.67 14.33 32 32 32h144v144c0 17.67 14.33 32 32 32h32c17.67 0 32-14.33 32-32V304h144c17.67 0 32-14.33 32-32v-32c0-17.67-14.33-32-32-32z\"><\/path><\/svg><\/span>\n\t\t<\/span>\n\n\t\t\t\t\t\t<\/summary>\n\t\t\t\t<div class=\"has_ae_slider elementor-element elementor-element-7a61eab e-flex e-con-boxed ae-bg-gallery-type-default e-con e-child\" role=\"region\" aria-labelledby=\"e-n-accordion-item-2293\" data-id=\"7a61eab\" data-element_type=\"container\" data-e-type=\"container\">\n\t\t\t\t\t<div class=\"e-con-inner\">\n\t\t\t\t<div class=\"elementor-element elementor-element-8571a24 elementor-widget elementor-widget-text-editor\" data-id=\"8571a24\" data-element_type=\"widget\" data-e-type=\"widget\" data-widget_type=\"text-editor.default\">\n\t\t\t\t<div class=\"elementor-widget-container\">\n\t\t\t\t\t\t\t\t\t<p><span style=\"font-weight: 400;\">Los centros de distribuci\u00f3n y transbordo deben contar con muelles de carga y zonas de espera refrigeradas para evitar que los productos pierdan la temperatura durante la carga y descarga.<\/span><\/p><p>\u00a0<\/p><p><img loading=\"lazy\" decoding=\"async\" class=\"aligncenter wp-image-24484 size-full\" src=\"https:\/\/innotecgrupo.com\/industria-empresa\/wp-content\/uploads\/2025\/05\/refrigeracion-industria-alimentaria-cadena-de-frio-1.jpg\" alt=\"Refrigeraci\u00f3n Industrial Cadena de Fr\u00edo\" width=\"1000\" height=\"557\" srcset=\"https:\/\/innotecgrupo.com\/industria-empresa\/wp-content\/uploads\/2025\/05\/refrigeracion-industria-alimentaria-cadena-de-frio-1.jpg 1000w, https:\/\/innotecgrupo.com\/industria-empresa\/wp-content\/uploads\/2025\/05\/refrigeracion-industria-alimentaria-cadena-de-frio-1-300x167.jpg 300w, https:\/\/innotecgrupo.com\/industria-empresa\/wp-content\/uploads\/2025\/05\/refrigeracion-industria-alimentaria-cadena-de-frio-1-768x428.jpg 768w\" sizes=\"(max-width: 1000px) 100vw, 1000px\" \/><\/p>\t\t\t\t\t\t\t\t<\/div>\n\t\t\t\t<\/div>\n\t\t\t\t\t<\/div>\n\t\t\t\t<\/div>\n\t\t\t\t\t<\/details>\n\t\t\t\t\t<\/div>\n\t\t\t\t\t\t<\/div>\n\t\t\t\t<\/div>\n\t\t\t\t<div class=\"elementor-element elementor-element-4038e58 elementor-widget elementor-widget-text-editor\" data-id=\"4038e58\" data-element_type=\"widget\" data-e-type=\"widget\" data-widget_type=\"text-editor.default\">\n\t\t\t\t<div class=\"elementor-widget-container\">\n\t\t\t\t\t\t\t\t\t<p><b>Retos en esta fase:<\/b><\/p><ul><li style=\"font-weight: 400;\" aria-level=\"1\"><span style=\"font-weight: 400;\">Mantener la temperatura ante aperturas frecuentes de puertas.<\/span><\/li><li style=\"font-weight: 400;\" aria-level=\"1\"><span style=\"font-weight: 400;\">Asegurar el correcto funcionamiento de los equipos de fr\u00edo en condiciones variables.<\/span><\/li><li style=\"font-weight: 400;\" aria-level=\"1\"><span style=\"font-weight: 400;\">Optimizar las rutas y los tiempos de entrega.<\/span><\/li><li style=\"font-weight: 400;\" aria-level=\"1\"><span style=\"font-weight: 400;\">Garantizar la trazabilidad y el registro de temperaturas.<\/span><\/li><\/ul>\t\t\t\t\t\t\t\t<\/div>\n\t\t\t\t<\/div>\n\t\t\t\t<div class=\"elementor-element elementor-element-4e151d9 elementor-widget elementor-widget-image\" data-id=\"4e151d9\" data-element_type=\"widget\" data-e-type=\"widget\" data-widget_type=\"image.default\">\n\t\t\t\t<div class=\"elementor-widget-container\">\n\t\t\t\t\t\t\t\t\t\t\t\t\t\t\t<img loading=\"lazy\" decoding=\"async\" width=\"800\" height=\"439\" src=\"https:\/\/innotecgrupo.com\/industria-empresa\/wp-content\/uploads\/2025\/05\/refrigeracion-industria-alimentaria-cadena-de-frio-4.jpg\" class=\"attachment-large size-large wp-image-24487\" alt=\"Refrigeraci\u00f3n Industrial Cadena de Fr\u00edo\" srcset=\"https:\/\/innotecgrupo.com\/industria-empresa\/wp-content\/uploads\/2025\/05\/refrigeracion-industria-alimentaria-cadena-de-frio-4.jpg 1000w, https:\/\/innotecgrupo.com\/industria-empresa\/wp-content\/uploads\/2025\/05\/refrigeracion-industria-alimentaria-cadena-de-frio-4-300x165.jpg 300w, https:\/\/innotecgrupo.com\/industria-empresa\/wp-content\/uploads\/2025\/05\/refrigeracion-industria-alimentaria-cadena-de-frio-4-768x422.jpg 768w\" sizes=\"(max-width: 800px) 100vw, 800px\" \/>\t\t\t\t\t\t\t\t\t\t\t\t\t\t\t<\/div>\n\t\t\t\t<\/div>\n\t\t\t\t<div class=\"elementor-element elementor-element-229eb65 elementor-widget elementor-widget-heading\" data-id=\"229eb65\" data-element_type=\"widget\" data-e-type=\"widget\" data-widget_type=\"heading.default\">\n\t\t\t\t<div class=\"elementor-widget-container\">\n\t\t\t\t\t<h2 class=\"elementor-heading-title elementor-size-default\">Tecnolog\u00edas y tendencias emergentes: Hacia una refrigeraci\u00f3n m\u00e1s inteligente y sostenible<\/h2>\t\t\t\t<\/div>\n\t\t\t\t<\/div>\n\t\t\t\t<div class=\"elementor-element elementor-element-890dcaa elementor-widget elementor-widget-text-editor\" data-id=\"890dcaa\" data-element_type=\"widget\" data-e-type=\"widget\" data-widget_type=\"text-editor.default\">\n\t\t\t\t<div class=\"elementor-widget-container\">\n\t\t\t\t\t\t\t\t\t<p><span style=\"font-weight: 400;\">La industria de la refrigeraci\u00f3n alimentaria no deja de evolucionar, impulsada por la necesidad de mayor eficiencia, sostenibilidad y cumplimiento normativo.<\/span><\/p><ul><li style=\"font-weight: 400;\" aria-level=\"1\"><b>Refrigerantes Naturales:<\/b><span style=\"font-weight: 400;\"> El uso de refrigerantes como el Amoniaco (NH3\u200b), el Di\u00f3xido de Carbono (CO2\u200b) y los Hidrocarburos (HC) est\u00e1 en auge debido a su bajo Potencial de Calentamiento Global (PCG) y nulo Potencial de Agotamiento del Ozono (PAO), en l\u00ednea con normativas como la F-Gas europea.<\/span><\/li><li style=\"font-weight: 400;\" aria-level=\"1\"><b>Eficiencia Energ\u00e9tica:<\/b><span style=\"font-weight: 400;\"> Sistemas con compresores de velocidad variable (inverter), ventiladores electr\u00f3nicos conmutados (EC), recuperaci\u00f3n de calor y aislamientos de alto rendimiento son cruciales para reducir los costes operativos y la huella de carbono.<\/span><\/li><li style=\"font-weight: 400;\" aria-level=\"1\"><b>Digitalizaci\u00f3n y Mantenimiento Predictivo:<\/b><span style=\"font-weight: 400;\"> El IoT, Big Data y la Inteligencia Artificial permiten monitorizar en tiempo real todos los par\u00e1metros, optimizar el rendimiento, predecir fallos antes de que ocurran y gestionar el mantenimiento de forma proactiva.<\/span><\/li><li style=\"font-weight: 400;\" aria-level=\"1\"><b>Automatizaci\u00f3n:<\/b><span style=\"font-weight: 400;\"> Desde sistemas de carga y descarga automatizados en almacenes frigor\u00edficos hasta robots en salas de procesado, la automatizaci\u00f3n reduce la necesidad de intervenci\u00f3n humana en ambientes fr\u00edos y mejora la eficiencia.<\/span><\/li><\/ul>\t\t\t\t\t\t\t\t<\/div>\n\t\t\t\t<\/div>\n\t\t\t\t<div class=\"elementor-element elementor-element-db83c7c elementor-widget elementor-widget-heading\" data-id=\"db83c7c\" data-element_type=\"widget\" data-e-type=\"widget\" data-widget_type=\"heading.default\">\n\t\t\t\t<div class=\"elementor-widget-container\">\n\t\t\t\t\t<h2 class=\"elementor-heading-title elementor-size-default\">Innotec, tu aliado en la cadena de fr\u00edo<\/h2>\t\t\t\t<\/div>\n\t\t\t\t<\/div>\n\t\t\t\t<div class=\"elementor-element elementor-element-9553d44 elementor-widget elementor-widget-text-editor\" data-id=\"9553d44\" data-element_type=\"widget\" data-e-type=\"widget\" data-widget_type=\"text-editor.default\">\n\t\t\t\t<div class=\"elementor-widget-container\">\n\t\t\t\t\t\t\t\t\t<p><span style=\"font-weight: 400;\">La refrigeraci\u00f3n en la industria alimentaria es un campo complejo que exige soluciones robustas, fiables y eficientes energ\u00e9ticamente. En <\/span><b>Innotec<\/b><span style=\"font-weight: 400;\">, entendemos los desaf\u00edos \u00fanicos que enfrenta cada etapa de la cadena de fr\u00edo, desde el procesado hasta la distribuci\u00f3n. Nuestro equipo de expertos est\u00e1 dedicado a dise\u00f1ar, implementar y mantener sistemas de refrigeraci\u00f3n a medida que no solo cumplen con las normativas m\u00e1s exigentes, sino que tambi\u00e9n optimizan los costes operativos y promueven la sostenibilidad.<\/span><\/p><p><span style=\"font-weight: 400;\">Garantizar la seguridad y calidad de los alimentos es una responsabilidad compartida, y la tecnolog\u00eda de refrigeraci\u00f3n adecuada es su mejor aliada.<\/span><\/p>\t\t\t\t\t\t\t\t<\/div>\n\t\t\t\t<\/div>\n\t\t\t\t<div class=\"elementor-element elementor-element-17e08cf elementor-widget elementor-widget-text-editor\" data-id=\"17e08cf\" data-element_type=\"widget\" data-e-type=\"widget\" data-widget_type=\"text-editor.default\">\n\t\t\t\t<div class=\"elementor-widget-container\">\n\t\t\t\t\t\t\t\t\t<p style=\"text-align: center;\"><b>\u00bfNecesita optimizar sus sistemas de refrigeraci\u00f3n en la industria alimentaria?<\/b><span style=\"font-weight: 400;\"> Contacte con nosotros para un an\u00e1lisis personalizado y descubra c\u00f3mo Innotec puede ayudarle a fortalecer su cadena de fr\u00edo.<\/span><\/p>\t\t\t\t\t\t\t\t<\/div>\n\t\t\t\t<\/div>\n\t\t\t\t<div class=\"elementor-element elementor-element-4b07413 elementor-widget elementor-widget-spacer\" data-id=\"4b07413\" data-element_type=\"widget\" data-e-type=\"widget\" data-widget_type=\"spacer.default\">\n\t\t\t\t<div class=\"elementor-widget-container\">\n\t\t\t\t\t\t\t<div class=\"elementor-spacer\">\n\t\t\t<div class=\"elementor-spacer-inner\"><\/div>\n\t\t<\/div>\n\t\t\t\t\t\t<\/div>\n\t\t\t\t<\/div>\n\t\t\t\t<div class=\"elementor-element elementor-element-1d8d0a3 elementor-widget elementor-widget-image\" data-id=\"1d8d0a3\" data-element_type=\"widget\" data-e-type=\"widget\" data-widget_type=\"image.default\">\n\t\t\t\t<div class=\"elementor-widget-container\">\n\t\t\t\t\t\t\t\t\t\t\t\t\t\t\t<img decoding=\"async\" width=\"200\" height=\"80\" src=\"https:\/\/innotecgrupo.com\/industria-empresa\/wp-content\/uploads\/2025\/05\/podcast.jpg\" class=\"attachment-large size-large wp-image-24410\" alt=\"Sistemas de Refrigeraci\u00f3n Industrial\" \/>\t\t\t\t\t\t\t\t\t\t\t\t\t\t\t<\/div>\n\t\t\t\t<\/div>\n\t\t\t\t<div class=\"elementor-element elementor-element-d28e880 elementor-widget elementor-widget-wp-widget-media_audio\" data-id=\"d28e880\" data-element_type=\"widget\" data-e-type=\"widget\" data-widget_type=\"wp-widget-media_audio.default\">\n\t\t\t\t<div class=\"elementor-widget-container\">\n\t\t\t\t\t<audio class=\"wp-audio-shortcode\" id=\"audio-24480-2\" preload=\"none\" style=\"width: 100%;\" controls=\"controls\"><source type=\"audio\/mpeg\" src=\"https:\/\/innotecgrupo.com\/industria-empresa\/wp-content\/uploads\/2025\/05\/Refrigeracion-en-la-Industria-Alimentaria.mp3?_=2\" \/><source type=\"audio\/mpeg\" src=\"https:\/\/innotecgrupo.com\/industria-empresa\/wp-content\/uploads\/2025\/05\/Refrigeracion-en-la-Industria-Alimentaria.mp3?_=2\" \/><a href=\"https:\/\/innotecgrupo.com\/industria-empresa\/wp-content\/uploads\/2025\/05\/Refrigeracion-en-la-Industria-Alimentaria.mp3\">https:\/\/innotecgrupo.com\/industria-empresa\/wp-content\/uploads\/2025\/05\/Refrigeracion-en-la-Industria-Alimentaria.mp3<\/a><\/audio>\t\t\t\t<\/div>\n\t\t\t\t<\/div>\n\t\t\t\t\t<\/div>\n\t\t\t\t<\/div>\n\t\t\t\t<\/div>\n\t\t","protected":false},"excerpt":{"rendered":"<p>Bienvenidos a una nueva entrega de nuestra serie \u00abAn\u00e1lisis de la Refrigeraci\u00f3n Industrial en los distintos Sectores productivos\u00bb. En esta ocasi\u00f3n, nos sumergimos en uno de los campos m\u00e1s cr\u00edticos y exigentes para la tecnolog\u00eda de refrigeraci\u00f3n: la industria alimentaria Nos sumergimos en uno de los campos m\u00e1s cr\u00edticos y exigentes para la tecnolog\u00eda de [&hellip;]<\/p>\n","protected":false},"author":9,"featured_media":24485,"comment_status":"closed","ping_status":"open","sticky":false,"template":"","format":"standard","meta":{"_acf_changed":false,"footnotes":""},"categories":[101],"tags":[],"class_list":["post-24480","post","type-post","status-publish","format-standard","has-post-thumbnail","hentry","category-refrigeracion"],"acf":[],"yoast_head":"<!-- This site is optimized with the Yoast SEO plugin v27.3 - https:\/\/yoast.com\/product\/yoast-seo-wordpress\/ -->\n<title>Refrigeraci\u00f3n en la Industria Alimentaria: Garantizando la cadena de fr\u00edo | Innotec<\/title>\n<meta name=\"description\" content=\"Descubre c\u00f3mo la cadena de fr\u00edo es el pilar que sostiene la integridad de los alimentos, y analizaremos los sistemas de refrigeraci\u00f3n espec\u00edficos que se emplean en las etapas de procesado, almacenamiento y distribuci\u00f3n.\" \/>\n<meta name=\"robots\" content=\"index, follow, max-snippet:-1, max-image-preview:large, max-video-preview:-1\" \/>\n<link rel=\"canonical\" href=\"https:\/\/innotecgrupo.com\/industria-empresa\/blog\/refrigeracion-en-la-industria-alimentaria-garantizando-la-cadena-de-frio\/\" \/>\n<meta property=\"og:locale\" content=\"es_ES\" \/>\n<meta property=\"og:type\" content=\"article\" \/>\n<meta property=\"og:title\" content=\"Refrigeraci\u00f3n en la Industria Alimentaria: Garantizando la cadena de fr\u00edo | Innotec\" \/>\n<meta property=\"og:description\" content=\"Descubre c\u00f3mo la cadena de fr\u00edo es el pilar que sostiene la integridad de los alimentos, y analizaremos los sistemas de refrigeraci\u00f3n espec\u00edficos que se emplean en las etapas de procesado, almacenamiento y distribuci\u00f3n.\" \/>\n<meta property=\"og:url\" content=\"https:\/\/innotecgrupo.com\/industria-empresa\/blog\/refrigeracion-en-la-industria-alimentaria-garantizando-la-cadena-de-frio\/\" \/>\n<meta property=\"og:site_name\" content=\"Innotec\" \/>\n<meta property=\"article:published_time\" content=\"2025-05-21T15:47:53+00:00\" \/>\n<meta property=\"article:modified_time\" content=\"2025-05-21T15:49:58+00:00\" \/>\n<meta property=\"og:image\" content=\"https:\/\/innotecgrupo.com\/industria-empresa\/wp-content\/uploads\/2025\/05\/refrigeracion-industria-alimentaria-cadena-de-frio-2.jpg\" \/>\n\t<meta property=\"og:image:width\" content=\"1500\" \/>\n\t<meta property=\"og:image:height\" content=\"842\" \/>\n\t<meta property=\"og:image:type\" content=\"image\/jpeg\" \/>\n<meta name=\"author\" content=\"Manuel Bernal (Socio Fundador)\" \/>\n<meta name=\"twitter:card\" content=\"summary_large_image\" \/>\n<meta name=\"twitter:label1\" content=\"Escrito por\" \/>\n\t<meta name=\"twitter:data1\" content=\"Manuel Bernal (Socio Fundador)\" \/>\n\t<meta name=\"twitter:label2\" content=\"Tiempo de lectura\" \/>\n\t<meta name=\"twitter:data2\" content=\"11 minutos\" \/>\n<script type=\"application\/ld+json\" class=\"yoast-schema-graph\">{\"@context\":\"https:\\\/\\\/schema.org\",\"@graph\":[{\"@type\":\"Article\",\"@id\":\"https:\\\/\\\/innotecgrupo.com\\\/industria-empresa\\\/blog\\\/refrigeracion-en-la-industria-alimentaria-garantizando-la-cadena-de-frio\\\/#article\",\"isPartOf\":{\"@id\":\"https:\\\/\\\/innotecgrupo.com\\\/industria-empresa\\\/blog\\\/refrigeracion-en-la-industria-alimentaria-garantizando-la-cadena-de-frio\\\/\"},\"author\":{\"name\":\"Manuel Bernal (Socio Fundador)\",\"@id\":\"https:\\\/\\\/innotecgrupo.com\\\/industria-empresa\\\/#\\\/schema\\\/person\\\/cd83faa3aecd59ea2de1fcb467a88501\"},\"headline\":\"Refrigeraci\u00f3n en la Industria Alimentaria: Garantizando la cadena de fr\u00edo\",\"datePublished\":\"2025-05-21T15:47:53+00:00\",\"dateModified\":\"2025-05-21T15:49:58+00:00\",\"mainEntityOfPage\":{\"@id\":\"https:\\\/\\\/innotecgrupo.com\\\/industria-empresa\\\/blog\\\/refrigeracion-en-la-industria-alimentaria-garantizando-la-cadena-de-frio\\\/\"},\"wordCount\":2053,\"publisher\":{\"@id\":\"https:\\\/\\\/innotecgrupo.com\\\/industria-empresa\\\/#organization\"},\"image\":{\"@id\":\"https:\\\/\\\/innotecgrupo.com\\\/industria-empresa\\\/blog\\\/refrigeracion-en-la-industria-alimentaria-garantizando-la-cadena-de-frio\\\/#primaryimage\"},\"thumbnailUrl\":\"https:\\\/\\\/innotecgrupo.com\\\/industria-empresa\\\/wp-content\\\/uploads\\\/2025\\\/05\\\/refrigeracion-industria-alimentaria-cadena-de-frio-2.jpg\",\"articleSection\":[\"Refrigeraci\u00f3n\"],\"inLanguage\":\"es\"},{\"@type\":\"WebPage\",\"@id\":\"https:\\\/\\\/innotecgrupo.com\\\/industria-empresa\\\/blog\\\/refrigeracion-en-la-industria-alimentaria-garantizando-la-cadena-de-frio\\\/\",\"url\":\"https:\\\/\\\/innotecgrupo.com\\\/industria-empresa\\\/blog\\\/refrigeracion-en-la-industria-alimentaria-garantizando-la-cadena-de-frio\\\/\",\"name\":\"Refrigeraci\u00f3n en la Industria Alimentaria: Garantizando la cadena de fr\u00edo | Innotec\",\"isPartOf\":{\"@id\":\"https:\\\/\\\/innotecgrupo.com\\\/industria-empresa\\\/#website\"},\"primaryImageOfPage\":{\"@id\":\"https:\\\/\\\/innotecgrupo.com\\\/industria-empresa\\\/blog\\\/refrigeracion-en-la-industria-alimentaria-garantizando-la-cadena-de-frio\\\/#primaryimage\"},\"image\":{\"@id\":\"https:\\\/\\\/innotecgrupo.com\\\/industria-empresa\\\/blog\\\/refrigeracion-en-la-industria-alimentaria-garantizando-la-cadena-de-frio\\\/#primaryimage\"},\"thumbnailUrl\":\"https:\\\/\\\/innotecgrupo.com\\\/industria-empresa\\\/wp-content\\\/uploads\\\/2025\\\/05\\\/refrigeracion-industria-alimentaria-cadena-de-frio-2.jpg\",\"datePublished\":\"2025-05-21T15:47:53+00:00\",\"dateModified\":\"2025-05-21T15:49:58+00:00\",\"description\":\"Descubre c\u00f3mo la cadena de fr\u00edo es el pilar que sostiene la integridad de los alimentos, y analizaremos los sistemas de refrigeraci\u00f3n espec\u00edficos que se emplean en las etapas de procesado, almacenamiento y distribuci\u00f3n.\",\"breadcrumb\":{\"@id\":\"https:\\\/\\\/innotecgrupo.com\\\/industria-empresa\\\/blog\\\/refrigeracion-en-la-industria-alimentaria-garantizando-la-cadena-de-frio\\\/#breadcrumb\"},\"inLanguage\":\"es\",\"potentialAction\":[{\"@type\":\"ReadAction\",\"target\":[\"https:\\\/\\\/innotecgrupo.com\\\/industria-empresa\\\/blog\\\/refrigeracion-en-la-industria-alimentaria-garantizando-la-cadena-de-frio\\\/\"]}]},{\"@type\":\"ImageObject\",\"inLanguage\":\"es\",\"@id\":\"https:\\\/\\\/innotecgrupo.com\\\/industria-empresa\\\/blog\\\/refrigeracion-en-la-industria-alimentaria-garantizando-la-cadena-de-frio\\\/#primaryimage\",\"url\":\"https:\\\/\\\/innotecgrupo.com\\\/industria-empresa\\\/wp-content\\\/uploads\\\/2025\\\/05\\\/refrigeracion-industria-alimentaria-cadena-de-frio-2.jpg\",\"contentUrl\":\"https:\\\/\\\/innotecgrupo.com\\\/industria-empresa\\\/wp-content\\\/uploads\\\/2025\\\/05\\\/refrigeracion-industria-alimentaria-cadena-de-frio-2.jpg\",\"width\":1500,\"height\":842,\"caption\":\"Refrigeraci\u00f3n Industrial Cadena de Fr\u00edo\"},{\"@type\":\"BreadcrumbList\",\"@id\":\"https:\\\/\\\/innotecgrupo.com\\\/industria-empresa\\\/blog\\\/refrigeracion-en-la-industria-alimentaria-garantizando-la-cadena-de-frio\\\/#breadcrumb\",\"itemListElement\":[{\"@type\":\"ListItem\",\"position\":1,\"name\":\"Portada\",\"item\":\"https:\\\/\\\/innotecgrupo.com\\\/industria-empresa\\\/\"},{\"@type\":\"ListItem\",\"position\":2,\"name\":\"Refrigeraci\u00f3n en la Industria Alimentaria: Garantizando la cadena de fr\u00edo\"}]},{\"@type\":\"WebSite\",\"@id\":\"https:\\\/\\\/innotecgrupo.com\\\/industria-empresa\\\/#website\",\"url\":\"https:\\\/\\\/innotecgrupo.com\\\/industria-empresa\\\/\",\"name\":\"Innotec Grupo\",\"description\":\"CLIMATIZACI\u00d3N ENFOCADA AL BIENESTAR INTEGRAL\",\"publisher\":{\"@id\":\"https:\\\/\\\/innotecgrupo.com\\\/industria-empresa\\\/#organization\"},\"potentialAction\":[{\"@type\":\"SearchAction\",\"target\":{\"@type\":\"EntryPoint\",\"urlTemplate\":\"https:\\\/\\\/innotecgrupo.com\\\/industria-empresa\\\/?s={search_term_string}\"},\"query-input\":{\"@type\":\"PropertyValueSpecification\",\"valueRequired\":true,\"valueName\":\"search_term_string\"}}],\"inLanguage\":\"es\"},{\"@type\":\"Organization\",\"@id\":\"https:\\\/\\\/innotecgrupo.com\\\/industria-empresa\\\/#organization\",\"name\":\"Innotec\",\"url\":\"https:\\\/\\\/innotecgrupo.com\\\/industria-empresa\\\/\",\"logo\":{\"@type\":\"ImageObject\",\"inLanguage\":\"es\",\"@id\":\"https:\\\/\\\/innotecgrupo.com\\\/industria-empresa\\\/#\\\/schema\\\/logo\\\/image\\\/\",\"url\":\"https:\\\/\\\/innotecgrupo.com\\\/industria-empresa\\\/wp-content\\\/uploads\\\/2022\\\/01\\\/logo-innotec.png\",\"contentUrl\":\"https:\\\/\\\/innotecgrupo.com\\\/industria-empresa\\\/wp-content\\\/uploads\\\/2022\\\/01\\\/logo-innotec.png\",\"width\":166,\"height\":31,\"caption\":\"Innotec\"},\"image\":{\"@id\":\"https:\\\/\\\/innotecgrupo.com\\\/industria-empresa\\\/#\\\/schema\\\/logo\\\/image\\\/\"}},{\"@type\":\"Person\",\"@id\":\"https:\\\/\\\/innotecgrupo.com\\\/industria-empresa\\\/#\\\/schema\\\/person\\\/cd83faa3aecd59ea2de1fcb467a88501\",\"name\":\"Manuel Bernal (Socio Fundador)\",\"description\":\"Ingeniero Industrial MBA en CESTE\",\"sameAs\":[\"https:\\\/\\\/www.linkedin.com\\\/in\\\/manuel-bernal-innotec\\\/\"],\"url\":\"https:\\\/\\\/innotecgrupo.com\\\/industria-empresa\\\/blog\\\/author\\\/manuel-bernal\\\/\"}]}<\/script>\n<!-- \/ Yoast SEO plugin. -->","yoast_head_json":{"title":"Refrigeraci\u00f3n en la Industria Alimentaria: Garantizando la cadena de fr\u00edo | Innotec","description":"Descubre c\u00f3mo la cadena de fr\u00edo es el pilar que sostiene la integridad de los alimentos, y analizaremos los sistemas de refrigeraci\u00f3n espec\u00edficos que se emplean en las etapas de procesado, almacenamiento y distribuci\u00f3n.","robots":{"index":"index","follow":"follow","max-snippet":"max-snippet:-1","max-image-preview":"max-image-preview:large","max-video-preview":"max-video-preview:-1"},"canonical":"https:\/\/innotecgrupo.com\/industria-empresa\/blog\/refrigeracion-en-la-industria-alimentaria-garantizando-la-cadena-de-frio\/","og_locale":"es_ES","og_type":"article","og_title":"Refrigeraci\u00f3n en la Industria Alimentaria: Garantizando la cadena de fr\u00edo | Innotec","og_description":"Descubre c\u00f3mo la cadena de fr\u00edo es el pilar que sostiene la integridad de los alimentos, y analizaremos los sistemas de refrigeraci\u00f3n espec\u00edficos que se emplean en las etapas de procesado, almacenamiento y distribuci\u00f3n.","og_url":"https:\/\/innotecgrupo.com\/industria-empresa\/blog\/refrigeracion-en-la-industria-alimentaria-garantizando-la-cadena-de-frio\/","og_site_name":"Innotec","article_published_time":"2025-05-21T15:47:53+00:00","article_modified_time":"2025-05-21T15:49:58+00:00","og_image":[{"width":1500,"height":842,"url":"https:\/\/innotecgrupo.com\/industria-empresa\/wp-content\/uploads\/2025\/05\/refrigeracion-industria-alimentaria-cadena-de-frio-2.jpg","type":"image\/jpeg"}],"author":"Manuel Bernal (Socio Fundador)","twitter_card":"summary_large_image","twitter_misc":{"Escrito por":"Manuel Bernal (Socio Fundador)","Tiempo de lectura":"11 minutos"},"schema":{"@context":"https:\/\/schema.org","@graph":[{"@type":"Article","@id":"https:\/\/innotecgrupo.com\/industria-empresa\/blog\/refrigeracion-en-la-industria-alimentaria-garantizando-la-cadena-de-frio\/#article","isPartOf":{"@id":"https:\/\/innotecgrupo.com\/industria-empresa\/blog\/refrigeracion-en-la-industria-alimentaria-garantizando-la-cadena-de-frio\/"},"author":{"name":"Manuel Bernal (Socio Fundador)","@id":"https:\/\/innotecgrupo.com\/industria-empresa\/#\/schema\/person\/cd83faa3aecd59ea2de1fcb467a88501"},"headline":"Refrigeraci\u00f3n en la Industria Alimentaria: Garantizando la cadena de fr\u00edo","datePublished":"2025-05-21T15:47:53+00:00","dateModified":"2025-05-21T15:49:58+00:00","mainEntityOfPage":{"@id":"https:\/\/innotecgrupo.com\/industria-empresa\/blog\/refrigeracion-en-la-industria-alimentaria-garantizando-la-cadena-de-frio\/"},"wordCount":2053,"publisher":{"@id":"https:\/\/innotecgrupo.com\/industria-empresa\/#organization"},"image":{"@id":"https:\/\/innotecgrupo.com\/industria-empresa\/blog\/refrigeracion-en-la-industria-alimentaria-garantizando-la-cadena-de-frio\/#primaryimage"},"thumbnailUrl":"https:\/\/innotecgrupo.com\/industria-empresa\/wp-content\/uploads\/2025\/05\/refrigeracion-industria-alimentaria-cadena-de-frio-2.jpg","articleSection":["Refrigeraci\u00f3n"],"inLanguage":"es"},{"@type":"WebPage","@id":"https:\/\/innotecgrupo.com\/industria-empresa\/blog\/refrigeracion-en-la-industria-alimentaria-garantizando-la-cadena-de-frio\/","url":"https:\/\/innotecgrupo.com\/industria-empresa\/blog\/refrigeracion-en-la-industria-alimentaria-garantizando-la-cadena-de-frio\/","name":"Refrigeraci\u00f3n en la Industria Alimentaria: Garantizando la cadena de fr\u00edo | Innotec","isPartOf":{"@id":"https:\/\/innotecgrupo.com\/industria-empresa\/#website"},"primaryImageOfPage":{"@id":"https:\/\/innotecgrupo.com\/industria-empresa\/blog\/refrigeracion-en-la-industria-alimentaria-garantizando-la-cadena-de-frio\/#primaryimage"},"image":{"@id":"https:\/\/innotecgrupo.com\/industria-empresa\/blog\/refrigeracion-en-la-industria-alimentaria-garantizando-la-cadena-de-frio\/#primaryimage"},"thumbnailUrl":"https:\/\/innotecgrupo.com\/industria-empresa\/wp-content\/uploads\/2025\/05\/refrigeracion-industria-alimentaria-cadena-de-frio-2.jpg","datePublished":"2025-05-21T15:47:53+00:00","dateModified":"2025-05-21T15:49:58+00:00","description":"Descubre c\u00f3mo la cadena de fr\u00edo es el pilar que sostiene la integridad de los alimentos, y analizaremos los sistemas de refrigeraci\u00f3n espec\u00edficos que se emplean en las etapas de procesado, almacenamiento y distribuci\u00f3n.","breadcrumb":{"@id":"https:\/\/innotecgrupo.com\/industria-empresa\/blog\/refrigeracion-en-la-industria-alimentaria-garantizando-la-cadena-de-frio\/#breadcrumb"},"inLanguage":"es","potentialAction":[{"@type":"ReadAction","target":["https:\/\/innotecgrupo.com\/industria-empresa\/blog\/refrigeracion-en-la-industria-alimentaria-garantizando-la-cadena-de-frio\/"]}]},{"@type":"ImageObject","inLanguage":"es","@id":"https:\/\/innotecgrupo.com\/industria-empresa\/blog\/refrigeracion-en-la-industria-alimentaria-garantizando-la-cadena-de-frio\/#primaryimage","url":"https:\/\/innotecgrupo.com\/industria-empresa\/wp-content\/uploads\/2025\/05\/refrigeracion-industria-alimentaria-cadena-de-frio-2.jpg","contentUrl":"https:\/\/innotecgrupo.com\/industria-empresa\/wp-content\/uploads\/2025\/05\/refrigeracion-industria-alimentaria-cadena-de-frio-2.jpg","width":1500,"height":842,"caption":"Refrigeraci\u00f3n Industrial Cadena de Fr\u00edo"},{"@type":"BreadcrumbList","@id":"https:\/\/innotecgrupo.com\/industria-empresa\/blog\/refrigeracion-en-la-industria-alimentaria-garantizando-la-cadena-de-frio\/#breadcrumb","itemListElement":[{"@type":"ListItem","position":1,"name":"Portada","item":"https:\/\/innotecgrupo.com\/industria-empresa\/"},{"@type":"ListItem","position":2,"name":"Refrigeraci\u00f3n en la Industria Alimentaria: Garantizando la cadena de fr\u00edo"}]},{"@type":"WebSite","@id":"https:\/\/innotecgrupo.com\/industria-empresa\/#website","url":"https:\/\/innotecgrupo.com\/industria-empresa\/","name":"Innotec Grupo","description":"CLIMATIZACI\u00d3N ENFOCADA AL BIENESTAR INTEGRAL","publisher":{"@id":"https:\/\/innotecgrupo.com\/industria-empresa\/#organization"},"potentialAction":[{"@type":"SearchAction","target":{"@type":"EntryPoint","urlTemplate":"https:\/\/innotecgrupo.com\/industria-empresa\/?s={search_term_string}"},"query-input":{"@type":"PropertyValueSpecification","valueRequired":true,"valueName":"search_term_string"}}],"inLanguage":"es"},{"@type":"Organization","@id":"https:\/\/innotecgrupo.com\/industria-empresa\/#organization","name":"Innotec","url":"https:\/\/innotecgrupo.com\/industria-empresa\/","logo":{"@type":"ImageObject","inLanguage":"es","@id":"https:\/\/innotecgrupo.com\/industria-empresa\/#\/schema\/logo\/image\/","url":"https:\/\/innotecgrupo.com\/industria-empresa\/wp-content\/uploads\/2022\/01\/logo-innotec.png","contentUrl":"https:\/\/innotecgrupo.com\/industria-empresa\/wp-content\/uploads\/2022\/01\/logo-innotec.png","width":166,"height":31,"caption":"Innotec"},"image":{"@id":"https:\/\/innotecgrupo.com\/industria-empresa\/#\/schema\/logo\/image\/"}},{"@type":"Person","@id":"https:\/\/innotecgrupo.com\/industria-empresa\/#\/schema\/person\/cd83faa3aecd59ea2de1fcb467a88501","name":"Manuel Bernal (Socio Fundador)","description":"Ingeniero Industrial MBA en CESTE","sameAs":["https:\/\/www.linkedin.com\/in\/manuel-bernal-innotec\/"],"url":"https:\/\/innotecgrupo.com\/industria-empresa\/blog\/author\/manuel-bernal\/"}]}},"_links":{"self":[{"href":"https:\/\/innotecgrupo.com\/industria-empresa\/wp-json\/wp\/v2\/posts\/24480","targetHints":{"allow":["GET"]}}],"collection":[{"href":"https:\/\/innotecgrupo.com\/industria-empresa\/wp-json\/wp\/v2\/posts"}],"about":[{"href":"https:\/\/innotecgrupo.com\/industria-empresa\/wp-json\/wp\/v2\/types\/post"}],"author":[{"embeddable":true,"href":"https:\/\/innotecgrupo.com\/industria-empresa\/wp-json\/wp\/v2\/users\/9"}],"replies":[{"embeddable":true,"href":"https:\/\/innotecgrupo.com\/industria-empresa\/wp-json\/wp\/v2\/comments?post=24480"}],"version-history":[{"count":20,"href":"https:\/\/innotecgrupo.com\/industria-empresa\/wp-json\/wp\/v2\/posts\/24480\/revisions"}],"predecessor-version":[{"id":24535,"href":"https:\/\/innotecgrupo.com\/industria-empresa\/wp-json\/wp\/v2\/posts\/24480\/revisions\/24535"}],"wp:featuredmedia":[{"embeddable":true,"href":"https:\/\/innotecgrupo.com\/industria-empresa\/wp-json\/wp\/v2\/media\/24485"}],"wp:attachment":[{"href":"https:\/\/innotecgrupo.com\/industria-empresa\/wp-json\/wp\/v2\/media?parent=24480"}],"wp:term":[{"taxonomy":"category","embeddable":true,"href":"https:\/\/innotecgrupo.com\/industria-empresa\/wp-json\/wp\/v2\/categories?post=24480"},{"taxonomy":"post_tag","embeddable":true,"href":"https:\/\/innotecgrupo.com\/industria-empresa\/wp-json\/wp\/v2\/tags?post=24480"}],"curies":[{"name":"wp","href":"https:\/\/api.w.org\/{rel}","templated":true}]}}