{"id":24397,"date":"2025-05-06T07:00:00","date_gmt":"2025-05-06T05:00:00","guid":{"rendered":"https:\/\/innotecgrupo.com\/industria-empresa\/?p=24397"},"modified":"2025-05-07T12:57:34","modified_gmt":"2025-05-07T10:57:34","slug":"guia-para-elegir-el-sistema-de-refrigeracion-ideal-segun-tu-sector","status":"publish","type":"post","link":"https:\/\/innotecgrupo.com\/industria-empresa\/blog\/guia-para-elegir-el-sistema-de-refrigeracion-ideal-segun-tu-sector\/","title":{"rendered":"Gu\u00eda para elegir el sistema de refrigeraci\u00f3n ideal seg\u00fan tu sector"},"content":{"rendered":"\t\t<div data-elementor-type=\"wp-post\" data-elementor-id=\"24397\" class=\"elementor elementor-24397\" data-elementor-post-type=\"post\">\n\t\t\t\t<div class=\"has_ae_slider elementor-element elementor-element-461a4c2 e-flex e-con-boxed ae-bg-gallery-type-default e-con e-parent\" data-id=\"461a4c2\" data-element_type=\"container\" data-e-type=\"container\">\n\t\t\t\t\t<div class=\"e-con-inner\">\n\t\t\t\t<div class=\"elementor-element elementor-element-d50977d elementor-widget elementor-widget-image\" data-id=\"d50977d\" data-element_type=\"widget\" data-e-type=\"widget\" data-widget_type=\"image.default\">\n\t\t\t\t<div class=\"elementor-widget-container\">\n\t\t\t\t\t\t\t\t\t\t\t\t\t\t\t<img decoding=\"async\" width=\"200\" height=\"80\" src=\"https:\/\/innotecgrupo.com\/industria-empresa\/wp-content\/uploads\/2025\/05\/podcast.jpg\" class=\"attachment-large size-large wp-image-24410\" alt=\"Sistemas de Refrigeraci\u00f3n Industrial\" \/>\t\t\t\t\t\t\t\t\t\t\t\t\t\t\t<\/div>\n\t\t\t\t<\/div>\n\t\t\t\t<div class=\"elementor-element elementor-element-ff8f6c6 elementor-widget elementor-widget-text-editor\" data-id=\"ff8f6c6\" data-element_type=\"widget\" data-e-type=\"widget\" data-widget_type=\"text-editor.default\">\n\t\t\t\t<div class=\"elementor-widget-container\">\n\t\t\t\t\t\t\t\t\t<p style=\"text-align: center;\"><em>Elegir un sistema de refrigeraci\u00f3n industrial adecuado es clave para garantizar la eficiencia, sostenibilidad y rentabilidad de tu negocio. En este episodio te explicamos c\u00f3mo una metodolog\u00eda estructurada \u2014desde el an\u00e1lisis de necesidades sectoriales hasta la evaluaci\u00f3n tecnol\u00f3gica y econ\u00f3mica (TCO y ROI)\u2014 puede marcar la diferencia. Descubre c\u00f3mo evitar errores costosos, cumplir con normativas y escoger el mejor socio tecnol\u00f3gico para asegurar una inversi\u00f3n alineada con tus objetivos operativos y estrat\u00e9gicos.<\/em><\/p>\t\t\t\t\t\t\t\t<\/div>\n\t\t\t\t<\/div>\n\t\t\t\t<div class=\"elementor-element elementor-element-967398a elementor-widget elementor-widget-wp-widget-media_audio\" data-id=\"967398a\" data-element_type=\"widget\" data-e-type=\"widget\" data-widget_type=\"wp-widget-media_audio.default\">\n\t\t\t\t<div class=\"elementor-widget-container\">\n\t\t\t\t\t<audio class=\"wp-audio-shortcode\" id=\"audio-24397-1\" preload=\"none\" style=\"width: 100%;\" controls=\"controls\"><source type=\"audio\/mpeg\" src=\"https:\/\/innotecgrupo.com\/industria-empresa\/wp-content\/uploads\/2025\/05\/Guia-para-elegir-el-sistema-de-refrigeracion-ideal-segun-tu-sector.mp3?_=1\" \/><source type=\"audio\/mpeg\" src=\"https:\/\/innotecgrupo.com\/industria-empresa\/wp-content\/uploads\/2025\/05\/Guia-para-elegir-el-sistema-de-refrigeracion-ideal-segun-tu-sector.mp3?_=1\" \/><a href=\"https:\/\/innotecgrupo.com\/industria-empresa\/wp-content\/uploads\/2025\/05\/Guia-para-elegir-el-sistema-de-refrigeracion-ideal-segun-tu-sector.mp3\">https:\/\/innotecgrupo.com\/industria-empresa\/wp-content\/uploads\/2025\/05\/Guia-para-elegir-el-sistema-de-refrigeracion-ideal-segun-tu-sector.mp3<\/a><\/audio>\t\t\t\t<\/div>\n\t\t\t\t<\/div>\n\t\t\t\t<div class=\"elementor-element elementor-element-6dd2614 elementor-widget-divider--view-line elementor-widget elementor-widget-divider\" data-id=\"6dd2614\" data-element_type=\"widget\" data-e-type=\"widget\" data-widget_type=\"divider.default\">\n\t\t\t\t<div class=\"elementor-widget-container\">\n\t\t\t\t\t\t\t<div class=\"elementor-divider\">\n\t\t\t<span class=\"elementor-divider-separator\">\n\t\t\t\t\t\t<\/span>\n\t\t<\/div>\n\t\t\t\t\t\t<\/div>\n\t\t\t\t<\/div>\n\t\t\t\t<div class=\"elementor-element elementor-element-1ff3a5f elementor-widget elementor-widget-text-editor\" data-id=\"1ff3a5f\" data-element_type=\"widget\" data-e-type=\"widget\" data-widget_type=\"text-editor.default\">\n\t\t\t\t<div class=\"elementor-widget-container\">\n\t\t\t\t\t\t\t\t\t<p>La <a href=\"https:\/\/innotecgrupo.com\/industria-empresa\/refrigeracion-industrial\/\" target=\"_blank\" rel=\"noopener\"><span style=\"color: #ff6600;\">refrigeraci\u00f3n industrial<\/span><\/a> es un componente cr\u00edtico en la columna vertebral de innumerables procesos productivos, desde la conservaci\u00f3n de alimentos y productos farmac\u00e9uticos hasta el control de temperatura en procesos qu\u00edmicos, metal\u00fargicos y de fabricaci\u00f3n. Sin embargo, elegir el sistema de refrigeraci\u00f3n adecuado no es una tarea trivial. Requiere una comprensi\u00f3n profunda de las necesidades espec\u00edficas de tu sector, las demandas de tu proceso y la evaluaci\u00f3n objetiva de las tecnolog\u00edas disponibles. Una elecci\u00f3n incorrecta puede derivar en ineficiencias energ\u00e9ticas cr\u00f3nicas, fallos prematuros del equipo, incumplimiento normativo y, en \u00faltima instancia, p\u00e9rdidas econ\u00f3micas significativas que impactan la competitividad.<\/p><p>En el entorno industrial actual, donde la eficiencia operativa y la sostenibilidad son factores clave de competitividad, la selecci\u00f3n de la infraestructura esencial como los sistemas de refrigeraci\u00f3n presenta desaf\u00edos estrat\u00e9gicos. Entendiendo esta realidad y la complejidad que enfrentan los responsables de la toma de decisiones al evaluar diversas tecnolog\u00edas y requisitos, Grupo Innotec ofrece soluciones especializadas y una metodolog\u00eda probada para guiar esta inversi\u00f3n crucial.<\/p>\t\t\t\t\t\t\t\t<\/div>\n\t\t\t\t<\/div>\n\t\t\t\t<div class=\"elementor-element elementor-element-abeb262 elementor-widget elementor-widget-image\" data-id=\"abeb262\" data-element_type=\"widget\" data-e-type=\"widget\" data-widget_type=\"image.default\">\n\t\t\t\t<div class=\"elementor-widget-container\">\n\t\t\t\t\t\t\t\t\t\t\t\t\t\t\t<img fetchpriority=\"high\" decoding=\"async\" width=\"800\" height=\"663\" src=\"https:\/\/innotecgrupo.com\/industria-empresa\/wp-content\/uploads\/2025\/05\/sistema-de-refrigeracion-industrial-9.png\" class=\"attachment-large size-large wp-image-24421\" alt=\"Sistemas de Refrigeraci\u00f3n Industrial\" srcset=\"https:\/\/innotecgrupo.com\/industria-empresa\/wp-content\/uploads\/2025\/05\/sistema-de-refrigeracion-industrial-9.png 1021w, https:\/\/innotecgrupo.com\/industria-empresa\/wp-content\/uploads\/2025\/05\/sistema-de-refrigeracion-industrial-9-300x249.png 300w, https:\/\/innotecgrupo.com\/industria-empresa\/wp-content\/uploads\/2025\/05\/sistema-de-refrigeracion-industrial-9-768x636.png 768w\" sizes=\"(max-width: 800px) 100vw, 800px\" \/>\t\t\t\t\t\t\t\t\t\t\t\t\t\t\t<\/div>\n\t\t\t\t<\/div>\n\t\t\t\t<div class=\"elementor-element elementor-element-05d42f0 elementor-widget elementor-widget-heading\" data-id=\"05d42f0\" data-element_type=\"widget\" data-e-type=\"widget\" data-widget_type=\"heading.default\">\n\t\t\t\t<div class=\"elementor-widget-container\">\n\t\t\t\t\t<h2 class=\"elementor-heading-title elementor-size-default\">Los desaf\u00edos de una elecci\u00f3n sin metodolog\u00eda: Impacto operacional, financiero y estrat\u00e9gico<\/h2>\t\t\t\t<\/div>\n\t\t\t\t<\/div>\n\t\t\t\t<div class=\"elementor-element elementor-element-a348638 elementor-widget elementor-widget-text-editor\" data-id=\"a348638\" data-element_type=\"widget\" data-e-type=\"widget\" data-widget_type=\"text-editor.default\">\n\t\t\t\t<div class=\"elementor-widget-container\">\n\t\t\t\t\t\t\t\t\tUna decisi\u00f3n de refrigeraci\u00f3n industrial abordada sin un an\u00e1lisis estructurado puede generar problemas significativos que trascienden lo t\u00e9cnico y afectan directamente a la gesti\u00f3n empresarial y los resultados:\n<ul>\n \t<li><strong>Desaf\u00edos Operativos:<\/strong> Un sistema mal dimensionado o seleccionado sin considerar la fiabilidad para la carga real de su proceso puede generar inestabilidad en las temperaturas de proceso, afectando la calidad del producto final (cr\u00edtico en farmacia, alimentaci\u00f3n o metalurgia de precisi\u00f3n) o reduciendo la velocidad de producci\u00f3n. Los fallos recurrentes, a menudo derivados de un dise\u00f1o inadecuado o componentes no robustos para la aplicaci\u00f3n, conllevan paradas no planificadas, p\u00e9rdida de productividad y aumento de los costes de mano de obra por intervenci\u00f3n constante.<\/li>\n \t<li><strong>Implicaciones Financieras:<\/strong> M\u00e1s all\u00e1 del Costo de Adquisici\u00f3n (CAPEX) inicial, los Costos Operativos (OPEX), especialmente el consumo energ\u00e9tico, dominan el Costo Total de Propiedad (TCO) a lo largo de la vida \u00fatil. Sistemas ineficientes pueden aumentar la factura el\u00e9ctrica en porcentajes significativos (20-40% o m\u00e1s). Los costes de mantenimiento correctivo no previsto, el valor de la producci\u00f3n perdida durante las aver\u00edas, o las multas por incumplimiento de normativas ambientales, impactan negativamente la rentabilidad.<\/li>\n\n \t<li><strong>Consideraciones Estrat\u00e9gicas:<\/strong> A largo plazo, una elecci\u00f3n inadecuada puede impedir alcanzar objetivos corporativos de sostenibilidad (alto GWP de refrigerante, baja eficiencia), limitar la capacidad de escalar la producci\u00f3n ante crecimiento, o requerir inversiones de adaptaci\u00f3n prematuras y costosas ante cambios normativos (ej: fase-down de HFCs). Esto afecta la planificaci\u00f3n estrat\u00e9gica y la capacidad de la empresa para competir en un mercado exigente.<\/li>\n<\/ul>\t\t\t\t\t\t\t\t<\/div>\n\t\t\t\t<\/div>\n\t\t\t\t<div class=\"elementor-element elementor-element-5922b1f elementor-widget elementor-widget-image\" data-id=\"5922b1f\" data-element_type=\"widget\" data-e-type=\"widget\" data-widget_type=\"image.default\">\n\t\t\t\t<div class=\"elementor-widget-container\">\n\t\t\t\t\t\t\t\t\t\t\t\t\t\t\t<img decoding=\"async\" width=\"800\" height=\"494\" src=\"https:\/\/innotecgrupo.com\/industria-empresa\/wp-content\/uploads\/2025\/05\/sistema-de-refrigeracion-industrial-6.jpg\" class=\"attachment-large size-large wp-image-24418\" alt=\"Sistemas de Refrigeraci\u00f3n Industrial\" srcset=\"https:\/\/innotecgrupo.com\/industria-empresa\/wp-content\/uploads\/2025\/05\/sistema-de-refrigeracion-industrial-6.jpg 1000w, https:\/\/innotecgrupo.com\/industria-empresa\/wp-content\/uploads\/2025\/05\/sistema-de-refrigeracion-industrial-6-300x185.jpg 300w, https:\/\/innotecgrupo.com\/industria-empresa\/wp-content\/uploads\/2025\/05\/sistema-de-refrigeracion-industrial-6-768x474.jpg 768w\" sizes=\"(max-width: 800px) 100vw, 800px\" \/>\t\t\t\t\t\t\t\t\t\t\t\t\t\t\t<\/div>\n\t\t\t\t<\/div>\n\t\t\t\t<div class=\"elementor-element elementor-element-dbaac15 elementor-widget elementor-widget-heading\" data-id=\"dbaac15\" data-element_type=\"widget\" data-e-type=\"widget\" data-widget_type=\"heading.default\">\n\t\t\t\t<div class=\"elementor-widget-container\">\n\t\t\t\t\t<h2 class=\"elementor-heading-title elementor-size-default\">La soluci\u00f3n: Una metodolog\u00eda estructurada para la selecci\u00f3n de tu sistema de refrigeraci\u00f3n ideal<\/h2>\t\t\t\t<\/div>\n\t\t\t\t<\/div>\n\t\t\t\t<div class=\"elementor-element elementor-element-b983551 elementor-widget elementor-widget-text-editor\" data-id=\"b983551\" data-element_type=\"widget\" data-e-type=\"widget\" data-widget_type=\"text-editor.default\">\n\t\t\t\t<div class=\"elementor-widget-container\">\n\t\t\t\t\t\t\t\t\t<p>Para mitigar estos riesgos y asegurar una inversi\u00f3n estrat\u00e9gica y acertada, en Grupo Innotec proponemos y aplicamos una metodolog\u00eda de evaluaci\u00f3n y selecci\u00f3n rigurosa. Es un proceso estructurado que transforma la complejidad t\u00e9cnica en una decisi\u00f3n clara y fundamentada en tus necesidades espec\u00edficas y objetivos a largo plazo.<\/p><p>\u00a0<\/p><p>Aqu\u00ed te presentamos los pasos esenciales de nuestra metodolog\u00eda:<\/p>\t\t\t\t\t\t\t\t<\/div>\n\t\t\t\t<\/div>\n\t\t\t\t<div class=\"elementor-element elementor-element-dc66717 elementor-widget elementor-widget-n-accordion\" data-id=\"dc66717\" data-element_type=\"widget\" data-e-type=\"widget\" data-settings=\"{&quot;default_state&quot;:&quot;expanded&quot;,&quot;max_items_expended&quot;:&quot;one&quot;,&quot;n_accordion_animation_duration&quot;:{&quot;unit&quot;:&quot;ms&quot;,&quot;size&quot;:400,&quot;sizes&quot;:[]}}\" data-widget_type=\"nested-accordion.default\">\n\t\t\t\t<div class=\"elementor-widget-container\">\n\t\t\t\t\t\t\t<div class=\"e-n-accordion\" aria-label=\"Accordion. Open links with Enter or Space, close with Escape, and navigate with Arrow Keys\">\n\t\t\t\t\t\t<details id=\"e-n-accordion-item-2310\" class=\"e-n-accordion-item\" open>\n\t\t\t\t<summary class=\"e-n-accordion-item-title\" data-accordion-index=\"1\" tabindex=\"0\" aria-expanded=\"true\" aria-controls=\"e-n-accordion-item-2310\" >\n\t\t\t\t\t<span class='e-n-accordion-item-title-header'><div class=\"e-n-accordion-item-title-text\"> Paso 1: Evaluaci\u00f3n profunda de las necesidades del proceso y del sector <\/div><\/span>\n\t\t\t\t\t\t\t<span class='e-n-accordion-item-title-icon'>\n\t\t\t<span class='e-opened' ><svg aria-hidden=\"true\" class=\"e-font-icon-svg e-fas-minus\" viewBox=\"0 0 448 512\" xmlns=\"http:\/\/www.w3.org\/2000\/svg\"><path d=\"M416 208H32c-17.67 0-32 14.33-32 32v32c0 17.67 14.33 32 32 32h384c17.67 0 32-14.33 32-32v-32c0-17.67-14.33-32-32-32z\"><\/path><\/svg><\/span>\n\t\t\t<span class='e-closed'><svg aria-hidden=\"true\" class=\"e-font-icon-svg e-fas-plus\" viewBox=\"0 0 448 512\" xmlns=\"http:\/\/www.w3.org\/2000\/svg\"><path d=\"M416 208H272V64c0-17.67-14.33-32-32-32h-32c-17.67 0-32 14.33-32 32v144H32c-17.67 0-32 14.33-32 32v32c0 17.67 14.33 32 32 32h144v144c0 17.67 14.33 32 32 32h32c17.67 0 32-14.33 32-32V304h144c17.67 0 32-14.33 32-32v-32c0-17.67-14.33-32-32-32z\"><\/path><\/svg><\/span>\n\t\t<\/span>\n\n\t\t\t\t\t\t<\/summary>\n\t\t\t\t<div class=\"has_ae_slider elementor-element elementor-element-ffcbbe9 e-con-full e-flex ae-bg-gallery-type-default e-con e-child\" role=\"region\" aria-labelledby=\"e-n-accordion-item-2310\" data-id=\"ffcbbe9\" data-element_type=\"container\" data-e-type=\"container\">\n\t\t\t\t<div class=\"elementor-element elementor-element-6343938 elementor-widget elementor-widget-text-editor\" data-id=\"6343938\" data-element_type=\"widget\" data-e-type=\"widget\" data-widget_type=\"text-editor.default\">\n\t\t\t\t<div class=\"elementor-widget-container\">\n\t\t\t\t\t\t\t\t\t<p>Este es el punto de partida. Debes entender exactamente qu\u00e9, cu\u00e1nto y cu\u00e1ndo necesitas enfriar, y c\u00f3mo estas necesidades se manifiestan en las particularidades de tu industria. Las necesidades var\u00edan dr\u00e1sticamente entre sectores:<\/p><ul><li><strong>Industria Alimentaria:<\/strong> Temperaturas precisas para conservaci\u00f3n\/procesado, higiene rigurosa, cargas t\u00e9rmicas variables, normativas sanitarias estrictas (ej: HACCP).<\/li><li><strong>Industria Qu\u00edmica\/Farmac\u00e9utica:<\/strong> Control de temperatura exacto para reacciones, compatibilidad de fluidos, manejo seguro de sustancias (ATEX), validaci\u00f3n de sistemas.<\/li><li><strong>Industria del Metal:<\/strong> Altas cargas t\u00e9rmicas, enfriamiento r\u00e1pido de procesos (fundici\u00f3n, extrusi\u00f3n), control de temperatura de fluidos (aceites, taladrinas), protecci\u00f3n de maquinaria (l\u00e1ser, soldadura).<\/li><li><strong>Log\u00edstica y Almacenamiento Frigor\u00edfico:<\/strong> Grandes vol\u00famenes, mantenimiento de temperaturas constantes, eficiencia energ\u00e9tica, sistemas de respaldo (redundancia), trazabilidad.<\/li><li><strong>Centros de Datos:<\/strong> Climatizaci\u00f3n de precisi\u00f3n, alta densidad de carga t\u00e9rmica, redundancia N+X, eficiencia energ\u00e9tica (PUE).<\/li><\/ul><p><img loading=\"lazy\" decoding=\"async\" class=\"aligncenter wp-image-24419 size-full\" src=\"https:\/\/innotecgrupo.com\/industria-empresa\/wp-content\/uploads\/2025\/05\/sistema-de-refrigeracion-industrial-7.png\" alt=\"\" width=\"570\" height=\"942\" srcset=\"https:\/\/innotecgrupo.com\/industria-empresa\/wp-content\/uploads\/2025\/05\/sistema-de-refrigeracion-industrial-7.png 570w, https:\/\/innotecgrupo.com\/industria-empresa\/wp-content\/uploads\/2025\/05\/sistema-de-refrigeracion-industrial-7-182x300.png 182w\" sizes=\"(max-width: 570px) 100vw, 570px\" \/><\/p><p><strong>Preguntas clave en esta fase:<\/strong><\/p><ul><li>\u00bfCu\u00e1l es el producto o proceso a enfriar y cu\u00e1l es su criticidad?<\/li><li>\u00bfCu\u00e1l es el rango de temperatura y la precisi\u00f3n requerida (ej: \u00b10.5\u00b0C)?<\/li><li>\u00bfCu\u00e1l es la carga t\u00e9rmica total y c\u00f3mo var\u00eda a lo largo del tiempo (perfil de carga)?<\/li><li>\u00bfQu\u00e9 tipo de fluido (agua, glicol, aceite, refrigerante directo) se enfriar\u00e1 y cu\u00e1les son sus propiedades?<\/li><li>\u00bfExisten requisitos especiales de higiene, seguridad (clasificaci\u00f3n ATEX), o compatibilidad de materiales?<\/li><\/ul>\t\t\t\t\t\t\t\t<\/div>\n\t\t\t\t<\/div>\n\t\t\t\t<\/div>\n\t\t\t\t\t<\/details>\n\t\t\t\t\t\t<details id=\"e-n-accordion-item-2311\" class=\"e-n-accordion-item\" >\n\t\t\t\t<summary class=\"e-n-accordion-item-title\" data-accordion-index=\"2\" tabindex=\"-1\" aria-expanded=\"false\" aria-controls=\"e-n-accordion-item-2311\" >\n\t\t\t\t\t<span class='e-n-accordion-item-title-header'><div class=\"e-n-accordion-item-title-text\"> Paso 2: Especificaci\u00f3n detallada de los requisitos t\u00e9cnicos <\/div><\/span>\n\t\t\t\t\t\t\t<span class='e-n-accordion-item-title-icon'>\n\t\t\t<span class='e-opened' ><svg aria-hidden=\"true\" class=\"e-font-icon-svg e-fas-minus\" viewBox=\"0 0 448 512\" xmlns=\"http:\/\/www.w3.org\/2000\/svg\"><path d=\"M416 208H32c-17.67 0-32 14.33-32 32v32c0 17.67 14.33 32 32 32h384c17.67 0 32-14.33 32-32v-32c0-17.67-14.33-32-32-32z\"><\/path><\/svg><\/span>\n\t\t\t<span class='e-closed'><svg aria-hidden=\"true\" class=\"e-font-icon-svg e-fas-plus\" viewBox=\"0 0 448 512\" xmlns=\"http:\/\/www.w3.org\/2000\/svg\"><path d=\"M416 208H272V64c0-17.67-14.33-32-32-32h-32c-17.67 0-32 14.33-32 32v144H32c-17.67 0-32 14.33-32 32v32c0 17.67 14.33 32 32 32h144v144c0 17.67 14.33 32 32 32h32c17.67 0 32-14.33 32-32V304h144c17.67 0 32-14.33 32-32v-32c0-17.67-14.33-32-32-32z\"><\/path><\/svg><\/span>\n\t\t<\/span>\n\n\t\t\t\t\t\t<\/summary>\n\t\t\t\t<div class=\"has_ae_slider elementor-element elementor-element-db22d7a e-con-full e-flex ae-bg-gallery-type-default e-con e-child\" role=\"region\" aria-labelledby=\"e-n-accordion-item-2311\" data-id=\"db22d7a\" data-element_type=\"container\" data-e-type=\"container\">\n\t\t\t\t<div class=\"elementor-element elementor-element-0220862 elementor-widget elementor-widget-text-editor\" data-id=\"0220862\" data-element_type=\"widget\" data-e-type=\"widget\" data-widget_type=\"text-editor.default\">\n\t\t\t\t<div class=\"elementor-widget-container\">\n\t\t\t\t\t\t\t\t\t<p>Una vez entendidas y cuantificadas las necesidades del proceso, se definen los par\u00e1metros t\u00e9cnicos precisos:<\/p><ul><li>Capacidad Frigor\u00edfica Requerida (kW o toneladas), considerando carga base, picos y factores de seguridad.<\/li><li>Temperaturas de Trabajo (temperaturas de evaporaci\u00f3n, condensaci\u00f3n, entrada\/salida del fluido a enfriar).<\/li><li>Caudales requeridos del fluido a enfriar.<\/li><li>Calidad y tratamiento necesario del agua de enfriamiento (si aplica).<\/li><li>Condiciones ambientales extremas del lugar de instalaci\u00f3n (temperatura, humedad).<\/li><li>Requisitos de control y automatizaci\u00f3n (precisi\u00f3n, integraci\u00f3n con SCADA\/BMS, acceso remoto).<\/li><\/ul>\t\t\t\t\t\t\t\t<\/div>\n\t\t\t\t<\/div>\n\t\t\t\t<\/div>\n\t\t\t\t\t<\/details>\n\t\t\t\t\t\t<details id=\"e-n-accordion-item-2312\" class=\"e-n-accordion-item\" >\n\t\t\t\t<summary class=\"e-n-accordion-item-title\" data-accordion-index=\"3\" tabindex=\"-1\" aria-expanded=\"false\" aria-controls=\"e-n-accordion-item-2312\" >\n\t\t\t\t\t<span class='e-n-accordion-item-title-header'><div class=\"e-n-accordion-item-title-text\"> Paso 3: Evaluaci\u00f3n objetiva de las alternativas tecnol\u00f3gicas de refrigeraci\u00f3n <\/div><\/span>\n\t\t\t\t\t\t\t<span class='e-n-accordion-item-title-icon'>\n\t\t\t<span class='e-opened' ><svg aria-hidden=\"true\" class=\"e-font-icon-svg e-fas-minus\" viewBox=\"0 0 448 512\" xmlns=\"http:\/\/www.w3.org\/2000\/svg\"><path d=\"M416 208H32c-17.67 0-32 14.33-32 32v32c0 17.67 14.33 32 32 32h384c17.67 0 32-14.33 32-32v-32c0-17.67-14.33-32-32-32z\"><\/path><\/svg><\/span>\n\t\t\t<span class='e-closed'><svg aria-hidden=\"true\" class=\"e-font-icon-svg e-fas-plus\" viewBox=\"0 0 448 512\" xmlns=\"http:\/\/www.w3.org\/2000\/svg\"><path d=\"M416 208H272V64c0-17.67-14.33-32-32-32h-32c-17.67 0-32 14.33-32 32v144H32c-17.67 0-32 14.33-32 32v32c0 17.67 14.33 32 32 32h144v144c0 17.67 14.33 32 32 32h32c17.67 0 32-14.33 32-32V304h144c17.67 0 32-14.33 32-32v-32c0-17.67-14.33-32-32-32z\"><\/path><\/svg><\/span>\n\t\t<\/span>\n\n\t\t\t\t\t\t<\/summary>\n\t\t\t\t<div class=\"has_ae_slider elementor-element elementor-element-1a0e934 e-con-full e-flex ae-bg-gallery-type-default e-con e-child\" role=\"region\" aria-labelledby=\"e-n-accordion-item-2312\" data-id=\"1a0e934\" data-element_type=\"container\" data-e-type=\"container\">\n\t\t\t\t<div class=\"elementor-element elementor-element-fcc390d elementor-widget elementor-widget-text-editor\" data-id=\"fcc390d\" data-element_type=\"widget\" data-e-type=\"widget\" data-widget_type=\"text-editor.default\">\n\t\t\t\t<div class=\"elementor-widget-container\">\n\t\t\t\t\t\t\t\t\t<p>Con los requisitos t\u00e9cnicos claros, se exploran y comparan las diferentes tecnolog\u00edas disponibles, analizando sus ventajas y desventajas objetivas para la aplicaci\u00f3n espec\u00edfica:<\/p><ul><li><strong>Tipo de Ciclo:<\/strong> Compresi\u00f3n de Vapor (m\u00e1s com\u00fan, eficiente), Absorci\u00f3n (si hay calor residual), Adsorci\u00f3n, Sistemas en Cascada (para ultra-bajas temperaturas).<\/li><li><strong>Tipo de Refrigerante:<\/strong> Naturales (Amoniaco &#8211; R-717, CO2 &#8211; R-744, Hidrocarburos) vs. Sint\u00e9ticos (HFCs, HFOs). Evaluaci\u00f3n basada en eficiencia, seguridad, rango de temperatura, costo y GWP (Potencial de Calentamiento Global) seg\u00fan normativas (ej: F-Gas).<\/li><li><strong>Arquitectura del Sistema:<\/strong> Expansi\u00f3n Directa vs. Sistemas con Fluido Secundario (glicol, agua, salmuera) &#8211; considerando seguridad, control y flexibilidad.<\/li><li><strong>Tipo de Condensaci\u00f3n:<\/strong> Por Aire, Por Agua (con torre de enfriamiento), Evaporativa &#8211; evaluando eficiencia, consumo de agua y espacio.<\/li><\/ul>\t\t\t\t\t\t\t\t<\/div>\n\t\t\t\t<\/div>\n\t\t\t\t<\/div>\n\t\t\t\t\t<\/details>\n\t\t\t\t\t\t<details id=\"e-n-accordion-item-2313\" class=\"e-n-accordion-item\" >\n\t\t\t\t<summary class=\"e-n-accordion-item-title\" data-accordion-index=\"4\" tabindex=\"-1\" aria-expanded=\"false\" aria-controls=\"e-n-accordion-item-2313\" >\n\t\t\t\t\t<span class='e-n-accordion-item-title-header'><div class=\"e-n-accordion-item-title-text\"> Paso 4: Consideraciones externas: Normativa, seguridad, sostenibilidad y entorno <\/div><\/span>\n\t\t\t\t\t\t\t<span class='e-n-accordion-item-title-icon'>\n\t\t\t<span class='e-opened' ><svg aria-hidden=\"true\" class=\"e-font-icon-svg e-fas-minus\" viewBox=\"0 0 448 512\" xmlns=\"http:\/\/www.w3.org\/2000\/svg\"><path d=\"M416 208H32c-17.67 0-32 14.33-32 32v32c0 17.67 14.33 32 32 32h384c17.67 0 32-14.33 32-32v-32c0-17.67-14.33-32-32-32z\"><\/path><\/svg><\/span>\n\t\t\t<span class='e-closed'><svg aria-hidden=\"true\" class=\"e-font-icon-svg e-fas-plus\" viewBox=\"0 0 448 512\" xmlns=\"http:\/\/www.w3.org\/2000\/svg\"><path d=\"M416 208H272V64c0-17.67-14.33-32-32-32h-32c-17.67 0-32 14.33-32 32v144H32c-17.67 0-32 14.33-32 32v32c0 17.67 14.33 32 32 32h144v144c0 17.67 14.33 32 32 32h32c17.67 0 32-14.33 32-32V304h144c17.67 0 32-14.33 32-32v-32c0-17.67-14.33-32-32-32z\"><\/path><\/svg><\/span>\n\t\t<\/span>\n\n\t\t\t\t\t\t<\/summary>\n\t\t\t\t<div class=\"has_ae_slider elementor-element elementor-element-341f0d5 e-con-full e-flex ae-bg-gallery-type-default e-con e-child\" role=\"region\" aria-labelledby=\"e-n-accordion-item-2313\" data-id=\"341f0d5\" data-element_type=\"container\" data-e-type=\"container\">\n\t\t\t\t<div class=\"elementor-element elementor-element-1b19563 elementor-widget elementor-widget-text-editor\" data-id=\"1b19563\" data-element_type=\"widget\" data-e-type=\"widget\" data-widget_type=\"text-editor.default\">\n\t\t\t\t<div class=\"elementor-widget-container\">\n\t\t\t\t\t\t\t\t\t<p>Factores no t\u00e9cnicos pero cr\u00edticos que impactan la viabilidad y legalidad de la instalaci\u00f3n:<\/p><ul><li><strong>Normativas y Regulaciones:<\/strong> Conformidad con leyes sobre refrigerantes (F-Gas), est\u00e1ndares de seguridad (ISO, PED, ATEX), c\u00f3digos de construcci\u00f3n, normativas locales y ambientales.<\/li><li><strong>Seguridad Industrial:<\/strong> Dise\u00f1o seguro de salas de m\u00e1quinas, sistemas de detecci\u00f3n de fugas, ventilaci\u00f3n de emergencia, protocolos de manejo de refrigerantes (especialmente amoniaco y CO2).<\/li><li><strong>Impacto Ambiental y Sostenibilidad:<\/strong> Selecci\u00f3n de refrigerantes de bajo GWP, maximizaci\u00f3n de la eficiencia energ\u00e9tica del sistema (reduciendo la huella de carbono), potencial de recuperaci\u00f3n de calor residual del sistema de refrigeraci\u00f3n.<\/li><li><strong>Entorno y Ubicaci\u00f3n:<\/strong> Disponibilidad de espacio interior\/exterior, condiciones clim\u00e1ticas extremas, consideraciones de ruido, distancias a puntos de consumo.<\/li><li><strong>Disponibilidad y Calidad de Suministros:<\/strong> Fiabilidad del suministro el\u00e9ctrico, calidad y disponibilidad de agua.<\/li><\/ul>\t\t\t\t\t\t\t\t<\/div>\n\t\t\t\t<\/div>\n\t\t\t\t<\/div>\n\t\t\t\t\t<\/details>\n\t\t\t\t\t\t<details id=\"e-n-accordion-item-2314\" class=\"e-n-accordion-item\" >\n\t\t\t\t<summary class=\"e-n-accordion-item-title\" data-accordion-index=\"5\" tabindex=\"-1\" aria-expanded=\"false\" aria-controls=\"e-n-accordion-item-2314\" >\n\t\t\t\t\t<span class='e-n-accordion-item-title-header'><div class=\"e-n-accordion-item-title-text\"> Paso 5: An\u00e1lisis econ\u00f3mico integral: M\u00e1s all\u00e1 del CAPEX, el TCO y el ROI <\/div><\/span>\n\t\t\t\t\t\t\t<span class='e-n-accordion-item-title-icon'>\n\t\t\t<span class='e-opened' ><svg aria-hidden=\"true\" class=\"e-font-icon-svg e-fas-minus\" viewBox=\"0 0 448 512\" xmlns=\"http:\/\/www.w3.org\/2000\/svg\"><path d=\"M416 208H32c-17.67 0-32 14.33-32 32v32c0 17.67 14.33 32 32 32h384c17.67 0 32-14.33 32-32v-32c0-17.67-14.33-32-32-32z\"><\/path><\/svg><\/span>\n\t\t\t<span class='e-closed'><svg aria-hidden=\"true\" class=\"e-font-icon-svg e-fas-plus\" viewBox=\"0 0 448 512\" xmlns=\"http:\/\/www.w3.org\/2000\/svg\"><path d=\"M416 208H272V64c0-17.67-14.33-32-32-32h-32c-17.67 0-32 14.33-32 32v144H32c-17.67 0-32 14.33-32 32v32c0 17.67 14.33 32 32 32h144v144c0 17.67 14.33 32 32 32h32c17.67 0 32-14.33 32-32V304h144c17.67 0 32-14.33 32-32v-32c0-17.67-14.33-32-32-32z\"><\/path><\/svg><\/span>\n\t\t<\/span>\n\n\t\t\t\t\t\t<\/summary>\n\t\t\t\t<div class=\"has_ae_slider elementor-element elementor-element-9a68b3a e-con-full e-flex ae-bg-gallery-type-default e-con e-child\" role=\"region\" aria-labelledby=\"e-n-accordion-item-2314\" data-id=\"9a68b3a\" data-element_type=\"container\" data-e-type=\"container\">\n\t\t\t\t<div class=\"elementor-element elementor-element-c50d893 elementor-widget elementor-widget-text-editor\" data-id=\"c50d893\" data-element_type=\"widget\" data-e-type=\"widget\" data-widget_type=\"text-editor.default\">\n\t\t\t\t<div class=\"elementor-widget-container\">\n\t\t\t\t\t\t\t\t\t<p>La decisi\u00f3n financiera debe basarse en el Costo Total de Propiedad a lo largo de la vida \u00fatil del sistema:<\/p><ul><li><strong>CAPEX:<\/strong> Costo total de adquisici\u00f3n e instalaci\u00f3n.<\/li><li><strong>OPEX:<\/strong> Proyecci\u00f3n de costos de energ\u00eda (el m\u00e1s relevante), mantenimiento, agua, refrigerantes y consumibles.<\/li><li><strong>TCO:<\/strong> Suma del CAPEX y el OPEX proyectado.<\/li><li><strong>ROI:<\/strong> C\u00e1lculo del Retorno de la Inversi\u00f3n, evaluando el periodo en que los ahorros (principalmente energ\u00e9ticos) recuperan la inversi\u00f3n inicial, especialmente \u00fatil al comparar opciones con diferente CAPEX y OPEX. Se consideran posibles incentivos o subvenciones por eficiencia o uso de refrigerantes naturales.<\/li><\/ul>\t\t\t\t\t\t\t\t<\/div>\n\t\t\t\t<\/div>\n\t\t\t\t<\/div>\n\t\t\t\t\t<\/details>\n\t\t\t\t\t\t<details id=\"e-n-accordion-item-2315\" class=\"e-n-accordion-item\" >\n\t\t\t\t<summary class=\"e-n-accordion-item-title\" data-accordion-index=\"6\" tabindex=\"-1\" aria-expanded=\"false\" aria-controls=\"e-n-accordion-item-2315\" >\n\t\t\t\t\t<span class='e-n-accordion-item-title-header'><div class=\"e-n-accordion-item-title-text\"> Paso 6: Selecci\u00f3n del socio tecnol\u00f3gico e integrador confiable <\/div><\/span>\n\t\t\t\t\t\t\t<span class='e-n-accordion-item-title-icon'>\n\t\t\t<span class='e-opened' ><svg aria-hidden=\"true\" class=\"e-font-icon-svg e-fas-minus\" viewBox=\"0 0 448 512\" xmlns=\"http:\/\/www.w3.org\/2000\/svg\"><path d=\"M416 208H32c-17.67 0-32 14.33-32 32v32c0 17.67 14.33 32 32 32h384c17.67 0 32-14.33 32-32v-32c0-17.67-14.33-32-32-32z\"><\/path><\/svg><\/span>\n\t\t\t<span class='e-closed'><svg aria-hidden=\"true\" class=\"e-font-icon-svg e-fas-plus\" viewBox=\"0 0 448 512\" xmlns=\"http:\/\/www.w3.org\/2000\/svg\"><path d=\"M416 208H272V64c0-17.67-14.33-32-32-32h-32c-17.67 0-32 14.33-32 32v144H32c-17.67 0-32 14.33-32 32v32c0 17.67 14.33 32 32 32h144v144c0 17.67 14.33 32 32 32h32c17.67 0 32-14.33 32-32V304h144c17.67 0 32-14.33 32-32v-32c0-17.67-14.33-32-32-32z\"><\/path><\/svg><\/span>\n\t\t<\/span>\n\n\t\t\t\t\t\t<\/summary>\n\t\t\t\t<div class=\"has_ae_slider elementor-element elementor-element-3a8d90a e-con-full e-flex ae-bg-gallery-type-default e-con e-child\" role=\"region\" aria-labelledby=\"e-n-accordion-item-2315\" data-id=\"3a8d90a\" data-element_type=\"container\" data-e-type=\"container\">\n\t\t\t\t<div class=\"elementor-element elementor-element-8ce5d19 elementor-widget elementor-widget-text-editor\" data-id=\"8ce5d19\" data-element_type=\"widget\" data-e-type=\"widget\" data-widget_type=\"text-editor.default\">\n\t\t\t\t<div class=\"elementor-widget-container\">\n\t\t\t\t\t\t\t\t\t<p>La mejor tecnolog\u00eda requiere una ejecuci\u00f3n experta. Elegir al proveedor adecuado es un factor clave para el \u00e9xito del proyecto:<\/p><ul><li>Experiencia demostrada y conocimiento profundo del sector industrial del cliente y sus aplicaciones espec\u00edficas.<\/li><li>Capacidad de ingenier\u00eda para dise\u00f1ar soluciones personalizadas y optimizadas.<\/li><li>Experiencia en la implementaci\u00f3n y gesti\u00f3n de proyectos industriales complejos.<\/li><li>S\u00f3lido servicio postventa, que incluya mantenimiento preventivo, asistencia t\u00e9cnica cualificada y disponibilidad de repuestos.<\/li><li>Historial probado de proyectos exitosos y referencias verificables.<\/li><\/ul>\t\t\t\t\t\t\t\t<\/div>\n\t\t\t\t<\/div>\n\t\t\t\t<\/div>\n\t\t\t\t\t<\/details>\n\t\t\t\t\t<\/div>\n\t\t\t\t\t\t<\/div>\n\t\t\t\t<\/div>\n\t\t\t\t<div class=\"elementor-element elementor-element-811d509 elementor-widget elementor-widget-image\" data-id=\"811d509\" data-element_type=\"widget\" data-e-type=\"widget\" data-widget_type=\"image.default\">\n\t\t\t\t<div class=\"elementor-widget-container\">\n\t\t\t\t\t\t\t\t\t\t\t\t\t\t\t<img loading=\"lazy\" decoding=\"async\" width=\"800\" height=\"400\" src=\"https:\/\/innotecgrupo.com\/industria-empresa\/wp-content\/uploads\/2025\/05\/sistema-de-refrigeracion-industrial-5.jpg\" class=\"attachment-large size-large wp-image-24417\" alt=\"Sistemas de Refrigeraci\u00f3n Industrial\" srcset=\"https:\/\/innotecgrupo.com\/industria-empresa\/wp-content\/uploads\/2025\/05\/sistema-de-refrigeracion-industrial-5.jpg 1000w, https:\/\/innotecgrupo.com\/industria-empresa\/wp-content\/uploads\/2025\/05\/sistema-de-refrigeracion-industrial-5-300x150.jpg 300w, https:\/\/innotecgrupo.com\/industria-empresa\/wp-content\/uploads\/2025\/05\/sistema-de-refrigeracion-industrial-5-768x384.jpg 768w\" sizes=\"(max-width: 800px) 100vw, 800px\" \/>\t\t\t\t\t\t\t\t\t\t\t\t\t\t\t<\/div>\n\t\t\t\t<\/div>\n\t\t\t\t<div class=\"elementor-element elementor-element-a3b89f2 elementor-widget elementor-widget-heading\" data-id=\"a3b89f2\" data-element_type=\"widget\" data-e-type=\"widget\" data-widget_type=\"heading.default\">\n\t\t\t\t<div class=\"elementor-widget-container\">\n\t\t\t\t\t<h2 class=\"elementor-heading-title elementor-size-default\">Evidencias de la metodolog\u00eda en acci\u00f3n: Resultados medibles<\/h2>\t\t\t\t<\/div>\n\t\t\t\t<\/div>\n\t\t\t\t<div class=\"elementor-element elementor-element-ff09866 elementor-widget elementor-widget-text-editor\" data-id=\"ff09866\" data-element_type=\"widget\" data-e-type=\"widget\" data-widget_type=\"text-editor.default\">\n\t\t\t\t<div class=\"elementor-widget-container\">\n\t\t\t\t\t\t\t\t\t<p>La aplicaci\u00f3n rigurosa de esta metodolog\u00eda se traduce en beneficios concretos y medibles para nuestros clientes. Por ejemplo, en un proyecto con una empresa l\u00edder en la industria de bebidas, el cliente necesitaba actualizar su sistema de enfriamiento para procesos de fermentaci\u00f3n y embotellado, buscando mejorar la eficiencia y alinearse con sus objetivos de sostenibilidad.<\/p><p>\u00a0<\/p><p>Aplicamos nuestra metodolog\u00eda: analizamos las cargas t\u00e9rmicas de los procesos, los requisitos de temperatura precisa y constante, y evaluamos las tecnolog\u00edas de refrigeraci\u00f3n con bajo GWP y alta eficiencia. Se dise\u00f1\u00f3 e implement\u00f3 un sistema integrado con recuperaci\u00f3n de calor.<\/p><p>\u00a0<\/p><p>\u00bfEl resultado? Una reducci\u00f3n verificable del 32% en el consumo el\u00e9ctrico asociado a la refrigeraci\u00f3n (dato medible). La recuperaci\u00f3n de calor permiti\u00f3 cubrir el 15% de la demanda de agua caliente de la planta (dato medible), generando ahorros adicionales. Adem\u00e1s, se seleccion\u00f3 un refrigerante natural que elimin\u00f3 el riesgo de futuras sanciones y mejor\u00f3 significativamente la huella de carbono de la instalaci\u00f3n. El cliente ha destacado la mayor estabilidad del proceso productivo y el impacto positivo en sus indicadores de sostenibilidad.<\/p>\t\t\t\t\t\t\t\t<\/div>\n\t\t\t\t<\/div>\n\t\t\t\t<div class=\"elementor-element elementor-element-262c58d elementor-widget elementor-widget-image\" data-id=\"262c58d\" data-element_type=\"widget\" data-e-type=\"widget\" data-widget_type=\"image.default\">\n\t\t\t\t<div class=\"elementor-widget-container\">\n\t\t\t\t\t\t\t\t\t\t\t\t\t\t\t<img loading=\"lazy\" decoding=\"async\" width=\"800\" height=\"583\" src=\"https:\/\/innotecgrupo.com\/industria-empresa\/wp-content\/uploads\/2025\/05\/sistema-de-refrigeracion-industrial-8.png\" class=\"attachment-large size-large wp-image-24420\" alt=\"Sistemas de Refrigeraci\u00f3n Industrial\" srcset=\"https:\/\/innotecgrupo.com\/industria-empresa\/wp-content\/uploads\/2025\/05\/sistema-de-refrigeracion-industrial-8.png 807w, https:\/\/innotecgrupo.com\/industria-empresa\/wp-content\/uploads\/2025\/05\/sistema-de-refrigeracion-industrial-8-300x219.png 300w, https:\/\/innotecgrupo.com\/industria-empresa\/wp-content\/uploads\/2025\/05\/sistema-de-refrigeracion-industrial-8-768x560.png 768w\" sizes=\"(max-width: 800px) 100vw, 800px\" \/>\t\t\t\t\t\t\t\t\t\t\t\t\t\t\t<\/div>\n\t\t\t\t<\/div>\n\t\t\t\t<div class=\"elementor-element elementor-element-19e3079 elementor-widget elementor-widget-heading\" data-id=\"19e3079\" data-element_type=\"widget\" data-e-type=\"widget\" data-widget_type=\"heading.default\">\n\t\t\t\t<div class=\"elementor-widget-container\">\n\t\t\t\t\t<h2 class=\"elementor-heading-title elementor-size-default\">Conclusi\u00f3n y recomendaci\u00f3n profesional<\/h2>\t\t\t\t<\/div>\n\t\t\t\t<\/div>\n\t\t\t\t<div class=\"elementor-element elementor-element-f40e067 elementor-widget elementor-widget-text-editor\" data-id=\"f40e067\" data-element_type=\"widget\" data-e-type=\"widget\" data-widget_type=\"text-editor.default\">\n\t\t\t\t<div class=\"elementor-widget-container\">\n\t\t\t\t\t\t\t\t\t<p>La selecci\u00f3n de un sistema de refrigeraci\u00f3n industrial es una decisi\u00f3n de inversi\u00f3n compleja con profundas implicaciones operativas, financieras y estrat\u00e9gicas. Abordarla de forma sistem\u00e1tica, bas\u00e1ndose en un an\u00e1lisis t\u00e9cnico detallado, una evaluaci\u00f3n econ\u00f3mica completa (TCO) y una visi\u00f3n a largo plazo, es fundamental para asegurar su \u00e9xito y rentabilidad.<\/p><p>\u00a0<\/p><p>Recomendamos encarecidamente adoptar una metodolog\u00eda de evaluaci\u00f3n rigurosa que considere todas las variables clave, desde los requisitos t\u00e9cnicos del proceso hasta el impacto financiero total y el cumplimiento normativo, adaptada a las particularidades de tu sector.<\/p><p>\u00a0<\/p><p>Grupo Innotec se posiciona como tu aliado estrat\u00e9gico y experto, aportando la metodolog\u00eda, el conocimiento t\u00e9cnico, la experiencia en diversos sectores industriales y el compromiso necesario para guiarte de forma objetiva y profesional en este proceso de selecci\u00f3n, asegurando que tu inversi\u00f3n se traduzca en eficiencia, fiabilidad y tranquilidad operativa.<\/p><p>\u00a0<\/p><p>Para una evaluaci\u00f3n profesional y personalizada de tus necesidades espec\u00edficas de refrigeraci\u00f3n industrial y explorar las soluciones m\u00e1s adecuadas para tu sector y aplicaci\u00f3n, te invitamos a contactar con nuestros especialistas.<\/p>\t\t\t\t\t\t\t\t<\/div>\n\t\t\t\t<\/div>\n\t\t\t\t<div class=\"elementor-element elementor-element-3b2b067 elementor-widget elementor-widget-spacer\" data-id=\"3b2b067\" data-element_type=\"widget\" data-e-type=\"widget\" data-widget_type=\"spacer.default\">\n\t\t\t\t<div class=\"elementor-widget-container\">\n\t\t\t\t\t\t\t<div class=\"elementor-spacer\">\n\t\t\t<div class=\"elementor-spacer-inner\"><\/div>\n\t\t<\/div>\n\t\t\t\t\t\t<\/div>\n\t\t\t\t<\/div>\n\t\t\t\t<div class=\"elementor-element elementor-element-81b0db9 elementor-widget elementor-widget-image\" data-id=\"81b0db9\" data-element_type=\"widget\" data-e-type=\"widget\" data-widget_type=\"image.default\">\n\t\t\t\t<div class=\"elementor-widget-container\">\n\t\t\t\t\t\t\t\t\t\t\t\t\t\t\t<img decoding=\"async\" width=\"200\" height=\"80\" src=\"https:\/\/innotecgrupo.com\/industria-empresa\/wp-content\/uploads\/2025\/05\/podcast.jpg\" class=\"attachment-large size-large wp-image-24410\" alt=\"Sistemas de Refrigeraci\u00f3n Industrial\" \/>\t\t\t\t\t\t\t\t\t\t\t\t\t\t\t<\/div>\n\t\t\t\t<\/div>\n\t\t\t\t<div class=\"elementor-element elementor-element-02cd0e7 elementor-widget elementor-widget-wp-widget-media_audio\" data-id=\"02cd0e7\" data-element_type=\"widget\" data-e-type=\"widget\" data-widget_type=\"wp-widget-media_audio.default\">\n\t\t\t\t<div class=\"elementor-widget-container\">\n\t\t\t\t\t<audio class=\"wp-audio-shortcode\" id=\"audio-24397-2\" preload=\"none\" style=\"width: 100%;\" controls=\"controls\"><source type=\"audio\/mpeg\" src=\"https:\/\/innotecgrupo.com\/industria-empresa\/wp-content\/uploads\/2025\/05\/Guia-para-elegir-el-sistema-de-refrigeracion-ideal-segun-tu-sector.mp3?_=2\" \/><source type=\"audio\/mpeg\" src=\"https:\/\/innotecgrupo.com\/industria-empresa\/wp-content\/uploads\/2025\/05\/Guia-para-elegir-el-sistema-de-refrigeracion-ideal-segun-tu-sector.mp3?_=2\" \/><a href=\"https:\/\/innotecgrupo.com\/industria-empresa\/wp-content\/uploads\/2025\/05\/Guia-para-elegir-el-sistema-de-refrigeracion-ideal-segun-tu-sector.mp3\">https:\/\/innotecgrupo.com\/industria-empresa\/wp-content\/uploads\/2025\/05\/Guia-para-elegir-el-sistema-de-refrigeracion-ideal-segun-tu-sector.mp3<\/a><\/audio>\t\t\t\t<\/div>\n\t\t\t\t<\/div>\n\t\t\t\t<div class=\"elementor-element elementor-element-8a0e86c elementor-widget elementor-widget-spacer\" data-id=\"8a0e86c\" data-element_type=\"widget\" data-e-type=\"widget\" data-widget_type=\"spacer.default\">\n\t\t\t\t<div class=\"elementor-widget-container\">\n\t\t\t\t\t\t\t<div class=\"elementor-spacer\">\n\t\t\t<div class=\"elementor-spacer-inner\"><\/div>\n\t\t<\/div>\n\t\t\t\t\t\t<\/div>\n\t\t\t\t<\/div>\n\t\t\t\t\t<\/div>\n\t\t\t\t<\/div>\n\t\t\t\t<\/div>\n\t\t","protected":false},"excerpt":{"rendered":"<p>Elegir un sistema de refrigeraci\u00f3n industrial adecuado es clave para garantizar la eficiencia, sostenibilidad y rentabilidad de tu negocio. En este episodio te explicamos c\u00f3mo una metodolog\u00eda estructurada \u2014desde el an\u00e1lisis de necesidades sectoriales hasta la evaluaci\u00f3n tecnol\u00f3gica y econ\u00f3mica (TCO y ROI)\u2014 puede marcar la diferencia. Descubre c\u00f3mo evitar errores costosos, cumplir con normativas [&hellip;]<\/p>\n","protected":false},"author":9,"featured_media":24417,"comment_status":"closed","ping_status":"open","sticky":false,"template":"","format":"standard","meta":{"_acf_changed":false,"footnotes":""},"categories":[101],"tags":[],"class_list":["post-24397","post","type-post","status-publish","format-standard","has-post-thumbnail","hentry","category-refrigeracion"],"acf":[],"yoast_head":"<!-- This site is optimized with the Yoast SEO plugin v27.3 - https:\/\/yoast.com\/product\/yoast-seo-wordpress\/ -->\n<title>Gu\u00eda para elegir el sistema de refrigeraci\u00f3n ideal seg\u00fan tu sector | Innotec<\/title>\n<meta name=\"description\" content=\"Elegir el sistema de refrigeraci\u00f3n adecuado no es una tarea trivial. Requiere una comprensi\u00f3n profunda de las necesidades espec\u00edficas de tu sector.\" \/>\n<meta name=\"robots\" content=\"index, follow, max-snippet:-1, max-image-preview:large, max-video-preview:-1\" \/>\n<link rel=\"canonical\" href=\"https:\/\/innotecgrupo.com\/industria-empresa\/blog\/guia-para-elegir-el-sistema-de-refrigeracion-ideal-segun-tu-sector\/\" \/>\n<meta property=\"og:locale\" content=\"es_ES\" \/>\n<meta property=\"og:type\" content=\"article\" \/>\n<meta property=\"og:title\" content=\"Gu\u00eda para elegir el sistema de refrigeraci\u00f3n ideal seg\u00fan tu sector | Innotec\" \/>\n<meta property=\"og:description\" content=\"Elegir el sistema de refrigeraci\u00f3n adecuado no es una tarea trivial. Requiere una comprensi\u00f3n profunda de las necesidades espec\u00edficas de tu sector.\" \/>\n<meta property=\"og:url\" content=\"https:\/\/innotecgrupo.com\/industria-empresa\/blog\/guia-para-elegir-el-sistema-de-refrigeracion-ideal-segun-tu-sector\/\" \/>\n<meta property=\"og:site_name\" content=\"Innotec\" \/>\n<meta property=\"article:published_time\" content=\"2025-05-06T05:00:00+00:00\" \/>\n<meta property=\"article:modified_time\" content=\"2025-05-07T10:57:34+00:00\" \/>\n<meta property=\"og:image\" content=\"https:\/\/innotecgrupo.com\/industria-empresa\/wp-content\/uploads\/2025\/05\/sistema-de-refrigeracion-industrial-5.jpg\" \/>\n\t<meta property=\"og:image:width\" content=\"1000\" \/>\n\t<meta property=\"og:image:height\" content=\"500\" \/>\n\t<meta property=\"og:image:type\" content=\"image\/jpeg\" \/>\n<meta name=\"author\" content=\"Manuel Bernal (Socio Fundador)\" \/>\n<meta name=\"twitter:card\" content=\"summary_large_image\" \/>\n<meta name=\"twitter:label1\" content=\"Escrito por\" \/>\n\t<meta name=\"twitter:data1\" content=\"Manuel Bernal (Socio Fundador)\" \/>\n\t<meta name=\"twitter:label2\" content=\"Tiempo de lectura\" \/>\n\t<meta name=\"twitter:data2\" content=\"13 minutos\" \/>\n<script type=\"application\/ld+json\" class=\"yoast-schema-graph\">{\"@context\":\"https:\\\/\\\/schema.org\",\"@graph\":[{\"@type\":\"Article\",\"@id\":\"https:\\\/\\\/innotecgrupo.com\\\/industria-empresa\\\/blog\\\/guia-para-elegir-el-sistema-de-refrigeracion-ideal-segun-tu-sector\\\/#article\",\"isPartOf\":{\"@id\":\"https:\\\/\\\/innotecgrupo.com\\\/industria-empresa\\\/blog\\\/guia-para-elegir-el-sistema-de-refrigeracion-ideal-segun-tu-sector\\\/\"},\"author\":{\"name\":\"Manuel Bernal (Socio Fundador)\",\"@id\":\"https:\\\/\\\/innotecgrupo.com\\\/industria-empresa\\\/#\\\/schema\\\/person\\\/cd83faa3aecd59ea2de1fcb467a88501\"},\"headline\":\"Gu\u00eda para elegir el sistema de refrigeraci\u00f3n ideal seg\u00fan tu sector\",\"datePublished\":\"2025-05-06T05:00:00+00:00\",\"dateModified\":\"2025-05-07T10:57:34+00:00\",\"mainEntityOfPage\":{\"@id\":\"https:\\\/\\\/innotecgrupo.com\\\/industria-empresa\\\/blog\\\/guia-para-elegir-el-sistema-de-refrigeracion-ideal-segun-tu-sector\\\/\"},\"wordCount\":2690,\"publisher\":{\"@id\":\"https:\\\/\\\/innotecgrupo.com\\\/industria-empresa\\\/#organization\"},\"image\":{\"@id\":\"https:\\\/\\\/innotecgrupo.com\\\/industria-empresa\\\/blog\\\/guia-para-elegir-el-sistema-de-refrigeracion-ideal-segun-tu-sector\\\/#primaryimage\"},\"thumbnailUrl\":\"https:\\\/\\\/innotecgrupo.com\\\/industria-empresa\\\/wp-content\\\/uploads\\\/2025\\\/05\\\/sistema-de-refrigeracion-industrial-5.jpg\",\"articleSection\":[\"Refrigeraci\u00f3n\"],\"inLanguage\":\"es\"},{\"@type\":\"WebPage\",\"@id\":\"https:\\\/\\\/innotecgrupo.com\\\/industria-empresa\\\/blog\\\/guia-para-elegir-el-sistema-de-refrigeracion-ideal-segun-tu-sector\\\/\",\"url\":\"https:\\\/\\\/innotecgrupo.com\\\/industria-empresa\\\/blog\\\/guia-para-elegir-el-sistema-de-refrigeracion-ideal-segun-tu-sector\\\/\",\"name\":\"Gu\u00eda para elegir el sistema de refrigeraci\u00f3n ideal seg\u00fan tu sector | Innotec\",\"isPartOf\":{\"@id\":\"https:\\\/\\\/innotecgrupo.com\\\/industria-empresa\\\/#website\"},\"primaryImageOfPage\":{\"@id\":\"https:\\\/\\\/innotecgrupo.com\\\/industria-empresa\\\/blog\\\/guia-para-elegir-el-sistema-de-refrigeracion-ideal-segun-tu-sector\\\/#primaryimage\"},\"image\":{\"@id\":\"https:\\\/\\\/innotecgrupo.com\\\/industria-empresa\\\/blog\\\/guia-para-elegir-el-sistema-de-refrigeracion-ideal-segun-tu-sector\\\/#primaryimage\"},\"thumbnailUrl\":\"https:\\\/\\\/innotecgrupo.com\\\/industria-empresa\\\/wp-content\\\/uploads\\\/2025\\\/05\\\/sistema-de-refrigeracion-industrial-5.jpg\",\"datePublished\":\"2025-05-06T05:00:00+00:00\",\"dateModified\":\"2025-05-07T10:57:34+00:00\",\"description\":\"Elegir el sistema de refrigeraci\u00f3n adecuado no es una tarea trivial. Requiere una comprensi\u00f3n profunda de las necesidades espec\u00edficas de tu sector.\",\"breadcrumb\":{\"@id\":\"https:\\\/\\\/innotecgrupo.com\\\/industria-empresa\\\/blog\\\/guia-para-elegir-el-sistema-de-refrigeracion-ideal-segun-tu-sector\\\/#breadcrumb\"},\"inLanguage\":\"es\",\"potentialAction\":[{\"@type\":\"ReadAction\",\"target\":[\"https:\\\/\\\/innotecgrupo.com\\\/industria-empresa\\\/blog\\\/guia-para-elegir-el-sistema-de-refrigeracion-ideal-segun-tu-sector\\\/\"]}]},{\"@type\":\"ImageObject\",\"inLanguage\":\"es\",\"@id\":\"https:\\\/\\\/innotecgrupo.com\\\/industria-empresa\\\/blog\\\/guia-para-elegir-el-sistema-de-refrigeracion-ideal-segun-tu-sector\\\/#primaryimage\",\"url\":\"https:\\\/\\\/innotecgrupo.com\\\/industria-empresa\\\/wp-content\\\/uploads\\\/2025\\\/05\\\/sistema-de-refrigeracion-industrial-5.jpg\",\"contentUrl\":\"https:\\\/\\\/innotecgrupo.com\\\/industria-empresa\\\/wp-content\\\/uploads\\\/2025\\\/05\\\/sistema-de-refrigeracion-industrial-5.jpg\",\"width\":1000,\"height\":500,\"caption\":\"Sistemas de Refrigeraci\u00f3n Industrial\"},{\"@type\":\"BreadcrumbList\",\"@id\":\"https:\\\/\\\/innotecgrupo.com\\\/industria-empresa\\\/blog\\\/guia-para-elegir-el-sistema-de-refrigeracion-ideal-segun-tu-sector\\\/#breadcrumb\",\"itemListElement\":[{\"@type\":\"ListItem\",\"position\":1,\"name\":\"Portada\",\"item\":\"https:\\\/\\\/innotecgrupo.com\\\/industria-empresa\\\/\"},{\"@type\":\"ListItem\",\"position\":2,\"name\":\"Gu\u00eda para elegir el sistema de refrigeraci\u00f3n ideal seg\u00fan tu sector\"}]},{\"@type\":\"WebSite\",\"@id\":\"https:\\\/\\\/innotecgrupo.com\\\/industria-empresa\\\/#website\",\"url\":\"https:\\\/\\\/innotecgrupo.com\\\/industria-empresa\\\/\",\"name\":\"Innotec Grupo\",\"description\":\"CLIMATIZACI\u00d3N ENFOCADA AL BIENESTAR INTEGRAL\",\"publisher\":{\"@id\":\"https:\\\/\\\/innotecgrupo.com\\\/industria-empresa\\\/#organization\"},\"potentialAction\":[{\"@type\":\"SearchAction\",\"target\":{\"@type\":\"EntryPoint\",\"urlTemplate\":\"https:\\\/\\\/innotecgrupo.com\\\/industria-empresa\\\/?s={search_term_string}\"},\"query-input\":{\"@type\":\"PropertyValueSpecification\",\"valueRequired\":true,\"valueName\":\"search_term_string\"}}],\"inLanguage\":\"es\"},{\"@type\":\"Organization\",\"@id\":\"https:\\\/\\\/innotecgrupo.com\\\/industria-empresa\\\/#organization\",\"name\":\"Innotec\",\"url\":\"https:\\\/\\\/innotecgrupo.com\\\/industria-empresa\\\/\",\"logo\":{\"@type\":\"ImageObject\",\"inLanguage\":\"es\",\"@id\":\"https:\\\/\\\/innotecgrupo.com\\\/industria-empresa\\\/#\\\/schema\\\/logo\\\/image\\\/\",\"url\":\"https:\\\/\\\/innotecgrupo.com\\\/industria-empresa\\\/wp-content\\\/uploads\\\/2022\\\/01\\\/logo-innotec.png\",\"contentUrl\":\"https:\\\/\\\/innotecgrupo.com\\\/industria-empresa\\\/wp-content\\\/uploads\\\/2022\\\/01\\\/logo-innotec.png\",\"width\":166,\"height\":31,\"caption\":\"Innotec\"},\"image\":{\"@id\":\"https:\\\/\\\/innotecgrupo.com\\\/industria-empresa\\\/#\\\/schema\\\/logo\\\/image\\\/\"}},{\"@type\":\"Person\",\"@id\":\"https:\\\/\\\/innotecgrupo.com\\\/industria-empresa\\\/#\\\/schema\\\/person\\\/cd83faa3aecd59ea2de1fcb467a88501\",\"name\":\"Manuel Bernal (Socio Fundador)\",\"description\":\"Ingeniero Industrial MBA en CESTE\",\"sameAs\":[\"https:\\\/\\\/www.linkedin.com\\\/in\\\/manuel-bernal-innotec\\\/\"],\"url\":\"https:\\\/\\\/innotecgrupo.com\\\/industria-empresa\\\/blog\\\/author\\\/manuel-bernal\\\/\"}]}<\/script>\n<!-- \/ Yoast SEO plugin. -->","yoast_head_json":{"title":"Gu\u00eda para elegir el sistema de refrigeraci\u00f3n ideal seg\u00fan tu sector | Innotec","description":"Elegir el sistema de refrigeraci\u00f3n adecuado no es una tarea trivial. Requiere una comprensi\u00f3n profunda de las necesidades espec\u00edficas de tu sector.","robots":{"index":"index","follow":"follow","max-snippet":"max-snippet:-1","max-image-preview":"max-image-preview:large","max-video-preview":"max-video-preview:-1"},"canonical":"https:\/\/innotecgrupo.com\/industria-empresa\/blog\/guia-para-elegir-el-sistema-de-refrigeracion-ideal-segun-tu-sector\/","og_locale":"es_ES","og_type":"article","og_title":"Gu\u00eda para elegir el sistema de refrigeraci\u00f3n ideal seg\u00fan tu sector | Innotec","og_description":"Elegir el sistema de refrigeraci\u00f3n adecuado no es una tarea trivial. Requiere una comprensi\u00f3n profunda de las necesidades espec\u00edficas de tu sector.","og_url":"https:\/\/innotecgrupo.com\/industria-empresa\/blog\/guia-para-elegir-el-sistema-de-refrigeracion-ideal-segun-tu-sector\/","og_site_name":"Innotec","article_published_time":"2025-05-06T05:00:00+00:00","article_modified_time":"2025-05-07T10:57:34+00:00","og_image":[{"width":1000,"height":500,"url":"https:\/\/innotecgrupo.com\/industria-empresa\/wp-content\/uploads\/2025\/05\/sistema-de-refrigeracion-industrial-5.jpg","type":"image\/jpeg"}],"author":"Manuel Bernal (Socio Fundador)","twitter_card":"summary_large_image","twitter_misc":{"Escrito por":"Manuel Bernal (Socio Fundador)","Tiempo de lectura":"13 minutos"},"schema":{"@context":"https:\/\/schema.org","@graph":[{"@type":"Article","@id":"https:\/\/innotecgrupo.com\/industria-empresa\/blog\/guia-para-elegir-el-sistema-de-refrigeracion-ideal-segun-tu-sector\/#article","isPartOf":{"@id":"https:\/\/innotecgrupo.com\/industria-empresa\/blog\/guia-para-elegir-el-sistema-de-refrigeracion-ideal-segun-tu-sector\/"},"author":{"name":"Manuel Bernal (Socio Fundador)","@id":"https:\/\/innotecgrupo.com\/industria-empresa\/#\/schema\/person\/cd83faa3aecd59ea2de1fcb467a88501"},"headline":"Gu\u00eda para elegir el sistema de refrigeraci\u00f3n ideal seg\u00fan tu sector","datePublished":"2025-05-06T05:00:00+00:00","dateModified":"2025-05-07T10:57:34+00:00","mainEntityOfPage":{"@id":"https:\/\/innotecgrupo.com\/industria-empresa\/blog\/guia-para-elegir-el-sistema-de-refrigeracion-ideal-segun-tu-sector\/"},"wordCount":2690,"publisher":{"@id":"https:\/\/innotecgrupo.com\/industria-empresa\/#organization"},"image":{"@id":"https:\/\/innotecgrupo.com\/industria-empresa\/blog\/guia-para-elegir-el-sistema-de-refrigeracion-ideal-segun-tu-sector\/#primaryimage"},"thumbnailUrl":"https:\/\/innotecgrupo.com\/industria-empresa\/wp-content\/uploads\/2025\/05\/sistema-de-refrigeracion-industrial-5.jpg","articleSection":["Refrigeraci\u00f3n"],"inLanguage":"es"},{"@type":"WebPage","@id":"https:\/\/innotecgrupo.com\/industria-empresa\/blog\/guia-para-elegir-el-sistema-de-refrigeracion-ideal-segun-tu-sector\/","url":"https:\/\/innotecgrupo.com\/industria-empresa\/blog\/guia-para-elegir-el-sistema-de-refrigeracion-ideal-segun-tu-sector\/","name":"Gu\u00eda para elegir el sistema de refrigeraci\u00f3n ideal seg\u00fan tu sector | Innotec","isPartOf":{"@id":"https:\/\/innotecgrupo.com\/industria-empresa\/#website"},"primaryImageOfPage":{"@id":"https:\/\/innotecgrupo.com\/industria-empresa\/blog\/guia-para-elegir-el-sistema-de-refrigeracion-ideal-segun-tu-sector\/#primaryimage"},"image":{"@id":"https:\/\/innotecgrupo.com\/industria-empresa\/blog\/guia-para-elegir-el-sistema-de-refrigeracion-ideal-segun-tu-sector\/#primaryimage"},"thumbnailUrl":"https:\/\/innotecgrupo.com\/industria-empresa\/wp-content\/uploads\/2025\/05\/sistema-de-refrigeracion-industrial-5.jpg","datePublished":"2025-05-06T05:00:00+00:00","dateModified":"2025-05-07T10:57:34+00:00","description":"Elegir el sistema de refrigeraci\u00f3n adecuado no es una tarea trivial. Requiere una comprensi\u00f3n profunda de las necesidades espec\u00edficas de tu sector.","breadcrumb":{"@id":"https:\/\/innotecgrupo.com\/industria-empresa\/blog\/guia-para-elegir-el-sistema-de-refrigeracion-ideal-segun-tu-sector\/#breadcrumb"},"inLanguage":"es","potentialAction":[{"@type":"ReadAction","target":["https:\/\/innotecgrupo.com\/industria-empresa\/blog\/guia-para-elegir-el-sistema-de-refrigeracion-ideal-segun-tu-sector\/"]}]},{"@type":"ImageObject","inLanguage":"es","@id":"https:\/\/innotecgrupo.com\/industria-empresa\/blog\/guia-para-elegir-el-sistema-de-refrigeracion-ideal-segun-tu-sector\/#primaryimage","url":"https:\/\/innotecgrupo.com\/industria-empresa\/wp-content\/uploads\/2025\/05\/sistema-de-refrigeracion-industrial-5.jpg","contentUrl":"https:\/\/innotecgrupo.com\/industria-empresa\/wp-content\/uploads\/2025\/05\/sistema-de-refrigeracion-industrial-5.jpg","width":1000,"height":500,"caption":"Sistemas de Refrigeraci\u00f3n Industrial"},{"@type":"BreadcrumbList","@id":"https:\/\/innotecgrupo.com\/industria-empresa\/blog\/guia-para-elegir-el-sistema-de-refrigeracion-ideal-segun-tu-sector\/#breadcrumb","itemListElement":[{"@type":"ListItem","position":1,"name":"Portada","item":"https:\/\/innotecgrupo.com\/industria-empresa\/"},{"@type":"ListItem","position":2,"name":"Gu\u00eda para elegir el sistema de refrigeraci\u00f3n ideal seg\u00fan tu sector"}]},{"@type":"WebSite","@id":"https:\/\/innotecgrupo.com\/industria-empresa\/#website","url":"https:\/\/innotecgrupo.com\/industria-empresa\/","name":"Innotec Grupo","description":"CLIMATIZACI\u00d3N ENFOCADA AL BIENESTAR INTEGRAL","publisher":{"@id":"https:\/\/innotecgrupo.com\/industria-empresa\/#organization"},"potentialAction":[{"@type":"SearchAction","target":{"@type":"EntryPoint","urlTemplate":"https:\/\/innotecgrupo.com\/industria-empresa\/?s={search_term_string}"},"query-input":{"@type":"PropertyValueSpecification","valueRequired":true,"valueName":"search_term_string"}}],"inLanguage":"es"},{"@type":"Organization","@id":"https:\/\/innotecgrupo.com\/industria-empresa\/#organization","name":"Innotec","url":"https:\/\/innotecgrupo.com\/industria-empresa\/","logo":{"@type":"ImageObject","inLanguage":"es","@id":"https:\/\/innotecgrupo.com\/industria-empresa\/#\/schema\/logo\/image\/","url":"https:\/\/innotecgrupo.com\/industria-empresa\/wp-content\/uploads\/2022\/01\/logo-innotec.png","contentUrl":"https:\/\/innotecgrupo.com\/industria-empresa\/wp-content\/uploads\/2022\/01\/logo-innotec.png","width":166,"height":31,"caption":"Innotec"},"image":{"@id":"https:\/\/innotecgrupo.com\/industria-empresa\/#\/schema\/logo\/image\/"}},{"@type":"Person","@id":"https:\/\/innotecgrupo.com\/industria-empresa\/#\/schema\/person\/cd83faa3aecd59ea2de1fcb467a88501","name":"Manuel Bernal (Socio Fundador)","description":"Ingeniero Industrial MBA en CESTE","sameAs":["https:\/\/www.linkedin.com\/in\/manuel-bernal-innotec\/"],"url":"https:\/\/innotecgrupo.com\/industria-empresa\/blog\/author\/manuel-bernal\/"}]}},"_links":{"self":[{"href":"https:\/\/innotecgrupo.com\/industria-empresa\/wp-json\/wp\/v2\/posts\/24397","targetHints":{"allow":["GET"]}}],"collection":[{"href":"https:\/\/innotecgrupo.com\/industria-empresa\/wp-json\/wp\/v2\/posts"}],"about":[{"href":"https:\/\/innotecgrupo.com\/industria-empresa\/wp-json\/wp\/v2\/types\/post"}],"author":[{"embeddable":true,"href":"https:\/\/innotecgrupo.com\/industria-empresa\/wp-json\/wp\/v2\/users\/9"}],"replies":[{"embeddable":true,"href":"https:\/\/innotecgrupo.com\/industria-empresa\/wp-json\/wp\/v2\/comments?post=24397"}],"version-history":[{"count":28,"href":"https:\/\/innotecgrupo.com\/industria-empresa\/wp-json\/wp\/v2\/posts\/24397\/revisions"}],"predecessor-version":[{"id":24437,"href":"https:\/\/innotecgrupo.com\/industria-empresa\/wp-json\/wp\/v2\/posts\/24397\/revisions\/24437"}],"wp:featuredmedia":[{"embeddable":true,"href":"https:\/\/innotecgrupo.com\/industria-empresa\/wp-json\/wp\/v2\/media\/24417"}],"wp:attachment":[{"href":"https:\/\/innotecgrupo.com\/industria-empresa\/wp-json\/wp\/v2\/media?parent=24397"}],"wp:term":[{"taxonomy":"category","embeddable":true,"href":"https:\/\/innotecgrupo.com\/industria-empresa\/wp-json\/wp\/v2\/categories?post=24397"},{"taxonomy":"post_tag","embeddable":true,"href":"https:\/\/innotecgrupo.com\/industria-empresa\/wp-json\/wp\/v2\/tags?post=24397"}],"curies":[{"name":"wp","href":"https:\/\/api.w.org\/{rel}","templated":true}]}}