{"id":23311,"date":"2025-03-21T13:24:26","date_gmt":"2025-03-21T12:24:26","guid":{"rendered":"https:\/\/greenyellow-alligator-204266.hostingersite.com\/industria-empresa\/?p=23311"},"modified":"2025-10-28T15:50:33","modified_gmt":"2025-10-28T14:50:33","slug":"calidad-aire-interior-sector-salud-hospitales-clinicas-aragon-la-rioja","status":"publish","type":"post","link":"https:\/\/innotecgrupo.com\/industria-empresa\/blog\/calidad-aire-interior-sector-salud-hospitales-clinicas-aragon-la-rioja\/","title":{"rendered":"Calidad de aire interior en sector salud."},"content":{"rendered":"\t\t<div data-elementor-type=\"wp-post\" data-elementor-id=\"23311\" class=\"elementor elementor-23311\" data-elementor-post-type=\"post\">\n\t\t\t\t<div class=\"has_ae_slider elementor-element elementor-element-9a8ae6d e-flex e-con-boxed ae-bg-gallery-type-default e-con e-parent\" data-id=\"9a8ae6d\" data-element_type=\"container\" data-e-type=\"container\">\n\t\t\t\t\t<div class=\"e-con-inner\">\n\t\t\t\t<div class=\"elementor-element elementor-element-893915b elementor-widget elementor-widget-heading\" data-id=\"893915b\" data-element_type=\"widget\" data-e-type=\"widget\" data-widget_type=\"heading.default\">\n\t\t\t\t<div class=\"elementor-widget-container\">\n\t\t\t\t\t<h2 class=\"elementor-heading-title elementor-size-default\">Una breve historia sobre mi operaci\u00f3n de anginas<\/h2>\t\t\t\t<\/div>\n\t\t\t\t<\/div>\n\t\t\t\t<div class=\"elementor-element elementor-element-7a2bf91 elementor-widget elementor-widget-text-editor\" data-id=\"7a2bf91\" data-element_type=\"widget\" data-e-type=\"widget\" data-widget_type=\"text-editor.default\">\n\t\t\t\t<div class=\"elementor-widget-container\">\n\t\t\t\t\t\t\t\t\t<p>De peque\u00f1o ten\u00eda constantemente anginas. Mis padres, abuelos, t\u00edos, todos me dec\u00edan cuando me dol\u00eda la garganta que \u00abten\u00eda anginas\u00bb. Lo cierto es que se me pon\u00edan rojas e inflamadas como el culo de un mandril. Perd\u00f3n por la groser\u00eda, pero es lo primero que me he imaginado, para qu\u00e9 te voy a decir otra cosa.<\/p><p>La cuesti\u00f3n es que el tema era tan recurrente que los doctores decidieron extirp\u00e1rmelas. Siip, si no eres boomer esto te sonar\u00e1 un poco salvaje, lo s\u00e9. Ahora la medicina ha evolucionado mucho y desde luego, que yo sepa, que de medicina no es que sepa mucho, ya no se quitan. Hay otras formas de solucionar el problema. La ciencia, que avanza una barbaridad.<\/p><p>Pero por aquel entonces, corr\u00edan los a\u00f1os 70, era lo \u00abnormal\u00bb. Supongo que pensar\u00edan que \u00abmuerto el perro, se acab\u00f3 la rabia\u00bb. \u00a1Y lo cierto es que funcion\u00f3! No se me volvieron a poner como el culo de un mandril (\u00a1Huy, lo he dicho otra vez, lo siento!), simplemente porque ya no las ten\u00eda. Obvio.<\/p><p>Tambi\u00e9n me acuerdo de la especie de tenazas que utilizaron para quit\u00e1rmelas a bocajarro, sin anestesia ni n\u00e1. \u00a1Qu\u00e9 dolor! Y para calmarlo unos cubitos de hielo para chupar e insensibilizar algo la zona. Total, \u00e9ramos boomers y lo aguant\u00e1bamos todo.<\/p><p>Aunque era bastante peque\u00f1o, recuerdo detalles del sitio donde me las quitaron, hac\u00eda calor, las ventanas abiertas de par en par, de climatizaci\u00f3n ni hablemos. Vamos, igualito que las salas blancas de ahora, con ambiente controlado, sin acceso directo al exterior, sobrepresionadas y con filtros HEPA de alta eficacia para que no entre ni un microbio. Ja, ja, ja, s\u00f3lo de pensarlo me parto. \u00a1C\u00f3mo han cambiado las cosas!<\/p><p>Tener un ambiente controlado en el sector salud se ha convertido en una necesidad b\u00e1sica. Acontecimientos como una\u00a0 pandemia mundial, nos hicieron tomar consciencia de la importancia de la calidad del aire que respiramos. En un lugar donde precisamente vamos las personas cuando estamos enfermas, nos exponemos a contagios por transmisi\u00f3n de aerosoles con cargas microbianas muy elevadas. \u00a1Dos por uno! Entras con una enfermedad y puedes salir con dos.\u00a0<\/p><p>Pero el problema no es s\u00f3lo para los pacientes. Los sanitarios corren un alto riesgo de contagio por su continua exposici\u00f3n a estos aerosoles, lo que provoca un descenso de rendimiento, malestar y en muchos casos bajas que producen un importante absentismo en este sector.<\/p><p>Si tu negocio es una cl\u00ednica hospitalaria, cl\u00ednica dental, centro de salud, consulta m\u00e9dica o un centro de rehabilitaci\u00f3n, entre otros, y te preocupa tener una \u00f3ptima climatizaci\u00f3n y calidad de aire interior de tu centro, desde Grupo Innotec te podemos ayudar a conseguirlo. Sigue leyendo&#8230;\u00a0<\/p>\t\t\t\t\t\t\t\t<\/div>\n\t\t\t\t<\/div>\n\t\t\t\t<div class=\"elementor-element elementor-element-61cdb72 elementor-arrows-position-inside elementor-pagination-position-outside elementor-widget elementor-widget-image-carousel\" data-id=\"61cdb72\" data-element_type=\"widget\" data-e-type=\"widget\" data-settings=\"{&quot;autoplay_speed&quot;:1780,&quot;motion_fx_motion_fx_scrolling&quot;:&quot;yes&quot;,&quot;navigation&quot;:&quot;both&quot;,&quot;autoplay&quot;:&quot;yes&quot;,&quot;pause_on_hover&quot;:&quot;yes&quot;,&quot;pause_on_interaction&quot;:&quot;yes&quot;,&quot;infinite&quot;:&quot;yes&quot;,&quot;speed&quot;:500,&quot;motion_fx_devices&quot;:[&quot;desktop&quot;,&quot;tablet&quot;,&quot;mobile&quot;]}\" data-widget_type=\"image-carousel.default\">\n\t\t\t\t<div class=\"elementor-widget-container\">\n\t\t\t\t\t\t\t<div class=\"elementor-image-carousel-wrapper swiper\" role=\"region\" aria-roledescription=\"carousel\" aria-label=\"Carrusel de im\u00e1genes\" dir=\"ltr\">\n\t\t\t<div class=\"elementor-image-carousel swiper-wrapper\" aria-live=\"off\">\n\t\t\t\t\t\t\t\t<div class=\"swiper-slide\" role=\"group\" aria-roledescription=\"slide\" aria-label=\"1 de 7\"><figure class=\"swiper-slide-inner\"><img decoding=\"async\" class=\"swiper-slide-image\" src=\"https:\/\/innotecgrupo.com\/industria-empresa\/wp-content\/uploads\/2024\/10\/calidad-aire-interior-sector-salud-hospitales-clinicas-aragon-la-rioja-7.png\" alt=\"Calidad de Aire Interior en Sector Salud (Hospitales y Cl\u00ednicas) de Arag\u00f3n y La Rioja\" \/><\/figure><\/div><div class=\"swiper-slide\" role=\"group\" aria-roledescription=\"slide\" aria-label=\"2 de 7\"><figure class=\"swiper-slide-inner\"><img decoding=\"async\" class=\"swiper-slide-image\" src=\"https:\/\/innotecgrupo.com\/industria-empresa\/wp-content\/uploads\/2024\/10\/calidad-aire-interior-sector-salud-hospitales-clinicas-aragon-la-rioja-1.png\" alt=\"Calidad de Aire Interior en Sector Salud (Hospitales y Cl\u00ednicas) de Arag\u00f3n y La Rioja\" \/><\/figure><\/div><div class=\"swiper-slide\" role=\"group\" aria-roledescription=\"slide\" aria-label=\"3 de 7\"><figure class=\"swiper-slide-inner\"><img decoding=\"async\" class=\"swiper-slide-image\" src=\"https:\/\/innotecgrupo.com\/industria-empresa\/wp-content\/uploads\/2024\/10\/calidad-aire-interior-sector-salud-hospitales-clinicas-aragon-la-rioja-2.png\" alt=\"Calidad de Aire Interior en Sector Salud (Hospitales y Cl\u00ednicas) de Arag\u00f3n y La Rioja\" \/><\/figure><\/div><div class=\"swiper-slide\" role=\"group\" aria-roledescription=\"slide\" aria-label=\"4 de 7\"><figure class=\"swiper-slide-inner\"><img decoding=\"async\" class=\"swiper-slide-image\" src=\"https:\/\/innotecgrupo.com\/industria-empresa\/wp-content\/uploads\/2024\/10\/calidad-aire-interior-sector-salud-hospitales-clinicas-aragon-la-rioja-3.png\" alt=\"Calidad de Aire Interior en Sector Salud (Hospitales y Cl\u00ednicas) de Arag\u00f3n y La Rioja\" \/><\/figure><\/div><div class=\"swiper-slide\" role=\"group\" aria-roledescription=\"slide\" aria-label=\"5 de 7\"><figure class=\"swiper-slide-inner\"><img decoding=\"async\" class=\"swiper-slide-image\" src=\"https:\/\/innotecgrupo.com\/industria-empresa\/wp-content\/uploads\/2024\/10\/calidad-aire-interior-sector-salud-hospitales-clinicas-aragon-la-rioja-4.png\" alt=\"Calidad de Aire Interior en Sector Salud (Hospitales y Cl\u00ednicas) de Arag\u00f3n y La Rioja\" \/><\/figure><\/div><div class=\"swiper-slide\" role=\"group\" aria-roledescription=\"slide\" aria-label=\"6 de 7\"><figure class=\"swiper-slide-inner\"><img decoding=\"async\" class=\"swiper-slide-image\" src=\"https:\/\/innotecgrupo.com\/industria-empresa\/wp-content\/uploads\/2024\/10\/calidad-aire-interior-sector-salud-hospitales-clinicas-aragon-la-rioja-5.png\" alt=\"Calidad de Aire Interior en Sector Salud (Hospitales y Cl\u00ednicas) de Arag\u00f3n y La Rioja\" \/><\/figure><\/div><div class=\"swiper-slide\" role=\"group\" aria-roledescription=\"slide\" aria-label=\"7 de 7\"><figure class=\"swiper-slide-inner\"><img decoding=\"async\" class=\"swiper-slide-image\" src=\"https:\/\/innotecgrupo.com\/industria-empresa\/wp-content\/uploads\/2024\/10\/calidad-aire-interior-sector-salud-hospitales-clinicas-aragon-la-rioja-6.png\" alt=\"Calidad de Aire Interior en Sector Salud (Hospitales y Cl\u00ednicas) de Arag\u00f3n y La Rioja\" \/><\/figure><\/div>\t\t\t<\/div>\n\t\t\t\t\t\t\t\t\t\t\t\t<div class=\"elementor-swiper-button elementor-swiper-button-prev\" role=\"button\" tabindex=\"0\">\n\t\t\t\t\t\t<svg aria-hidden=\"true\" class=\"e-font-icon-svg e-eicon-chevron-left\" viewBox=\"0 0 1000 1000\" xmlns=\"http:\/\/www.w3.org\/2000\/svg\"><path d=\"M646 125C629 125 613 133 604 142L308 442C296 454 292 471 292 487 292 504 296 521 308 533L604 854C617 867 629 875 646 875 663 875 679 871 692 858 704 846 713 829 713 812 713 796 708 779 692 767L438 487 692 225C700 217 708 204 708 187 708 171 704 154 692 142 675 129 663 125 646 125Z\"><\/path><\/svg>\t\t\t\t\t<\/div>\n\t\t\t\t\t<div class=\"elementor-swiper-button elementor-swiper-button-next\" role=\"button\" tabindex=\"0\">\n\t\t\t\t\t\t<svg aria-hidden=\"true\" class=\"e-font-icon-svg e-eicon-chevron-right\" viewBox=\"0 0 1000 1000\" xmlns=\"http:\/\/www.w3.org\/2000\/svg\"><path d=\"M696 533C708 521 713 504 713 487 713 471 708 454 696 446L400 146C388 133 375 125 354 125 338 125 325 129 313 142 300 154 292 171 292 187 292 204 296 221 308 233L563 492 304 771C292 783 288 800 288 817 288 833 296 850 308 863 321 871 338 875 354 875 371 875 388 867 400 854L696 533Z\"><\/path><\/svg>\t\t\t\t\t<\/div>\n\t\t\t\t\n\t\t\t\t\t\t\t\t\t<div class=\"swiper-pagination\"><\/div>\n\t\t\t\t\t\t\t\t\t<\/div>\n\t\t\t\t\t\t<\/div>\n\t\t\t\t<\/div>\n\t\t\t\t\t<\/div>\n\t\t\t\t<\/div>\n\t\t<div class=\"has_ae_slider elementor-element elementor-element-5c462a4 e-flex e-con-boxed ae-bg-gallery-type-default e-con e-parent\" data-id=\"5c462a4\" data-element_type=\"container\" data-e-type=\"container\">\n\t\t\t\t\t<div class=\"e-con-inner\">\n\t\t\t\t<div class=\"elementor-element elementor-element-d94b2ce elementor-widget elementor-widget-heading\" data-id=\"d94b2ce\" data-element_type=\"widget\" data-e-type=\"widget\" data-widget_type=\"heading.default\">\n\t\t\t\t<div class=\"elementor-widget-container\">\n\t\t\t\t\t<h2 class=\"elementor-heading-title elementor-size-default\">Beneficios de una buena Calidad de Aire Interior en sector Salud<\/h2>\t\t\t\t<\/div>\n\t\t\t\t<\/div>\n\t\t<div class=\"has_ae_slider elementor-element elementor-element-ef6b8d8 e-con-full e-flex ae-bg-gallery-type-default e-con e-child\" data-id=\"ef6b8d8\" data-element_type=\"container\" data-e-type=\"container\">\n\t\t<div class=\"has_ae_slider elementor-element elementor-element-d11cbdc e-con-full e-flex ae-bg-gallery-type-default e-con e-child\" data-id=\"d11cbdc\" data-element_type=\"container\" data-e-type=\"container\">\n\t\t\t\t<div class=\"elementor-element elementor-element-7f19ce8 elementor-position-left elementor-vertical-align-middle elementor-widget elementor-widget-image-box\" data-id=\"7f19ce8\" data-element_type=\"widget\" data-e-type=\"widget\" data-widget_type=\"image-box.default\">\n\t\t\t\t<div class=\"elementor-widget-container\">\n\t\t\t\t\t<div class=\"elementor-image-box-wrapper\"><figure class=\"elementor-image-box-img\"><img fetchpriority=\"high\" decoding=\"async\" width=\"512\" height=\"512\" src=\"https:\/\/innotecgrupo.com\/industria-empresa\/wp-content\/uploads\/2024\/10\/calidad-aire-interior-sector-salud-hospitales-clinicas-aragon-la-rioja-8.png\" class=\"attachment-full size-full wp-image-22283\" alt=\"Calidad de Aire Interior en Sector Salud (Hospitales y Cl\u00ednicas) de Arag\u00f3n y La Rioja\" srcset=\"https:\/\/innotecgrupo.com\/industria-empresa\/wp-content\/uploads\/2024\/10\/calidad-aire-interior-sector-salud-hospitales-clinicas-aragon-la-rioja-8.png 512w, https:\/\/innotecgrupo.com\/industria-empresa\/wp-content\/uploads\/2024\/10\/calidad-aire-interior-sector-salud-hospitales-clinicas-aragon-la-rioja-8-300x300.png 300w, https:\/\/innotecgrupo.com\/industria-empresa\/wp-content\/uploads\/2024\/10\/calidad-aire-interior-sector-salud-hospitales-clinicas-aragon-la-rioja-8-150x150.png 150w, https:\/\/innotecgrupo.com\/industria-empresa\/wp-content\/uploads\/2024\/10\/calidad-aire-interior-sector-salud-hospitales-clinicas-aragon-la-rioja-8-80x80.png 80w, https:\/\/innotecgrupo.com\/industria-empresa\/wp-content\/uploads\/2024\/10\/calidad-aire-interior-sector-salud-hospitales-clinicas-aragon-la-rioja-8-360x360.png 360w, https:\/\/innotecgrupo.com\/industria-empresa\/wp-content\/uploads\/2024\/10\/calidad-aire-interior-sector-salud-hospitales-clinicas-aragon-la-rioja-8-24x24.png 24w, https:\/\/innotecgrupo.com\/industria-empresa\/wp-content\/uploads\/2024\/10\/calidad-aire-interior-sector-salud-hospitales-clinicas-aragon-la-rioja-8-48x48.png 48w, https:\/\/innotecgrupo.com\/industria-empresa\/wp-content\/uploads\/2024\/10\/calidad-aire-interior-sector-salud-hospitales-clinicas-aragon-la-rioja-8-96x96.png 96w\" sizes=\"(max-width: 512px) 100vw, 512px\" \/><\/figure><div class=\"elementor-image-box-content\"><h3 class=\"elementor-image-box-title\">Beneficios para los pacientes<\/h3><\/div><\/div>\t\t\t\t<\/div>\n\t\t\t\t<\/div>\n\t\t\t\t<div class=\"elementor-element elementor-element-1a93a49 elementor-widget__width-initial elementor-position-top elementor-widget elementor-widget-image-box\" data-id=\"1a93a49\" data-element_type=\"widget\" data-e-type=\"widget\" data-widget_type=\"image-box.default\">\n\t\t\t\t<div class=\"elementor-widget-container\">\n\t\t\t\t\t<div class=\"elementor-image-box-wrapper\"><figure class=\"elementor-image-box-img\"><img decoding=\"async\" width=\"512\" height=\"512\" src=\"https:\/\/innotecgrupo.com\/industria-empresa\/wp-content\/uploads\/2024\/10\/calidad-aire-interior-sector-salud-hospitales-clinicas-aragon-la-rioja-10.png\" class=\"attachment-full size-full wp-image-22285\" alt=\"Calidad de Aire Interior en Sector Salud (Hospitales y Cl\u00ednicas) de Arag\u00f3n y La Rioja\" srcset=\"https:\/\/innotecgrupo.com\/industria-empresa\/wp-content\/uploads\/2024\/10\/calidad-aire-interior-sector-salud-hospitales-clinicas-aragon-la-rioja-10.png 512w, https:\/\/innotecgrupo.com\/industria-empresa\/wp-content\/uploads\/2024\/10\/calidad-aire-interior-sector-salud-hospitales-clinicas-aragon-la-rioja-10-300x300.png 300w, https:\/\/innotecgrupo.com\/industria-empresa\/wp-content\/uploads\/2024\/10\/calidad-aire-interior-sector-salud-hospitales-clinicas-aragon-la-rioja-10-150x150.png 150w, https:\/\/innotecgrupo.com\/industria-empresa\/wp-content\/uploads\/2024\/10\/calidad-aire-interior-sector-salud-hospitales-clinicas-aragon-la-rioja-10-80x80.png 80w, https:\/\/innotecgrupo.com\/industria-empresa\/wp-content\/uploads\/2024\/10\/calidad-aire-interior-sector-salud-hospitales-clinicas-aragon-la-rioja-10-360x360.png 360w, https:\/\/innotecgrupo.com\/industria-empresa\/wp-content\/uploads\/2024\/10\/calidad-aire-interior-sector-salud-hospitales-clinicas-aragon-la-rioja-10-24x24.png 24w, https:\/\/innotecgrupo.com\/industria-empresa\/wp-content\/uploads\/2024\/10\/calidad-aire-interior-sector-salud-hospitales-clinicas-aragon-la-rioja-10-48x48.png 48w, https:\/\/innotecgrupo.com\/industria-empresa\/wp-content\/uploads\/2024\/10\/calidad-aire-interior-sector-salud-hospitales-clinicas-aragon-la-rioja-10-96x96.png 96w\" sizes=\"(max-width: 512px) 100vw, 512px\" \/><\/figure><div class=\"elementor-image-box-content\"><h4 class=\"elementor-image-box-title\">Salud para los pacientes<\/h4><p class=\"elementor-image-box-description\">Un aire de calidad reduce el riesgo de transmisi\u00f3n de enfermedades v\u00eda aerosoles. Especialmente importante en pacientes inmunodeprimidos.\n<br><br>\nAdem\u00e1s evita otros efectos como afecciones respiratorias, alergias u otros problemas que pueden retrasar la recuperaci\u00f3n de los mismos.<\/p><\/div><\/div>\t\t\t\t<\/div>\n\t\t\t\t<\/div>\n\t\t\t\t<\/div>\n\t\t<div class=\"has_ae_slider elementor-element elementor-element-74f8afb e-con-full e-flex ae-bg-gallery-type-default e-con e-child\" data-id=\"74f8afb\" data-element_type=\"container\" data-e-type=\"container\">\n\t\t\t\t<div class=\"elementor-element elementor-element-df74eda elementor-position-left elementor-vertical-align-middle elementor-widget elementor-widget-image-box\" data-id=\"df74eda\" data-element_type=\"widget\" data-e-type=\"widget\" data-widget_type=\"image-box.default\">\n\t\t\t\t<div class=\"elementor-widget-container\">\n\t\t\t\t\t<div class=\"elementor-image-box-wrapper\"><figure class=\"elementor-image-box-img\"><img decoding=\"async\" width=\"512\" height=\"512\" src=\"https:\/\/innotecgrupo.com\/industria-empresa\/wp-content\/uploads\/2024\/10\/calidad-aire-interior-sector-salud-hospitales-clinicas-aragon-la-rioja-9.png\" class=\"attachment-full size-full wp-image-22284\" alt=\"Calidad de Aire Interior en Sector Salud (Hospitales y Cl\u00ednicas) de Arag\u00f3n y La Rioja\" srcset=\"https:\/\/innotecgrupo.com\/industria-empresa\/wp-content\/uploads\/2024\/10\/calidad-aire-interior-sector-salud-hospitales-clinicas-aragon-la-rioja-9.png 512w, https:\/\/innotecgrupo.com\/industria-empresa\/wp-content\/uploads\/2024\/10\/calidad-aire-interior-sector-salud-hospitales-clinicas-aragon-la-rioja-9-300x300.png 300w, https:\/\/innotecgrupo.com\/industria-empresa\/wp-content\/uploads\/2024\/10\/calidad-aire-interior-sector-salud-hospitales-clinicas-aragon-la-rioja-9-150x150.png 150w, https:\/\/innotecgrupo.com\/industria-empresa\/wp-content\/uploads\/2024\/10\/calidad-aire-interior-sector-salud-hospitales-clinicas-aragon-la-rioja-9-80x80.png 80w, https:\/\/innotecgrupo.com\/industria-empresa\/wp-content\/uploads\/2024\/10\/calidad-aire-interior-sector-salud-hospitales-clinicas-aragon-la-rioja-9-360x360.png 360w, https:\/\/innotecgrupo.com\/industria-empresa\/wp-content\/uploads\/2024\/10\/calidad-aire-interior-sector-salud-hospitales-clinicas-aragon-la-rioja-9-24x24.png 24w, https:\/\/innotecgrupo.com\/industria-empresa\/wp-content\/uploads\/2024\/10\/calidad-aire-interior-sector-salud-hospitales-clinicas-aragon-la-rioja-9-48x48.png 48w, https:\/\/innotecgrupo.com\/industria-empresa\/wp-content\/uploads\/2024\/10\/calidad-aire-interior-sector-salud-hospitales-clinicas-aragon-la-rioja-9-96x96.png 96w\" sizes=\"(max-width: 512px) 100vw, 512px\" \/><\/figure><div class=\"elementor-image-box-content\"><h3 class=\"elementor-image-box-title\">Beneficios para el centro<\/h3><\/div><\/div>\t\t\t\t<\/div>\n\t\t\t\t<\/div>\n\t\t\t\t<div class=\"elementor-element elementor-element-f2ad839 elementor-position-top elementor-widget elementor-widget-image-box\" data-id=\"f2ad839\" data-element_type=\"widget\" data-e-type=\"widget\" data-widget_type=\"image-box.default\">\n\t\t\t\t<div class=\"elementor-widget-container\">\n\t\t\t\t\t<div class=\"elementor-image-box-wrapper\"><figure class=\"elementor-image-box-img\"><img loading=\"lazy\" decoding=\"async\" width=\"512\" height=\"512\" src=\"https:\/\/innotecgrupo.com\/industria-empresa\/wp-content\/uploads\/2024\/10\/calidad-aire-interior-sector-salud-hospitales-clinicas-aragon-la-rioja-11.png\" class=\"attachment-full size-full wp-image-22286\" alt=\"Calidad de Aire Interior en Sector Salud (Hospitales y Cl\u00ednicas) de Arag\u00f3n y La Rioja\" srcset=\"https:\/\/innotecgrupo.com\/industria-empresa\/wp-content\/uploads\/2024\/10\/calidad-aire-interior-sector-salud-hospitales-clinicas-aragon-la-rioja-11.png 512w, https:\/\/innotecgrupo.com\/industria-empresa\/wp-content\/uploads\/2024\/10\/calidad-aire-interior-sector-salud-hospitales-clinicas-aragon-la-rioja-11-300x300.png 300w, https:\/\/innotecgrupo.com\/industria-empresa\/wp-content\/uploads\/2024\/10\/calidad-aire-interior-sector-salud-hospitales-clinicas-aragon-la-rioja-11-150x150.png 150w, https:\/\/innotecgrupo.com\/industria-empresa\/wp-content\/uploads\/2024\/10\/calidad-aire-interior-sector-salud-hospitales-clinicas-aragon-la-rioja-11-80x80.png 80w, https:\/\/innotecgrupo.com\/industria-empresa\/wp-content\/uploads\/2024\/10\/calidad-aire-interior-sector-salud-hospitales-clinicas-aragon-la-rioja-11-360x360.png 360w, https:\/\/innotecgrupo.com\/industria-empresa\/wp-content\/uploads\/2024\/10\/calidad-aire-interior-sector-salud-hospitales-clinicas-aragon-la-rioja-11-24x24.png 24w, https:\/\/innotecgrupo.com\/industria-empresa\/wp-content\/uploads\/2024\/10\/calidad-aire-interior-sector-salud-hospitales-clinicas-aragon-la-rioja-11-48x48.png 48w, https:\/\/innotecgrupo.com\/industria-empresa\/wp-content\/uploads\/2024\/10\/calidad-aire-interior-sector-salud-hospitales-clinicas-aragon-la-rioja-11-96x96.png 96w\" sizes=\"(max-width: 512px) 100vw, 512px\" \/><\/figure><div class=\"elementor-image-box-content\"><h4 class=\"elementor-image-box-title\">Mejora de imagen y reputaci\u00f3n<\/h4><p class=\"elementor-image-box-description\">Una calidad de aire cuidada afecta positivamente  a la percepci\u00f3n de los pacientes y familiares, lo que sin duda aumentar\u00e1 su reputaci\u00f3n e imagen de marca.<\/p><\/div><\/div>\t\t\t\t<\/div>\n\t\t\t\t<\/div>\n\t\t\t\t<\/div>\n\t\t\t\t<\/div>\n\t\t\t\t\t<\/div>\n\t\t\t\t<\/div>\n\t\t<div class=\"has_ae_slider elementor-element elementor-element-6afb6c8 e-flex e-con-boxed ae-bg-gallery-type-default e-con e-parent\" data-id=\"6afb6c8\" data-element_type=\"container\" data-e-type=\"container\">\n\t\t\t\t\t<div class=\"e-con-inner\">\n\t\t\t\t<div class=\"elementor-element elementor-element-43aaa3c elementor-position-left elementor-vertical-align-middle elementor-widget elementor-widget-image-box\" data-id=\"43aaa3c\" data-element_type=\"widget\" data-e-type=\"widget\" data-widget_type=\"image-box.default\">\n\t\t\t\t<div class=\"elementor-widget-container\">\n\t\t\t\t\t<div class=\"elementor-image-box-wrapper\"><figure class=\"elementor-image-box-img\"><img loading=\"lazy\" decoding=\"async\" width=\"512\" height=\"512\" src=\"https:\/\/innotecgrupo.com\/industria-empresa\/wp-content\/uploads\/2024\/10\/calidad-aire-interior-sector-salud-hospitales-clinicas-aragon-la-rioja-12.png\" class=\"attachment-full size-full wp-image-22287\" alt=\"Calidad de Aire Interior en Sector Salud (Hospitales y Cl\u00ednicas) de Arag\u00f3n y La Rioja\" srcset=\"https:\/\/innotecgrupo.com\/industria-empresa\/wp-content\/uploads\/2024\/10\/calidad-aire-interior-sector-salud-hospitales-clinicas-aragon-la-rioja-12.png 512w, https:\/\/innotecgrupo.com\/industria-empresa\/wp-content\/uploads\/2024\/10\/calidad-aire-interior-sector-salud-hospitales-clinicas-aragon-la-rioja-12-300x300.png 300w, https:\/\/innotecgrupo.com\/industria-empresa\/wp-content\/uploads\/2024\/10\/calidad-aire-interior-sector-salud-hospitales-clinicas-aragon-la-rioja-12-150x150.png 150w, https:\/\/innotecgrupo.com\/industria-empresa\/wp-content\/uploads\/2024\/10\/calidad-aire-interior-sector-salud-hospitales-clinicas-aragon-la-rioja-12-80x80.png 80w, https:\/\/innotecgrupo.com\/industria-empresa\/wp-content\/uploads\/2024\/10\/calidad-aire-interior-sector-salud-hospitales-clinicas-aragon-la-rioja-12-360x360.png 360w, https:\/\/innotecgrupo.com\/industria-empresa\/wp-content\/uploads\/2024\/10\/calidad-aire-interior-sector-salud-hospitales-clinicas-aragon-la-rioja-12-24x24.png 24w, https:\/\/innotecgrupo.com\/industria-empresa\/wp-content\/uploads\/2024\/10\/calidad-aire-interior-sector-salud-hospitales-clinicas-aragon-la-rioja-12-48x48.png 48w, https:\/\/innotecgrupo.com\/industria-empresa\/wp-content\/uploads\/2024\/10\/calidad-aire-interior-sector-salud-hospitales-clinicas-aragon-la-rioja-12-96x96.png 96w\" sizes=\"(max-width: 512px) 100vw, 512px\" \/><\/figure><div class=\"elementor-image-box-content\"><h3 class=\"elementor-image-box-title\">Beneficios para personal auxiliar y sanitario<\/h3><\/div><\/div>\t\t\t\t<\/div>\n\t\t\t\t<\/div>\n\t\t<div class=\"has_ae_slider elementor-element elementor-element-85a8c01 e-con-full e-flex ae-bg-gallery-type-default e-con e-child\" data-id=\"85a8c01\" data-element_type=\"container\" data-e-type=\"container\">\n\t\t\t\t<div class=\"elementor-element elementor-element-811d6ed elementor-position-top elementor-widget elementor-widget-image-box\" data-id=\"811d6ed\" data-element_type=\"widget\" data-e-type=\"widget\" data-widget_type=\"image-box.default\">\n\t\t\t\t<div class=\"elementor-widget-container\">\n\t\t\t\t\t<div class=\"elementor-image-box-wrapper\"><figure class=\"elementor-image-box-img\"><img loading=\"lazy\" decoding=\"async\" width=\"512\" height=\"512\" src=\"https:\/\/innotecgrupo.com\/industria-empresa\/wp-content\/uploads\/2024\/10\/calidad-aire-interior-sector-salud-hospitales-clinicas-aragon-la-rioja-13.png\" class=\"attachment-full size-full wp-image-22288\" alt=\"Calidad de Aire Interior en Sector Salud (Hospitales y Cl\u00ednicas) de Arag\u00f3n y La Rioja\" srcset=\"https:\/\/innotecgrupo.com\/industria-empresa\/wp-content\/uploads\/2024\/10\/calidad-aire-interior-sector-salud-hospitales-clinicas-aragon-la-rioja-13.png 512w, https:\/\/innotecgrupo.com\/industria-empresa\/wp-content\/uploads\/2024\/10\/calidad-aire-interior-sector-salud-hospitales-clinicas-aragon-la-rioja-13-300x300.png 300w, https:\/\/innotecgrupo.com\/industria-empresa\/wp-content\/uploads\/2024\/10\/calidad-aire-interior-sector-salud-hospitales-clinicas-aragon-la-rioja-13-150x150.png 150w, https:\/\/innotecgrupo.com\/industria-empresa\/wp-content\/uploads\/2024\/10\/calidad-aire-interior-sector-salud-hospitales-clinicas-aragon-la-rioja-13-80x80.png 80w, https:\/\/innotecgrupo.com\/industria-empresa\/wp-content\/uploads\/2024\/10\/calidad-aire-interior-sector-salud-hospitales-clinicas-aragon-la-rioja-13-360x360.png 360w, https:\/\/innotecgrupo.com\/industria-empresa\/wp-content\/uploads\/2024\/10\/calidad-aire-interior-sector-salud-hospitales-clinicas-aragon-la-rioja-13-24x24.png 24w, https:\/\/innotecgrupo.com\/industria-empresa\/wp-content\/uploads\/2024\/10\/calidad-aire-interior-sector-salud-hospitales-clinicas-aragon-la-rioja-13-48x48.png 48w, https:\/\/innotecgrupo.com\/industria-empresa\/wp-content\/uploads\/2024\/10\/calidad-aire-interior-sector-salud-hospitales-clinicas-aragon-la-rioja-13-96x96.png 96w\" sizes=\"(max-width: 512px) 100vw, 512px\" \/><\/figure><div class=\"elementor-image-box-content\"><h4 class=\"elementor-image-box-title\">Mayor productividad y satisfacci\u00f3n laboral<\/h4><p class=\"elementor-image-box-description\">Respirar un aire limpio y trabajar en un entorno saludable se traduce en una mayor concentraci\u00f3n, un mejor desempe\u00f1o y una mayor satisfacci\u00f3n del personal que desarrolla tareas en el centro.\n<\/p><\/div><\/div>\t\t\t\t<\/div>\n\t\t\t\t<\/div>\n\t\t\t\t<div class=\"elementor-element elementor-element-f3a3d68 elementor-position-top elementor-widget elementor-widget-image-box\" data-id=\"f3a3d68\" data-element_type=\"widget\" data-e-type=\"widget\" data-widget_type=\"image-box.default\">\n\t\t\t\t<div class=\"elementor-widget-container\">\n\t\t\t\t\t<div class=\"elementor-image-box-wrapper\"><figure class=\"elementor-image-box-img\"><img loading=\"lazy\" decoding=\"async\" width=\"512\" height=\"512\" src=\"https:\/\/innotecgrupo.com\/industria-empresa\/wp-content\/uploads\/2024\/10\/calidad-aire-interior-sector-salud-hospitales-clinicas-aragon-la-rioja-14.png\" class=\"attachment-full size-full wp-image-22289\" alt=\"Calidad de Aire Interior en Sector Salud (Hospitales y Cl\u00ednicas) de Arag\u00f3n y La Rioja\" srcset=\"https:\/\/innotecgrupo.com\/industria-empresa\/wp-content\/uploads\/2024\/10\/calidad-aire-interior-sector-salud-hospitales-clinicas-aragon-la-rioja-14.png 512w, https:\/\/innotecgrupo.com\/industria-empresa\/wp-content\/uploads\/2024\/10\/calidad-aire-interior-sector-salud-hospitales-clinicas-aragon-la-rioja-14-300x300.png 300w, https:\/\/innotecgrupo.com\/industria-empresa\/wp-content\/uploads\/2024\/10\/calidad-aire-interior-sector-salud-hospitales-clinicas-aragon-la-rioja-14-150x150.png 150w, https:\/\/innotecgrupo.com\/industria-empresa\/wp-content\/uploads\/2024\/10\/calidad-aire-interior-sector-salud-hospitales-clinicas-aragon-la-rioja-14-80x80.png 80w, https:\/\/innotecgrupo.com\/industria-empresa\/wp-content\/uploads\/2024\/10\/calidad-aire-interior-sector-salud-hospitales-clinicas-aragon-la-rioja-14-360x360.png 360w, https:\/\/innotecgrupo.com\/industria-empresa\/wp-content\/uploads\/2024\/10\/calidad-aire-interior-sector-salud-hospitales-clinicas-aragon-la-rioja-14-24x24.png 24w, https:\/\/innotecgrupo.com\/industria-empresa\/wp-content\/uploads\/2024\/10\/calidad-aire-interior-sector-salud-hospitales-clinicas-aragon-la-rioja-14-48x48.png 48w, https:\/\/innotecgrupo.com\/industria-empresa\/wp-content\/uploads\/2024\/10\/calidad-aire-interior-sector-salud-hospitales-clinicas-aragon-la-rioja-14-96x96.png 96w\" sizes=\"(max-width: 512px) 100vw, 512px\" \/><\/figure><div class=\"elementor-image-box-content\"><h4 class=\"elementor-image-box-title\">Reducci\u00f3n del absentismo laboral<\/h4><p class=\"elementor-image-box-description\">Un aire purificado mediante sistemas de filtraci\u00f3n y desinfecci\u00f3n permite evitar los contagios por aerosoles, o al menos reducirlos dr\u00e1sticamente, lo que a su vez se traduce en una reducci\u00f3n del absentismo laboral.<\/p><\/div><\/div>\t\t\t\t<\/div>\n\t\t\t\t<\/div>\n\t\t\t\t<\/div>\n\t\t\t\t\t<\/div>\n\t\t\t\t<\/div>\n\t\t<div class=\"has_ae_slider elementor-element elementor-element-d4080af e-flex e-con-boxed ae-bg-gallery-type-default e-con e-parent\" data-id=\"d4080af\" data-element_type=\"container\" data-e-type=\"container\">\n\t\t\t\t\t<div class=\"e-con-inner\">\n\t\t\t\t<div class=\"elementor-element elementor-element-ceac874 elementor-widget elementor-widget-heading\" data-id=\"ceac874\" data-element_type=\"widget\" data-e-type=\"widget\" data-widget_type=\"heading.default\">\n\t\t\t\t<div class=\"elementor-widget-container\">\n\t\t\t\t\t<h2 class=\"elementor-heading-title elementor-size-default\">La importancia del mantenimiento de los sistemas de climatizaci\u00f3n<\/h2>\t\t\t\t<\/div>\n\t\t\t\t<\/div>\n\t\t\t\t<div class=\"elementor-element elementor-element-e330472 elementor-position-left elementor-vertical-align-middle elementor-widget elementor-widget-image-box\" data-id=\"e330472\" data-element_type=\"widget\" data-e-type=\"widget\" data-widget_type=\"image-box.default\">\n\t\t\t\t<div class=\"elementor-widget-container\">\n\t\t\t\t\t<div class=\"elementor-image-box-wrapper\"><figure class=\"elementor-image-box-img\"><img loading=\"lazy\" decoding=\"async\" width=\"300\" height=\"300\" src=\"https:\/\/innotecgrupo.com\/industria-empresa\/wp-content\/uploads\/2024\/10\/calidad-aire-interior-sector-salud-hospitales-clinicas-aragon-la-rioja-15.png\" class=\"attachment-full size-full wp-image-22282\" alt=\"Calidad de Aire Interior en Sector Salud (Hospitales y Cl\u00ednicas) de Arag\u00f3n y La Rioja\" srcset=\"https:\/\/innotecgrupo.com\/industria-empresa\/wp-content\/uploads\/2024\/10\/calidad-aire-interior-sector-salud-hospitales-clinicas-aragon-la-rioja-15.png 300w, https:\/\/innotecgrupo.com\/industria-empresa\/wp-content\/uploads\/2024\/10\/calidad-aire-interior-sector-salud-hospitales-clinicas-aragon-la-rioja-15-150x150.png 150w, https:\/\/innotecgrupo.com\/industria-empresa\/wp-content\/uploads\/2024\/10\/calidad-aire-interior-sector-salud-hospitales-clinicas-aragon-la-rioja-15-80x80.png 80w, https:\/\/innotecgrupo.com\/industria-empresa\/wp-content\/uploads\/2024\/10\/calidad-aire-interior-sector-salud-hospitales-clinicas-aragon-la-rioja-15-24x24.png 24w, https:\/\/innotecgrupo.com\/industria-empresa\/wp-content\/uploads\/2024\/10\/calidad-aire-interior-sector-salud-hospitales-clinicas-aragon-la-rioja-15-48x48.png 48w, https:\/\/innotecgrupo.com\/industria-empresa\/wp-content\/uploads\/2024\/10\/calidad-aire-interior-sector-salud-hospitales-clinicas-aragon-la-rioja-15-96x96.png 96w\" sizes=\"(max-width: 300px) 100vw, 300px\" \/><\/figure><div class=\"elementor-image-box-content\"><h3 class=\"elementor-image-box-title\">Obligaciones de mantenimiento para sector sanitario<\/h3><p class=\"elementor-image-box-description\">En nuestra actividad diaria comprobamos con demasiada frecuencia que no se cumplen los\nrequisitos legales para realizar el mantenimiento indicados en el RD 1027\/2007 (Reglamento de Instalaciones T\u00e9rmicas):\n<br><br>\nLa Instrucci\u00f3n T\u00e9cnica IT 3.3 especifica que los sistemas de climatizaci\u00f3n en edificios no residenciales est\u00e1n sujetos a estas exigencias de mantenimiento:\n<br>\n- Para potencias inferiores a 12 kW deber\u00e1 ser como m\u00ednimo cada dos a\u00f1os.\n- Para m\u00e1s de 12 kW hasta 70 kW tienen la obligaci\u00f3n de realizar como m\u00ednimo un mantenimiento anual.\u201d Nuestra recomendaci\u00f3n es hacer 2 mantenimientos previos a \u00e9pocas estival e invernal.\n<br>\n- Para instalaciones que suman una potencia superior a 70 kW el titular del edificio tiene la obligatoriedad de:\n<br>\n      * Contratar su mantenimiento con una empresa habilitada.\n<br>\n      * La frecuencia del mantenimiento debe ser mensual.\n<br><br>\n\nAdicionalmente, el Art\u00edculo 25 del mismo Real Decreto indica que el titular de la instalaci\u00f3n ser\u00e1 responsable de que el mantenimiento de la instalaci\u00f3n t\u00e9rmica sea realizado por parte de una empresa habilitada.\n<br><br>\n<b>Las necesidades de mantenimiento en un centro del sector Salud<\/b> van a variar en funci\u00f3n de la potencia instalada. No es lo mismo una cl\u00ednica o centro hospitalario, donde se deber\u00e1 hacer una revisi\u00f3n mensual al sobrepasar los 70 kW de potencia instalada que una cl\u00ednica veterinaria o peque\u00f1o centro donde recomendamos hacer <b>4 revisiones al a\u00f1o (una trimestral)<\/b>, dado que las caracter\u00edsticas de sus pacientes, en muchos casos inmunodeprimidos, exigen que los filtros est\u00e9n en perfecto estado, disfrutando de un aire libre \u00e1caros y microorganismos. En estos sitios recomendamos la instalaci\u00f3n de alg\u00fan sistema de desinfecci\u00f3n del aire, como luz ultravioleta o filtros electrost\u00e1ticos que eliminan la carga microbiana.<br><\/p><\/div><\/div>\t\t\t\t<\/div>\n\t\t\t\t<\/div>\n\t\t\t\t\t<\/div>\n\t\t\t\t<\/div>\n\t\t\t\t<\/div>\n\t\t","protected":false},"excerpt":{"rendered":"<p>En Grupo Innotec, como expertos en Calidad de Aire Interior en Sector Salud, queremos revelarte los secretos para lograr una Calidad de Aire Interior \u00f3ptima y saludable.<\/p>\n","protected":false},"author":9,"featured_media":18233,"comment_status":"closed","ping_status":"open","sticky":false,"template":"","format":"standard","meta":{"_acf_changed":false,"footnotes":""},"categories":[106],"tags":[],"class_list":["post-23311","post","type-post","status-publish","format-standard","has-post-thumbnail","hentry","category-calidad-aire-interior"],"acf":[],"yoast_head":"<!-- This site is optimized with the Yoast SEO plugin v27.3 - https:\/\/yoast.com\/product\/yoast-seo-wordpress\/ -->\n<title>Calidad de aire interior en sector salud. | Innotec<\/title>\n<meta name=\"description\" content=\"En el actual panorama industrial, los sistemas de captaci\u00f3n localizada se han convertido en un elemento fundamental para garantizar tanto la seguridad laboral como la eficiencia operativa de las plantas industriales. Estos sistemas no son simplemente una opci\u00f3n, sino una necesidad cr\u00edtica que responde a m\u00faltiples desaf\u00edos y exigencias del entorno productivo moderno.\" \/>\n<meta name=\"robots\" content=\"index, follow, max-snippet:-1, max-image-preview:large, max-video-preview:-1\" \/>\n<link rel=\"canonical\" href=\"https:\/\/innotecgrupo.com\/industria-empresa\/blog\/calidad-aire-interior-sector-salud-hospitales-clinicas-aragon-la-rioja\/\" \/>\n<meta property=\"og:locale\" content=\"es_ES\" \/>\n<meta property=\"og:type\" content=\"article\" \/>\n<meta property=\"og:title\" content=\"Calidad de aire interior en sector salud. | Innotec\" \/>\n<meta property=\"og:description\" content=\"En el actual panorama industrial, los sistemas de captaci\u00f3n localizada se han convertido en un elemento fundamental para garantizar tanto la seguridad laboral como la eficiencia operativa de las plantas industriales. Estos sistemas no son simplemente una opci\u00f3n, sino una necesidad cr\u00edtica que responde a m\u00faltiples desaf\u00edos y exigencias del entorno productivo moderno.\" \/>\n<meta property=\"og:url\" content=\"https:\/\/innotecgrupo.com\/industria-empresa\/blog\/calidad-aire-interior-sector-salud-hospitales-clinicas-aragon-la-rioja\/\" \/>\n<meta property=\"og:site_name\" content=\"Innotec\" \/>\n<meta property=\"article:published_time\" content=\"2025-03-21T12:24:26+00:00\" \/>\n<meta property=\"article:modified_time\" content=\"2025-10-28T14:50:33+00:00\" \/>\n<meta property=\"og:image\" content=\"https:\/\/innotecgrupo.com\/industria-empresa\/wp-content\/uploads\/2024\/05\/calidad-aire-interior-sector-salud.png\" \/>\n\t<meta property=\"og:image:width\" content=\"1620\" \/>\n\t<meta property=\"og:image:height\" content=\"1080\" \/>\n\t<meta property=\"og:image:type\" content=\"image\/png\" \/>\n<meta name=\"author\" content=\"Manuel Bernal (Socio Fundador)\" \/>\n<meta name=\"twitter:card\" content=\"summary_large_image\" \/>\n<meta name=\"twitter:label1\" content=\"Escrito por\" \/>\n\t<meta name=\"twitter:data1\" content=\"Manuel Bernal (Socio Fundador)\" \/>\n\t<meta name=\"twitter:label2\" content=\"Tiempo de lectura\" \/>\n\t<meta name=\"twitter:data2\" content=\"9 minutos\" \/>\n<script type=\"application\/ld+json\" class=\"yoast-schema-graph\">{\"@context\":\"https:\\\/\\\/schema.org\",\"@graph\":[{\"@type\":\"Article\",\"@id\":\"https:\\\/\\\/innotecgrupo.com\\\/industria-empresa\\\/blog\\\/calidad-aire-interior-sector-salud-hospitales-clinicas-aragon-la-rioja\\\/#article\",\"isPartOf\":{\"@id\":\"https:\\\/\\\/innotecgrupo.com\\\/industria-empresa\\\/blog\\\/calidad-aire-interior-sector-salud-hospitales-clinicas-aragon-la-rioja\\\/\"},\"author\":{\"name\":\"Manuel Bernal (Socio Fundador)\",\"@id\":\"https:\\\/\\\/innotecgrupo.com\\\/industria-empresa\\\/#\\\/schema\\\/person\\\/cd83faa3aecd59ea2de1fcb467a88501\"},\"headline\":\"Calidad de aire interior en sector salud.\",\"datePublished\":\"2025-03-21T12:24:26+00:00\",\"dateModified\":\"2025-10-28T14:50:33+00:00\",\"mainEntityOfPage\":{\"@id\":\"https:\\\/\\\/innotecgrupo.com\\\/industria-empresa\\\/blog\\\/calidad-aire-interior-sector-salud-hospitales-clinicas-aragon-la-rioja\\\/\"},\"wordCount\":983,\"publisher\":{\"@id\":\"https:\\\/\\\/innotecgrupo.com\\\/industria-empresa\\\/#organization\"},\"image\":{\"@id\":\"https:\\\/\\\/innotecgrupo.com\\\/industria-empresa\\\/blog\\\/calidad-aire-interior-sector-salud-hospitales-clinicas-aragon-la-rioja\\\/#primaryimage\"},\"thumbnailUrl\":\"https:\\\/\\\/innotecgrupo.com\\\/industria-empresa\\\/wp-content\\\/uploads\\\/2024\\\/05\\\/calidad-aire-interior-sector-salud.png\",\"articleSection\":[\"Calidad Aire Interior\"],\"inLanguage\":\"es\"},{\"@type\":\"WebPage\",\"@id\":\"https:\\\/\\\/innotecgrupo.com\\\/industria-empresa\\\/blog\\\/calidad-aire-interior-sector-salud-hospitales-clinicas-aragon-la-rioja\\\/\",\"url\":\"https:\\\/\\\/innotecgrupo.com\\\/industria-empresa\\\/blog\\\/calidad-aire-interior-sector-salud-hospitales-clinicas-aragon-la-rioja\\\/\",\"name\":\"Calidad de aire interior en sector salud. | Innotec\",\"isPartOf\":{\"@id\":\"https:\\\/\\\/innotecgrupo.com\\\/industria-empresa\\\/#website\"},\"primaryImageOfPage\":{\"@id\":\"https:\\\/\\\/innotecgrupo.com\\\/industria-empresa\\\/blog\\\/calidad-aire-interior-sector-salud-hospitales-clinicas-aragon-la-rioja\\\/#primaryimage\"},\"image\":{\"@id\":\"https:\\\/\\\/innotecgrupo.com\\\/industria-empresa\\\/blog\\\/calidad-aire-interior-sector-salud-hospitales-clinicas-aragon-la-rioja\\\/#primaryimage\"},\"thumbnailUrl\":\"https:\\\/\\\/innotecgrupo.com\\\/industria-empresa\\\/wp-content\\\/uploads\\\/2024\\\/05\\\/calidad-aire-interior-sector-salud.png\",\"datePublished\":\"2025-03-21T12:24:26+00:00\",\"dateModified\":\"2025-10-28T14:50:33+00:00\",\"description\":\"En el actual panorama industrial, los sistemas de captaci\u00f3n localizada se han convertido en un elemento fundamental para garantizar tanto la seguridad laboral como la eficiencia operativa de las plantas industriales. Estos sistemas no son simplemente una opci\u00f3n, sino una necesidad cr\u00edtica que responde a m\u00faltiples desaf\u00edos y exigencias del entorno productivo moderno.\",\"breadcrumb\":{\"@id\":\"https:\\\/\\\/innotecgrupo.com\\\/industria-empresa\\\/blog\\\/calidad-aire-interior-sector-salud-hospitales-clinicas-aragon-la-rioja\\\/#breadcrumb\"},\"inLanguage\":\"es\",\"potentialAction\":[{\"@type\":\"ReadAction\",\"target\":[\"https:\\\/\\\/innotecgrupo.com\\\/industria-empresa\\\/blog\\\/calidad-aire-interior-sector-salud-hospitales-clinicas-aragon-la-rioja\\\/\"]}]},{\"@type\":\"ImageObject\",\"inLanguage\":\"es\",\"@id\":\"https:\\\/\\\/innotecgrupo.com\\\/industria-empresa\\\/blog\\\/calidad-aire-interior-sector-salud-hospitales-clinicas-aragon-la-rioja\\\/#primaryimage\",\"url\":\"https:\\\/\\\/innotecgrupo.com\\\/industria-empresa\\\/wp-content\\\/uploads\\\/2024\\\/05\\\/calidad-aire-interior-sector-salud.png\",\"contentUrl\":\"https:\\\/\\\/innotecgrupo.com\\\/industria-empresa\\\/wp-content\\\/uploads\\\/2024\\\/05\\\/calidad-aire-interior-sector-salud.png\",\"width\":1620,\"height\":1080},{\"@type\":\"BreadcrumbList\",\"@id\":\"https:\\\/\\\/innotecgrupo.com\\\/industria-empresa\\\/blog\\\/calidad-aire-interior-sector-salud-hospitales-clinicas-aragon-la-rioja\\\/#breadcrumb\",\"itemListElement\":[{\"@type\":\"ListItem\",\"position\":1,\"name\":\"Portada\",\"item\":\"https:\\\/\\\/innotecgrupo.com\\\/industria-empresa\\\/\"},{\"@type\":\"ListItem\",\"position\":2,\"name\":\"Calidad de aire interior en sector salud.\"}]},{\"@type\":\"WebSite\",\"@id\":\"https:\\\/\\\/innotecgrupo.com\\\/industria-empresa\\\/#website\",\"url\":\"https:\\\/\\\/innotecgrupo.com\\\/industria-empresa\\\/\",\"name\":\"Innotec Grupo\",\"description\":\"CLIMATIZACI\u00d3N ENFOCADA AL BIENESTAR INTEGRAL\",\"publisher\":{\"@id\":\"https:\\\/\\\/innotecgrupo.com\\\/industria-empresa\\\/#organization\"},\"potentialAction\":[{\"@type\":\"SearchAction\",\"target\":{\"@type\":\"EntryPoint\",\"urlTemplate\":\"https:\\\/\\\/innotecgrupo.com\\\/industria-empresa\\\/?s={search_term_string}\"},\"query-input\":{\"@type\":\"PropertyValueSpecification\",\"valueRequired\":true,\"valueName\":\"search_term_string\"}}],\"inLanguage\":\"es\"},{\"@type\":\"Organization\",\"@id\":\"https:\\\/\\\/innotecgrupo.com\\\/industria-empresa\\\/#organization\",\"name\":\"Innotec\",\"url\":\"https:\\\/\\\/innotecgrupo.com\\\/industria-empresa\\\/\",\"logo\":{\"@type\":\"ImageObject\",\"inLanguage\":\"es\",\"@id\":\"https:\\\/\\\/innotecgrupo.com\\\/industria-empresa\\\/#\\\/schema\\\/logo\\\/image\\\/\",\"url\":\"https:\\\/\\\/innotecgrupo.com\\\/industria-empresa\\\/wp-content\\\/uploads\\\/2022\\\/01\\\/logo-innotec.png\",\"contentUrl\":\"https:\\\/\\\/innotecgrupo.com\\\/industria-empresa\\\/wp-content\\\/uploads\\\/2022\\\/01\\\/logo-innotec.png\",\"width\":166,\"height\":31,\"caption\":\"Innotec\"},\"image\":{\"@id\":\"https:\\\/\\\/innotecgrupo.com\\\/industria-empresa\\\/#\\\/schema\\\/logo\\\/image\\\/\"}},{\"@type\":\"Person\",\"@id\":\"https:\\\/\\\/innotecgrupo.com\\\/industria-empresa\\\/#\\\/schema\\\/person\\\/cd83faa3aecd59ea2de1fcb467a88501\",\"name\":\"Manuel Bernal (Socio Fundador)\",\"description\":\"Ingeniero Industrial MBA en CESTE\",\"sameAs\":[\"https:\\\/\\\/www.linkedin.com\\\/in\\\/manuel-bernal-innotec\\\/\"],\"url\":\"https:\\\/\\\/innotecgrupo.com\\\/industria-empresa\\\/blog\\\/author\\\/manuel-bernal\\\/\"}]}<\/script>\n<!-- \/ Yoast SEO plugin. -->","yoast_head_json":{"title":"Calidad de aire interior en sector salud. | Innotec","description":"En el actual panorama industrial, los sistemas de captaci\u00f3n localizada se han convertido en un elemento fundamental para garantizar tanto la seguridad laboral como la eficiencia operativa de las plantas industriales. Estos sistemas no son simplemente una opci\u00f3n, sino una necesidad cr\u00edtica que responde a m\u00faltiples desaf\u00edos y exigencias del entorno productivo moderno.","robots":{"index":"index","follow":"follow","max-snippet":"max-snippet:-1","max-image-preview":"max-image-preview:large","max-video-preview":"max-video-preview:-1"},"canonical":"https:\/\/innotecgrupo.com\/industria-empresa\/blog\/calidad-aire-interior-sector-salud-hospitales-clinicas-aragon-la-rioja\/","og_locale":"es_ES","og_type":"article","og_title":"Calidad de aire interior en sector salud. | Innotec","og_description":"En el actual panorama industrial, los sistemas de captaci\u00f3n localizada se han convertido en un elemento fundamental para garantizar tanto la seguridad laboral como la eficiencia operativa de las plantas industriales. Estos sistemas no son simplemente una opci\u00f3n, sino una necesidad cr\u00edtica que responde a m\u00faltiples desaf\u00edos y exigencias del entorno productivo moderno.","og_url":"https:\/\/innotecgrupo.com\/industria-empresa\/blog\/calidad-aire-interior-sector-salud-hospitales-clinicas-aragon-la-rioja\/","og_site_name":"Innotec","article_published_time":"2025-03-21T12:24:26+00:00","article_modified_time":"2025-10-28T14:50:33+00:00","og_image":[{"width":1620,"height":1080,"url":"https:\/\/innotecgrupo.com\/industria-empresa\/wp-content\/uploads\/2024\/05\/calidad-aire-interior-sector-salud.png","type":"image\/png"}],"author":"Manuel Bernal (Socio Fundador)","twitter_card":"summary_large_image","twitter_misc":{"Escrito por":"Manuel Bernal (Socio Fundador)","Tiempo de lectura":"9 minutos"},"schema":{"@context":"https:\/\/schema.org","@graph":[{"@type":"Article","@id":"https:\/\/innotecgrupo.com\/industria-empresa\/blog\/calidad-aire-interior-sector-salud-hospitales-clinicas-aragon-la-rioja\/#article","isPartOf":{"@id":"https:\/\/innotecgrupo.com\/industria-empresa\/blog\/calidad-aire-interior-sector-salud-hospitales-clinicas-aragon-la-rioja\/"},"author":{"name":"Manuel Bernal (Socio Fundador)","@id":"https:\/\/innotecgrupo.com\/industria-empresa\/#\/schema\/person\/cd83faa3aecd59ea2de1fcb467a88501"},"headline":"Calidad de aire interior en sector salud.","datePublished":"2025-03-21T12:24:26+00:00","dateModified":"2025-10-28T14:50:33+00:00","mainEntityOfPage":{"@id":"https:\/\/innotecgrupo.com\/industria-empresa\/blog\/calidad-aire-interior-sector-salud-hospitales-clinicas-aragon-la-rioja\/"},"wordCount":983,"publisher":{"@id":"https:\/\/innotecgrupo.com\/industria-empresa\/#organization"},"image":{"@id":"https:\/\/innotecgrupo.com\/industria-empresa\/blog\/calidad-aire-interior-sector-salud-hospitales-clinicas-aragon-la-rioja\/#primaryimage"},"thumbnailUrl":"https:\/\/innotecgrupo.com\/industria-empresa\/wp-content\/uploads\/2024\/05\/calidad-aire-interior-sector-salud.png","articleSection":["Calidad Aire Interior"],"inLanguage":"es"},{"@type":"WebPage","@id":"https:\/\/innotecgrupo.com\/industria-empresa\/blog\/calidad-aire-interior-sector-salud-hospitales-clinicas-aragon-la-rioja\/","url":"https:\/\/innotecgrupo.com\/industria-empresa\/blog\/calidad-aire-interior-sector-salud-hospitales-clinicas-aragon-la-rioja\/","name":"Calidad de aire interior en sector salud. | Innotec","isPartOf":{"@id":"https:\/\/innotecgrupo.com\/industria-empresa\/#website"},"primaryImageOfPage":{"@id":"https:\/\/innotecgrupo.com\/industria-empresa\/blog\/calidad-aire-interior-sector-salud-hospitales-clinicas-aragon-la-rioja\/#primaryimage"},"image":{"@id":"https:\/\/innotecgrupo.com\/industria-empresa\/blog\/calidad-aire-interior-sector-salud-hospitales-clinicas-aragon-la-rioja\/#primaryimage"},"thumbnailUrl":"https:\/\/innotecgrupo.com\/industria-empresa\/wp-content\/uploads\/2024\/05\/calidad-aire-interior-sector-salud.png","datePublished":"2025-03-21T12:24:26+00:00","dateModified":"2025-10-28T14:50:33+00:00","description":"En el actual panorama industrial, los sistemas de captaci\u00f3n localizada se han convertido en un elemento fundamental para garantizar tanto la seguridad laboral como la eficiencia operativa de las plantas industriales. Estos sistemas no son simplemente una opci\u00f3n, sino una necesidad cr\u00edtica que responde a m\u00faltiples desaf\u00edos y exigencias del entorno productivo moderno.","breadcrumb":{"@id":"https:\/\/innotecgrupo.com\/industria-empresa\/blog\/calidad-aire-interior-sector-salud-hospitales-clinicas-aragon-la-rioja\/#breadcrumb"},"inLanguage":"es","potentialAction":[{"@type":"ReadAction","target":["https:\/\/innotecgrupo.com\/industria-empresa\/blog\/calidad-aire-interior-sector-salud-hospitales-clinicas-aragon-la-rioja\/"]}]},{"@type":"ImageObject","inLanguage":"es","@id":"https:\/\/innotecgrupo.com\/industria-empresa\/blog\/calidad-aire-interior-sector-salud-hospitales-clinicas-aragon-la-rioja\/#primaryimage","url":"https:\/\/innotecgrupo.com\/industria-empresa\/wp-content\/uploads\/2024\/05\/calidad-aire-interior-sector-salud.png","contentUrl":"https:\/\/innotecgrupo.com\/industria-empresa\/wp-content\/uploads\/2024\/05\/calidad-aire-interior-sector-salud.png","width":1620,"height":1080},{"@type":"BreadcrumbList","@id":"https:\/\/innotecgrupo.com\/industria-empresa\/blog\/calidad-aire-interior-sector-salud-hospitales-clinicas-aragon-la-rioja\/#breadcrumb","itemListElement":[{"@type":"ListItem","position":1,"name":"Portada","item":"https:\/\/innotecgrupo.com\/industria-empresa\/"},{"@type":"ListItem","position":2,"name":"Calidad de aire interior en sector salud."}]},{"@type":"WebSite","@id":"https:\/\/innotecgrupo.com\/industria-empresa\/#website","url":"https:\/\/innotecgrupo.com\/industria-empresa\/","name":"Innotec Grupo","description":"CLIMATIZACI\u00d3N ENFOCADA AL BIENESTAR INTEGRAL","publisher":{"@id":"https:\/\/innotecgrupo.com\/industria-empresa\/#organization"},"potentialAction":[{"@type":"SearchAction","target":{"@type":"EntryPoint","urlTemplate":"https:\/\/innotecgrupo.com\/industria-empresa\/?s={search_term_string}"},"query-input":{"@type":"PropertyValueSpecification","valueRequired":true,"valueName":"search_term_string"}}],"inLanguage":"es"},{"@type":"Organization","@id":"https:\/\/innotecgrupo.com\/industria-empresa\/#organization","name":"Innotec","url":"https:\/\/innotecgrupo.com\/industria-empresa\/","logo":{"@type":"ImageObject","inLanguage":"es","@id":"https:\/\/innotecgrupo.com\/industria-empresa\/#\/schema\/logo\/image\/","url":"https:\/\/innotecgrupo.com\/industria-empresa\/wp-content\/uploads\/2022\/01\/logo-innotec.png","contentUrl":"https:\/\/innotecgrupo.com\/industria-empresa\/wp-content\/uploads\/2022\/01\/logo-innotec.png","width":166,"height":31,"caption":"Innotec"},"image":{"@id":"https:\/\/innotecgrupo.com\/industria-empresa\/#\/schema\/logo\/image\/"}},{"@type":"Person","@id":"https:\/\/innotecgrupo.com\/industria-empresa\/#\/schema\/person\/cd83faa3aecd59ea2de1fcb467a88501","name":"Manuel Bernal (Socio Fundador)","description":"Ingeniero Industrial MBA en CESTE","sameAs":["https:\/\/www.linkedin.com\/in\/manuel-bernal-innotec\/"],"url":"https:\/\/innotecgrupo.com\/industria-empresa\/blog\/author\/manuel-bernal\/"}]}},"_links":{"self":[{"href":"https:\/\/innotecgrupo.com\/industria-empresa\/wp-json\/wp\/v2\/posts\/23311","targetHints":{"allow":["GET"]}}],"collection":[{"href":"https:\/\/innotecgrupo.com\/industria-empresa\/wp-json\/wp\/v2\/posts"}],"about":[{"href":"https:\/\/innotecgrupo.com\/industria-empresa\/wp-json\/wp\/v2\/types\/post"}],"author":[{"embeddable":true,"href":"https:\/\/innotecgrupo.com\/industria-empresa\/wp-json\/wp\/v2\/users\/9"}],"replies":[{"embeddable":true,"href":"https:\/\/innotecgrupo.com\/industria-empresa\/wp-json\/wp\/v2\/comments?post=23311"}],"version-history":[{"count":4,"href":"https:\/\/innotecgrupo.com\/industria-empresa\/wp-json\/wp\/v2\/posts\/23311\/revisions"}],"predecessor-version":[{"id":23316,"href":"https:\/\/innotecgrupo.com\/industria-empresa\/wp-json\/wp\/v2\/posts\/23311\/revisions\/23316"}],"wp:featuredmedia":[{"embeddable":true,"href":"https:\/\/innotecgrupo.com\/industria-empresa\/wp-json\/wp\/v2\/media\/18233"}],"wp:attachment":[{"href":"https:\/\/innotecgrupo.com\/industria-empresa\/wp-json\/wp\/v2\/media?parent=23311"}],"wp:term":[{"taxonomy":"category","embeddable":true,"href":"https:\/\/innotecgrupo.com\/industria-empresa\/wp-json\/wp\/v2\/categories?post=23311"},{"taxonomy":"post_tag","embeddable":true,"href":"https:\/\/innotecgrupo.com\/industria-empresa\/wp-json\/wp\/v2\/tags?post=23311"}],"curies":[{"name":"wp","href":"https:\/\/api.w.org\/{rel}","templated":true}]}}