{"id":23305,"date":"2025-03-21T13:15:18","date_gmt":"2025-03-21T12:15:18","guid":{"rendered":"https:\/\/greenyellow-alligator-204266.hostingersite.com\/industria-empresa\/?p=23305"},"modified":"2025-10-28T15:50:39","modified_gmt":"2025-10-28T14:50:39","slug":"calidad-aire-interior-residencias-ancianos-aragon-la-rioja","status":"publish","type":"post","link":"https:\/\/innotecgrupo.com\/industria-empresa\/blog\/calidad-aire-interior-residencias-ancianos-aragon-la-rioja\/","title":{"rendered":"Calidad de aire interior en residencias de ancianos"},"content":{"rendered":"\t\t<div data-elementor-type=\"wp-post\" data-elementor-id=\"23305\" class=\"elementor elementor-23305\" data-elementor-post-type=\"post\">\n\t\t\t\t<div class=\"has_ae_slider elementor-element elementor-element-9a8ae6d e-flex e-con-boxed ae-bg-gallery-type-default e-con e-parent\" data-id=\"9a8ae6d\" data-element_type=\"container\" data-e-type=\"container\">\n\t\t\t\t\t<div class=\"e-con-inner\">\n\t\t\t\t<div class=\"elementor-element elementor-element-4aa939c elementor-widget elementor-widget-heading\" data-id=\"4aa939c\" data-element_type=\"widget\" data-e-type=\"widget\" data-widget_type=\"heading.default\">\n\t\t\t\t<div class=\"elementor-widget-container\">\n\t\t\t\t\t<h2 class=\"elementor-heading-title elementor-size-default\">Una breve historia sobre mi abuelo<\/h2>\t\t\t\t<\/div>\n\t\t\t\t<\/div>\n\t\t\t\t<div class=\"elementor-element elementor-element-03bebfb elementor-widget elementor-widget-text-editor\" data-id=\"03bebfb\" data-element_type=\"widget\" data-e-type=\"widget\" data-widget_type=\"text-editor.default\">\n\t\t\t\t<div class=\"elementor-widget-container\">\n\t\t\t\t\t\t\t\t\t<p>Mi abuelo nunca estuvo en una residencia. Y falleci\u00f3 con 87 a\u00f1os.<\/p><p>Viudo durante casi dos d\u00e9cadas, fue cuidado por sus tres hijas. Iba cambiando\u00a0de casa cada mes. Hab\u00eda un buen ambiente familiar en los tres hogares y sobre todo, las tres hijas trabajaban como amas de casa, lo que les permit\u00eda asumir esta tarea. As\u00ed durante casi 20 a\u00f1os.\u00a0<\/p><p>Eran otros tiempos.<\/p><p>En Espa\u00f1a todav\u00eda arraigaba la cultura del cuidado de nuestros mayores en las propias casas. La incorporaci\u00f3n de la mujer al mundo laboral no se hab\u00eda expresado en toda su amplitud. Eso permit\u00eda cuidarlos en casa, labor que habitualmente reca\u00eda sobre nuestras madres. En el caso de mi madre, lo hac\u00eda por voluntad propia, sin imposiciones. Era lo que hab\u00eda visto hacer con sus abuelos. \u00a1Qu\u00e9 trabajo m\u00e1s sacrificado y tan poco reconocido por la sociedad! Pero esto, es otra historia&#8230;<\/p><p>En la actualidad, la sociedad ha cambiado dr\u00e1sticamente. La paulatina incorporaci\u00f3n de la mujer al mundo laboral, la mayor esperanza de vida, el cambio de las costumbres sociales y otros factores sociol\u00f3gicos, han hecho que ya no sea posible cuidar a nuestros mayores como anta\u00f1o. Esto ha supuesto el crecimiento de un sector, el geri\u00e1trico, que debe afrontar nuevos retos. En ocasiones se ha visto sobrepasado por situaciones extremas como las acaecidas durante la pandemia, cuyos efectos fueron especialmente dram\u00e1ticos entre la poblaci\u00f3n de nuestros mayores.<\/p><p>De este tipo de situaciones tambi\u00e9n se sacan lecciones. Una de ellas es la importancia vital de mantener una buena calidad en el aire que respiran\u00a0 nuestros ancianos. Al tratarse de una poblaci\u00f3n especialmente sensible, en muchos casos inmunodeprimida, una mala calidad del aire que va cargado de al\u00e9rgenos, polvo y microorganismos, puede ser el caldo de cultivo para enfermedades respiratorias, infecciones y un deterioro general de su salud.<\/p><p>Pero el problema de una mala calidad de aire no s\u00f3lo afecta a la poblaci\u00f3n residente, sino que tambi\u00e9n afecta a la salud del propio personal auxiliar y sanitario que los atiende. Provocando p\u00e9rdida de rendimiento y bajas laborales que obligan a hacer verdaderos encajes de bolillos al personal gestor para poder dar una atenci\u00f3n adecuada. Esta situaci\u00f3n finalmente afecta a la percepci\u00f3n de la calidad del servicio por parte de las familias, lo que puede repercutir negativamente en la reputaci\u00f3n del centro.<\/p><p>A veces me pregunto c\u00f3mo hubi\u00e9ramos cuidado ahora a mi abuelo. Si viviera, estar\u00eda en una residencia con la mejor calidad de aire del mundo. Eso lo tengo claro.<\/p><p>Si esta situaci\u00f3n te resulta familiar, contin\u00faa leyendo para ver c\u00f3mo, desde Grupo Innotec, podemos ayudarte a mantener una adecuada calidad de aire interior en tu residencia de ancianos&#8230;\u00a0<\/p>\t\t\t\t\t\t\t\t<\/div>\n\t\t\t\t<\/div>\n\t\t\t\t<div class=\"elementor-element elementor-element-117104b elementor-arrows-position-inside elementor-pagination-position-outside elementor-widget elementor-widget-image-carousel\" data-id=\"117104b\" data-element_type=\"widget\" data-e-type=\"widget\" data-settings=\"{&quot;autoplay_speed&quot;:1780,&quot;motion_fx_motion_fx_scrolling&quot;:&quot;yes&quot;,&quot;slides_to_show&quot;:&quot;2&quot;,&quot;slides_to_scroll&quot;:&quot;1&quot;,&quot;image_spacing_custom&quot;:{&quot;unit&quot;:&quot;px&quot;,&quot;size&quot;:10,&quot;sizes&quot;:[]},&quot;navigation&quot;:&quot;both&quot;,&quot;autoplay&quot;:&quot;yes&quot;,&quot;pause_on_hover&quot;:&quot;yes&quot;,&quot;pause_on_interaction&quot;:&quot;yes&quot;,&quot;infinite&quot;:&quot;yes&quot;,&quot;speed&quot;:500,&quot;image_spacing_custom_tablet&quot;:{&quot;unit&quot;:&quot;px&quot;,&quot;size&quot;:&quot;&quot;,&quot;sizes&quot;:[]},&quot;image_spacing_custom_mobile&quot;:{&quot;unit&quot;:&quot;px&quot;,&quot;size&quot;:&quot;&quot;,&quot;sizes&quot;:[]},&quot;motion_fx_devices&quot;:[&quot;desktop&quot;,&quot;tablet&quot;,&quot;mobile&quot;]}\" data-widget_type=\"image-carousel.default\">\n\t\t\t\t<div class=\"elementor-widget-container\">\n\t\t\t\t\t\t\t<div class=\"elementor-image-carousel-wrapper swiper\" role=\"region\" aria-roledescription=\"carousel\" aria-label=\"Carrusel de im\u00e1genes\" dir=\"ltr\">\n\t\t\t<div class=\"elementor-image-carousel swiper-wrapper\" aria-live=\"off\">\n\t\t\t\t\t\t\t\t<div class=\"swiper-slide\" role=\"group\" aria-roledescription=\"slide\" aria-label=\"1 de 8\"><figure class=\"swiper-slide-inner\"><img decoding=\"async\" class=\"swiper-slide-image\" src=\"https:\/\/innotecgrupo.com\/industria-empresa\/wp-content\/uploads\/2024\/10\/calidad-aire-interior-residencias-ancianos-aragon-la-rioja-8.png\" alt=\"Calidad de Aire Interior en Residencias de Arag\u00f3n y La Rioja\" \/><\/figure><\/div><div class=\"swiper-slide\" role=\"group\" aria-roledescription=\"slide\" aria-label=\"2 de 8\"><figure class=\"swiper-slide-inner\"><img decoding=\"async\" class=\"swiper-slide-image\" src=\"https:\/\/innotecgrupo.com\/industria-empresa\/wp-content\/uploads\/2024\/10\/calidad-aire-interior-residencias-ancianos-aragon-la-rioja-1.png\" alt=\"Calidad de Aire Interior en Residencias de Arag\u00f3n y La Rioja\" \/><\/figure><\/div><div class=\"swiper-slide\" role=\"group\" aria-roledescription=\"slide\" aria-label=\"3 de 8\"><figure class=\"swiper-slide-inner\"><img decoding=\"async\" class=\"swiper-slide-image\" src=\"https:\/\/innotecgrupo.com\/industria-empresa\/wp-content\/uploads\/2024\/10\/calidad-aire-interior-residencias-ancianos-aragon-la-rioja-2.png\" alt=\"Calidad de Aire Interior en Residencias de Arag\u00f3n y La Rioja\" \/><\/figure><\/div><div class=\"swiper-slide\" role=\"group\" aria-roledescription=\"slide\" aria-label=\"4 de 8\"><figure class=\"swiper-slide-inner\"><img decoding=\"async\" class=\"swiper-slide-image\" src=\"https:\/\/innotecgrupo.com\/industria-empresa\/wp-content\/uploads\/2024\/10\/calidad-aire-interior-residencias-ancianos-aragon-la-rioja-3.png\" alt=\"Calidad de Aire Interior en Residencias de Arag\u00f3n y La Rioja\" \/><\/figure><\/div><div class=\"swiper-slide\" role=\"group\" aria-roledescription=\"slide\" aria-label=\"5 de 8\"><figure class=\"swiper-slide-inner\"><img decoding=\"async\" class=\"swiper-slide-image\" src=\"https:\/\/innotecgrupo.com\/industria-empresa\/wp-content\/uploads\/2024\/10\/calidad-aire-interior-residencias-ancianos-aragon-la-rioja-4.png\" alt=\"Calidad de Aire Interior en Residencias de Arag\u00f3n y La Rioja\" \/><\/figure><\/div><div class=\"swiper-slide\" role=\"group\" aria-roledescription=\"slide\" aria-label=\"6 de 8\"><figure class=\"swiper-slide-inner\"><img decoding=\"async\" class=\"swiper-slide-image\" src=\"https:\/\/innotecgrupo.com\/industria-empresa\/wp-content\/uploads\/2024\/10\/calidad-aire-interior-residencias-ancianos-aragon-la-rioja-5.png\" alt=\"Calidad de Aire Interior en Residencias de Arag\u00f3n y La Rioja\" \/><\/figure><\/div><div class=\"swiper-slide\" role=\"group\" aria-roledescription=\"slide\" aria-label=\"7 de 8\"><figure class=\"swiper-slide-inner\"><img decoding=\"async\" class=\"swiper-slide-image\" src=\"https:\/\/innotecgrupo.com\/industria-empresa\/wp-content\/uploads\/2024\/10\/calidad-aire-interior-residencias-ancianos-aragon-la-rioja-6.png\" alt=\"Calidad de Aire Interior en Residencias de Arag\u00f3n y La Rioja\" \/><\/figure><\/div><div class=\"swiper-slide\" role=\"group\" aria-roledescription=\"slide\" aria-label=\"8 de 8\"><figure class=\"swiper-slide-inner\"><img decoding=\"async\" class=\"swiper-slide-image\" src=\"https:\/\/innotecgrupo.com\/industria-empresa\/wp-content\/uploads\/2024\/10\/calidad-aire-interior-residencias-ancianos-aragon-la-rioja-7.png\" alt=\"Calidad de Aire Interior en Residencias de Arag\u00f3n y La Rioja\" \/><\/figure><\/div>\t\t\t<\/div>\n\t\t\t\t\t\t\t\t\t\t\t\t<div class=\"elementor-swiper-button elementor-swiper-button-prev\" role=\"button\" tabindex=\"0\">\n\t\t\t\t\t\t<svg aria-hidden=\"true\" class=\"e-font-icon-svg e-eicon-chevron-left\" viewBox=\"0 0 1000 1000\" xmlns=\"http:\/\/www.w3.org\/2000\/svg\"><path d=\"M646 125C629 125 613 133 604 142L308 442C296 454 292 471 292 487 292 504 296 521 308 533L604 854C617 867 629 875 646 875 663 875 679 871 692 858 704 846 713 829 713 812 713 796 708 779 692 767L438 487 692 225C700 217 708 204 708 187 708 171 704 154 692 142 675 129 663 125 646 125Z\"><\/path><\/svg>\t\t\t\t\t<\/div>\n\t\t\t\t\t<div class=\"elementor-swiper-button elementor-swiper-button-next\" role=\"button\" tabindex=\"0\">\n\t\t\t\t\t\t<svg aria-hidden=\"true\" class=\"e-font-icon-svg e-eicon-chevron-right\" viewBox=\"0 0 1000 1000\" xmlns=\"http:\/\/www.w3.org\/2000\/svg\"><path d=\"M696 533C708 521 713 504 713 487 713 471 708 454 696 446L400 146C388 133 375 125 354 125 338 125 325 129 313 142 300 154 292 171 292 187 292 204 296 221 308 233L563 492 304 771C292 783 288 800 288 817 288 833 296 850 308 863 321 871 338 875 354 875 371 875 388 867 400 854L696 533Z\"><\/path><\/svg>\t\t\t\t\t<\/div>\n\t\t\t\t\n\t\t\t\t\t\t\t\t\t<div class=\"swiper-pagination\"><\/div>\n\t\t\t\t\t\t\t\t\t<\/div>\n\t\t\t\t\t\t<\/div>\n\t\t\t\t<\/div>\n\t\t\t\t\t<\/div>\n\t\t\t\t<\/div>\n\t\t<div class=\"has_ae_slider elementor-element elementor-element-4f6c4e1 e-flex e-con-boxed ae-bg-gallery-type-default e-con e-parent\" data-id=\"4f6c4e1\" data-element_type=\"container\" data-e-type=\"container\">\n\t\t\t\t\t<div class=\"e-con-inner\">\n\t\t\t\t<div class=\"elementor-element elementor-element-6ce138c elementor-widget elementor-widget-heading\" data-id=\"6ce138c\" data-element_type=\"widget\" data-e-type=\"widget\" data-widget_type=\"heading.default\">\n\t\t\t\t<div class=\"elementor-widget-container\">\n\t\t\t\t\t<h2 class=\"elementor-heading-title elementor-size-default\">Beneficios de una buena Calidad de Aire Interior en residencias de ancianos<\/h2>\t\t\t\t<\/div>\n\t\t\t\t<\/div>\n\t\t\t\t<div class=\"elementor-element elementor-element-7943eca elementor-position-left elementor-vertical-align-middle elementor-widget elementor-widget-image-box\" data-id=\"7943eca\" data-element_type=\"widget\" data-e-type=\"widget\" data-widget_type=\"image-box.default\">\n\t\t\t\t<div class=\"elementor-widget-container\">\n\t\t\t\t\t<div class=\"elementor-image-box-wrapper\"><figure class=\"elementor-image-box-img\"><img fetchpriority=\"high\" decoding=\"async\" width=\"512\" height=\"512\" src=\"https:\/\/innotecgrupo.com\/industria-empresa\/wp-content\/uploads\/2024\/10\/calidad-aire-interior-residencias-ancianos-aragon-la-rioja-9.png\" class=\"attachment-full size-full wp-image-22263\" alt=\"Calidad de Aire Interior en Residencias de Arag\u00f3n y La Rioja\" srcset=\"https:\/\/innotecgrupo.com\/industria-empresa\/wp-content\/uploads\/2024\/10\/calidad-aire-interior-residencias-ancianos-aragon-la-rioja-9.png 512w, https:\/\/innotecgrupo.com\/industria-empresa\/wp-content\/uploads\/2024\/10\/calidad-aire-interior-residencias-ancianos-aragon-la-rioja-9-300x300.png 300w, https:\/\/innotecgrupo.com\/industria-empresa\/wp-content\/uploads\/2024\/10\/calidad-aire-interior-residencias-ancianos-aragon-la-rioja-9-150x150.png 150w, https:\/\/innotecgrupo.com\/industria-empresa\/wp-content\/uploads\/2024\/10\/calidad-aire-interior-residencias-ancianos-aragon-la-rioja-9-80x80.png 80w, https:\/\/innotecgrupo.com\/industria-empresa\/wp-content\/uploads\/2024\/10\/calidad-aire-interior-residencias-ancianos-aragon-la-rioja-9-360x360.png 360w, https:\/\/innotecgrupo.com\/industria-empresa\/wp-content\/uploads\/2024\/10\/calidad-aire-interior-residencias-ancianos-aragon-la-rioja-9-24x24.png 24w, https:\/\/innotecgrupo.com\/industria-empresa\/wp-content\/uploads\/2024\/10\/calidad-aire-interior-residencias-ancianos-aragon-la-rioja-9-48x48.png 48w, https:\/\/innotecgrupo.com\/industria-empresa\/wp-content\/uploads\/2024\/10\/calidad-aire-interior-residencias-ancianos-aragon-la-rioja-9-96x96.png 96w\" sizes=\"(max-width: 512px) 100vw, 512px\" \/><\/figure><div class=\"elementor-image-box-content\"><h3 class=\"elementor-image-box-title\">Beneficios para los ancianos<\/h3><\/div><\/div>\t\t\t\t<\/div>\n\t\t\t\t<\/div>\n\t\t<div class=\"has_ae_slider elementor-element elementor-element-449377d e-con-full e-flex ae-bg-gallery-type-default e-con e-child\" data-id=\"449377d\" data-element_type=\"container\" data-e-type=\"container\">\n\t\t\t\t<div class=\"elementor-element elementor-element-2204ac2 elementor-position-top elementor-widget elementor-widget-image-box\" data-id=\"2204ac2\" data-element_type=\"widget\" data-e-type=\"widget\" data-widget_type=\"image-box.default\">\n\t\t\t\t<div class=\"elementor-widget-container\">\n\t\t\t\t\t<div class=\"elementor-image-box-wrapper\"><figure class=\"elementor-image-box-img\"><img decoding=\"async\" width=\"512\" height=\"512\" src=\"https:\/\/innotecgrupo.com\/industria-empresa\/wp-content\/uploads\/2024\/10\/calidad-aire-interior-residencias-ancianos-aragon-la-rioja-10.png\" class=\"attachment-full size-full wp-image-22264\" alt=\"Calidad de Aire Interior en Residencias de Arag\u00f3n y La Rioja\" srcset=\"https:\/\/innotecgrupo.com\/industria-empresa\/wp-content\/uploads\/2024\/10\/calidad-aire-interior-residencias-ancianos-aragon-la-rioja-10.png 512w, https:\/\/innotecgrupo.com\/industria-empresa\/wp-content\/uploads\/2024\/10\/calidad-aire-interior-residencias-ancianos-aragon-la-rioja-10-300x300.png 300w, https:\/\/innotecgrupo.com\/industria-empresa\/wp-content\/uploads\/2024\/10\/calidad-aire-interior-residencias-ancianos-aragon-la-rioja-10-150x150.png 150w, https:\/\/innotecgrupo.com\/industria-empresa\/wp-content\/uploads\/2024\/10\/calidad-aire-interior-residencias-ancianos-aragon-la-rioja-10-80x80.png 80w, https:\/\/innotecgrupo.com\/industria-empresa\/wp-content\/uploads\/2024\/10\/calidad-aire-interior-residencias-ancianos-aragon-la-rioja-10-360x360.png 360w, https:\/\/innotecgrupo.com\/industria-empresa\/wp-content\/uploads\/2024\/10\/calidad-aire-interior-residencias-ancianos-aragon-la-rioja-10-24x24.png 24w, https:\/\/innotecgrupo.com\/industria-empresa\/wp-content\/uploads\/2024\/10\/calidad-aire-interior-residencias-ancianos-aragon-la-rioja-10-48x48.png 48w, https:\/\/innotecgrupo.com\/industria-empresa\/wp-content\/uploads\/2024\/10\/calidad-aire-interior-residencias-ancianos-aragon-la-rioja-10-96x96.png 96w\" sizes=\"(max-width: 512px) 100vw, 512px\" \/><\/figure><div class=\"elementor-image-box-content\"><h4 class=\"elementor-image-box-title\">Mejor salud respiratoria<\/h4><p class=\"elementor-image-box-description\">Los ancianos son m\u00e1s vulnerables a enfermedades respiratorias, por lo que un aire de calidad ayuda a prevenir y controlar afecciones como asma, EPOC y neumon\u00eda.<\/p><\/div><\/div>\t\t\t\t<\/div>\n\t\t\t\t<\/div>\n\t\t\t\t<div class=\"elementor-element elementor-element-ec4cfca elementor-position-top elementor-widget elementor-widget-image-box\" data-id=\"ec4cfca\" data-element_type=\"widget\" data-e-type=\"widget\" data-widget_type=\"image-box.default\">\n\t\t\t\t<div class=\"elementor-widget-container\">\n\t\t\t\t\t<div class=\"elementor-image-box-wrapper\"><figure class=\"elementor-image-box-img\"><img decoding=\"async\" width=\"512\" height=\"512\" src=\"https:\/\/innotecgrupo.com\/industria-empresa\/wp-content\/uploads\/2024\/10\/calidad-aire-interior-residencias-ancianos-aragon-la-rioja-11.png\" class=\"attachment-full size-full wp-image-22265\" alt=\"Calidad de Aire Interior en Residencias de Arag\u00f3n y La Rioja\" srcset=\"https:\/\/innotecgrupo.com\/industria-empresa\/wp-content\/uploads\/2024\/10\/calidad-aire-interior-residencias-ancianos-aragon-la-rioja-11.png 512w, https:\/\/innotecgrupo.com\/industria-empresa\/wp-content\/uploads\/2024\/10\/calidad-aire-interior-residencias-ancianos-aragon-la-rioja-11-300x300.png 300w, https:\/\/innotecgrupo.com\/industria-empresa\/wp-content\/uploads\/2024\/10\/calidad-aire-interior-residencias-ancianos-aragon-la-rioja-11-150x150.png 150w, https:\/\/innotecgrupo.com\/industria-empresa\/wp-content\/uploads\/2024\/10\/calidad-aire-interior-residencias-ancianos-aragon-la-rioja-11-80x80.png 80w, https:\/\/innotecgrupo.com\/industria-empresa\/wp-content\/uploads\/2024\/10\/calidad-aire-interior-residencias-ancianos-aragon-la-rioja-11-360x360.png 360w, https:\/\/innotecgrupo.com\/industria-empresa\/wp-content\/uploads\/2024\/10\/calidad-aire-interior-residencias-ancianos-aragon-la-rioja-11-24x24.png 24w, https:\/\/innotecgrupo.com\/industria-empresa\/wp-content\/uploads\/2024\/10\/calidad-aire-interior-residencias-ancianos-aragon-la-rioja-11-48x48.png 48w, https:\/\/innotecgrupo.com\/industria-empresa\/wp-content\/uploads\/2024\/10\/calidad-aire-interior-residencias-ancianos-aragon-la-rioja-11-96x96.png 96w\" sizes=\"(max-width: 512px) 100vw, 512px\" \/><\/figure><div class=\"elementor-image-box-content\"><h4 class=\"elementor-image-box-title\">Mayor confort y calidad de vida<\/h4><p class=\"elementor-image-box-description\">Un ambiente confortable y con una humedad adecuada contribuye a mejorar el sue\u00f1o, reducir el estr\u00e9s y aumentar la sensaci\u00f3n de bienestar general.<\/p><\/div><\/div>\t\t\t\t<\/div>\n\t\t\t\t<\/div>\n\t\t\t\t<\/div>\n\t\t\t\t\t<\/div>\n\t\t\t\t<\/div>\n\t\t<div class=\"has_ae_slider elementor-element elementor-element-b1812f7 e-flex e-con-boxed ae-bg-gallery-type-default e-con e-parent\" data-id=\"b1812f7\" data-element_type=\"container\" data-e-type=\"container\">\n\t\t\t\t\t<div class=\"e-con-inner\">\n\t\t\t\t<div class=\"elementor-element elementor-element-d9fa41b elementor-position-left elementor-vertical-align-middle elementor-widget elementor-widget-image-box\" data-id=\"d9fa41b\" data-element_type=\"widget\" data-e-type=\"widget\" data-widget_type=\"image-box.default\">\n\t\t\t\t<div class=\"elementor-widget-container\">\n\t\t\t\t\t<div class=\"elementor-image-box-wrapper\"><figure class=\"elementor-image-box-img\"><img loading=\"lazy\" decoding=\"async\" width=\"512\" height=\"512\" src=\"https:\/\/innotecgrupo.com\/industria-empresa\/wp-content\/uploads\/2024\/10\/calidad-aire-interior-residencias-ancianos-aragon-la-rioja-12.png\" class=\"attachment-full size-full wp-image-22266\" alt=\"Calidad de Aire Interior en Residencias de Arag\u00f3n y La Rioja\" srcset=\"https:\/\/innotecgrupo.com\/industria-empresa\/wp-content\/uploads\/2024\/10\/calidad-aire-interior-residencias-ancianos-aragon-la-rioja-12.png 512w, https:\/\/innotecgrupo.com\/industria-empresa\/wp-content\/uploads\/2024\/10\/calidad-aire-interior-residencias-ancianos-aragon-la-rioja-12-300x300.png 300w, https:\/\/innotecgrupo.com\/industria-empresa\/wp-content\/uploads\/2024\/10\/calidad-aire-interior-residencias-ancianos-aragon-la-rioja-12-150x150.png 150w, https:\/\/innotecgrupo.com\/industria-empresa\/wp-content\/uploads\/2024\/10\/calidad-aire-interior-residencias-ancianos-aragon-la-rioja-12-80x80.png 80w, https:\/\/innotecgrupo.com\/industria-empresa\/wp-content\/uploads\/2024\/10\/calidad-aire-interior-residencias-ancianos-aragon-la-rioja-12-360x360.png 360w, https:\/\/innotecgrupo.com\/industria-empresa\/wp-content\/uploads\/2024\/10\/calidad-aire-interior-residencias-ancianos-aragon-la-rioja-12-24x24.png 24w, https:\/\/innotecgrupo.com\/industria-empresa\/wp-content\/uploads\/2024\/10\/calidad-aire-interior-residencias-ancianos-aragon-la-rioja-12-48x48.png 48w, https:\/\/innotecgrupo.com\/industria-empresa\/wp-content\/uploads\/2024\/10\/calidad-aire-interior-residencias-ancianos-aragon-la-rioja-12-96x96.png 96w\" sizes=\"(max-width: 512px) 100vw, 512px\" \/><\/figure><div class=\"elementor-image-box-content\"><h3 class=\"elementor-image-box-title\">Beneficios para personal auxiliar y sanitario<\/h3><\/div><\/div>\t\t\t\t<\/div>\n\t\t\t\t<\/div>\n\t\t<div class=\"has_ae_slider elementor-element elementor-element-5fd5106 e-con-full e-flex ae-bg-gallery-type-default e-con e-child\" data-id=\"5fd5106\" data-element_type=\"container\" data-e-type=\"container\">\n\t\t\t\t<div class=\"elementor-element elementor-element-bd6e5c1 elementor-position-top elementor-widget elementor-widget-image-box\" data-id=\"bd6e5c1\" data-element_type=\"widget\" data-e-type=\"widget\" data-widget_type=\"image-box.default\">\n\t\t\t\t<div class=\"elementor-widget-container\">\n\t\t\t\t\t<div class=\"elementor-image-box-wrapper\"><figure class=\"elementor-image-box-img\"><img loading=\"lazy\" decoding=\"async\" width=\"512\" height=\"512\" src=\"https:\/\/innotecgrupo.com\/industria-empresa\/wp-content\/uploads\/2024\/10\/calidad-aire-interior-residencias-ancianos-aragon-la-rioja-13.png\" class=\"attachment-full size-full wp-image-22267\" alt=\"Calidad de Aire Interior en Residencias de Arag\u00f3n y La Rioja\" srcset=\"https:\/\/innotecgrupo.com\/industria-empresa\/wp-content\/uploads\/2024\/10\/calidad-aire-interior-residencias-ancianos-aragon-la-rioja-13.png 512w, https:\/\/innotecgrupo.com\/industria-empresa\/wp-content\/uploads\/2024\/10\/calidad-aire-interior-residencias-ancianos-aragon-la-rioja-13-300x300.png 300w, https:\/\/innotecgrupo.com\/industria-empresa\/wp-content\/uploads\/2024\/10\/calidad-aire-interior-residencias-ancianos-aragon-la-rioja-13-150x150.png 150w, https:\/\/innotecgrupo.com\/industria-empresa\/wp-content\/uploads\/2024\/10\/calidad-aire-interior-residencias-ancianos-aragon-la-rioja-13-80x80.png 80w, https:\/\/innotecgrupo.com\/industria-empresa\/wp-content\/uploads\/2024\/10\/calidad-aire-interior-residencias-ancianos-aragon-la-rioja-13-360x360.png 360w, https:\/\/innotecgrupo.com\/industria-empresa\/wp-content\/uploads\/2024\/10\/calidad-aire-interior-residencias-ancianos-aragon-la-rioja-13-24x24.png 24w, https:\/\/innotecgrupo.com\/industria-empresa\/wp-content\/uploads\/2024\/10\/calidad-aire-interior-residencias-ancianos-aragon-la-rioja-13-48x48.png 48w, https:\/\/innotecgrupo.com\/industria-empresa\/wp-content\/uploads\/2024\/10\/calidad-aire-interior-residencias-ancianos-aragon-la-rioja-13-96x96.png 96w\" sizes=\"(max-width: 512px) 100vw, 512px\" \/><\/figure><div class=\"elementor-image-box-content\"><h4 class=\"elementor-image-box-title\">Mayor productividad y satisfacci\u00f3n laboral<\/h4><p class=\"elementor-image-box-description\">Respirar un aire limpio y trabajar en un entorno saludable se traduce en una mayor concentraci\u00f3n, un mejor desempe\u00f1o y una mayor satisfacci\u00f3n del personal que desarrolla tareas en el centro.\n<\/p><\/div><\/div>\t\t\t\t<\/div>\n\t\t\t\t<\/div>\n\t\t\t\t<div class=\"elementor-element elementor-element-4babcb7 elementor-position-top elementor-widget elementor-widget-image-box\" data-id=\"4babcb7\" data-element_type=\"widget\" data-e-type=\"widget\" data-widget_type=\"image-box.default\">\n\t\t\t\t<div class=\"elementor-widget-container\">\n\t\t\t\t\t<div class=\"elementor-image-box-wrapper\"><figure class=\"elementor-image-box-img\"><img loading=\"lazy\" decoding=\"async\" width=\"512\" height=\"512\" src=\"https:\/\/innotecgrupo.com\/industria-empresa\/wp-content\/uploads\/2024\/10\/calidad-aire-interior-residencias-ancianos-aragon-la-rioja-14.png\" class=\"attachment-full size-full wp-image-22268\" alt=\"Calidad de Aire Interior en Residencias de Arag\u00f3n y La Rioja\" srcset=\"https:\/\/innotecgrupo.com\/industria-empresa\/wp-content\/uploads\/2024\/10\/calidad-aire-interior-residencias-ancianos-aragon-la-rioja-14.png 512w, https:\/\/innotecgrupo.com\/industria-empresa\/wp-content\/uploads\/2024\/10\/calidad-aire-interior-residencias-ancianos-aragon-la-rioja-14-300x300.png 300w, https:\/\/innotecgrupo.com\/industria-empresa\/wp-content\/uploads\/2024\/10\/calidad-aire-interior-residencias-ancianos-aragon-la-rioja-14-150x150.png 150w, https:\/\/innotecgrupo.com\/industria-empresa\/wp-content\/uploads\/2024\/10\/calidad-aire-interior-residencias-ancianos-aragon-la-rioja-14-80x80.png 80w, https:\/\/innotecgrupo.com\/industria-empresa\/wp-content\/uploads\/2024\/10\/calidad-aire-interior-residencias-ancianos-aragon-la-rioja-14-360x360.png 360w, https:\/\/innotecgrupo.com\/industria-empresa\/wp-content\/uploads\/2024\/10\/calidad-aire-interior-residencias-ancianos-aragon-la-rioja-14-24x24.png 24w, https:\/\/innotecgrupo.com\/industria-empresa\/wp-content\/uploads\/2024\/10\/calidad-aire-interior-residencias-ancianos-aragon-la-rioja-14-48x48.png 48w, https:\/\/innotecgrupo.com\/industria-empresa\/wp-content\/uploads\/2024\/10\/calidad-aire-interior-residencias-ancianos-aragon-la-rioja-14-96x96.png 96w\" sizes=\"(max-width: 512px) 100vw, 512px\" \/><\/figure><div class=\"elementor-image-box-content\"><h4 class=\"elementor-image-box-title\">Reducci\u00f3n del absentismo laboral<\/h4><p class=\"elementor-image-box-description\">Un aire purificado mediante sistemas de filtraci\u00f3n y desinfecci\u00f3n permite evitar los contagios por aerosoles, o al menos reducirlos dr\u00e1sticamente, lo que a su vez se traduce en una reducci\u00f3n del absentismo laboral.<\/p><\/div><\/div>\t\t\t\t<\/div>\n\t\t\t\t<\/div>\n\t\t\t\t<\/div>\n\t\t\t\t\t<\/div>\n\t\t\t\t<\/div>\n\t\t<div class=\"has_ae_slider elementor-element elementor-element-456b95e e-flex e-con-boxed ae-bg-gallery-type-default e-con e-parent\" data-id=\"456b95e\" data-element_type=\"container\" data-e-type=\"container\">\n\t\t\t\t\t<div class=\"e-con-inner\">\n\t\t\t\t<div class=\"elementor-element elementor-element-44878d4 elementor-widget elementor-widget-heading\" data-id=\"44878d4\" data-element_type=\"widget\" data-e-type=\"widget\" data-widget_type=\"heading.default\">\n\t\t\t\t<div class=\"elementor-widget-container\">\n\t\t\t\t\t<h2 class=\"elementor-heading-title elementor-size-default\">La importancia del mantenimiento de los sistemas de climatizaci\u00f3n<\/h2>\t\t\t\t<\/div>\n\t\t\t\t<\/div>\n\t\t\t\t<div class=\"elementor-element elementor-element-26fc778 elementor-position-left elementor-vertical-align-middle elementor-widget elementor-widget-image-box\" data-id=\"26fc778\" data-element_type=\"widget\" data-e-type=\"widget\" data-widget_type=\"image-box.default\">\n\t\t\t\t<div class=\"elementor-widget-container\">\n\t\t\t\t\t<div class=\"elementor-image-box-wrapper\"><figure class=\"elementor-image-box-img\"><img loading=\"lazy\" decoding=\"async\" width=\"300\" height=\"300\" src=\"https:\/\/innotecgrupo.com\/industria-empresa\/wp-content\/uploads\/2024\/10\/calidad-aire-interior-residencias-ancianos-aragon-la-rioja-15.png\" class=\"attachment-full size-full wp-image-22262\" alt=\"Calidad de Aire Interior en Residencias de Arag\u00f3n y La Rioja\" srcset=\"https:\/\/innotecgrupo.com\/industria-empresa\/wp-content\/uploads\/2024\/10\/calidad-aire-interior-residencias-ancianos-aragon-la-rioja-15.png 300w, https:\/\/innotecgrupo.com\/industria-empresa\/wp-content\/uploads\/2024\/10\/calidad-aire-interior-residencias-ancianos-aragon-la-rioja-15-150x150.png 150w, https:\/\/innotecgrupo.com\/industria-empresa\/wp-content\/uploads\/2024\/10\/calidad-aire-interior-residencias-ancianos-aragon-la-rioja-15-80x80.png 80w, https:\/\/innotecgrupo.com\/industria-empresa\/wp-content\/uploads\/2024\/10\/calidad-aire-interior-residencias-ancianos-aragon-la-rioja-15-24x24.png 24w, https:\/\/innotecgrupo.com\/industria-empresa\/wp-content\/uploads\/2024\/10\/calidad-aire-interior-residencias-ancianos-aragon-la-rioja-15-48x48.png 48w, https:\/\/innotecgrupo.com\/industria-empresa\/wp-content\/uploads\/2024\/10\/calidad-aire-interior-residencias-ancianos-aragon-la-rioja-15-96x96.png 96w\" sizes=\"(max-width: 300px) 100vw, 300px\" \/><\/figure><div class=\"elementor-image-box-content\"><h3 class=\"elementor-image-box-title\">Obligaciones de mantenimiento para residencias de ancianos<\/h3><p class=\"elementor-image-box-description\">En nuestra actividad diaria comprobamos con demasiada frecuencia que no se cumplen los\nrequisitos legales para realizar el mantenimiento indicados en el RD 1027\/2007 (Reglamento de Instalaciones T\u00e9rmicas):\n<br><br>\nLa Instrucci\u00f3n T\u00e9cnica IT 3.3 especifica que los sistemas de climatizaci\u00f3n en edificios no residenciales est\u00e1n sujetos a estas exigencias de mantenimiento:\n<br>\n- Para potencias inferiores a 12 kW deber\u00e1 ser como m\u00ednimo cada dos a\u00f1os.\n- Para m\u00e1s de 12 kW hasta 70 kW tienen la obligaci\u00f3n de realizar como m\u00ednimo un mantenimiento anual.\u201d Nuestra recomendaci\u00f3n es hacer 2 mantenimientos previos a \u00e9pocas estival e invernal.\n<br>\n- Para instalaciones que suman una potencia superior a 70 kW el titular del edificio tiene la obligatoriedad de:\n<br>\n      * Contratar su mantenimiento con una empresa habilitada.\n<br>\n      * La frecuencia del mantenimiento debe ser mensual.\n<br><br>\n\nAdicionalmente, el Art\u00edculo 25 del mismo Real Decreto indica que el titular de la instalaci\u00f3n ser\u00e1 responsable de que el mantenimiento de la instalaci\u00f3n t\u00e9rmica sea realizado por parte de una empresa habilitada.\n<br><br>\n<b>Lo habitual en una residencia de ancianos<\/b> es que se superen ampliamente los 70 kW de potencia t\u00e9rmica instalada, por lo que se hace <b>necesario realizar un contrato de mantenimiento con actuaciones mensuales<\/b>.<\/p><\/div><\/div>\t\t\t\t<\/div>\n\t\t\t\t<\/div>\n\t\t\t\t\t<\/div>\n\t\t\t\t<\/div>\n\t\t\t\t<\/div>\n\t\t","protected":false},"excerpt":{"rendered":"<p>En Grupo Innotec, como expertos en Calidad de Aire Interior en Residencias de Ancianos, queremos revelarte los secretos para lograr una Calidad de Aire Interior \u00f3ptima y saludable.<\/p>\n","protected":false},"author":9,"featured_media":17990,"comment_status":"closed","ping_status":"open","sticky":false,"template":"","format":"standard","meta":{"_acf_changed":false,"footnotes":""},"categories":[106],"tags":[],"class_list":["post-23305","post","type-post","status-publish","format-standard","has-post-thumbnail","hentry","category-calidad-aire-interior"],"acf":[],"yoast_head":"<!-- This site is optimized with the Yoast SEO plugin v27.3 - https:\/\/yoast.com\/product\/yoast-seo-wordpress\/ -->\n<title>Calidad de aire interior en residencias de ancianos | Innotec<\/title>\n<meta name=\"description\" content=\"En el actual panorama industrial, los sistemas de captaci\u00f3n localizada se han convertido en un elemento fundamental para garantizar tanto la seguridad laboral como la eficiencia operativa de las plantas industriales. Estos sistemas no son simplemente una opci\u00f3n, sino una necesidad cr\u00edtica que responde a m\u00faltiples desaf\u00edos y exigencias del entorno productivo moderno.\" \/>\n<meta name=\"robots\" content=\"index, follow, max-snippet:-1, max-image-preview:large, max-video-preview:-1\" \/>\n<link rel=\"canonical\" href=\"https:\/\/innotecgrupo.com\/industria-empresa\/blog\/calidad-aire-interior-residencias-ancianos-aragon-la-rioja\/\" \/>\n<meta property=\"og:locale\" content=\"es_ES\" \/>\n<meta property=\"og:type\" content=\"article\" \/>\n<meta property=\"og:title\" content=\"Calidad de aire interior en residencias de ancianos | Innotec\" \/>\n<meta property=\"og:description\" content=\"En el actual panorama industrial, los sistemas de captaci\u00f3n localizada se han convertido en un elemento fundamental para garantizar tanto la seguridad laboral como la eficiencia operativa de las plantas industriales. Estos sistemas no son simplemente una opci\u00f3n, sino una necesidad cr\u00edtica que responde a m\u00faltiples desaf\u00edos y exigencias del entorno productivo moderno.\" \/>\n<meta property=\"og:url\" content=\"https:\/\/innotecgrupo.com\/industria-empresa\/blog\/calidad-aire-interior-residencias-ancianos-aragon-la-rioja\/\" \/>\n<meta property=\"og:site_name\" content=\"Innotec\" \/>\n<meta property=\"article:published_time\" content=\"2025-03-21T12:15:18+00:00\" \/>\n<meta property=\"article:modified_time\" content=\"2025-10-28T14:50:39+00:00\" \/>\n<meta property=\"og:image\" content=\"https:\/\/innotecgrupo.com\/industria-empresa\/wp-content\/uploads\/2024\/05\/calidad-aire-interior-residencias-ancianos.png\" \/>\n\t<meta property=\"og:image:width\" content=\"810\" \/>\n\t<meta property=\"og:image:height\" content=\"540\" \/>\n\t<meta property=\"og:image:type\" content=\"image\/png\" \/>\n<meta name=\"author\" content=\"Manuel Bernal (Socio Fundador)\" \/>\n<meta name=\"twitter:card\" content=\"summary_large_image\" \/>\n<meta name=\"twitter:label1\" content=\"Escrito por\" \/>\n\t<meta name=\"twitter:data1\" content=\"Manuel Bernal (Socio Fundador)\" \/>\n\t<meta name=\"twitter:label2\" content=\"Tiempo de lectura\" \/>\n\t<meta name=\"twitter:data2\" content=\"9 minutos\" \/>\n<script type=\"application\/ld+json\" class=\"yoast-schema-graph\">{\"@context\":\"https:\\\/\\\/schema.org\",\"@graph\":[{\"@type\":\"Article\",\"@id\":\"https:\\\/\\\/innotecgrupo.com\\\/industria-empresa\\\/blog\\\/calidad-aire-interior-residencias-ancianos-aragon-la-rioja\\\/#article\",\"isPartOf\":{\"@id\":\"https:\\\/\\\/innotecgrupo.com\\\/industria-empresa\\\/blog\\\/calidad-aire-interior-residencias-ancianos-aragon-la-rioja\\\/\"},\"author\":{\"name\":\"Manuel Bernal (Socio Fundador)\",\"@id\":\"https:\\\/\\\/innotecgrupo.com\\\/industria-empresa\\\/#\\\/schema\\\/person\\\/cd83faa3aecd59ea2de1fcb467a88501\"},\"headline\":\"Calidad de aire interior en residencias de ancianos\",\"datePublished\":\"2025-03-21T12:15:18+00:00\",\"dateModified\":\"2025-10-28T14:50:39+00:00\",\"mainEntityOfPage\":{\"@id\":\"https:\\\/\\\/innotecgrupo.com\\\/industria-empresa\\\/blog\\\/calidad-aire-interior-residencias-ancianos-aragon-la-rioja\\\/\"},\"wordCount\":876,\"publisher\":{\"@id\":\"https:\\\/\\\/innotecgrupo.com\\\/industria-empresa\\\/#organization\"},\"image\":{\"@id\":\"https:\\\/\\\/innotecgrupo.com\\\/industria-empresa\\\/blog\\\/calidad-aire-interior-residencias-ancianos-aragon-la-rioja\\\/#primaryimage\"},\"thumbnailUrl\":\"https:\\\/\\\/innotecgrupo.com\\\/industria-empresa\\\/wp-content\\\/uploads\\\/2024\\\/05\\\/calidad-aire-interior-residencias-ancianos.png\",\"articleSection\":[\"Calidad Aire Interior\"],\"inLanguage\":\"es\"},{\"@type\":\"WebPage\",\"@id\":\"https:\\\/\\\/innotecgrupo.com\\\/industria-empresa\\\/blog\\\/calidad-aire-interior-residencias-ancianos-aragon-la-rioja\\\/\",\"url\":\"https:\\\/\\\/innotecgrupo.com\\\/industria-empresa\\\/blog\\\/calidad-aire-interior-residencias-ancianos-aragon-la-rioja\\\/\",\"name\":\"Calidad de aire interior en residencias de ancianos | Innotec\",\"isPartOf\":{\"@id\":\"https:\\\/\\\/innotecgrupo.com\\\/industria-empresa\\\/#website\"},\"primaryImageOfPage\":{\"@id\":\"https:\\\/\\\/innotecgrupo.com\\\/industria-empresa\\\/blog\\\/calidad-aire-interior-residencias-ancianos-aragon-la-rioja\\\/#primaryimage\"},\"image\":{\"@id\":\"https:\\\/\\\/innotecgrupo.com\\\/industria-empresa\\\/blog\\\/calidad-aire-interior-residencias-ancianos-aragon-la-rioja\\\/#primaryimage\"},\"thumbnailUrl\":\"https:\\\/\\\/innotecgrupo.com\\\/industria-empresa\\\/wp-content\\\/uploads\\\/2024\\\/05\\\/calidad-aire-interior-residencias-ancianos.png\",\"datePublished\":\"2025-03-21T12:15:18+00:00\",\"dateModified\":\"2025-10-28T14:50:39+00:00\",\"description\":\"En el actual panorama industrial, los sistemas de captaci\u00f3n localizada se han convertido en un elemento fundamental para garantizar tanto la seguridad laboral como la eficiencia operativa de las plantas industriales. Estos sistemas no son simplemente una opci\u00f3n, sino una necesidad cr\u00edtica que responde a m\u00faltiples desaf\u00edos y exigencias del entorno productivo moderno.\",\"breadcrumb\":{\"@id\":\"https:\\\/\\\/innotecgrupo.com\\\/industria-empresa\\\/blog\\\/calidad-aire-interior-residencias-ancianos-aragon-la-rioja\\\/#breadcrumb\"},\"inLanguage\":\"es\",\"potentialAction\":[{\"@type\":\"ReadAction\",\"target\":[\"https:\\\/\\\/innotecgrupo.com\\\/industria-empresa\\\/blog\\\/calidad-aire-interior-residencias-ancianos-aragon-la-rioja\\\/\"]}]},{\"@type\":\"ImageObject\",\"inLanguage\":\"es\",\"@id\":\"https:\\\/\\\/innotecgrupo.com\\\/industria-empresa\\\/blog\\\/calidad-aire-interior-residencias-ancianos-aragon-la-rioja\\\/#primaryimage\",\"url\":\"https:\\\/\\\/innotecgrupo.com\\\/industria-empresa\\\/wp-content\\\/uploads\\\/2024\\\/05\\\/calidad-aire-interior-residencias-ancianos.png\",\"contentUrl\":\"https:\\\/\\\/innotecgrupo.com\\\/industria-empresa\\\/wp-content\\\/uploads\\\/2024\\\/05\\\/calidad-aire-interior-residencias-ancianos.png\",\"width\":810,\"height\":540,\"caption\":\"Calidad aire interior en residencias de ancianos\"},{\"@type\":\"BreadcrumbList\",\"@id\":\"https:\\\/\\\/innotecgrupo.com\\\/industria-empresa\\\/blog\\\/calidad-aire-interior-residencias-ancianos-aragon-la-rioja\\\/#breadcrumb\",\"itemListElement\":[{\"@type\":\"ListItem\",\"position\":1,\"name\":\"Portada\",\"item\":\"https:\\\/\\\/innotecgrupo.com\\\/industria-empresa\\\/\"},{\"@type\":\"ListItem\",\"position\":2,\"name\":\"Calidad de aire interior en residencias de ancianos\"}]},{\"@type\":\"WebSite\",\"@id\":\"https:\\\/\\\/innotecgrupo.com\\\/industria-empresa\\\/#website\",\"url\":\"https:\\\/\\\/innotecgrupo.com\\\/industria-empresa\\\/\",\"name\":\"Innotec Grupo\",\"description\":\"CLIMATIZACI\u00d3N ENFOCADA AL BIENESTAR INTEGRAL\",\"publisher\":{\"@id\":\"https:\\\/\\\/innotecgrupo.com\\\/industria-empresa\\\/#organization\"},\"potentialAction\":[{\"@type\":\"SearchAction\",\"target\":{\"@type\":\"EntryPoint\",\"urlTemplate\":\"https:\\\/\\\/innotecgrupo.com\\\/industria-empresa\\\/?s={search_term_string}\"},\"query-input\":{\"@type\":\"PropertyValueSpecification\",\"valueRequired\":true,\"valueName\":\"search_term_string\"}}],\"inLanguage\":\"es\"},{\"@type\":\"Organization\",\"@id\":\"https:\\\/\\\/innotecgrupo.com\\\/industria-empresa\\\/#organization\",\"name\":\"Innotec\",\"url\":\"https:\\\/\\\/innotecgrupo.com\\\/industria-empresa\\\/\",\"logo\":{\"@type\":\"ImageObject\",\"inLanguage\":\"es\",\"@id\":\"https:\\\/\\\/innotecgrupo.com\\\/industria-empresa\\\/#\\\/schema\\\/logo\\\/image\\\/\",\"url\":\"https:\\\/\\\/innotecgrupo.com\\\/industria-empresa\\\/wp-content\\\/uploads\\\/2022\\\/01\\\/logo-innotec.png\",\"contentUrl\":\"https:\\\/\\\/innotecgrupo.com\\\/industria-empresa\\\/wp-content\\\/uploads\\\/2022\\\/01\\\/logo-innotec.png\",\"width\":166,\"height\":31,\"caption\":\"Innotec\"},\"image\":{\"@id\":\"https:\\\/\\\/innotecgrupo.com\\\/industria-empresa\\\/#\\\/schema\\\/logo\\\/image\\\/\"}},{\"@type\":\"Person\",\"@id\":\"https:\\\/\\\/innotecgrupo.com\\\/industria-empresa\\\/#\\\/schema\\\/person\\\/cd83faa3aecd59ea2de1fcb467a88501\",\"name\":\"Manuel Bernal (Socio Fundador)\",\"description\":\"Ingeniero Industrial MBA en CESTE\",\"sameAs\":[\"https:\\\/\\\/www.linkedin.com\\\/in\\\/manuel-bernal-innotec\\\/\"],\"url\":\"https:\\\/\\\/innotecgrupo.com\\\/industria-empresa\\\/blog\\\/author\\\/manuel-bernal\\\/\"}]}<\/script>\n<!-- \/ Yoast SEO plugin. -->","yoast_head_json":{"title":"Calidad de aire interior en residencias de ancianos | Innotec","description":"En el actual panorama industrial, los sistemas de captaci\u00f3n localizada se han convertido en un elemento fundamental para garantizar tanto la seguridad laboral como la eficiencia operativa de las plantas industriales. Estos sistemas no son simplemente una opci\u00f3n, sino una necesidad cr\u00edtica que responde a m\u00faltiples desaf\u00edos y exigencias del entorno productivo moderno.","robots":{"index":"index","follow":"follow","max-snippet":"max-snippet:-1","max-image-preview":"max-image-preview:large","max-video-preview":"max-video-preview:-1"},"canonical":"https:\/\/innotecgrupo.com\/industria-empresa\/blog\/calidad-aire-interior-residencias-ancianos-aragon-la-rioja\/","og_locale":"es_ES","og_type":"article","og_title":"Calidad de aire interior en residencias de ancianos | Innotec","og_description":"En el actual panorama industrial, los sistemas de captaci\u00f3n localizada se han convertido en un elemento fundamental para garantizar tanto la seguridad laboral como la eficiencia operativa de las plantas industriales. Estos sistemas no son simplemente una opci\u00f3n, sino una necesidad cr\u00edtica que responde a m\u00faltiples desaf\u00edos y exigencias del entorno productivo moderno.","og_url":"https:\/\/innotecgrupo.com\/industria-empresa\/blog\/calidad-aire-interior-residencias-ancianos-aragon-la-rioja\/","og_site_name":"Innotec","article_published_time":"2025-03-21T12:15:18+00:00","article_modified_time":"2025-10-28T14:50:39+00:00","og_image":[{"width":810,"height":540,"url":"https:\/\/innotecgrupo.com\/industria-empresa\/wp-content\/uploads\/2024\/05\/calidad-aire-interior-residencias-ancianos.png","type":"image\/png"}],"author":"Manuel Bernal (Socio Fundador)","twitter_card":"summary_large_image","twitter_misc":{"Escrito por":"Manuel Bernal (Socio Fundador)","Tiempo de lectura":"9 minutos"},"schema":{"@context":"https:\/\/schema.org","@graph":[{"@type":"Article","@id":"https:\/\/innotecgrupo.com\/industria-empresa\/blog\/calidad-aire-interior-residencias-ancianos-aragon-la-rioja\/#article","isPartOf":{"@id":"https:\/\/innotecgrupo.com\/industria-empresa\/blog\/calidad-aire-interior-residencias-ancianos-aragon-la-rioja\/"},"author":{"name":"Manuel Bernal (Socio Fundador)","@id":"https:\/\/innotecgrupo.com\/industria-empresa\/#\/schema\/person\/cd83faa3aecd59ea2de1fcb467a88501"},"headline":"Calidad de aire interior en residencias de ancianos","datePublished":"2025-03-21T12:15:18+00:00","dateModified":"2025-10-28T14:50:39+00:00","mainEntityOfPage":{"@id":"https:\/\/innotecgrupo.com\/industria-empresa\/blog\/calidad-aire-interior-residencias-ancianos-aragon-la-rioja\/"},"wordCount":876,"publisher":{"@id":"https:\/\/innotecgrupo.com\/industria-empresa\/#organization"},"image":{"@id":"https:\/\/innotecgrupo.com\/industria-empresa\/blog\/calidad-aire-interior-residencias-ancianos-aragon-la-rioja\/#primaryimage"},"thumbnailUrl":"https:\/\/innotecgrupo.com\/industria-empresa\/wp-content\/uploads\/2024\/05\/calidad-aire-interior-residencias-ancianos.png","articleSection":["Calidad Aire Interior"],"inLanguage":"es"},{"@type":"WebPage","@id":"https:\/\/innotecgrupo.com\/industria-empresa\/blog\/calidad-aire-interior-residencias-ancianos-aragon-la-rioja\/","url":"https:\/\/innotecgrupo.com\/industria-empresa\/blog\/calidad-aire-interior-residencias-ancianos-aragon-la-rioja\/","name":"Calidad de aire interior en residencias de ancianos | Innotec","isPartOf":{"@id":"https:\/\/innotecgrupo.com\/industria-empresa\/#website"},"primaryImageOfPage":{"@id":"https:\/\/innotecgrupo.com\/industria-empresa\/blog\/calidad-aire-interior-residencias-ancianos-aragon-la-rioja\/#primaryimage"},"image":{"@id":"https:\/\/innotecgrupo.com\/industria-empresa\/blog\/calidad-aire-interior-residencias-ancianos-aragon-la-rioja\/#primaryimage"},"thumbnailUrl":"https:\/\/innotecgrupo.com\/industria-empresa\/wp-content\/uploads\/2024\/05\/calidad-aire-interior-residencias-ancianos.png","datePublished":"2025-03-21T12:15:18+00:00","dateModified":"2025-10-28T14:50:39+00:00","description":"En el actual panorama industrial, los sistemas de captaci\u00f3n localizada se han convertido en un elemento fundamental para garantizar tanto la seguridad laboral como la eficiencia operativa de las plantas industriales. Estos sistemas no son simplemente una opci\u00f3n, sino una necesidad cr\u00edtica que responde a m\u00faltiples desaf\u00edos y exigencias del entorno productivo moderno.","breadcrumb":{"@id":"https:\/\/innotecgrupo.com\/industria-empresa\/blog\/calidad-aire-interior-residencias-ancianos-aragon-la-rioja\/#breadcrumb"},"inLanguage":"es","potentialAction":[{"@type":"ReadAction","target":["https:\/\/innotecgrupo.com\/industria-empresa\/blog\/calidad-aire-interior-residencias-ancianos-aragon-la-rioja\/"]}]},{"@type":"ImageObject","inLanguage":"es","@id":"https:\/\/innotecgrupo.com\/industria-empresa\/blog\/calidad-aire-interior-residencias-ancianos-aragon-la-rioja\/#primaryimage","url":"https:\/\/innotecgrupo.com\/industria-empresa\/wp-content\/uploads\/2024\/05\/calidad-aire-interior-residencias-ancianos.png","contentUrl":"https:\/\/innotecgrupo.com\/industria-empresa\/wp-content\/uploads\/2024\/05\/calidad-aire-interior-residencias-ancianos.png","width":810,"height":540,"caption":"Calidad aire interior en residencias de ancianos"},{"@type":"BreadcrumbList","@id":"https:\/\/innotecgrupo.com\/industria-empresa\/blog\/calidad-aire-interior-residencias-ancianos-aragon-la-rioja\/#breadcrumb","itemListElement":[{"@type":"ListItem","position":1,"name":"Portada","item":"https:\/\/innotecgrupo.com\/industria-empresa\/"},{"@type":"ListItem","position":2,"name":"Calidad de aire interior en residencias de ancianos"}]},{"@type":"WebSite","@id":"https:\/\/innotecgrupo.com\/industria-empresa\/#website","url":"https:\/\/innotecgrupo.com\/industria-empresa\/","name":"Innotec Grupo","description":"CLIMATIZACI\u00d3N ENFOCADA AL BIENESTAR INTEGRAL","publisher":{"@id":"https:\/\/innotecgrupo.com\/industria-empresa\/#organization"},"potentialAction":[{"@type":"SearchAction","target":{"@type":"EntryPoint","urlTemplate":"https:\/\/innotecgrupo.com\/industria-empresa\/?s={search_term_string}"},"query-input":{"@type":"PropertyValueSpecification","valueRequired":true,"valueName":"search_term_string"}}],"inLanguage":"es"},{"@type":"Organization","@id":"https:\/\/innotecgrupo.com\/industria-empresa\/#organization","name":"Innotec","url":"https:\/\/innotecgrupo.com\/industria-empresa\/","logo":{"@type":"ImageObject","inLanguage":"es","@id":"https:\/\/innotecgrupo.com\/industria-empresa\/#\/schema\/logo\/image\/","url":"https:\/\/innotecgrupo.com\/industria-empresa\/wp-content\/uploads\/2022\/01\/logo-innotec.png","contentUrl":"https:\/\/innotecgrupo.com\/industria-empresa\/wp-content\/uploads\/2022\/01\/logo-innotec.png","width":166,"height":31,"caption":"Innotec"},"image":{"@id":"https:\/\/innotecgrupo.com\/industria-empresa\/#\/schema\/logo\/image\/"}},{"@type":"Person","@id":"https:\/\/innotecgrupo.com\/industria-empresa\/#\/schema\/person\/cd83faa3aecd59ea2de1fcb467a88501","name":"Manuel Bernal (Socio Fundador)","description":"Ingeniero Industrial MBA en CESTE","sameAs":["https:\/\/www.linkedin.com\/in\/manuel-bernal-innotec\/"],"url":"https:\/\/innotecgrupo.com\/industria-empresa\/blog\/author\/manuel-bernal\/"}]}},"_links":{"self":[{"href":"https:\/\/innotecgrupo.com\/industria-empresa\/wp-json\/wp\/v2\/posts\/23305","targetHints":{"allow":["GET"]}}],"collection":[{"href":"https:\/\/innotecgrupo.com\/industria-empresa\/wp-json\/wp\/v2\/posts"}],"about":[{"href":"https:\/\/innotecgrupo.com\/industria-empresa\/wp-json\/wp\/v2\/types\/post"}],"author":[{"embeddable":true,"href":"https:\/\/innotecgrupo.com\/industria-empresa\/wp-json\/wp\/v2\/users\/9"}],"replies":[{"embeddable":true,"href":"https:\/\/innotecgrupo.com\/industria-empresa\/wp-json\/wp\/v2\/comments?post=23305"}],"version-history":[{"count":4,"href":"https:\/\/innotecgrupo.com\/industria-empresa\/wp-json\/wp\/v2\/posts\/23305\/revisions"}],"predecessor-version":[{"id":23309,"href":"https:\/\/innotecgrupo.com\/industria-empresa\/wp-json\/wp\/v2\/posts\/23305\/revisions\/23309"}],"wp:featuredmedia":[{"embeddable":true,"href":"https:\/\/innotecgrupo.com\/industria-empresa\/wp-json\/wp\/v2\/media\/17990"}],"wp:attachment":[{"href":"https:\/\/innotecgrupo.com\/industria-empresa\/wp-json\/wp\/v2\/media?parent=23305"}],"wp:term":[{"taxonomy":"category","embeddable":true,"href":"https:\/\/innotecgrupo.com\/industria-empresa\/wp-json\/wp\/v2\/categories?post=23305"},{"taxonomy":"post_tag","embeddable":true,"href":"https:\/\/innotecgrupo.com\/industria-empresa\/wp-json\/wp\/v2\/tags?post=23305"}],"curies":[{"name":"wp","href":"https:\/\/api.w.org\/{rel}","templated":true}]}}