{"id":23274,"date":"2025-03-21T12:13:51","date_gmt":"2025-03-21T11:13:51","guid":{"rendered":"https:\/\/greenyellow-alligator-204266.hostingersite.com\/industria-empresa\/?p=23274"},"modified":"2025-10-28T15:51:30","modified_gmt":"2025-10-28T14:51:30","slug":"unidades-de-tratamiento-de-aire-utas-mejorando-la-calidad-de-aire-interior","status":"publish","type":"post","link":"https:\/\/innotecgrupo.com\/industria-empresa\/blog\/unidades-de-tratamiento-de-aire-utas-mejorando-la-calidad-de-aire-interior\/","title":{"rendered":"Unidades de tratamiento de aire (UTAS): Mejorando la calidad de aire interior"},"content":{"rendered":"\t\t<div data-elementor-type=\"wp-post\" data-elementor-id=\"23274\" class=\"elementor elementor-23274\" data-elementor-post-type=\"post\">\n\t\t\t\t<div class=\"has_ae_slider elementor-element elementor-element-24be31e e-flex e-con-boxed ae-bg-gallery-type-default e-con e-parent\" data-id=\"24be31e\" data-element_type=\"container\" data-e-type=\"container\">\n\t\t\t\t\t<div class=\"e-con-inner\">\n\t\t\t\t<div class=\"elementor-element elementor-element-d70def6 elementor-widget elementor-widget-heading\" data-id=\"d70def6\" data-element_type=\"widget\" data-e-type=\"widget\" data-widget_type=\"heading.default\">\n\t\t\t\t<div class=\"elementor-widget-container\">\n\t\t\t\t\t<h2 class=\"elementor-heading-title elementor-size-default\">Una breve historia sobre la Calidad de Aire Interior<\/h2>\t\t\t\t<\/div>\n\t\t\t\t<\/div>\n\t\t\t\t\t<\/div>\n\t\t\t\t<\/div>\n\t\t<div class=\"has_ae_slider elementor-element elementor-element-04e3235 e-flex e-con-boxed ae-bg-gallery-type-default e-con e-parent\" data-id=\"04e3235\" data-element_type=\"container\" data-e-type=\"container\">\n\t\t\t\t\t<div class=\"e-con-inner\">\n\t\t\t\t<div class=\"elementor-element elementor-element-3773eda elementor-widget elementor-widget-text-editor\" data-id=\"3773eda\" data-element_type=\"widget\" data-e-type=\"widget\" data-widget_type=\"text-editor.default\">\n\t\t\t\t<div class=\"elementor-widget-container\">\n\t\t\t\t\t\t\t\t\t<p>Siempre me he preguntado por qu\u00e9 en las distintas \u00e1reas de la empresa se grafican un mont\u00f3n de indicadores sobre ratios de producci\u00f3n, \u00edndice de rechazos, datos sobre cambio r\u00e1pido de utillajes en las prensas de corte (SMED), N\u00ba de reclamaciones de Clientes, N\u00ba de No Conformidades Internas, datos de evaluaci\u00f3n de proveedores, datos sobre emisiones medioambientales, reciclado de residuos y un largu\u00ediiiiiiisimo etc., pero no se mide la calidad de aire que se respira.<\/p><p>Siempre me lo he preguntado. \u00bfT\u00fa no?<\/p><p>\u00bfSer\u00e1 porque se hace bueno el refr\u00e1n de \u201cojos que no ven, coraz\u00f3n que no siente\u201d?<\/p><p>\u00bfNo te has parado a pensar en ello? No tenemos la necesidad de mejorar aquello que no sabemos que est\u00e1 mal. \u00bfCierto? Y el aire que respiramos en nuestras empresas \u00bfsabemos si es de calidad?<\/p><p>Haz la prueba. Pregunta a alg\u00fan conocido si sabe cual es la calidad del aire que respira en su empresa. Adem\u00e1s de mirarte como si te hubieras desayunado 3 cazallas, te pondr\u00e1 una cara de circunstancias tremenda, como diciendo \u00bfyo que s\u00e9 que calidad de aire hay? \u00a1Vaya cosas me pregunta este t\u00edo!, pero sin dec\u00edrtelo claro.<\/p><p>Sin embargo, se sabr\u00e1 de memoria las unidades de \u201cmangozullos\u201d que se han servido a clientes este mes y el \u00edndice de incidencias en los \u201crotatrones\u201d que, mire usted, \u00a1est\u00e1 subiendo una barbaridad!<\/p><p>Pero que yo sepa, ni los mangozullos ni los rotatrones afectan a nuestra salud, sin embargo la calidad de aire que respiramos s\u00ed. Entonces, \u00bfpor qu\u00e9 es un par\u00e1metro que aparentemente no nos preocupa?<\/p><p>Pues, seguramente porque damos por hecho que es de buena calidad. Porque cuando me pillo la mano en una prensa, est\u00e1 claro que no han funcionado las medidas de seguridad. Hay una se\u00f1al en el corto plazo que me dice que algo ha funcionado mal.<\/p><p>Con el aire que respiramos no suele haber se\u00f1ales negativas\u2026en el corto plazo. Peeeeero, muchas veces las se\u00f1ales que no se dan en el corto plazo son las m\u00e1s da\u00f1inas con el tiempo. Y la calidad de aire es una de ellas. Lo que respiramos se acumula en nuestro organismo: material particulado (especialmente peligrosas las part\u00edculas de menos de 1 micr\u00f3metro que tienen capacidad de llegar a nuestro flujo sangu\u00edneo), compuestos org\u00e1nicos vol\u00e1tiles y un largo etc\u00e9tera de substancias que respiramos constantemente, a todas horas, durante todos los d\u00edas y todos los a\u00f1os que trabajamos en nuestras empresas.<\/p><p>Si te sientes identificado con esta historia, y crees que hay que darle la importancia que tiene a la calidad del aire que respiramos en nuestras empresas, entonces sigue leyendo y descubrir\u00e1s c\u00f3mo te podemos ayudar\u2026<\/p>\t\t\t\t\t\t\t\t<\/div>\n\t\t\t\t<\/div>\n\t\t\t\t\t<\/div>\n\t\t\t\t<\/div>\n\t\t<div class=\"has_ae_slider elementor-element elementor-element-6d8f3df e-flex e-con-boxed ae-bg-gallery-type-default e-con e-parent\" data-id=\"6d8f3df\" data-element_type=\"container\" data-e-type=\"container\">\n\t\t\t\t\t<div class=\"e-con-inner\">\n\t\t\t\t<div class=\"elementor-element elementor-element-1a8596d elementor-arrows-position-inside elementor-pagination-position-outside elementor-widget elementor-widget-image-carousel\" data-id=\"1a8596d\" data-element_type=\"widget\" data-e-type=\"widget\" data-settings=\"{&quot;autoplay_speed&quot;:1780,&quot;motion_fx_motion_fx_scrolling&quot;:&quot;yes&quot;,&quot;navigation&quot;:&quot;both&quot;,&quot;autoplay&quot;:&quot;yes&quot;,&quot;pause_on_hover&quot;:&quot;yes&quot;,&quot;pause_on_interaction&quot;:&quot;yes&quot;,&quot;infinite&quot;:&quot;yes&quot;,&quot;speed&quot;:500,&quot;motion_fx_devices&quot;:[&quot;desktop&quot;,&quot;tablet&quot;,&quot;mobile&quot;]}\" data-widget_type=\"image-carousel.default\">\n\t\t\t\t<div class=\"elementor-widget-container\">\n\t\t\t\t\t\t\t<div class=\"elementor-image-carousel-wrapper swiper\" role=\"region\" aria-roledescription=\"carousel\" aria-label=\"Carrusel de im\u00e1genes\" dir=\"ltr\">\n\t\t\t<div class=\"elementor-image-carousel swiper-wrapper\" aria-live=\"off\">\n\t\t\t\t\t\t\t\t<div class=\"swiper-slide\" role=\"group\" aria-roledescription=\"slide\" aria-label=\"1 de 7\"><figure class=\"swiper-slide-inner\"><img decoding=\"async\" class=\"swiper-slide-image\" src=\"https:\/\/innotecgrupo.com\/industria-empresa\/wp-content\/uploads\/2024\/09\/calidad-aire-interior-unidades-tratamiento-aire-utas-aragon-la-rioja-8.png\" alt=\"Calidad aire interior unidades tratamiento aire uta en Arag\u00f3n y La Rioja\" \/><\/figure><\/div><div class=\"swiper-slide\" role=\"group\" aria-roledescription=\"slide\" aria-label=\"2 de 7\"><figure class=\"swiper-slide-inner\"><img decoding=\"async\" class=\"swiper-slide-image\" src=\"https:\/\/innotecgrupo.com\/industria-empresa\/wp-content\/uploads\/2024\/09\/calidad-aire-interior-unidades-tratamiento-aire-utas-aragon-la-rioja-1.webp\" alt=\"Calidad aire interior unidades tratamiento aire uta en Arag\u00f3n y La Rioja\" \/><\/figure><\/div><div class=\"swiper-slide\" role=\"group\" aria-roledescription=\"slide\" aria-label=\"3 de 7\"><figure class=\"swiper-slide-inner\"><img decoding=\"async\" class=\"swiper-slide-image\" src=\"https:\/\/innotecgrupo.com\/industria-empresa\/wp-content\/uploads\/2024\/09\/calidad-aire-interior-unidades-tratamiento-aire-utas-aragon-la-rioja-2.webp\" alt=\"Calidad aire interior unidades tratamiento aire uta en Arag\u00f3n y La Rioja\" \/><\/figure><\/div><div class=\"swiper-slide\" role=\"group\" aria-roledescription=\"slide\" aria-label=\"4 de 7\"><figure class=\"swiper-slide-inner\"><img decoding=\"async\" class=\"swiper-slide-image\" src=\"https:\/\/innotecgrupo.com\/industria-empresa\/wp-content\/uploads\/2024\/09\/calidad-aire-interior-unidades-tratamiento-aire-utas-aragon-la-rioja-3.jpg\" alt=\"Calidad aire interior unidades tratamiento aire uta en Arag\u00f3n y La Rioja\" \/><\/figure><\/div><div class=\"swiper-slide\" role=\"group\" aria-roledescription=\"slide\" aria-label=\"5 de 7\"><figure class=\"swiper-slide-inner\"><img decoding=\"async\" class=\"swiper-slide-image\" src=\"https:\/\/innotecgrupo.com\/industria-empresa\/wp-content\/uploads\/2024\/09\/calidad-aire-interior-unidades-tratamiento-aire-utas-aragon-la-rioja-4.png\" alt=\"Calidad aire interior unidades tratamiento aire uta en Arag\u00f3n y La Rioja\" \/><\/figure><\/div><div class=\"swiper-slide\" role=\"group\" aria-roledescription=\"slide\" aria-label=\"6 de 7\"><figure class=\"swiper-slide-inner\"><img decoding=\"async\" class=\"swiper-slide-image\" src=\"https:\/\/innotecgrupo.com\/industria-empresa\/wp-content\/uploads\/2024\/09\/calidad-aire-interior-unidades-tratamiento-aire-utas-aragon-la-rioja-6.png\" alt=\"Calidad aire interior unidades tratamiento aire uta en Arag\u00f3n y La Rioja\" \/><\/figure><\/div><div class=\"swiper-slide\" role=\"group\" aria-roledescription=\"slide\" aria-label=\"7 de 7\"><figure class=\"swiper-slide-inner\"><img decoding=\"async\" class=\"swiper-slide-image\" src=\"https:\/\/innotecgrupo.com\/industria-empresa\/wp-content\/uploads\/2024\/09\/calidad-aire-interior-unidades-tratamiento-aire-utas-aragon-la-rioja-7.png\" alt=\"Calidad aire interior unidades tratamiento aire uta en Arag\u00f3n y La Rioja\" \/><\/figure><\/div>\t\t\t<\/div>\n\t\t\t\t\t\t\t\t\t\t\t\t<div class=\"elementor-swiper-button elementor-swiper-button-prev\" role=\"button\" tabindex=\"0\">\n\t\t\t\t\t\t<svg aria-hidden=\"true\" class=\"e-font-icon-svg e-eicon-chevron-left\" viewBox=\"0 0 1000 1000\" xmlns=\"http:\/\/www.w3.org\/2000\/svg\"><path d=\"M646 125C629 125 613 133 604 142L308 442C296 454 292 471 292 487 292 504 296 521 308 533L604 854C617 867 629 875 646 875 663 875 679 871 692 858 704 846 713 829 713 812 713 796 708 779 692 767L438 487 692 225C700 217 708 204 708 187 708 171 704 154 692 142 675 129 663 125 646 125Z\"><\/path><\/svg>\t\t\t\t\t<\/div>\n\t\t\t\t\t<div class=\"elementor-swiper-button elementor-swiper-button-next\" role=\"button\" tabindex=\"0\">\n\t\t\t\t\t\t<svg aria-hidden=\"true\" class=\"e-font-icon-svg e-eicon-chevron-right\" viewBox=\"0 0 1000 1000\" xmlns=\"http:\/\/www.w3.org\/2000\/svg\"><path d=\"M696 533C708 521 713 504 713 487 713 471 708 454 696 446L400 146C388 133 375 125 354 125 338 125 325 129 313 142 300 154 292 171 292 187 292 204 296 221 308 233L563 492 304 771C292 783 288 800 288 817 288 833 296 850 308 863 321 871 338 875 354 875 371 875 388 867 400 854L696 533Z\"><\/path><\/svg>\t\t\t\t\t<\/div>\n\t\t\t\t\n\t\t\t\t\t\t\t\t\t<div class=\"swiper-pagination\"><\/div>\n\t\t\t\t\t\t\t\t\t<\/div>\n\t\t\t\t\t\t<\/div>\n\t\t\t\t<\/div>\n\t\t\t\t\t<\/div>\n\t\t\t\t<\/div>\n\t\t<div class=\"has_ae_slider elementor-element elementor-element-ca88156 e-flex e-con-boxed ae-bg-gallery-type-default e-con e-parent\" data-id=\"ca88156\" data-element_type=\"container\" data-e-type=\"container\">\n\t\t\t\t\t<div class=\"e-con-inner\">\n\t\t\t\t<div class=\"elementor-element elementor-element-48833f0 elementor-widget elementor-widget-heading\" data-id=\"48833f0\" data-element_type=\"widget\" data-e-type=\"widget\" data-widget_type=\"heading.default\">\n\t\t\t\t<div class=\"elementor-widget-container\">\n\t\t\t\t\t<h2 class=\"elementor-heading-title elementor-size-default\">Nuestros servicios de instalaci\u00f3n de Unidades de Tratamiento de Aire (UTAs)<\/h2>\t\t\t\t<\/div>\n\t\t\t\t<\/div>\n\t\t\t\t<div class=\"elementor-element elementor-element-0cb45a2 elementor-widget elementor-widget-text-editor\" data-id=\"0cb45a2\" data-element_type=\"widget\" data-e-type=\"widget\" data-widget_type=\"text-editor.default\">\n\t\t\t\t<div class=\"elementor-widget-container\">\n\t\t\t\t\t\t\t\t\t<p>En Grupo Innotec, ofrecemos una amplia gama de servicios relacionados con las Unidades de Tratamiento de Aire (UTAs), abarcando desde la instalaci\u00f3n hasta el mantenimiento preventivo y correctivo. A continuaci\u00f3n, te presentamos en detalle cada uno de nuestros servicios.<\/p>\t\t\t\t\t\t\t\t<\/div>\n\t\t\t\t<\/div>\n\t\t\t\t<div class=\"elementor-element elementor-element-374bda1 elementor-position-left elementor-vertical-align-top elementor-widget elementor-widget-image-box\" data-id=\"374bda1\" data-element_type=\"widget\" data-e-type=\"widget\" data-widget_type=\"image-box.default\">\n\t\t\t\t<div class=\"elementor-widget-container\">\n\t\t\t\t\t<div class=\"elementor-image-box-wrapper\"><figure class=\"elementor-image-box-img\"><img fetchpriority=\"high\" decoding=\"async\" width=\"512\" height=\"512\" src=\"https:\/\/innotecgrupo.com\/industria-empresa\/wp-content\/uploads\/2024\/09\/calidad-aire-interior-unidades-tratamiento-aire-utas-aragon-la-rioja-9.png\" class=\"attachment-full size-full wp-image-22012\" alt=\"Calidad aire interior unidades tratamiento aire uta en Arag\u00f3n y La Rioja\" srcset=\"https:\/\/innotecgrupo.com\/industria-empresa\/wp-content\/uploads\/2024\/09\/calidad-aire-interior-unidades-tratamiento-aire-utas-aragon-la-rioja-9.png 512w, https:\/\/innotecgrupo.com\/industria-empresa\/wp-content\/uploads\/2024\/09\/calidad-aire-interior-unidades-tratamiento-aire-utas-aragon-la-rioja-9-300x300.png 300w, https:\/\/innotecgrupo.com\/industria-empresa\/wp-content\/uploads\/2024\/09\/calidad-aire-interior-unidades-tratamiento-aire-utas-aragon-la-rioja-9-150x150.png 150w, https:\/\/innotecgrupo.com\/industria-empresa\/wp-content\/uploads\/2024\/09\/calidad-aire-interior-unidades-tratamiento-aire-utas-aragon-la-rioja-9-80x80.png 80w, https:\/\/innotecgrupo.com\/industria-empresa\/wp-content\/uploads\/2024\/09\/calidad-aire-interior-unidades-tratamiento-aire-utas-aragon-la-rioja-9-360x360.png 360w, https:\/\/innotecgrupo.com\/industria-empresa\/wp-content\/uploads\/2024\/09\/calidad-aire-interior-unidades-tratamiento-aire-utas-aragon-la-rioja-9-24x24.png 24w, https:\/\/innotecgrupo.com\/industria-empresa\/wp-content\/uploads\/2024\/09\/calidad-aire-interior-unidades-tratamiento-aire-utas-aragon-la-rioja-9-48x48.png 48w, https:\/\/innotecgrupo.com\/industria-empresa\/wp-content\/uploads\/2024\/09\/calidad-aire-interior-unidades-tratamiento-aire-utas-aragon-la-rioja-9-96x96.png 96w\" sizes=\"(max-width: 512px) 100vw, 512px\" \/><\/figure><div class=\"elementor-image-box-content\"><h3 class=\"elementor-image-box-title\">Dise\u00f1o personalizado seg\u00fan necesidades<\/h3><p class=\"elementor-image-box-description\">Cada proyecto es \u00fanico, y en Grupo Innotec lo entendemos perfectamente. Por eso, comenzamos cada instalaci\u00f3n con un estudio detallado de las necesidades espec\u00edficas de tu edificio o empresa. Nuestro equipo de ingenieros y especialistas en climatizaci\u00f3n analiza factores como las dimensiones del \u00e1rea a climatizar, la ocupaci\u00f3n, la orientaci\u00f3n del edificio, las cargas t\u00e9rmicas, los procesos productivos y los requerimientos de calidad del aire interior.\n<br>\nA partir de este an\u00e1lisis, desarrollamos un dise\u00f1o personalizado de la UTA, seleccionando los componentes y configuraciones m\u00e1s adecuados para garantizar un rendimiento \u00f3ptimo y eficiente. Nos aseguramos de que el dise\u00f1o cumpla con todas las normativas y regulaciones aplicables, as\u00ed como con tus expectativas y requisitos particulares.<\/p><\/div><\/div>\t\t\t\t<\/div>\n\t\t\t\t<\/div>\n\t\t\t\t<div class=\"elementor-element elementor-element-f346475 elementor-position-left elementor-vertical-align-top elementor-widget elementor-widget-image-box\" data-id=\"f346475\" data-element_type=\"widget\" data-e-type=\"widget\" data-widget_type=\"image-box.default\">\n\t\t\t\t<div class=\"elementor-widget-container\">\n\t\t\t\t\t<div class=\"elementor-image-box-wrapper\"><figure class=\"elementor-image-box-img\"><img decoding=\"async\" width=\"512\" height=\"512\" src=\"https:\/\/innotecgrupo.com\/industria-empresa\/wp-content\/uploads\/2024\/09\/calidad-aire-interior-unidades-tratamiento-aire-utas-aragon-la-rioja-10.png\" class=\"attachment-full size-full wp-image-22013\" alt=\"Calidad aire interior unidades tratamiento aire uta en Arag\u00f3n y La Rioja\" srcset=\"https:\/\/innotecgrupo.com\/industria-empresa\/wp-content\/uploads\/2024\/09\/calidad-aire-interior-unidades-tratamiento-aire-utas-aragon-la-rioja-10.png 512w, https:\/\/innotecgrupo.com\/industria-empresa\/wp-content\/uploads\/2024\/09\/calidad-aire-interior-unidades-tratamiento-aire-utas-aragon-la-rioja-10-300x300.png 300w, https:\/\/innotecgrupo.com\/industria-empresa\/wp-content\/uploads\/2024\/09\/calidad-aire-interior-unidades-tratamiento-aire-utas-aragon-la-rioja-10-150x150.png 150w, https:\/\/innotecgrupo.com\/industria-empresa\/wp-content\/uploads\/2024\/09\/calidad-aire-interior-unidades-tratamiento-aire-utas-aragon-la-rioja-10-80x80.png 80w, https:\/\/innotecgrupo.com\/industria-empresa\/wp-content\/uploads\/2024\/09\/calidad-aire-interior-unidades-tratamiento-aire-utas-aragon-la-rioja-10-360x360.png 360w, https:\/\/innotecgrupo.com\/industria-empresa\/wp-content\/uploads\/2024\/09\/calidad-aire-interior-unidades-tratamiento-aire-utas-aragon-la-rioja-10-24x24.png 24w, https:\/\/innotecgrupo.com\/industria-empresa\/wp-content\/uploads\/2024\/09\/calidad-aire-interior-unidades-tratamiento-aire-utas-aragon-la-rioja-10-48x48.png 48w, https:\/\/innotecgrupo.com\/industria-empresa\/wp-content\/uploads\/2024\/09\/calidad-aire-interior-unidades-tratamiento-aire-utas-aragon-la-rioja-10-96x96.png 96w\" sizes=\"(max-width: 512px) 100vw, 512px\" \/><\/figure><div class=\"elementor-image-box-content\"><h3 class=\"elementor-image-box-title\">Montaje y puesta en marcha<\/h3><p class=\"elementor-image-box-description\">Una vez finalizado el dise\u00f1o, nuestro equipo de t\u00e9cnicos se encarga del montaje y la instalaci\u00f3n de la UTA. Siguiendo las mejores pr\u00e1cticas y est\u00e1ndares de calidad, realizamos una instalaci\u00f3n minuciosa y precisa, asegurando que todos los componentes est\u00e9n correctamente ensamblados y conectados.\n<br>\nDespu\u00e9s de la instalaci\u00f3n, llevamos a cabo una exhaustiva puesta en marcha de la UTA. Realizamos pruebas de funcionamiento, ajustes y calibraciones para garantizar que el sistema opere de manera \u00f3ptima y eficiente. Verificamos que la UTA cumpla con los par\u00e1metros de dise\u00f1o y que proporcione las condiciones de confort y calidad del aire deseadas.<\/p><\/div><\/div>\t\t\t\t<\/div>\n\t\t\t\t<\/div>\n\t\t\t\t<div class=\"elementor-element elementor-element-61638b9 elementor-position-left elementor-vertical-align-top elementor-widget elementor-widget-image-box\" data-id=\"61638b9\" data-element_type=\"widget\" data-e-type=\"widget\" data-widget_type=\"image-box.default\">\n\t\t\t\t<div class=\"elementor-widget-container\">\n\t\t\t\t\t<div class=\"elementor-image-box-wrapper\"><figure class=\"elementor-image-box-img\"><img decoding=\"async\" width=\"512\" height=\"512\" src=\"https:\/\/innotecgrupo.com\/industria-empresa\/wp-content\/uploads\/2024\/09\/calidad-aire-interior-unidades-tratamiento-aire-utas-aragon-la-rioja-11.png\" class=\"attachment-full size-full wp-image-22014\" alt=\"Calidad aire interior unidades tratamiento aire uta en Arag\u00f3n y La Rioja\" srcset=\"https:\/\/innotecgrupo.com\/industria-empresa\/wp-content\/uploads\/2024\/09\/calidad-aire-interior-unidades-tratamiento-aire-utas-aragon-la-rioja-11.png 512w, https:\/\/innotecgrupo.com\/industria-empresa\/wp-content\/uploads\/2024\/09\/calidad-aire-interior-unidades-tratamiento-aire-utas-aragon-la-rioja-11-300x300.png 300w, https:\/\/innotecgrupo.com\/industria-empresa\/wp-content\/uploads\/2024\/09\/calidad-aire-interior-unidades-tratamiento-aire-utas-aragon-la-rioja-11-150x150.png 150w, https:\/\/innotecgrupo.com\/industria-empresa\/wp-content\/uploads\/2024\/09\/calidad-aire-interior-unidades-tratamiento-aire-utas-aragon-la-rioja-11-80x80.png 80w, https:\/\/innotecgrupo.com\/industria-empresa\/wp-content\/uploads\/2024\/09\/calidad-aire-interior-unidades-tratamiento-aire-utas-aragon-la-rioja-11-360x360.png 360w, https:\/\/innotecgrupo.com\/industria-empresa\/wp-content\/uploads\/2024\/09\/calidad-aire-interior-unidades-tratamiento-aire-utas-aragon-la-rioja-11-24x24.png 24w, https:\/\/innotecgrupo.com\/industria-empresa\/wp-content\/uploads\/2024\/09\/calidad-aire-interior-unidades-tratamiento-aire-utas-aragon-la-rioja-11-48x48.png 48w, https:\/\/innotecgrupo.com\/industria-empresa\/wp-content\/uploads\/2024\/09\/calidad-aire-interior-unidades-tratamiento-aire-utas-aragon-la-rioja-11-96x96.png 96w\" sizes=\"(max-width: 512px) 100vw, 512px\" \/><\/figure><div class=\"elementor-image-box-content\"><h3 class=\"elementor-image-box-title\">Mantenimiento preventivo<\/h3><p class=\"elementor-image-box-description\">El mantenimiento preventivo es fundamental para garantizar el funcionamiento continuo y eficiente de tu UTA a lo largo del tiempo. En Grupo Innotec, ofrecemos programas de mantenimiento preventivo adaptados a las necesidades espec\u00edficas de cada sistema y cliente.\n<br>\nNuestro equipo de t\u00e9cnicos realiza revisiones peri\u00f3dicas programadas de tu UTA. Durante estas revisiones, llevamos a cabo una serie de tareas de inspecci\u00f3n, verificaci\u00f3n, limpieza y ajuste para detectar y prevenir posibles problemas antes de que se conviertan en fallos costosos.\nAlgunas de las tareas que realizamos durante las revisiones peri\u00f3dicas incluyen:\nInspecci\u00f3n visual de los componentes de la UTA, como filtros, bater\u00edas, ventiladores, correas, etc.\nVerificaci\u00f3n del funcionamiento de los sistemas de control y automatizaci\u00f3n.\nMedici\u00f3n de par\u00e1metros clave, como temperaturas, presiones, caudales de aire, etc.\nComprobaci\u00f3n de la eficiencia energ\u00e9tica y el rendimiento del sistema.\nDetecci\u00f3n de posibles fugas, desgastes o anomal\u00edas.\nLimpieza profunda de los componentes de la UTA, como filtros, bater\u00edas, bandejas de condensados, etc.\nSustituci\u00f3n de filtros seg\u00fan los intervalos recomendados por el fabricante.\nAjustes y calibraciones de los sistemas de control y automatizaci\u00f3n.\nLubricaci\u00f3n de partes m\u00f3viles, como rodamientos y motores.\nApriete de conexiones el\u00e9ctricas y mec\u00e1nicas.\nEstas tareas de limpieza y ajustes contribuyen a prolongar la vida \u00fatil de tu UTA, mejorar su eficiencia energ\u00e9tica y garantizar una calidad \u00f3ptima del aire interior.<\/p><\/div><\/div>\t\t\t\t<\/div>\n\t\t\t\t<\/div>\n\t\t\t\t<div class=\"elementor-element elementor-element-84cc772 elementor-position-left elementor-vertical-align-top elementor-widget elementor-widget-image-box\" data-id=\"84cc772\" data-element_type=\"widget\" data-e-type=\"widget\" data-widget_type=\"image-box.default\">\n\t\t\t\t<div class=\"elementor-widget-container\">\n\t\t\t\t\t<div class=\"elementor-image-box-wrapper\"><figure class=\"elementor-image-box-img\"><img loading=\"lazy\" decoding=\"async\" width=\"512\" height=\"512\" src=\"https:\/\/innotecgrupo.com\/industria-empresa\/wp-content\/uploads\/2024\/09\/calidad-aire-interior-unidades-tratamiento-aire-utas-aragon-la-rioja-12.png\" class=\"attachment-full size-full wp-image-22015\" alt=\"Calidad aire interior unidades tratamiento aire uta en Arag\u00f3n y La Rioja\" srcset=\"https:\/\/innotecgrupo.com\/industria-empresa\/wp-content\/uploads\/2024\/09\/calidad-aire-interior-unidades-tratamiento-aire-utas-aragon-la-rioja-12.png 512w, https:\/\/innotecgrupo.com\/industria-empresa\/wp-content\/uploads\/2024\/09\/calidad-aire-interior-unidades-tratamiento-aire-utas-aragon-la-rioja-12-300x300.png 300w, https:\/\/innotecgrupo.com\/industria-empresa\/wp-content\/uploads\/2024\/09\/calidad-aire-interior-unidades-tratamiento-aire-utas-aragon-la-rioja-12-150x150.png 150w, https:\/\/innotecgrupo.com\/industria-empresa\/wp-content\/uploads\/2024\/09\/calidad-aire-interior-unidades-tratamiento-aire-utas-aragon-la-rioja-12-80x80.png 80w, https:\/\/innotecgrupo.com\/industria-empresa\/wp-content\/uploads\/2024\/09\/calidad-aire-interior-unidades-tratamiento-aire-utas-aragon-la-rioja-12-360x360.png 360w, https:\/\/innotecgrupo.com\/industria-empresa\/wp-content\/uploads\/2024\/09\/calidad-aire-interior-unidades-tratamiento-aire-utas-aragon-la-rioja-12-24x24.png 24w, https:\/\/innotecgrupo.com\/industria-empresa\/wp-content\/uploads\/2024\/09\/calidad-aire-interior-unidades-tratamiento-aire-utas-aragon-la-rioja-12-48x48.png 48w, https:\/\/innotecgrupo.com\/industria-empresa\/wp-content\/uploads\/2024\/09\/calidad-aire-interior-unidades-tratamiento-aire-utas-aragon-la-rioja-12-96x96.png 96w\" sizes=\"(max-width: 512px) 100vw, 512px\" \/><\/figure><div class=\"elementor-image-box-content\"><h3 class=\"elementor-image-box-title\">Mantenimiento correctivo<\/h3><p class=\"elementor-image-box-description\">A pesar de un mantenimiento preventivo regular, en ocasiones pueden surgir problemas o aver\u00edas en tu UTA. En Grupo Innotec, estamos preparados para brindarte un servicio de mantenimiento correctivo r\u00e1pido y eficaz, minimizando el tiempo de inactividad y restaurando el funcionamiento normal de tu sistema.\nNuestro equipo de t\u00e9cnicos puede diagnosticar y solucionar cualquier problema que presente tu UTA. Realizamos reparaciones de alta calidad, utilizando herramientas y t\u00e9cnicas avanzadas para identificar la causa ra\u00edz del problema y aplicar la soluci\u00f3n m\u00e1s adecuada.\n<br>\nEn caso de que alg\u00fan componente de la UTA est\u00e9 da\u00f1ado o haya llegado al final de su vida \u00fatil, procedemos a su sustituci\u00f3n. Utilizamos repuestos originales y de alta calidad, garantizando la compatibilidad y el rendimiento \u00f3ptimo del sistema. Nos encargamos de todo el proceso de sustituci\u00f3n, desde la selecci\u00f3n del componente hasta su instalaci\u00f3n y pruebas de funcionamiento.<\/p><\/div><\/div>\t\t\t\t<\/div>\n\t\t\t\t<\/div>\n\t\t\t\t\t<\/div>\n\t\t\t\t<\/div>\n\t\t<div class=\"has_ae_slider elementor-element elementor-element-1114ae3 e-flex e-con-boxed ae-bg-gallery-type-default e-con e-parent\" data-id=\"1114ae3\" data-element_type=\"container\" data-e-type=\"container\">\n\t\t\t\t\t<div class=\"e-con-inner\">\n\t\t\t\t<div class=\"elementor-element elementor-element-f4a5326 elementor-widget elementor-widget-heading\" data-id=\"f4a5326\" data-element_type=\"widget\" data-e-type=\"widget\" data-widget_type=\"heading.default\">\n\t\t\t\t<div class=\"elementor-widget-container\">\n\t\t\t\t\t<h2 class=\"elementor-heading-title elementor-size-default\">Beneficios de instalar y mantener una UTA con Grupo Innotec<\/h2>\t\t\t\t<\/div>\n\t\t\t\t<\/div>\n\t\t\t\t<div class=\"elementor-element elementor-element-527e38e elementor-position-left elementor-vertical-align-middle elementor-widget elementor-widget-image-box\" data-id=\"527e38e\" data-element_type=\"widget\" data-e-type=\"widget\" data-widget_type=\"image-box.default\">\n\t\t\t\t<div class=\"elementor-widget-container\">\n\t\t\t\t\t<div class=\"elementor-image-box-wrapper\"><figure class=\"elementor-image-box-img\"><img loading=\"lazy\" decoding=\"async\" width=\"512\" height=\"512\" src=\"https:\/\/innotecgrupo.com\/industria-empresa\/wp-content\/uploads\/2024\/09\/calidad-aire-interior-unidades-tratamiento-aire-utas-aragon-la-rioja-13.png\" class=\"attachment-full size-full wp-image-22016\" alt=\"Calidad aire interior unidades tratamiento aire uta en Arag\u00f3n y La Rioja\" srcset=\"https:\/\/innotecgrupo.com\/industria-empresa\/wp-content\/uploads\/2024\/09\/calidad-aire-interior-unidades-tratamiento-aire-utas-aragon-la-rioja-13.png 512w, https:\/\/innotecgrupo.com\/industria-empresa\/wp-content\/uploads\/2024\/09\/calidad-aire-interior-unidades-tratamiento-aire-utas-aragon-la-rioja-13-300x300.png 300w, https:\/\/innotecgrupo.com\/industria-empresa\/wp-content\/uploads\/2024\/09\/calidad-aire-interior-unidades-tratamiento-aire-utas-aragon-la-rioja-13-150x150.png 150w, https:\/\/innotecgrupo.com\/industria-empresa\/wp-content\/uploads\/2024\/09\/calidad-aire-interior-unidades-tratamiento-aire-utas-aragon-la-rioja-13-80x80.png 80w, https:\/\/innotecgrupo.com\/industria-empresa\/wp-content\/uploads\/2024\/09\/calidad-aire-interior-unidades-tratamiento-aire-utas-aragon-la-rioja-13-360x360.png 360w, https:\/\/innotecgrupo.com\/industria-empresa\/wp-content\/uploads\/2024\/09\/calidad-aire-interior-unidades-tratamiento-aire-utas-aragon-la-rioja-13-24x24.png 24w, https:\/\/innotecgrupo.com\/industria-empresa\/wp-content\/uploads\/2024\/09\/calidad-aire-interior-unidades-tratamiento-aire-utas-aragon-la-rioja-13-48x48.png 48w, https:\/\/innotecgrupo.com\/industria-empresa\/wp-content\/uploads\/2024\/09\/calidad-aire-interior-unidades-tratamiento-aire-utas-aragon-la-rioja-13-96x96.png 96w\" sizes=\"(max-width: 512px) 100vw, 512px\" \/><\/figure><div class=\"elementor-image-box-content\"><h3 class=\"elementor-image-box-title\">Eficiencia energ\u00e9tica y ahorro de costes<\/h3><p class=\"elementor-image-box-description\">Uno de los principales beneficios de las UTAs de Grupo Innotec es su alta eficiencia energ\u00e9tica. Nuestros equipos est\u00e1n dise\u00f1ados y fabricados utilizando tecnolog\u00edas de vanguardia y componentes de alta calidad, lo que permite un uso \u00f3ptimo de la energ\u00eda y un menor consumo en comparaci\u00f3n con sistemas de climatizaci\u00f3n convencionales.<br><br>\nAlgunas de las caracter\u00edsticas que contribuyen a la eficiencia energ\u00e9tica de nuestras UTAs incluyen:\n<\/p><\/div><\/div>\t\t\t\t<\/div>\n\t\t\t\t<\/div>\n\t\t<div class=\"has_ae_slider elementor-element elementor-element-d6280a3 e-con-full e-flex ae-bg-gallery-type-default e-con e-child\" data-id=\"d6280a3\" data-element_type=\"container\" data-e-type=\"container\">\n\t\t<div class=\"has_ae_slider elementor-element elementor-element-2a82c51 e-con-full e-flex ae-bg-gallery-type-default e-con e-child\" data-id=\"2a82c51\" data-element_type=\"container\" data-e-type=\"container\">\n\t\t\t\t<div class=\"elementor-element elementor-element-af88029 elementor-position-top elementor-widget elementor-widget-image-box\" data-id=\"af88029\" data-element_type=\"widget\" data-e-type=\"widget\" data-widget_type=\"image-box.default\">\n\t\t\t\t<div class=\"elementor-widget-container\">\n\t\t\t\t\t<div class=\"elementor-image-box-wrapper\"><figure class=\"elementor-image-box-img\"><img loading=\"lazy\" decoding=\"async\" width=\"512\" height=\"512\" src=\"https:\/\/innotecgrupo.com\/industria-empresa\/wp-content\/uploads\/2024\/09\/calidad-aire-interior-unidades-tratamiento-aire-utas-aragon-la-rioja-14.png\" class=\"attachment-full size-full wp-image-22017\" alt=\"Calidad aire interior unidades tratamiento aire uta en Arag\u00f3n y La Rioja\" srcset=\"https:\/\/innotecgrupo.com\/industria-empresa\/wp-content\/uploads\/2024\/09\/calidad-aire-interior-unidades-tratamiento-aire-utas-aragon-la-rioja-14.png 512w, https:\/\/innotecgrupo.com\/industria-empresa\/wp-content\/uploads\/2024\/09\/calidad-aire-interior-unidades-tratamiento-aire-utas-aragon-la-rioja-14-300x300.png 300w, https:\/\/innotecgrupo.com\/industria-empresa\/wp-content\/uploads\/2024\/09\/calidad-aire-interior-unidades-tratamiento-aire-utas-aragon-la-rioja-14-150x150.png 150w, https:\/\/innotecgrupo.com\/industria-empresa\/wp-content\/uploads\/2024\/09\/calidad-aire-interior-unidades-tratamiento-aire-utas-aragon-la-rioja-14-80x80.png 80w, https:\/\/innotecgrupo.com\/industria-empresa\/wp-content\/uploads\/2024\/09\/calidad-aire-interior-unidades-tratamiento-aire-utas-aragon-la-rioja-14-360x360.png 360w, https:\/\/innotecgrupo.com\/industria-empresa\/wp-content\/uploads\/2024\/09\/calidad-aire-interior-unidades-tratamiento-aire-utas-aragon-la-rioja-14-24x24.png 24w, https:\/\/innotecgrupo.com\/industria-empresa\/wp-content\/uploads\/2024\/09\/calidad-aire-interior-unidades-tratamiento-aire-utas-aragon-la-rioja-14-48x48.png 48w, https:\/\/innotecgrupo.com\/industria-empresa\/wp-content\/uploads\/2024\/09\/calidad-aire-interior-unidades-tratamiento-aire-utas-aragon-la-rioja-14-96x96.png 96w\" sizes=\"(max-width: 512px) 100vw, 512px\" \/><\/figure><div class=\"elementor-image-box-content\"><h4 class=\"elementor-image-box-title\">Intercambiadores de calor de alta eficiencia<\/h4><p class=\"elementor-image-box-description\">Nuestras UTAs cuentan con intercambiadores de calor de \u00faltima generaci\u00f3n, que permiten una transferencia de calor m\u00e1s eficiente entre el aire exterior y el aire interior. Esto se traduce en un menor consumo de energ\u00eda para alcanzar y mantener las condiciones de confort deseadas.<\/p><\/div><\/div>\t\t\t\t<\/div>\n\t\t\t\t<\/div>\n\t\t\t\t<div class=\"elementor-element elementor-element-bf7c255 elementor-position-top elementor-widget elementor-widget-image-box\" data-id=\"bf7c255\" data-element_type=\"widget\" data-e-type=\"widget\" data-widget_type=\"image-box.default\">\n\t\t\t\t<div class=\"elementor-widget-container\">\n\t\t\t\t\t<div class=\"elementor-image-box-wrapper\"><figure class=\"elementor-image-box-img\"><img loading=\"lazy\" decoding=\"async\" width=\"512\" height=\"512\" src=\"https:\/\/innotecgrupo.com\/industria-empresa\/wp-content\/uploads\/2024\/09\/calidad-aire-interior-unidades-tratamiento-aire-utas-aragon-la-rioja-15.png\" class=\"attachment-full size-full wp-image-22018\" alt=\"Calidad aire interior unidades tratamiento aire uta en Arag\u00f3n y La Rioja\" srcset=\"https:\/\/innotecgrupo.com\/industria-empresa\/wp-content\/uploads\/2024\/09\/calidad-aire-interior-unidades-tratamiento-aire-utas-aragon-la-rioja-15.png 512w, https:\/\/innotecgrupo.com\/industria-empresa\/wp-content\/uploads\/2024\/09\/calidad-aire-interior-unidades-tratamiento-aire-utas-aragon-la-rioja-15-300x300.png 300w, https:\/\/innotecgrupo.com\/industria-empresa\/wp-content\/uploads\/2024\/09\/calidad-aire-interior-unidades-tratamiento-aire-utas-aragon-la-rioja-15-150x150.png 150w, https:\/\/innotecgrupo.com\/industria-empresa\/wp-content\/uploads\/2024\/09\/calidad-aire-interior-unidades-tratamiento-aire-utas-aragon-la-rioja-15-80x80.png 80w, https:\/\/innotecgrupo.com\/industria-empresa\/wp-content\/uploads\/2024\/09\/calidad-aire-interior-unidades-tratamiento-aire-utas-aragon-la-rioja-15-360x360.png 360w, https:\/\/innotecgrupo.com\/industria-empresa\/wp-content\/uploads\/2024\/09\/calidad-aire-interior-unidades-tratamiento-aire-utas-aragon-la-rioja-15-24x24.png 24w, https:\/\/innotecgrupo.com\/industria-empresa\/wp-content\/uploads\/2024\/09\/calidad-aire-interior-unidades-tratamiento-aire-utas-aragon-la-rioja-15-48x48.png 48w, https:\/\/innotecgrupo.com\/industria-empresa\/wp-content\/uploads\/2024\/09\/calidad-aire-interior-unidades-tratamiento-aire-utas-aragon-la-rioja-15-96x96.png 96w\" sizes=\"(max-width: 512px) 100vw, 512px\" \/><\/figure><div class=\"elementor-image-box-content\"><h4 class=\"elementor-image-box-title\">Ventiladores de alta eficiencia<\/h4><p class=\"elementor-image-box-description\"> Utilizamos ventiladores de alta eficiencia, dise\u00f1ados para minimizar las p\u00e9rdidas de energ\u00eda y optimizar el flujo de aire. Estos ventiladores consumen menos energ\u00eda el\u00e9ctrica mientras mantienen un rendimiento \u00f3ptimo, lo que contribuye al ahorro energ\u00e9tico general del sistema.\n<\/p><\/div><\/div>\t\t\t\t<\/div>\n\t\t\t\t<\/div>\n\t\t\t\t<\/div>\n\t\t<div class=\"has_ae_slider elementor-element elementor-element-2482764 e-con-full e-flex ae-bg-gallery-type-default e-con e-child\" data-id=\"2482764\" data-element_type=\"container\" data-e-type=\"container\">\n\t\t\t\t<div class=\"elementor-element elementor-element-ab4dfaa elementor-position-top elementor-widget elementor-widget-image-box\" data-id=\"ab4dfaa\" data-element_type=\"widget\" data-e-type=\"widget\" data-widget_type=\"image-box.default\">\n\t\t\t\t<div class=\"elementor-widget-container\">\n\t\t\t\t\t<div class=\"elementor-image-box-wrapper\"><figure class=\"elementor-image-box-img\"><img loading=\"lazy\" decoding=\"async\" width=\"512\" height=\"512\" src=\"https:\/\/innotecgrupo.com\/industria-empresa\/wp-content\/uploads\/2024\/09\/calidad-aire-interior-unidades-tratamiento-aire-utas-aragon-la-rioja-16.png\" class=\"attachment-full size-full wp-image-22019\" alt=\"Calidad aire interior unidades tratamiento aire uta en Arag\u00f3n y La Rioja\" srcset=\"https:\/\/innotecgrupo.com\/industria-empresa\/wp-content\/uploads\/2024\/09\/calidad-aire-interior-unidades-tratamiento-aire-utas-aragon-la-rioja-16.png 512w, https:\/\/innotecgrupo.com\/industria-empresa\/wp-content\/uploads\/2024\/09\/calidad-aire-interior-unidades-tratamiento-aire-utas-aragon-la-rioja-16-300x300.png 300w, https:\/\/innotecgrupo.com\/industria-empresa\/wp-content\/uploads\/2024\/09\/calidad-aire-interior-unidades-tratamiento-aire-utas-aragon-la-rioja-16-150x150.png 150w, https:\/\/innotecgrupo.com\/industria-empresa\/wp-content\/uploads\/2024\/09\/calidad-aire-interior-unidades-tratamiento-aire-utas-aragon-la-rioja-16-80x80.png 80w, https:\/\/innotecgrupo.com\/industria-empresa\/wp-content\/uploads\/2024\/09\/calidad-aire-interior-unidades-tratamiento-aire-utas-aragon-la-rioja-16-360x360.png 360w, https:\/\/innotecgrupo.com\/industria-empresa\/wp-content\/uploads\/2024\/09\/calidad-aire-interior-unidades-tratamiento-aire-utas-aragon-la-rioja-16-24x24.png 24w, https:\/\/innotecgrupo.com\/industria-empresa\/wp-content\/uploads\/2024\/09\/calidad-aire-interior-unidades-tratamiento-aire-utas-aragon-la-rioja-16-48x48.png 48w, https:\/\/innotecgrupo.com\/industria-empresa\/wp-content\/uploads\/2024\/09\/calidad-aire-interior-unidades-tratamiento-aire-utas-aragon-la-rioja-16-96x96.png 96w\" sizes=\"(max-width: 512px) 100vw, 512px\" \/><\/figure><div class=\"elementor-image-box-content\"><h4 class=\"elementor-image-box-title\">Sistemas de recuperaci\u00f3n de energ\u00eda<\/h4><p class=\"elementor-image-box-description\">Muchas de nuestras UTAs incorporan sistemas de recuperaci\u00f3n de energ\u00eda, como intercambiadores de calor rotativos o de placas. Estos sistemas permiten aprovechar la energ\u00eda t\u00e9rmica del aire de extracci\u00f3n para precalentar o preenfriar el aire de ventilaci\u00f3n, reduciendo as\u00ed la carga de trabajo de los equipos de climatizaci\u00f3n y mejorando la eficiencia energ\u00e9tica.\n<br><br>\nSiempre que sea t\u00e9cnica y econ\u00f3micamente posible valoramos la instalaci\u00f3n de sistemas \"free cooling\" para el aprovechamiento gratuito de la temperatura del aire exterior.<\/p><\/div><\/div>\t\t\t\t<\/div>\n\t\t\t\t<\/div>\n\t\t\t\t<div class=\"elementor-element elementor-element-de1cd5b elementor-position-top elementor-widget elementor-widget-image-box\" data-id=\"de1cd5b\" data-element_type=\"widget\" data-e-type=\"widget\" data-widget_type=\"image-box.default\">\n\t\t\t\t<div class=\"elementor-widget-container\">\n\t\t\t\t\t<div class=\"elementor-image-box-wrapper\"><figure class=\"elementor-image-box-img\"><img loading=\"lazy\" decoding=\"async\" width=\"512\" height=\"512\" src=\"https:\/\/innotecgrupo.com\/industria-empresa\/wp-content\/uploads\/2024\/09\/calidad-aire-interior-unidades-tratamiento-aire-utas-aragon-la-rioja-17.png\" class=\"attachment-full size-full wp-image-22020\" alt=\"Calidad aire interior unidades tratamiento aire uta en Arag\u00f3n y La Rioja\" srcset=\"https:\/\/innotecgrupo.com\/industria-empresa\/wp-content\/uploads\/2024\/09\/calidad-aire-interior-unidades-tratamiento-aire-utas-aragon-la-rioja-17.png 512w, https:\/\/innotecgrupo.com\/industria-empresa\/wp-content\/uploads\/2024\/09\/calidad-aire-interior-unidades-tratamiento-aire-utas-aragon-la-rioja-17-300x300.png 300w, https:\/\/innotecgrupo.com\/industria-empresa\/wp-content\/uploads\/2024\/09\/calidad-aire-interior-unidades-tratamiento-aire-utas-aragon-la-rioja-17-150x150.png 150w, https:\/\/innotecgrupo.com\/industria-empresa\/wp-content\/uploads\/2024\/09\/calidad-aire-interior-unidades-tratamiento-aire-utas-aragon-la-rioja-17-80x80.png 80w, https:\/\/innotecgrupo.com\/industria-empresa\/wp-content\/uploads\/2024\/09\/calidad-aire-interior-unidades-tratamiento-aire-utas-aragon-la-rioja-17-360x360.png 360w, https:\/\/innotecgrupo.com\/industria-empresa\/wp-content\/uploads\/2024\/09\/calidad-aire-interior-unidades-tratamiento-aire-utas-aragon-la-rioja-17-24x24.png 24w, https:\/\/innotecgrupo.com\/industria-empresa\/wp-content\/uploads\/2024\/09\/calidad-aire-interior-unidades-tratamiento-aire-utas-aragon-la-rioja-17-48x48.png 48w, https:\/\/innotecgrupo.com\/industria-empresa\/wp-content\/uploads\/2024\/09\/calidad-aire-interior-unidades-tratamiento-aire-utas-aragon-la-rioja-17-96x96.png 96w\" sizes=\"(max-width: 512px) 100vw, 512px\" \/><\/figure><div class=\"elementor-image-box-content\"><h4 class=\"elementor-image-box-title\">Control y automatizaci\u00f3n avanzados<\/h4><p class=\"elementor-image-box-description\">Nuestras UTAs est\u00e1n equipadas con sistemas de control y automatizaci\u00f3n avanzados, que permiten una gesti\u00f3n inteligente y precisa de los par\u00e1metros de funcionamiento. Esto incluye la regulaci\u00f3n de la temperatura, la humedad, el caudal de aire y otros factores, optimizando el consumo de energ\u00eda en funci\u00f3n de las necesidades reales del espacio.<\/p><\/div><\/div>\t\t\t\t<\/div>\n\t\t\t\t<\/div>\n\t\t\t\t<\/div>\n\t\t\t\t<\/div>\n\t\t\t\t\t<\/div>\n\t\t\t\t<\/div>\n\t\t<div class=\"has_ae_slider elementor-element elementor-element-8d2fa28 e-flex e-con-boxed ae-bg-gallery-type-default e-con e-parent\" data-id=\"8d2fa28\" data-element_type=\"container\" data-e-type=\"container\">\n\t\t\t\t\t<div class=\"e-con-inner\">\n\t\t\t\t<div class=\"elementor-element elementor-element-560da9f elementor-position-left elementor-vertical-align-middle elementor-widget elementor-widget-image-box\" data-id=\"560da9f\" data-element_type=\"widget\" data-e-type=\"widget\" data-widget_type=\"image-box.default\">\n\t\t\t\t<div class=\"elementor-widget-container\">\n\t\t\t\t\t<div class=\"elementor-image-box-wrapper\"><figure class=\"elementor-image-box-img\"><img loading=\"lazy\" decoding=\"async\" width=\"512\" height=\"512\" src=\"https:\/\/innotecgrupo.com\/industria-empresa\/wp-content\/uploads\/2024\/09\/calidad-aire-interior-unidades-tratamiento-aire-utas-aragon-la-rioja-18.png\" class=\"attachment-full size-full wp-image-22021\" alt=\"Calidad aire interior unidades tratamiento aire uta en Arag\u00f3n y La Rioja\" srcset=\"https:\/\/innotecgrupo.com\/industria-empresa\/wp-content\/uploads\/2024\/09\/calidad-aire-interior-unidades-tratamiento-aire-utas-aragon-la-rioja-18.png 512w, https:\/\/innotecgrupo.com\/industria-empresa\/wp-content\/uploads\/2024\/09\/calidad-aire-interior-unidades-tratamiento-aire-utas-aragon-la-rioja-18-300x300.png 300w, https:\/\/innotecgrupo.com\/industria-empresa\/wp-content\/uploads\/2024\/09\/calidad-aire-interior-unidades-tratamiento-aire-utas-aragon-la-rioja-18-150x150.png 150w, https:\/\/innotecgrupo.com\/industria-empresa\/wp-content\/uploads\/2024\/09\/calidad-aire-interior-unidades-tratamiento-aire-utas-aragon-la-rioja-18-80x80.png 80w, https:\/\/innotecgrupo.com\/industria-empresa\/wp-content\/uploads\/2024\/09\/calidad-aire-interior-unidades-tratamiento-aire-utas-aragon-la-rioja-18-360x360.png 360w, https:\/\/innotecgrupo.com\/industria-empresa\/wp-content\/uploads\/2024\/09\/calidad-aire-interior-unidades-tratamiento-aire-utas-aragon-la-rioja-18-24x24.png 24w, https:\/\/innotecgrupo.com\/industria-empresa\/wp-content\/uploads\/2024\/09\/calidad-aire-interior-unidades-tratamiento-aire-utas-aragon-la-rioja-18-48x48.png 48w, https:\/\/innotecgrupo.com\/industria-empresa\/wp-content\/uploads\/2024\/09\/calidad-aire-interior-unidades-tratamiento-aire-utas-aragon-la-rioja-18-96x96.png 96w\" sizes=\"(max-width: 512px) 100vw, 512px\" \/><\/figure><div class=\"elementor-image-box-content\"><h3 class=\"elementor-image-box-title\">Mejora de la calidad del aire interior<\/h3><p class=\"elementor-image-box-description\">Otro beneficio crucial de las UTAs de Grupo Innotec es su capacidad para mejorar la calidad del aire interior (CAI) en tu edificio o espacio. Est\u00e1n dise\u00f1adas para garantizar un aire limpio, fresco y saludable.\n<br><br>\nAl mejorar la calidad del aire interior, las UTAs contribuyen a crear un ambiente m\u00e1s saludable y agradable para los ocupantes del edificio. Esto puede traducirse en una reducci\u00f3n de enfermedades respiratorias, alergias y otros problemas de salud relacionados con la calidad del aire, as\u00ed como en una mayor sensaci\u00f3n de bienestar y confort y una mayor productividad y menor absentismo de tus empleados.\n<br><br>\nAlgunas de las caracter\u00edsticas de nuestras UTAs que contribuyen a mejorar la calidad de aire interior incluyen:\n<\/p><\/div><\/div>\t\t\t\t<\/div>\n\t\t\t\t<\/div>\n\t\t<div class=\"has_ae_slider elementor-element elementor-element-043254e e-con-full e-flex ae-bg-gallery-type-default e-con e-child\" data-id=\"043254e\" data-element_type=\"container\" data-e-type=\"container\">\n\t\t\t\t<div class=\"elementor-element elementor-element-cb57617 elementor-position-top elementor-widget elementor-widget-image-box\" data-id=\"cb57617\" data-element_type=\"widget\" data-e-type=\"widget\" data-widget_type=\"image-box.default\">\n\t\t\t\t<div class=\"elementor-widget-container\">\n\t\t\t\t\t<div class=\"elementor-image-box-wrapper\"><figure class=\"elementor-image-box-img\"><img loading=\"lazy\" decoding=\"async\" width=\"512\" height=\"512\" src=\"https:\/\/innotecgrupo.com\/industria-empresa\/wp-content\/uploads\/2024\/09\/calidad-aire-interior-unidades-tratamiento-aire-utas-aragon-la-rioja-19.png\" class=\"attachment-full size-full wp-image-22022\" alt=\"Calidad aire interior unidades tratamiento aire uta en Arag\u00f3n y La Rioja\" srcset=\"https:\/\/innotecgrupo.com\/industria-empresa\/wp-content\/uploads\/2024\/09\/calidad-aire-interior-unidades-tratamiento-aire-utas-aragon-la-rioja-19.png 512w, https:\/\/innotecgrupo.com\/industria-empresa\/wp-content\/uploads\/2024\/09\/calidad-aire-interior-unidades-tratamiento-aire-utas-aragon-la-rioja-19-300x300.png 300w, https:\/\/innotecgrupo.com\/industria-empresa\/wp-content\/uploads\/2024\/09\/calidad-aire-interior-unidades-tratamiento-aire-utas-aragon-la-rioja-19-150x150.png 150w, https:\/\/innotecgrupo.com\/industria-empresa\/wp-content\/uploads\/2024\/09\/calidad-aire-interior-unidades-tratamiento-aire-utas-aragon-la-rioja-19-80x80.png 80w, https:\/\/innotecgrupo.com\/industria-empresa\/wp-content\/uploads\/2024\/09\/calidad-aire-interior-unidades-tratamiento-aire-utas-aragon-la-rioja-19-360x360.png 360w, https:\/\/innotecgrupo.com\/industria-empresa\/wp-content\/uploads\/2024\/09\/calidad-aire-interior-unidades-tratamiento-aire-utas-aragon-la-rioja-19-24x24.png 24w, https:\/\/innotecgrupo.com\/industria-empresa\/wp-content\/uploads\/2024\/09\/calidad-aire-interior-unidades-tratamiento-aire-utas-aragon-la-rioja-19-48x48.png 48w, https:\/\/innotecgrupo.com\/industria-empresa\/wp-content\/uploads\/2024\/09\/calidad-aire-interior-unidades-tratamiento-aire-utas-aragon-la-rioja-19-96x96.png 96w\" sizes=\"(max-width: 512px) 100vw, 512px\" \/><\/figure><div class=\"elementor-image-box-content\"><h4 class=\"elementor-image-box-title\">Filtraci\u00f3n de alta eficiencia<\/h4><p class=\"elementor-image-box-description\">Nuestras UTAs est\u00e1n equipadas con sistemas de filtraci\u00f3n de alta eficiencia, que capturan y retienen part\u00edculas, polen, polvo, bacterias y otros contaminantes presentes en el aire. Utilizamos filtros de alta calidad, como filtros HEPA o filtros de carb\u00f3n activado, seg\u00fan las necesidades espec\u00edficas de cada proyecto.<\/p><\/div><\/div>\t\t\t\t<\/div>\n\t\t\t\t<\/div>\n\t\t\t\t<div class=\"elementor-element elementor-element-99e5cea elementor-position-top elementor-widget elementor-widget-image-box\" data-id=\"99e5cea\" data-element_type=\"widget\" data-e-type=\"widget\" data-widget_type=\"image-box.default\">\n\t\t\t\t<div class=\"elementor-widget-container\">\n\t\t\t\t\t<div class=\"elementor-image-box-wrapper\"><figure class=\"elementor-image-box-img\"><img loading=\"lazy\" decoding=\"async\" width=\"512\" height=\"512\" src=\"https:\/\/innotecgrupo.com\/industria-empresa\/wp-content\/uploads\/2024\/09\/calidad-aire-interior-unidades-tratamiento-aire-utas-aragon-la-rioja-20.png\" class=\"attachment-full size-full wp-image-22023\" alt=\"Calidad aire interior unidades tratamiento aire uta en Arag\u00f3n y La Rioja\" srcset=\"https:\/\/innotecgrupo.com\/industria-empresa\/wp-content\/uploads\/2024\/09\/calidad-aire-interior-unidades-tratamiento-aire-utas-aragon-la-rioja-20.png 512w, https:\/\/innotecgrupo.com\/industria-empresa\/wp-content\/uploads\/2024\/09\/calidad-aire-interior-unidades-tratamiento-aire-utas-aragon-la-rioja-20-300x300.png 300w, https:\/\/innotecgrupo.com\/industria-empresa\/wp-content\/uploads\/2024\/09\/calidad-aire-interior-unidades-tratamiento-aire-utas-aragon-la-rioja-20-150x150.png 150w, https:\/\/innotecgrupo.com\/industria-empresa\/wp-content\/uploads\/2024\/09\/calidad-aire-interior-unidades-tratamiento-aire-utas-aragon-la-rioja-20-80x80.png 80w, https:\/\/innotecgrupo.com\/industria-empresa\/wp-content\/uploads\/2024\/09\/calidad-aire-interior-unidades-tratamiento-aire-utas-aragon-la-rioja-20-360x360.png 360w, https:\/\/innotecgrupo.com\/industria-empresa\/wp-content\/uploads\/2024\/09\/calidad-aire-interior-unidades-tratamiento-aire-utas-aragon-la-rioja-20-24x24.png 24w, https:\/\/innotecgrupo.com\/industria-empresa\/wp-content\/uploads\/2024\/09\/calidad-aire-interior-unidades-tratamiento-aire-utas-aragon-la-rioja-20-48x48.png 48w, https:\/\/innotecgrupo.com\/industria-empresa\/wp-content\/uploads\/2024\/09\/calidad-aire-interior-unidades-tratamiento-aire-utas-aragon-la-rioja-20-96x96.png 96w\" sizes=\"(max-width: 512px) 100vw, 512px\" \/><\/figure><div class=\"elementor-image-box-content\"><h4 class=\"elementor-image-box-title\">Ventilaci\u00f3n adecuada<\/h4><p class=\"elementor-image-box-description\">Las UTAs de Grupo Innotec est\u00e1n dise\u00f1adas para proporcionar una ventilaci\u00f3n adecuada, introduciendo aire fresco del exterior y extrayendo el aire viciado del interior. Esto ayuda a diluir y eliminar los contaminantes, el CO2 y los olores, manteniendo un ambiente interior saludable y confortable.<\/p><\/div><\/div>\t\t\t\t<\/div>\n\t\t\t\t<\/div>\n\t\t\t\t<\/div>\n\t\t<div class=\"has_ae_slider elementor-element elementor-element-1803ff0 e-con-full e-flex ae-bg-gallery-type-default e-con e-child\" data-id=\"1803ff0\" data-element_type=\"container\" data-e-type=\"container\">\n\t\t\t\t<div class=\"elementor-element elementor-element-381a1e1 elementor-position-top elementor-widget elementor-widget-image-box\" data-id=\"381a1e1\" data-element_type=\"widget\" data-e-type=\"widget\" data-widget_type=\"image-box.default\">\n\t\t\t\t<div class=\"elementor-widget-container\">\n\t\t\t\t\t<div class=\"elementor-image-box-wrapper\"><figure class=\"elementor-image-box-img\"><img loading=\"lazy\" decoding=\"async\" width=\"512\" height=\"512\" src=\"https:\/\/innotecgrupo.com\/industria-empresa\/wp-content\/uploads\/2024\/09\/calidad-aire-interior-unidades-tratamiento-aire-utas-aragon-la-rioja-21.png\" class=\"attachment-full size-full wp-image-22024\" alt=\"Calidad aire interior unidades tratamiento aire uta en Arag\u00f3n y La Rioja\" srcset=\"https:\/\/innotecgrupo.com\/industria-empresa\/wp-content\/uploads\/2024\/09\/calidad-aire-interior-unidades-tratamiento-aire-utas-aragon-la-rioja-21.png 512w, https:\/\/innotecgrupo.com\/industria-empresa\/wp-content\/uploads\/2024\/09\/calidad-aire-interior-unidades-tratamiento-aire-utas-aragon-la-rioja-21-300x300.png 300w, https:\/\/innotecgrupo.com\/industria-empresa\/wp-content\/uploads\/2024\/09\/calidad-aire-interior-unidades-tratamiento-aire-utas-aragon-la-rioja-21-150x150.png 150w, https:\/\/innotecgrupo.com\/industria-empresa\/wp-content\/uploads\/2024\/09\/calidad-aire-interior-unidades-tratamiento-aire-utas-aragon-la-rioja-21-80x80.png 80w, https:\/\/innotecgrupo.com\/industria-empresa\/wp-content\/uploads\/2024\/09\/calidad-aire-interior-unidades-tratamiento-aire-utas-aragon-la-rioja-21-360x360.png 360w, https:\/\/innotecgrupo.com\/industria-empresa\/wp-content\/uploads\/2024\/09\/calidad-aire-interior-unidades-tratamiento-aire-utas-aragon-la-rioja-21-24x24.png 24w, https:\/\/innotecgrupo.com\/industria-empresa\/wp-content\/uploads\/2024\/09\/calidad-aire-interior-unidades-tratamiento-aire-utas-aragon-la-rioja-21-48x48.png 48w, https:\/\/innotecgrupo.com\/industria-empresa\/wp-content\/uploads\/2024\/09\/calidad-aire-interior-unidades-tratamiento-aire-utas-aragon-la-rioja-21-96x96.png 96w\" sizes=\"(max-width: 512px) 100vw, 512px\" \/><\/figure><div class=\"elementor-image-box-content\"><h4 class=\"elementor-image-box-title\">Control de humedad<\/h4><p class=\"elementor-image-box-description\">Nuestras UTAs incluyen sistemas de control de humedad, que regulan y mantienen los niveles de humedad relativa dentro de los rangos \u00f3ptimos. Esto ayuda a prevenir la proliferaci\u00f3n de moho, \u00e1caros y otros al\u00e9rgenos, as\u00ed como a evitar problemas de sequedad excesiva que pueden afectar la salud respiratoria.<\/p><\/div><\/div>\t\t\t\t<\/div>\n\t\t\t\t<\/div>\n\t\t\t\t<div class=\"elementor-element elementor-element-52c0572 elementor-position-top elementor-widget elementor-widget-image-box\" data-id=\"52c0572\" data-element_type=\"widget\" data-e-type=\"widget\" data-widget_type=\"image-box.default\">\n\t\t\t\t<div class=\"elementor-widget-container\">\n\t\t\t\t\t<div class=\"elementor-image-box-wrapper\"><figure class=\"elementor-image-box-img\"><img loading=\"lazy\" decoding=\"async\" width=\"512\" height=\"512\" src=\"https:\/\/innotecgrupo.com\/industria-empresa\/wp-content\/uploads\/2024\/09\/calidad-aire-interior-unidades-tratamiento-aire-utas-aragon-la-rioja-22.png\" class=\"attachment-full size-full wp-image-22025\" alt=\"Calidad aire interior unidades tratamiento aire uta en Arag\u00f3n y La Rioja\" srcset=\"https:\/\/innotecgrupo.com\/industria-empresa\/wp-content\/uploads\/2024\/09\/calidad-aire-interior-unidades-tratamiento-aire-utas-aragon-la-rioja-22.png 512w, https:\/\/innotecgrupo.com\/industria-empresa\/wp-content\/uploads\/2024\/09\/calidad-aire-interior-unidades-tratamiento-aire-utas-aragon-la-rioja-22-300x300.png 300w, https:\/\/innotecgrupo.com\/industria-empresa\/wp-content\/uploads\/2024\/09\/calidad-aire-interior-unidades-tratamiento-aire-utas-aragon-la-rioja-22-150x150.png 150w, https:\/\/innotecgrupo.com\/industria-empresa\/wp-content\/uploads\/2024\/09\/calidad-aire-interior-unidades-tratamiento-aire-utas-aragon-la-rioja-22-80x80.png 80w, https:\/\/innotecgrupo.com\/industria-empresa\/wp-content\/uploads\/2024\/09\/calidad-aire-interior-unidades-tratamiento-aire-utas-aragon-la-rioja-22-360x360.png 360w, https:\/\/innotecgrupo.com\/industria-empresa\/wp-content\/uploads\/2024\/09\/calidad-aire-interior-unidades-tratamiento-aire-utas-aragon-la-rioja-22-24x24.png 24w, https:\/\/innotecgrupo.com\/industria-empresa\/wp-content\/uploads\/2024\/09\/calidad-aire-interior-unidades-tratamiento-aire-utas-aragon-la-rioja-22-48x48.png 48w, https:\/\/innotecgrupo.com\/industria-empresa\/wp-content\/uploads\/2024\/09\/calidad-aire-interior-unidades-tratamiento-aire-utas-aragon-la-rioja-22-96x96.png 96w\" sizes=\"(max-width: 512px) 100vw, 512px\" \/><\/figure><div class=\"elementor-image-box-content\"><h4 class=\"elementor-image-box-title\">Desinfecci\u00f3n adicional<\/h4><p class=\"elementor-image-box-description\">En algunos casos, podemos incorporar tecnolog\u00edas de desinfecci\u00f3n adicionales a nuestras UTAs, como l\u00e1mparas Ultra Violeta (UV-C) o ionizadores, para una eliminaci\u00f3n a\u00fan m\u00e1s efectiva de virus, bacterias y otros microorganismos pat\u00f3genos.<\/p><\/div><\/div>\t\t\t\t<\/div>\n\t\t\t\t<\/div>\n\t\t\t\t<\/div>\n\t\t\t\t\t<\/div>\n\t\t\t\t<\/div>\n\t\t<div class=\"has_ae_slider elementor-element elementor-element-c6e6f5e e-flex e-con-boxed ae-bg-gallery-type-default e-con e-parent\" data-id=\"c6e6f5e\" data-element_type=\"container\" data-e-type=\"container\">\n\t\t\t\t\t<div class=\"e-con-inner\">\n\t\t\t\t<div class=\"elementor-element elementor-element-1746b90 elementor-position-left elementor-vertical-align-middle elementor-widget elementor-widget-image-box\" data-id=\"1746b90\" data-element_type=\"widget\" data-e-type=\"widget\" data-widget_type=\"image-box.default\">\n\t\t\t\t<div class=\"elementor-widget-container\">\n\t\t\t\t\t<div class=\"elementor-image-box-wrapper\"><figure class=\"elementor-image-box-img\"><img loading=\"lazy\" decoding=\"async\" width=\"512\" height=\"512\" src=\"https:\/\/innotecgrupo.com\/industria-empresa\/wp-content\/uploads\/2024\/09\/calidad-aire-interior-unidades-tratamiento-aire-utas-aragon-la-rioja-23.png\" class=\"attachment-full size-full wp-image-22026\" alt=\"Calidad aire interior unidades tratamiento aire uta en Arag\u00f3n y La Rioja\" srcset=\"https:\/\/innotecgrupo.com\/industria-empresa\/wp-content\/uploads\/2024\/09\/calidad-aire-interior-unidades-tratamiento-aire-utas-aragon-la-rioja-23.png 512w, https:\/\/innotecgrupo.com\/industria-empresa\/wp-content\/uploads\/2024\/09\/calidad-aire-interior-unidades-tratamiento-aire-utas-aragon-la-rioja-23-300x300.png 300w, https:\/\/innotecgrupo.com\/industria-empresa\/wp-content\/uploads\/2024\/09\/calidad-aire-interior-unidades-tratamiento-aire-utas-aragon-la-rioja-23-150x150.png 150w, https:\/\/innotecgrupo.com\/industria-empresa\/wp-content\/uploads\/2024\/09\/calidad-aire-interior-unidades-tratamiento-aire-utas-aragon-la-rioja-23-80x80.png 80w, https:\/\/innotecgrupo.com\/industria-empresa\/wp-content\/uploads\/2024\/09\/calidad-aire-interior-unidades-tratamiento-aire-utas-aragon-la-rioja-23-360x360.png 360w, https:\/\/innotecgrupo.com\/industria-empresa\/wp-content\/uploads\/2024\/09\/calidad-aire-interior-unidades-tratamiento-aire-utas-aragon-la-rioja-23-24x24.png 24w, https:\/\/innotecgrupo.com\/industria-empresa\/wp-content\/uploads\/2024\/09\/calidad-aire-interior-unidades-tratamiento-aire-utas-aragon-la-rioja-23-48x48.png 48w, https:\/\/innotecgrupo.com\/industria-empresa\/wp-content\/uploads\/2024\/09\/calidad-aire-interior-unidades-tratamiento-aire-utas-aragon-la-rioja-23-96x96.png 96w\" sizes=\"(max-width: 512px) 100vw, 512px\" \/><\/figure><div class=\"elementor-image-box-content\"><h3 class=\"elementor-image-box-title\">Mayor confort para usuarios y empleados<\/h3><p class=\"elementor-image-box-description\">Las UTAs, junto con el sistema de conductos de distribuci\u00f3n del aire, est\u00e1n dise\u00f1ados para proporcionar un alto nivel de confort t\u00e9rmico y ac\u00fastico para los usuarios y empleados de tu edificio o espacio. Nuestros sistemas de climatizaci\u00f3n avanzados permiten un control preciso de la temperatura, la humedad y la distribuci\u00f3n del aire, creando un ambiente interior agradable y confortable.\n<br><br>\nAlgunas de las caracter\u00edsticas que contribuyen al confort de nuestras UTAs y sistemas de distribuci\u00f3n incluyen:<\/p><\/div><\/div>\t\t\t\t<\/div>\n\t\t\t\t<\/div>\n\t\t<div class=\"has_ae_slider elementor-element elementor-element-d1f6c12 e-con-full e-flex ae-bg-gallery-type-default e-con e-child\" data-id=\"d1f6c12\" data-element_type=\"container\" data-e-type=\"container\">\n\t\t\t\t<div class=\"elementor-element elementor-element-3eb7d5a elementor-position-top elementor-widget elementor-widget-image-box\" data-id=\"3eb7d5a\" data-element_type=\"widget\" data-e-type=\"widget\" data-widget_type=\"image-box.default\">\n\t\t\t\t<div class=\"elementor-widget-container\">\n\t\t\t\t\t<div class=\"elementor-image-box-wrapper\"><figure class=\"elementor-image-box-img\"><img loading=\"lazy\" decoding=\"async\" width=\"512\" height=\"512\" src=\"https:\/\/innotecgrupo.com\/industria-empresa\/wp-content\/uploads\/2024\/09\/calidad-aire-interior-unidades-tratamiento-aire-utas-aragon-la-rioja-24.png\" class=\"attachment-full size-full wp-image-22027\" alt=\"Calidad aire interior unidades tratamiento aire uta en Arag\u00f3n y La Rioja\" srcset=\"https:\/\/innotecgrupo.com\/industria-empresa\/wp-content\/uploads\/2024\/09\/calidad-aire-interior-unidades-tratamiento-aire-utas-aragon-la-rioja-24.png 512w, https:\/\/innotecgrupo.com\/industria-empresa\/wp-content\/uploads\/2024\/09\/calidad-aire-interior-unidades-tratamiento-aire-utas-aragon-la-rioja-24-300x300.png 300w, https:\/\/innotecgrupo.com\/industria-empresa\/wp-content\/uploads\/2024\/09\/calidad-aire-interior-unidades-tratamiento-aire-utas-aragon-la-rioja-24-150x150.png 150w, https:\/\/innotecgrupo.com\/industria-empresa\/wp-content\/uploads\/2024\/09\/calidad-aire-interior-unidades-tratamiento-aire-utas-aragon-la-rioja-24-80x80.png 80w, https:\/\/innotecgrupo.com\/industria-empresa\/wp-content\/uploads\/2024\/09\/calidad-aire-interior-unidades-tratamiento-aire-utas-aragon-la-rioja-24-360x360.png 360w, https:\/\/innotecgrupo.com\/industria-empresa\/wp-content\/uploads\/2024\/09\/calidad-aire-interior-unidades-tratamiento-aire-utas-aragon-la-rioja-24-24x24.png 24w, https:\/\/innotecgrupo.com\/industria-empresa\/wp-content\/uploads\/2024\/09\/calidad-aire-interior-unidades-tratamiento-aire-utas-aragon-la-rioja-24-48x48.png 48w, https:\/\/innotecgrupo.com\/industria-empresa\/wp-content\/uploads\/2024\/09\/calidad-aire-interior-unidades-tratamiento-aire-utas-aragon-la-rioja-24-96x96.png 96w\" sizes=\"(max-width: 512px) 100vw, 512px\" \/><\/figure><div class=\"elementor-image-box-content\"><h4 class=\"elementor-image-box-title\">Distribuci\u00f3n uniforme del aire<\/h4><p class=\"elementor-image-box-description\">Nuestras UTAs est\u00e1n equipadas con difusores y rejillas de alta calidad, que permiten una distribuci\u00f3n uniforme del aire tratado en todo el espacio. Esto evita la formaci\u00f3n de zonas fr\u00edas o calientes, y garantiza que todos los ocupantes experimenten las mismas condiciones de confort, independientemente de su ubicaci\u00f3n.<\/p><\/div><\/div>\t\t\t\t<\/div>\n\t\t\t\t<\/div>\n\t\t\t\t<div class=\"elementor-element elementor-element-346b0b0 elementor-position-top elementor-widget elementor-widget-image-box\" data-id=\"346b0b0\" data-element_type=\"widget\" data-e-type=\"widget\" data-widget_type=\"image-box.default\">\n\t\t\t\t<div class=\"elementor-widget-container\">\n\t\t\t\t\t<div class=\"elementor-image-box-wrapper\"><figure class=\"elementor-image-box-img\"><img loading=\"lazy\" decoding=\"async\" width=\"512\" height=\"512\" src=\"https:\/\/innotecgrupo.com\/industria-empresa\/wp-content\/uploads\/2024\/09\/calidad-aire-interior-unidades-tratamiento-aire-utas-aragon-la-rioja-25.png\" class=\"attachment-full size-full wp-image-22028\" alt=\"Calidad aire interior unidades tratamiento aire uta en Arag\u00f3n y La Rioja\" srcset=\"https:\/\/innotecgrupo.com\/industria-empresa\/wp-content\/uploads\/2024\/09\/calidad-aire-interior-unidades-tratamiento-aire-utas-aragon-la-rioja-25.png 512w, https:\/\/innotecgrupo.com\/industria-empresa\/wp-content\/uploads\/2024\/09\/calidad-aire-interior-unidades-tratamiento-aire-utas-aragon-la-rioja-25-300x300.png 300w, https:\/\/innotecgrupo.com\/industria-empresa\/wp-content\/uploads\/2024\/09\/calidad-aire-interior-unidades-tratamiento-aire-utas-aragon-la-rioja-25-150x150.png 150w, https:\/\/innotecgrupo.com\/industria-empresa\/wp-content\/uploads\/2024\/09\/calidad-aire-interior-unidades-tratamiento-aire-utas-aragon-la-rioja-25-80x80.png 80w, https:\/\/innotecgrupo.com\/industria-empresa\/wp-content\/uploads\/2024\/09\/calidad-aire-interior-unidades-tratamiento-aire-utas-aragon-la-rioja-25-360x360.png 360w, https:\/\/innotecgrupo.com\/industria-empresa\/wp-content\/uploads\/2024\/09\/calidad-aire-interior-unidades-tratamiento-aire-utas-aragon-la-rioja-25-24x24.png 24w, https:\/\/innotecgrupo.com\/industria-empresa\/wp-content\/uploads\/2024\/09\/calidad-aire-interior-unidades-tratamiento-aire-utas-aragon-la-rioja-25-48x48.png 48w, https:\/\/innotecgrupo.com\/industria-empresa\/wp-content\/uploads\/2024\/09\/calidad-aire-interior-unidades-tratamiento-aire-utas-aragon-la-rioja-25-96x96.png 96w\" sizes=\"(max-width: 512px) 100vw, 512px\" \/><\/figure><div class=\"elementor-image-box-content\"><h4 class=\"elementor-image-box-title\">Control de temperatura y humedad<\/h4><p class=\"elementor-image-box-description\">Los sistemas de control avanzados de nuestras UTAs permiten un ajuste preciso de la temperatura y la humedad, adapt\u00e1ndose a las preferencias y necesidades de los ocupantes. Esto significa que puedes mantener un ambiente t\u00e9rmicamente confortable en todo momento, ya sea en verano o en invierno.<\/p><\/div><\/div>\t\t\t\t<\/div>\n\t\t\t\t<\/div>\n\t\t\t\t<\/div>\n\t\t<div class=\"has_ae_slider elementor-element elementor-element-4caaa1e e-con-full e-flex ae-bg-gallery-type-default e-con e-child\" data-id=\"4caaa1e\" data-element_type=\"container\" data-e-type=\"container\">\n\t\t\t\t<div class=\"elementor-element elementor-element-e80f93e elementor-position-top elementor-widget elementor-widget-image-box\" data-id=\"e80f93e\" data-element_type=\"widget\" data-e-type=\"widget\" data-widget_type=\"image-box.default\">\n\t\t\t\t<div class=\"elementor-widget-container\">\n\t\t\t\t\t<div class=\"elementor-image-box-wrapper\"><figure class=\"elementor-image-box-img\"><img loading=\"lazy\" decoding=\"async\" width=\"512\" height=\"512\" src=\"https:\/\/innotecgrupo.com\/industria-empresa\/wp-content\/uploads\/2024\/09\/calidad-aire-interior-unidades-tratamiento-aire-utas-aragon-la-rioja-26.png\" class=\"attachment-full size-full wp-image-22029\" alt=\"Calidad aire interior unidades tratamiento aire uta en Arag\u00f3n y La Rioja\" srcset=\"https:\/\/innotecgrupo.com\/industria-empresa\/wp-content\/uploads\/2024\/09\/calidad-aire-interior-unidades-tratamiento-aire-utas-aragon-la-rioja-26.png 512w, https:\/\/innotecgrupo.com\/industria-empresa\/wp-content\/uploads\/2024\/09\/calidad-aire-interior-unidades-tratamiento-aire-utas-aragon-la-rioja-26-300x300.png 300w, https:\/\/innotecgrupo.com\/industria-empresa\/wp-content\/uploads\/2024\/09\/calidad-aire-interior-unidades-tratamiento-aire-utas-aragon-la-rioja-26-150x150.png 150w, https:\/\/innotecgrupo.com\/industria-empresa\/wp-content\/uploads\/2024\/09\/calidad-aire-interior-unidades-tratamiento-aire-utas-aragon-la-rioja-26-80x80.png 80w, https:\/\/innotecgrupo.com\/industria-empresa\/wp-content\/uploads\/2024\/09\/calidad-aire-interior-unidades-tratamiento-aire-utas-aragon-la-rioja-26-360x360.png 360w, https:\/\/innotecgrupo.com\/industria-empresa\/wp-content\/uploads\/2024\/09\/calidad-aire-interior-unidades-tratamiento-aire-utas-aragon-la-rioja-26-24x24.png 24w, https:\/\/innotecgrupo.com\/industria-empresa\/wp-content\/uploads\/2024\/09\/calidad-aire-interior-unidades-tratamiento-aire-utas-aragon-la-rioja-26-48x48.png 48w, https:\/\/innotecgrupo.com\/industria-empresa\/wp-content\/uploads\/2024\/09\/calidad-aire-interior-unidades-tratamiento-aire-utas-aragon-la-rioja-26-96x96.png 96w\" sizes=\"(max-width: 512px) 100vw, 512px\" \/><\/figure><div class=\"elementor-image-box-content\"><h4 class=\"elementor-image-box-title\">Bajo nivel de ruido<\/h4><p class=\"elementor-image-box-description\">Nuestras UTAs est\u00e1n dise\u00f1adas para operar con un bajo nivel de ruido, gracias a la utilizaci\u00f3n de materiales aislantes de alta calidad y a la selecci\u00f3n de componentes silenciosos. Esto garantiza un ambiente ac\u00fasticamente confortable, sin distracciones ni molestias causadas por el ruido de los equipos de climatizaci\u00f3n.<\/p><\/div><\/div>\t\t\t\t<\/div>\n\t\t\t\t<\/div>\n\t\t\t\t<div class=\"elementor-element elementor-element-4d4619a elementor-position-top elementor-widget elementor-widget-image-box\" data-id=\"4d4619a\" data-element_type=\"widget\" data-e-type=\"widget\" data-widget_type=\"image-box.default\">\n\t\t\t\t<div class=\"elementor-widget-container\">\n\t\t\t\t\t<div class=\"elementor-image-box-wrapper\"><figure class=\"elementor-image-box-img\"><img loading=\"lazy\" decoding=\"async\" width=\"512\" height=\"512\" src=\"https:\/\/innotecgrupo.com\/industria-empresa\/wp-content\/uploads\/2024\/09\/calidad-aire-interior-unidades-tratamiento-aire-utas-aragon-la-rioja-27.png\" class=\"attachment-full size-full wp-image-22030\" alt=\"Calidad aire interior unidades tratamiento aire uta en Arag\u00f3n y La Rioja\" srcset=\"https:\/\/innotecgrupo.com\/industria-empresa\/wp-content\/uploads\/2024\/09\/calidad-aire-interior-unidades-tratamiento-aire-utas-aragon-la-rioja-27.png 512w, https:\/\/innotecgrupo.com\/industria-empresa\/wp-content\/uploads\/2024\/09\/calidad-aire-interior-unidades-tratamiento-aire-utas-aragon-la-rioja-27-300x300.png 300w, https:\/\/innotecgrupo.com\/industria-empresa\/wp-content\/uploads\/2024\/09\/calidad-aire-interior-unidades-tratamiento-aire-utas-aragon-la-rioja-27-150x150.png 150w, https:\/\/innotecgrupo.com\/industria-empresa\/wp-content\/uploads\/2024\/09\/calidad-aire-interior-unidades-tratamiento-aire-utas-aragon-la-rioja-27-80x80.png 80w, https:\/\/innotecgrupo.com\/industria-empresa\/wp-content\/uploads\/2024\/09\/calidad-aire-interior-unidades-tratamiento-aire-utas-aragon-la-rioja-27-360x360.png 360w, https:\/\/innotecgrupo.com\/industria-empresa\/wp-content\/uploads\/2024\/09\/calidad-aire-interior-unidades-tratamiento-aire-utas-aragon-la-rioja-27-24x24.png 24w, https:\/\/innotecgrupo.com\/industria-empresa\/wp-content\/uploads\/2024\/09\/calidad-aire-interior-unidades-tratamiento-aire-utas-aragon-la-rioja-27-48x48.png 48w, https:\/\/innotecgrupo.com\/industria-empresa\/wp-content\/uploads\/2024\/09\/calidad-aire-interior-unidades-tratamiento-aire-utas-aragon-la-rioja-27-96x96.png 96w\" sizes=\"(max-width: 512px) 100vw, 512px\" \/><\/figure><div class=\"elementor-image-box-content\"><h4 class=\"elementor-image-box-title\">Velocidad del aire ajustable<\/h4><p class=\"elementor-image-box-description\"> En algunos casos, nuestras UTAs permiten ajustar la velocidad del aire de impulsi\u00f3n, para adaptarse a las preferencias individuales de los ocupantes. Esto significa que cada persona puede regular el flujo de aire en su zona para maximizar su confort personal.<\/p><\/div><\/div>\t\t\t\t<\/div>\n\t\t\t\t<\/div>\n\t\t\t\t<\/div>\n\t\t\t\t\t<\/div>\n\t\t\t\t<\/div>\n\t\t<div class=\"has_ae_slider elementor-element elementor-element-07da4b1 e-flex e-con-boxed ae-bg-gallery-type-default e-con e-parent\" data-id=\"07da4b1\" data-element_type=\"container\" data-e-type=\"container\">\n\t\t\t\t\t<div class=\"e-con-inner\">\n\t\t\t\t<div class=\"elementor-element elementor-element-4440b75 elementor-position-left elementor-vertical-align-middle elementor-widget elementor-widget-image-box\" data-id=\"4440b75\" data-element_type=\"widget\" data-e-type=\"widget\" data-widget_type=\"image-box.default\">\n\t\t\t\t<div class=\"elementor-widget-container\">\n\t\t\t\t\t<div class=\"elementor-image-box-wrapper\"><figure class=\"elementor-image-box-img\"><img loading=\"lazy\" decoding=\"async\" width=\"512\" height=\"512\" src=\"https:\/\/innotecgrupo.com\/industria-empresa\/wp-content\/uploads\/2024\/09\/calidad-aire-interior-unidades-tratamiento-aire-utas-aragon-la-rioja-28.png\" class=\"attachment-full size-full wp-image-22031\" alt=\"Calidad aire interior unidades tratamiento aire uta en Arag\u00f3n y La Rioja\" srcset=\"https:\/\/innotecgrupo.com\/industria-empresa\/wp-content\/uploads\/2024\/09\/calidad-aire-interior-unidades-tratamiento-aire-utas-aragon-la-rioja-28.png 512w, https:\/\/innotecgrupo.com\/industria-empresa\/wp-content\/uploads\/2024\/09\/calidad-aire-interior-unidades-tratamiento-aire-utas-aragon-la-rioja-28-300x300.png 300w, https:\/\/innotecgrupo.com\/industria-empresa\/wp-content\/uploads\/2024\/09\/calidad-aire-interior-unidades-tratamiento-aire-utas-aragon-la-rioja-28-150x150.png 150w, https:\/\/innotecgrupo.com\/industria-empresa\/wp-content\/uploads\/2024\/09\/calidad-aire-interior-unidades-tratamiento-aire-utas-aragon-la-rioja-28-80x80.png 80w, https:\/\/innotecgrupo.com\/industria-empresa\/wp-content\/uploads\/2024\/09\/calidad-aire-interior-unidades-tratamiento-aire-utas-aragon-la-rioja-28-360x360.png 360w, https:\/\/innotecgrupo.com\/industria-empresa\/wp-content\/uploads\/2024\/09\/calidad-aire-interior-unidades-tratamiento-aire-utas-aragon-la-rioja-28-24x24.png 24w, https:\/\/innotecgrupo.com\/industria-empresa\/wp-content\/uploads\/2024\/09\/calidad-aire-interior-unidades-tratamiento-aire-utas-aragon-la-rioja-28-48x48.png 48w, https:\/\/innotecgrupo.com\/industria-empresa\/wp-content\/uploads\/2024\/09\/calidad-aire-interior-unidades-tratamiento-aire-utas-aragon-la-rioja-28-96x96.png 96w\" sizes=\"(max-width: 512px) 100vw, 512px\" \/><\/figure><div class=\"elementor-image-box-content\"><h3 class=\"elementor-image-box-title\">Cumplimiento de normativas y regulaciones<\/h3><p class=\"elementor-image-box-description\">En Grupo Innotec, nos aseguramos de que nuestras UTAs cumplan con todas las normativas y regulaciones aplicables en materia de eficiencia energ\u00e9tica, calidad del aire interior y seguridad. Esto garantiza que tu sistema de climatizaci\u00f3n sea no solo eficiente y confortable, sino tambi\u00e9n legal y seguro.\n<br><br>\nAlgunas de las normativas y regulaciones que nuestras UTAs cumplen incluyen:<\/p><\/div><\/div>\t\t\t\t<\/div>\n\t\t\t\t<\/div>\n\t\t<div class=\"has_ae_slider elementor-element elementor-element-0ffca34 e-con-full e-flex ae-bg-gallery-type-default e-con e-child\" data-id=\"0ffca34\" data-element_type=\"container\" data-e-type=\"container\">\n\t\t\t\t<div class=\"elementor-element elementor-element-3b1c158 elementor-position-top elementor-widget elementor-widget-image-box\" data-id=\"3b1c158\" data-element_type=\"widget\" data-e-type=\"widget\" data-widget_type=\"image-box.default\">\n\t\t\t\t<div class=\"elementor-widget-container\">\n\t\t\t\t\t<div class=\"elementor-image-box-wrapper\"><figure class=\"elementor-image-box-img\"><img loading=\"lazy\" decoding=\"async\" width=\"512\" height=\"512\" src=\"https:\/\/innotecgrupo.com\/industria-empresa\/wp-content\/uploads\/2024\/09\/calidad-aire-interior-unidades-tratamiento-aire-utas-aragon-la-rioja-29.png\" class=\"attachment-full size-full wp-image-22032\" alt=\"Calidad aire interior unidades tratamiento aire uta en Arag\u00f3n y La Rioja\" srcset=\"https:\/\/innotecgrupo.com\/industria-empresa\/wp-content\/uploads\/2024\/09\/calidad-aire-interior-unidades-tratamiento-aire-utas-aragon-la-rioja-29.png 512w, https:\/\/innotecgrupo.com\/industria-empresa\/wp-content\/uploads\/2024\/09\/calidad-aire-interior-unidades-tratamiento-aire-utas-aragon-la-rioja-29-300x300.png 300w, https:\/\/innotecgrupo.com\/industria-empresa\/wp-content\/uploads\/2024\/09\/calidad-aire-interior-unidades-tratamiento-aire-utas-aragon-la-rioja-29-150x150.png 150w, https:\/\/innotecgrupo.com\/industria-empresa\/wp-content\/uploads\/2024\/09\/calidad-aire-interior-unidades-tratamiento-aire-utas-aragon-la-rioja-29-80x80.png 80w, https:\/\/innotecgrupo.com\/industria-empresa\/wp-content\/uploads\/2024\/09\/calidad-aire-interior-unidades-tratamiento-aire-utas-aragon-la-rioja-29-360x360.png 360w, https:\/\/innotecgrupo.com\/industria-empresa\/wp-content\/uploads\/2024\/09\/calidad-aire-interior-unidades-tratamiento-aire-utas-aragon-la-rioja-29-24x24.png 24w, https:\/\/innotecgrupo.com\/industria-empresa\/wp-content\/uploads\/2024\/09\/calidad-aire-interior-unidades-tratamiento-aire-utas-aragon-la-rioja-29-48x48.png 48w, https:\/\/innotecgrupo.com\/industria-empresa\/wp-content\/uploads\/2024\/09\/calidad-aire-interior-unidades-tratamiento-aire-utas-aragon-la-rioja-29-96x96.png 96w\" sizes=\"(max-width: 512px) 100vw, 512px\" \/><\/figure><div class=\"elementor-image-box-content\"><h4 class=\"elementor-image-box-title\">Reglamento Instalaciones T\u00e9rmicas Edificios<\/h4><p class=\"elementor-image-box-description\">Nuestras UTAs est\u00e1n dise\u00f1adas y fabricadas de acuerdo con las exigencias del RITE, que establece los requisitos de eficiencia energ\u00e9tica, seguridad y calidad que deben cumplir las instalaciones t\u00e9rmicas en los edificios.<\/p><\/div><\/div>\t\t\t\t<\/div>\n\t\t\t\t<\/div>\n\t\t\t\t<div class=\"elementor-element elementor-element-6aa5160 elementor-position-top elementor-widget elementor-widget-image-box\" data-id=\"6aa5160\" data-element_type=\"widget\" data-e-type=\"widget\" data-widget_type=\"image-box.default\">\n\t\t\t\t<div class=\"elementor-widget-container\">\n\t\t\t\t\t<div class=\"elementor-image-box-wrapper\"><figure class=\"elementor-image-box-img\"><img loading=\"lazy\" decoding=\"async\" width=\"512\" height=\"512\" src=\"https:\/\/innotecgrupo.com\/industria-empresa\/wp-content\/uploads\/2024\/09\/calidad-aire-interior-unidades-tratamiento-aire-utas-aragon-la-rioja-30.png\" class=\"attachment-full size-full wp-image-22033\" alt=\"Calidad aire interior unidades tratamiento aire uta en Arag\u00f3n y La Rioja\" srcset=\"https:\/\/innotecgrupo.com\/industria-empresa\/wp-content\/uploads\/2024\/09\/calidad-aire-interior-unidades-tratamiento-aire-utas-aragon-la-rioja-30.png 512w, https:\/\/innotecgrupo.com\/industria-empresa\/wp-content\/uploads\/2024\/09\/calidad-aire-interior-unidades-tratamiento-aire-utas-aragon-la-rioja-30-300x300.png 300w, https:\/\/innotecgrupo.com\/industria-empresa\/wp-content\/uploads\/2024\/09\/calidad-aire-interior-unidades-tratamiento-aire-utas-aragon-la-rioja-30-150x150.png 150w, https:\/\/innotecgrupo.com\/industria-empresa\/wp-content\/uploads\/2024\/09\/calidad-aire-interior-unidades-tratamiento-aire-utas-aragon-la-rioja-30-80x80.png 80w, https:\/\/innotecgrupo.com\/industria-empresa\/wp-content\/uploads\/2024\/09\/calidad-aire-interior-unidades-tratamiento-aire-utas-aragon-la-rioja-30-360x360.png 360w, https:\/\/innotecgrupo.com\/industria-empresa\/wp-content\/uploads\/2024\/09\/calidad-aire-interior-unidades-tratamiento-aire-utas-aragon-la-rioja-30-24x24.png 24w, https:\/\/innotecgrupo.com\/industria-empresa\/wp-content\/uploads\/2024\/09\/calidad-aire-interior-unidades-tratamiento-aire-utas-aragon-la-rioja-30-48x48.png 48w, https:\/\/innotecgrupo.com\/industria-empresa\/wp-content\/uploads\/2024\/09\/calidad-aire-interior-unidades-tratamiento-aire-utas-aragon-la-rioja-30-96x96.png 96w\" sizes=\"(max-width: 512px) 100vw, 512px\" \/><\/figure><div class=\"elementor-image-box-content\"><h4 class=\"elementor-image-box-title\">Directiva Ecodise\u00f1o (ErP)<\/h4><p class=\"elementor-image-box-description\"> Nuestros equipos cumplen con la Directiva de Ecodise\u00f1o de la Uni\u00f3n Europea, que establece requisitos de eficiencia energ\u00e9tica y de reducci\u00f3n del impacto ambiental para los productos relacionados con la energ\u00eda.<\/p><\/div><\/div>\t\t\t\t<\/div>\n\t\t\t\t<\/div>\n\t\t\t\t<\/div>\n\t\t<div class=\"has_ae_slider elementor-element elementor-element-accbe25 e-con-full e-flex ae-bg-gallery-type-default e-con e-child\" data-id=\"accbe25\" data-element_type=\"container\" data-e-type=\"container\">\n\t\t\t\t<div class=\"elementor-element elementor-element-39f65f4 elementor-position-top elementor-widget elementor-widget-image-box\" data-id=\"39f65f4\" data-element_type=\"widget\" data-e-type=\"widget\" data-widget_type=\"image-box.default\">\n\t\t\t\t<div class=\"elementor-widget-container\">\n\t\t\t\t\t<div class=\"elementor-image-box-wrapper\"><figure class=\"elementor-image-box-img\"><img loading=\"lazy\" decoding=\"async\" width=\"512\" height=\"512\" src=\"https:\/\/innotecgrupo.com\/industria-empresa\/wp-content\/uploads\/2024\/09\/calidad-aire-interior-unidades-tratamiento-aire-utas-aragon-la-rioja-31.png\" class=\"attachment-full size-full wp-image-22034\" alt=\"Calidad aire interior unidades tratamiento aire uta en Arag\u00f3n y La Rioja\" srcset=\"https:\/\/innotecgrupo.com\/industria-empresa\/wp-content\/uploads\/2024\/09\/calidad-aire-interior-unidades-tratamiento-aire-utas-aragon-la-rioja-31.png 512w, https:\/\/innotecgrupo.com\/industria-empresa\/wp-content\/uploads\/2024\/09\/calidad-aire-interior-unidades-tratamiento-aire-utas-aragon-la-rioja-31-300x300.png 300w, https:\/\/innotecgrupo.com\/industria-empresa\/wp-content\/uploads\/2024\/09\/calidad-aire-interior-unidades-tratamiento-aire-utas-aragon-la-rioja-31-150x150.png 150w, https:\/\/innotecgrupo.com\/industria-empresa\/wp-content\/uploads\/2024\/09\/calidad-aire-interior-unidades-tratamiento-aire-utas-aragon-la-rioja-31-80x80.png 80w, https:\/\/innotecgrupo.com\/industria-empresa\/wp-content\/uploads\/2024\/09\/calidad-aire-interior-unidades-tratamiento-aire-utas-aragon-la-rioja-31-360x360.png 360w, https:\/\/innotecgrupo.com\/industria-empresa\/wp-content\/uploads\/2024\/09\/calidad-aire-interior-unidades-tratamiento-aire-utas-aragon-la-rioja-31-24x24.png 24w, https:\/\/innotecgrupo.com\/industria-empresa\/wp-content\/uploads\/2024\/09\/calidad-aire-interior-unidades-tratamiento-aire-utas-aragon-la-rioja-31-48x48.png 48w, https:\/\/innotecgrupo.com\/industria-empresa\/wp-content\/uploads\/2024\/09\/calidad-aire-interior-unidades-tratamiento-aire-utas-aragon-la-rioja-31-96x96.png 96w\" sizes=\"(max-width: 512px) 100vw, 512px\" \/><\/figure><div class=\"elementor-image-box-content\"><h4 class=\"elementor-image-box-title\">Normas UNE de ventilaci\u00f3n y CAI<\/h4><p class=\"elementor-image-box-description\"> Seguimos las normas UNE aplicables a la ventilaci\u00f3n y la calidad del aire interior, como la UNE-EN 16798, para garantizar que nuestras UTAs proporcionen una ventilaci\u00f3n adecuada y un aire interior saludable.<\/p><\/div><\/div>\t\t\t\t<\/div>\n\t\t\t\t<\/div>\n\t\t\t\t<div class=\"elementor-element elementor-element-69ae6e9 elementor-position-top elementor-widget elementor-widget-image-box\" data-id=\"69ae6e9\" data-element_type=\"widget\" data-e-type=\"widget\" data-widget_type=\"image-box.default\">\n\t\t\t\t<div class=\"elementor-widget-container\">\n\t\t\t\t\t<div class=\"elementor-image-box-wrapper\"><figure class=\"elementor-image-box-img\"><img loading=\"lazy\" decoding=\"async\" width=\"512\" height=\"512\" src=\"https:\/\/innotecgrupo.com\/industria-empresa\/wp-content\/uploads\/2024\/09\/calidad-aire-interior-unidades-tratamiento-aire-utas-aragon-la-rioja-32.png\" class=\"attachment-full size-full wp-image-22011\" alt=\"Calidad aire interior unidades tratamiento aire uta en Aragon y La Rioja\" srcset=\"https:\/\/innotecgrupo.com\/industria-empresa\/wp-content\/uploads\/2024\/09\/calidad-aire-interior-unidades-tratamiento-aire-utas-aragon-la-rioja-32.png 512w, https:\/\/innotecgrupo.com\/industria-empresa\/wp-content\/uploads\/2024\/09\/calidad-aire-interior-unidades-tratamiento-aire-utas-aragon-la-rioja-32-300x300.png 300w, https:\/\/innotecgrupo.com\/industria-empresa\/wp-content\/uploads\/2024\/09\/calidad-aire-interior-unidades-tratamiento-aire-utas-aragon-la-rioja-32-150x150.png 150w, https:\/\/innotecgrupo.com\/industria-empresa\/wp-content\/uploads\/2024\/09\/calidad-aire-interior-unidades-tratamiento-aire-utas-aragon-la-rioja-32-80x80.png 80w, https:\/\/innotecgrupo.com\/industria-empresa\/wp-content\/uploads\/2024\/09\/calidad-aire-interior-unidades-tratamiento-aire-utas-aragon-la-rioja-32-360x360.png 360w, https:\/\/innotecgrupo.com\/industria-empresa\/wp-content\/uploads\/2024\/09\/calidad-aire-interior-unidades-tratamiento-aire-utas-aragon-la-rioja-32-24x24.png 24w, https:\/\/innotecgrupo.com\/industria-empresa\/wp-content\/uploads\/2024\/09\/calidad-aire-interior-unidades-tratamiento-aire-utas-aragon-la-rioja-32-48x48.png 48w, https:\/\/innotecgrupo.com\/industria-empresa\/wp-content\/uploads\/2024\/09\/calidad-aire-interior-unidades-tratamiento-aire-utas-aragon-la-rioja-32-96x96.png 96w\" sizes=\"(max-width: 512px) 100vw, 512px\" \/><\/figure><div class=\"elementor-image-box-content\"><h4 class=\"elementor-image-box-title\">Reglamento Instalaciones Frigor\u00edficas (RSIF)<\/h4><p class=\"elementor-image-box-description\">Cuando nuestras UTAs incluyen sistemas de refrigeraci\u00f3n, nos aseguramos de cumplir con el RSIF, que establece los requisitos de seguridad y prevenci\u00f3n de riesgos en instalaciones frigor\u00edficas.<\/p><\/div><\/div>\t\t\t\t<\/div>\n\t\t\t\t<\/div>\n\t\t\t\t<\/div>\n\t\t\t\t\t<\/div>\n\t\t\t\t<\/div>\n\t\t\t\t<\/div>\n\t\t","protected":false},"excerpt":{"rendered":"<p>En Grupo Innotec, como expertos en Unidades de Tratamiento de aire (UTAs), queremos revelarte los secretos para lograr una Calidad de Aire Interior \u00f3ptima y saludable.<\/p>\n","protected":false},"author":9,"featured_media":17863,"comment_status":"closed","ping_status":"open","sticky":false,"template":"","format":"standard","meta":{"_acf_changed":false,"footnotes":""},"categories":[106],"tags":[],"class_list":["post-23274","post","type-post","status-publish","format-standard","has-post-thumbnail","hentry","category-calidad-aire-interior"],"acf":[],"yoast_head":"<!-- This site is optimized with the Yoast SEO plugin v27.3 - https:\/\/yoast.com\/product\/yoast-seo-wordpress\/ -->\n<title>Unidades de tratamiento de aire (UTAS): Mejorando la calidad de aire interior | Innotec<\/title>\n<meta name=\"description\" content=\"En el actual panorama industrial, los sistemas de captaci\u00f3n localizada se han convertido en un elemento fundamental para garantizar tanto la seguridad laboral como la eficiencia operativa de las plantas industriales. Estos sistemas no son simplemente una opci\u00f3n, sino una necesidad cr\u00edtica que responde a m\u00faltiples desaf\u00edos y exigencias del entorno productivo moderno.\" \/>\n<meta name=\"robots\" content=\"index, follow, max-snippet:-1, max-image-preview:large, max-video-preview:-1\" \/>\n<link rel=\"canonical\" href=\"https:\/\/innotecgrupo.com\/industria-empresa\/blog\/unidades-de-tratamiento-de-aire-utas-mejorando-la-calidad-de-aire-interior\/\" \/>\n<meta property=\"og:locale\" content=\"es_ES\" \/>\n<meta property=\"og:type\" content=\"article\" \/>\n<meta property=\"og:title\" content=\"Unidades de tratamiento de aire (UTAS): Mejorando la calidad de aire interior | Innotec\" \/>\n<meta property=\"og:description\" content=\"En el actual panorama industrial, los sistemas de captaci\u00f3n localizada se han convertido en un elemento fundamental para garantizar tanto la seguridad laboral como la eficiencia operativa de las plantas industriales. Estos sistemas no son simplemente una opci\u00f3n, sino una necesidad cr\u00edtica que responde a m\u00faltiples desaf\u00edos y exigencias del entorno productivo moderno.\" \/>\n<meta property=\"og:url\" content=\"https:\/\/innotecgrupo.com\/industria-empresa\/blog\/unidades-de-tratamiento-de-aire-utas-mejorando-la-calidad-de-aire-interior\/\" \/>\n<meta property=\"og:site_name\" content=\"Innotec\" \/>\n<meta property=\"article:published_time\" content=\"2025-03-21T11:13:51+00:00\" \/>\n<meta property=\"article:modified_time\" content=\"2025-10-28T14:51:30+00:00\" \/>\n<meta property=\"og:image\" content=\"https:\/\/innotecgrupo.com\/industria-empresa\/wp-content\/uploads\/2024\/05\/unidad-tratamiento-aire.jpg\" \/>\n\t<meta property=\"og:image:width\" content=\"800\" \/>\n\t<meta property=\"og:image:height\" content=\"532\" \/>\n\t<meta property=\"og:image:type\" content=\"image\/jpeg\" \/>\n<meta name=\"author\" content=\"Manuel Bernal (Socio Fundador)\" \/>\n<meta name=\"twitter:card\" content=\"summary_large_image\" \/>\n<meta name=\"twitter:label1\" content=\"Escrito por\" \/>\n\t<meta name=\"twitter:data1\" content=\"Manuel Bernal (Socio Fundador)\" \/>\n\t<meta name=\"twitter:label2\" content=\"Tiempo de lectura\" \/>\n\t<meta name=\"twitter:data2\" content=\"9 minutos\" \/>\n<script type=\"application\/ld+json\" class=\"yoast-schema-graph\">{\"@context\":\"https:\\\/\\\/schema.org\",\"@graph\":[{\"@type\":\"Article\",\"@id\":\"https:\\\/\\\/innotecgrupo.com\\\/industria-empresa\\\/blog\\\/unidades-de-tratamiento-de-aire-utas-mejorando-la-calidad-de-aire-interior\\\/#article\",\"isPartOf\":{\"@id\":\"https:\\\/\\\/innotecgrupo.com\\\/industria-empresa\\\/blog\\\/unidades-de-tratamiento-de-aire-utas-mejorando-la-calidad-de-aire-interior\\\/\"},\"author\":{\"name\":\"Manuel Bernal (Socio Fundador)\",\"@id\":\"https:\\\/\\\/innotecgrupo.com\\\/industria-empresa\\\/#\\\/schema\\\/person\\\/cd83faa3aecd59ea2de1fcb467a88501\"},\"headline\":\"Unidades de tratamiento de aire (UTAS): Mejorando la calidad de aire interior\",\"datePublished\":\"2025-03-21T11:13:51+00:00\",\"dateModified\":\"2025-10-28T14:51:30+00:00\",\"mainEntityOfPage\":{\"@id\":\"https:\\\/\\\/innotecgrupo.com\\\/industria-empresa\\\/blog\\\/unidades-de-tratamiento-de-aire-utas-mejorando-la-calidad-de-aire-interior\\\/\"},\"wordCount\":2391,\"publisher\":{\"@id\":\"https:\\\/\\\/innotecgrupo.com\\\/industria-empresa\\\/#organization\"},\"image\":{\"@id\":\"https:\\\/\\\/innotecgrupo.com\\\/industria-empresa\\\/blog\\\/unidades-de-tratamiento-de-aire-utas-mejorando-la-calidad-de-aire-interior\\\/#primaryimage\"},\"thumbnailUrl\":\"https:\\\/\\\/innotecgrupo.com\\\/industria-empresa\\\/wp-content\\\/uploads\\\/2024\\\/05\\\/unidad-tratamiento-aire.jpg\",\"articleSection\":[\"Calidad Aire Interior\"],\"inLanguage\":\"es\"},{\"@type\":\"WebPage\",\"@id\":\"https:\\\/\\\/innotecgrupo.com\\\/industria-empresa\\\/blog\\\/unidades-de-tratamiento-de-aire-utas-mejorando-la-calidad-de-aire-interior\\\/\",\"url\":\"https:\\\/\\\/innotecgrupo.com\\\/industria-empresa\\\/blog\\\/unidades-de-tratamiento-de-aire-utas-mejorando-la-calidad-de-aire-interior\\\/\",\"name\":\"Unidades de tratamiento de aire (UTAS): Mejorando la calidad de aire interior | Innotec\",\"isPartOf\":{\"@id\":\"https:\\\/\\\/innotecgrupo.com\\\/industria-empresa\\\/#website\"},\"primaryImageOfPage\":{\"@id\":\"https:\\\/\\\/innotecgrupo.com\\\/industria-empresa\\\/blog\\\/unidades-de-tratamiento-de-aire-utas-mejorando-la-calidad-de-aire-interior\\\/#primaryimage\"},\"image\":{\"@id\":\"https:\\\/\\\/innotecgrupo.com\\\/industria-empresa\\\/blog\\\/unidades-de-tratamiento-de-aire-utas-mejorando-la-calidad-de-aire-interior\\\/#primaryimage\"},\"thumbnailUrl\":\"https:\\\/\\\/innotecgrupo.com\\\/industria-empresa\\\/wp-content\\\/uploads\\\/2024\\\/05\\\/unidad-tratamiento-aire.jpg\",\"datePublished\":\"2025-03-21T11:13:51+00:00\",\"dateModified\":\"2025-10-28T14:51:30+00:00\",\"description\":\"En el actual panorama industrial, los sistemas de captaci\u00f3n localizada se han convertido en un elemento fundamental para garantizar tanto la seguridad laboral como la eficiencia operativa de las plantas industriales. Estos sistemas no son simplemente una opci\u00f3n, sino una necesidad cr\u00edtica que responde a m\u00faltiples desaf\u00edos y exigencias del entorno productivo moderno.\",\"breadcrumb\":{\"@id\":\"https:\\\/\\\/innotecgrupo.com\\\/industria-empresa\\\/blog\\\/unidades-de-tratamiento-de-aire-utas-mejorando-la-calidad-de-aire-interior\\\/#breadcrumb\"},\"inLanguage\":\"es\",\"potentialAction\":[{\"@type\":\"ReadAction\",\"target\":[\"https:\\\/\\\/innotecgrupo.com\\\/industria-empresa\\\/blog\\\/unidades-de-tratamiento-de-aire-utas-mejorando-la-calidad-de-aire-interior\\\/\"]}]},{\"@type\":\"ImageObject\",\"inLanguage\":\"es\",\"@id\":\"https:\\\/\\\/innotecgrupo.com\\\/industria-empresa\\\/blog\\\/unidades-de-tratamiento-de-aire-utas-mejorando-la-calidad-de-aire-interior\\\/#primaryimage\",\"url\":\"https:\\\/\\\/innotecgrupo.com\\\/industria-empresa\\\/wp-content\\\/uploads\\\/2024\\\/05\\\/unidad-tratamiento-aire.jpg\",\"contentUrl\":\"https:\\\/\\\/innotecgrupo.com\\\/industria-empresa\\\/wp-content\\\/uploads\\\/2024\\\/05\\\/unidad-tratamiento-aire.jpg\",\"width\":800,\"height\":532},{\"@type\":\"BreadcrumbList\",\"@id\":\"https:\\\/\\\/innotecgrupo.com\\\/industria-empresa\\\/blog\\\/unidades-de-tratamiento-de-aire-utas-mejorando-la-calidad-de-aire-interior\\\/#breadcrumb\",\"itemListElement\":[{\"@type\":\"ListItem\",\"position\":1,\"name\":\"Portada\",\"item\":\"https:\\\/\\\/innotecgrupo.com\\\/industria-empresa\\\/\"},{\"@type\":\"ListItem\",\"position\":2,\"name\":\"Unidades de tratamiento de aire (UTAS): Mejorando la calidad de aire interior\"}]},{\"@type\":\"WebSite\",\"@id\":\"https:\\\/\\\/innotecgrupo.com\\\/industria-empresa\\\/#website\",\"url\":\"https:\\\/\\\/innotecgrupo.com\\\/industria-empresa\\\/\",\"name\":\"Innotec Grupo\",\"description\":\"CLIMATIZACI\u00d3N ENFOCADA AL BIENESTAR INTEGRAL\",\"publisher\":{\"@id\":\"https:\\\/\\\/innotecgrupo.com\\\/industria-empresa\\\/#organization\"},\"potentialAction\":[{\"@type\":\"SearchAction\",\"target\":{\"@type\":\"EntryPoint\",\"urlTemplate\":\"https:\\\/\\\/innotecgrupo.com\\\/industria-empresa\\\/?s={search_term_string}\"},\"query-input\":{\"@type\":\"PropertyValueSpecification\",\"valueRequired\":true,\"valueName\":\"search_term_string\"}}],\"inLanguage\":\"es\"},{\"@type\":\"Organization\",\"@id\":\"https:\\\/\\\/innotecgrupo.com\\\/industria-empresa\\\/#organization\",\"name\":\"Innotec\",\"url\":\"https:\\\/\\\/innotecgrupo.com\\\/industria-empresa\\\/\",\"logo\":{\"@type\":\"ImageObject\",\"inLanguage\":\"es\",\"@id\":\"https:\\\/\\\/innotecgrupo.com\\\/industria-empresa\\\/#\\\/schema\\\/logo\\\/image\\\/\",\"url\":\"https:\\\/\\\/innotecgrupo.com\\\/industria-empresa\\\/wp-content\\\/uploads\\\/2022\\\/01\\\/logo-innotec.png\",\"contentUrl\":\"https:\\\/\\\/innotecgrupo.com\\\/industria-empresa\\\/wp-content\\\/uploads\\\/2022\\\/01\\\/logo-innotec.png\",\"width\":166,\"height\":31,\"caption\":\"Innotec\"},\"image\":{\"@id\":\"https:\\\/\\\/innotecgrupo.com\\\/industria-empresa\\\/#\\\/schema\\\/logo\\\/image\\\/\"}},{\"@type\":\"Person\",\"@id\":\"https:\\\/\\\/innotecgrupo.com\\\/industria-empresa\\\/#\\\/schema\\\/person\\\/cd83faa3aecd59ea2de1fcb467a88501\",\"name\":\"Manuel Bernal (Socio Fundador)\",\"description\":\"Ingeniero Industrial MBA en CESTE\",\"sameAs\":[\"https:\\\/\\\/www.linkedin.com\\\/in\\\/manuel-bernal-innotec\\\/\"],\"url\":\"https:\\\/\\\/innotecgrupo.com\\\/industria-empresa\\\/blog\\\/author\\\/manuel-bernal\\\/\"}]}<\/script>\n<!-- \/ Yoast SEO plugin. -->","yoast_head_json":{"title":"Unidades de tratamiento de aire (UTAS): Mejorando la calidad de aire interior | Innotec","description":"En el actual panorama industrial, los sistemas de captaci\u00f3n localizada se han convertido en un elemento fundamental para garantizar tanto la seguridad laboral como la eficiencia operativa de las plantas industriales. Estos sistemas no son simplemente una opci\u00f3n, sino una necesidad cr\u00edtica que responde a m\u00faltiples desaf\u00edos y exigencias del entorno productivo moderno.","robots":{"index":"index","follow":"follow","max-snippet":"max-snippet:-1","max-image-preview":"max-image-preview:large","max-video-preview":"max-video-preview:-1"},"canonical":"https:\/\/innotecgrupo.com\/industria-empresa\/blog\/unidades-de-tratamiento-de-aire-utas-mejorando-la-calidad-de-aire-interior\/","og_locale":"es_ES","og_type":"article","og_title":"Unidades de tratamiento de aire (UTAS): Mejorando la calidad de aire interior | Innotec","og_description":"En el actual panorama industrial, los sistemas de captaci\u00f3n localizada se han convertido en un elemento fundamental para garantizar tanto la seguridad laboral como la eficiencia operativa de las plantas industriales. Estos sistemas no son simplemente una opci\u00f3n, sino una necesidad cr\u00edtica que responde a m\u00faltiples desaf\u00edos y exigencias del entorno productivo moderno.","og_url":"https:\/\/innotecgrupo.com\/industria-empresa\/blog\/unidades-de-tratamiento-de-aire-utas-mejorando-la-calidad-de-aire-interior\/","og_site_name":"Innotec","article_published_time":"2025-03-21T11:13:51+00:00","article_modified_time":"2025-10-28T14:51:30+00:00","og_image":[{"width":800,"height":532,"url":"https:\/\/innotecgrupo.com\/industria-empresa\/wp-content\/uploads\/2024\/05\/unidad-tratamiento-aire.jpg","type":"image\/jpeg"}],"author":"Manuel Bernal (Socio Fundador)","twitter_card":"summary_large_image","twitter_misc":{"Escrito por":"Manuel Bernal (Socio Fundador)","Tiempo de lectura":"9 minutos"},"schema":{"@context":"https:\/\/schema.org","@graph":[{"@type":"Article","@id":"https:\/\/innotecgrupo.com\/industria-empresa\/blog\/unidades-de-tratamiento-de-aire-utas-mejorando-la-calidad-de-aire-interior\/#article","isPartOf":{"@id":"https:\/\/innotecgrupo.com\/industria-empresa\/blog\/unidades-de-tratamiento-de-aire-utas-mejorando-la-calidad-de-aire-interior\/"},"author":{"name":"Manuel Bernal (Socio Fundador)","@id":"https:\/\/innotecgrupo.com\/industria-empresa\/#\/schema\/person\/cd83faa3aecd59ea2de1fcb467a88501"},"headline":"Unidades de tratamiento de aire (UTAS): Mejorando la calidad de aire interior","datePublished":"2025-03-21T11:13:51+00:00","dateModified":"2025-10-28T14:51:30+00:00","mainEntityOfPage":{"@id":"https:\/\/innotecgrupo.com\/industria-empresa\/blog\/unidades-de-tratamiento-de-aire-utas-mejorando-la-calidad-de-aire-interior\/"},"wordCount":2391,"publisher":{"@id":"https:\/\/innotecgrupo.com\/industria-empresa\/#organization"},"image":{"@id":"https:\/\/innotecgrupo.com\/industria-empresa\/blog\/unidades-de-tratamiento-de-aire-utas-mejorando-la-calidad-de-aire-interior\/#primaryimage"},"thumbnailUrl":"https:\/\/innotecgrupo.com\/industria-empresa\/wp-content\/uploads\/2024\/05\/unidad-tratamiento-aire.jpg","articleSection":["Calidad Aire Interior"],"inLanguage":"es"},{"@type":"WebPage","@id":"https:\/\/innotecgrupo.com\/industria-empresa\/blog\/unidades-de-tratamiento-de-aire-utas-mejorando-la-calidad-de-aire-interior\/","url":"https:\/\/innotecgrupo.com\/industria-empresa\/blog\/unidades-de-tratamiento-de-aire-utas-mejorando-la-calidad-de-aire-interior\/","name":"Unidades de tratamiento de aire (UTAS): Mejorando la calidad de aire interior | Innotec","isPartOf":{"@id":"https:\/\/innotecgrupo.com\/industria-empresa\/#website"},"primaryImageOfPage":{"@id":"https:\/\/innotecgrupo.com\/industria-empresa\/blog\/unidades-de-tratamiento-de-aire-utas-mejorando-la-calidad-de-aire-interior\/#primaryimage"},"image":{"@id":"https:\/\/innotecgrupo.com\/industria-empresa\/blog\/unidades-de-tratamiento-de-aire-utas-mejorando-la-calidad-de-aire-interior\/#primaryimage"},"thumbnailUrl":"https:\/\/innotecgrupo.com\/industria-empresa\/wp-content\/uploads\/2024\/05\/unidad-tratamiento-aire.jpg","datePublished":"2025-03-21T11:13:51+00:00","dateModified":"2025-10-28T14:51:30+00:00","description":"En el actual panorama industrial, los sistemas de captaci\u00f3n localizada se han convertido en un elemento fundamental para garantizar tanto la seguridad laboral como la eficiencia operativa de las plantas industriales. Estos sistemas no son simplemente una opci\u00f3n, sino una necesidad cr\u00edtica que responde a m\u00faltiples desaf\u00edos y exigencias del entorno productivo moderno.","breadcrumb":{"@id":"https:\/\/innotecgrupo.com\/industria-empresa\/blog\/unidades-de-tratamiento-de-aire-utas-mejorando-la-calidad-de-aire-interior\/#breadcrumb"},"inLanguage":"es","potentialAction":[{"@type":"ReadAction","target":["https:\/\/innotecgrupo.com\/industria-empresa\/blog\/unidades-de-tratamiento-de-aire-utas-mejorando-la-calidad-de-aire-interior\/"]}]},{"@type":"ImageObject","inLanguage":"es","@id":"https:\/\/innotecgrupo.com\/industria-empresa\/blog\/unidades-de-tratamiento-de-aire-utas-mejorando-la-calidad-de-aire-interior\/#primaryimage","url":"https:\/\/innotecgrupo.com\/industria-empresa\/wp-content\/uploads\/2024\/05\/unidad-tratamiento-aire.jpg","contentUrl":"https:\/\/innotecgrupo.com\/industria-empresa\/wp-content\/uploads\/2024\/05\/unidad-tratamiento-aire.jpg","width":800,"height":532},{"@type":"BreadcrumbList","@id":"https:\/\/innotecgrupo.com\/industria-empresa\/blog\/unidades-de-tratamiento-de-aire-utas-mejorando-la-calidad-de-aire-interior\/#breadcrumb","itemListElement":[{"@type":"ListItem","position":1,"name":"Portada","item":"https:\/\/innotecgrupo.com\/industria-empresa\/"},{"@type":"ListItem","position":2,"name":"Unidades de tratamiento de aire (UTAS): Mejorando la calidad de aire interior"}]},{"@type":"WebSite","@id":"https:\/\/innotecgrupo.com\/industria-empresa\/#website","url":"https:\/\/innotecgrupo.com\/industria-empresa\/","name":"Innotec Grupo","description":"CLIMATIZACI\u00d3N ENFOCADA AL BIENESTAR INTEGRAL","publisher":{"@id":"https:\/\/innotecgrupo.com\/industria-empresa\/#organization"},"potentialAction":[{"@type":"SearchAction","target":{"@type":"EntryPoint","urlTemplate":"https:\/\/innotecgrupo.com\/industria-empresa\/?s={search_term_string}"},"query-input":{"@type":"PropertyValueSpecification","valueRequired":true,"valueName":"search_term_string"}}],"inLanguage":"es"},{"@type":"Organization","@id":"https:\/\/innotecgrupo.com\/industria-empresa\/#organization","name":"Innotec","url":"https:\/\/innotecgrupo.com\/industria-empresa\/","logo":{"@type":"ImageObject","inLanguage":"es","@id":"https:\/\/innotecgrupo.com\/industria-empresa\/#\/schema\/logo\/image\/","url":"https:\/\/innotecgrupo.com\/industria-empresa\/wp-content\/uploads\/2022\/01\/logo-innotec.png","contentUrl":"https:\/\/innotecgrupo.com\/industria-empresa\/wp-content\/uploads\/2022\/01\/logo-innotec.png","width":166,"height":31,"caption":"Innotec"},"image":{"@id":"https:\/\/innotecgrupo.com\/industria-empresa\/#\/schema\/logo\/image\/"}},{"@type":"Person","@id":"https:\/\/innotecgrupo.com\/industria-empresa\/#\/schema\/person\/cd83faa3aecd59ea2de1fcb467a88501","name":"Manuel Bernal (Socio Fundador)","description":"Ingeniero Industrial MBA en CESTE","sameAs":["https:\/\/www.linkedin.com\/in\/manuel-bernal-innotec\/"],"url":"https:\/\/innotecgrupo.com\/industria-empresa\/blog\/author\/manuel-bernal\/"}]}},"_links":{"self":[{"href":"https:\/\/innotecgrupo.com\/industria-empresa\/wp-json\/wp\/v2\/posts\/23274","targetHints":{"allow":["GET"]}}],"collection":[{"href":"https:\/\/innotecgrupo.com\/industria-empresa\/wp-json\/wp\/v2\/posts"}],"about":[{"href":"https:\/\/innotecgrupo.com\/industria-empresa\/wp-json\/wp\/v2\/types\/post"}],"author":[{"embeddable":true,"href":"https:\/\/innotecgrupo.com\/industria-empresa\/wp-json\/wp\/v2\/users\/9"}],"replies":[{"embeddable":true,"href":"https:\/\/innotecgrupo.com\/industria-empresa\/wp-json\/wp\/v2\/comments?post=23274"}],"version-history":[{"count":15,"href":"https:\/\/innotecgrupo.com\/industria-empresa\/wp-json\/wp\/v2\/posts\/23274\/revisions"}],"predecessor-version":[{"id":23299,"href":"https:\/\/innotecgrupo.com\/industria-empresa\/wp-json\/wp\/v2\/posts\/23274\/revisions\/23299"}],"wp:featuredmedia":[{"embeddable":true,"href":"https:\/\/innotecgrupo.com\/industria-empresa\/wp-json\/wp\/v2\/media\/17863"}],"wp:attachment":[{"href":"https:\/\/innotecgrupo.com\/industria-empresa\/wp-json\/wp\/v2\/media?parent=23274"}],"wp:term":[{"taxonomy":"category","embeddable":true,"href":"https:\/\/innotecgrupo.com\/industria-empresa\/wp-json\/wp\/v2\/categories?post=23274"},{"taxonomy":"post_tag","embeddable":true,"href":"https:\/\/innotecgrupo.com\/industria-empresa\/wp-json\/wp\/v2\/tags?post=23274"}],"curies":[{"name":"wp","href":"https:\/\/api.w.org\/{rel}","templated":true}]}}