{"id":20008,"date":"2024-06-25T10:44:44","date_gmt":"2024-06-25T08:44:44","guid":{"rendered":"https:\/\/greenyellow-alligator-204266.hostingersite.com\/industria-empresa\/?p=20008"},"modified":"2025-10-28T15:53:25","modified_gmt":"2025-10-28T14:53:25","slug":"aspiracion-localizada-de-aire-y-eficiencia-energetica-en-entornos-industriales","status":"publish","type":"post","link":"https:\/\/innotecgrupo.com\/industria-empresa\/blog\/aspiracion-localizada-de-aire-y-eficiencia-energetica-en-entornos-industriales\/","title":{"rendered":"Aspiraci\u00f3n localizada de aire y eficiencia energ\u00e9tica en entornos industriales"},"content":{"rendered":"\t\t<div data-elementor-type=\"wp-post\" data-elementor-id=\"20008\" class=\"elementor elementor-20008\" data-elementor-post-type=\"post\">\n\t\t\t\t\t\t<section class=\"has_ae_slider elementor-section elementor-top-section elementor-element elementor-element-6754757 elementor-section-boxed elementor-section-height-default elementor-section-height-default ae-bg-gallery-type-default\" data-id=\"6754757\" data-element_type=\"section\" data-e-type=\"section\">\n\t\t\t\t\t\t<div class=\"elementor-container elementor-column-gap-default\">\n\t\t\t\t\t<div class=\"has_ae_slider elementor-column elementor-col-100 elementor-top-column elementor-element elementor-element-485c228 ae-bg-gallery-type-default\" data-id=\"485c228\" data-element_type=\"column\" data-e-type=\"column\">\n\t\t\t<div class=\"elementor-widget-wrap elementor-element-populated\">\n\t\t\t\t\t\t<div class=\"elementor-element elementor-element-eef3eb9 elementor-widget elementor-widget-heading\" data-id=\"eef3eb9\" data-element_type=\"widget\" data-e-type=\"widget\" data-widget_type=\"heading.default\">\n\t\t\t\t<div class=\"elementor-widget-container\">\n\t\t\t\t\t<h2 class=\"elementor-heading-title elementor-size-default\">Introducci\u00f3n<\/h2>\t\t\t\t<\/div>\n\t\t\t\t<\/div>\n\t\t\t\t\t<\/div>\n\t\t<\/div>\n\t\t\t\t\t<\/div>\n\t\t<\/section>\n\t\t\t\t<section class=\"has_ae_slider elementor-section elementor-top-section elementor-element elementor-element-791a4e5 elementor-section-boxed elementor-section-height-default elementor-section-height-default ae-bg-gallery-type-default\" data-id=\"791a4e5\" data-element_type=\"section\" data-e-type=\"section\">\n\t\t\t\t\t\t<div class=\"elementor-container elementor-column-gap-default\">\n\t\t\t\t\t<div class=\"has_ae_slider elementor-column elementor-col-100 elementor-top-column elementor-element elementor-element-7331523 ae-bg-gallery-type-default\" data-id=\"7331523\" data-element_type=\"column\" data-e-type=\"column\">\n\t\t\t<div class=\"elementor-widget-wrap elementor-element-populated\">\n\t\t\t\t\t\t<div class=\"elementor-element elementor-element-71b3f2e elementor-widget elementor-widget-text-editor\" data-id=\"71b3f2e\" data-element_type=\"widget\" data-e-type=\"widget\" data-widget_type=\"text-editor.default\">\n\t\t\t\t<div class=\"elementor-widget-container\">\n\t\t\t\t\t\t\t\t\t<p>La eficiencia energ\u00e9tica en la captaci\u00f3n localizada industrial (tambi\u00e9n conocida como aspiraci\u00f3n o extracci\u00f3n localizada) es crucial para cualquier empresa o f\u00e1brica que genere contaminantes de tipo humos, neblinas, part\u00edculas en suspensi\u00f3n y COVs. La contaminaci\u00f3n del aire interior puede ser un problema significativo en entornos laborales, ya que puede afectar la salud y el bienestar de los empleados. Adem\u00e1s, el gasto de la factura de la electricidad y otras fuentes energ\u00e9ticas se ha disparado en los \u00faltimos a\u00f1os, lo que hace que la eficiencia energ\u00e9tica sea un factor estrat\u00e9gico para cualquier empresa que busque reducir sus costos y su huella ecol\u00f3gica.<br \/>Cada vez est\u00e1 cobrando m\u00e1s importancia el nuevo enfoque de captar y filtrar los contaminantes qu\u00edmicos y f\u00edsicos en origen y devolver el aire limpio a la nave industrial con un m\u00ednimo impacto en el medio ambiente y en el consumo energ\u00e9tico.<br \/>A continuaci\u00f3n, vamos a ver los principales puntos en los que se debe cuidar el dise\u00f1o del sistema de captaci\u00f3n localizada de contaminantes. <\/p>\t\t\t\t\t\t\t\t<\/div>\n\t\t\t\t<\/div>\n\t\t\t\t\t<\/div>\n\t\t<\/div>\n\t\t\t\t\t<\/div>\n\t\t<\/section>\n\t\t\t\t<section class=\"has_ae_slider elementor-section elementor-top-section elementor-element elementor-element-f668363 elementor-section-boxed elementor-section-height-default elementor-section-height-default ae-bg-gallery-type-default\" data-id=\"f668363\" data-element_type=\"section\" data-e-type=\"section\">\n\t\t\t\t\t\t<div class=\"elementor-container elementor-column-gap-default\">\n\t\t\t\t\t<div class=\"has_ae_slider elementor-column elementor-col-100 elementor-top-column elementor-element elementor-element-87e4a35 ae-bg-gallery-type-default\" data-id=\"87e4a35\" data-element_type=\"column\" data-e-type=\"column\">\n\t\t\t<div class=\"elementor-widget-wrap elementor-element-populated\">\n\t\t\t\t\t\t<div class=\"elementor-element elementor-element-f62cf50 elementor-widget elementor-widget-heading\" data-id=\"f62cf50\" data-element_type=\"widget\" data-e-type=\"widget\" data-widget_type=\"heading.default\">\n\t\t\t\t<div class=\"elementor-widget-container\">\n\t\t\t\t\t<h2 class=\"elementor-heading-title elementor-size-default\">Selecci\u00f3n \u00f3ptima del caudal de aspiraci\u00f3n localizada<\/h2>\t\t\t\t<\/div>\n\t\t\t\t<\/div>\n\t\t\t\t\t<\/div>\n\t\t<\/div>\n\t\t\t\t\t<\/div>\n\t\t<\/section>\n\t\t\t\t<section class=\"has_ae_slider elementor-section elementor-top-section elementor-element elementor-element-2d01cf0 elementor-section-boxed elementor-section-height-default elementor-section-height-default ae-bg-gallery-type-default\" data-id=\"2d01cf0\" data-element_type=\"section\" data-e-type=\"section\">\n\t\t\t\t\t\t<div class=\"elementor-container elementor-column-gap-default\">\n\t\t\t\t\t<div class=\"has_ae_slider elementor-column elementor-col-100 elementor-top-column elementor-element elementor-element-5cc197d ae-bg-gallery-type-default\" data-id=\"5cc197d\" data-element_type=\"column\" data-e-type=\"column\">\n\t\t\t<div class=\"elementor-widget-wrap elementor-element-populated\">\n\t\t\t\t\t\t<div class=\"elementor-element elementor-element-5c7d645 elementor-widget elementor-widget-text-editor\" data-id=\"5c7d645\" data-element_type=\"widget\" data-e-type=\"widget\" data-widget_type=\"text-editor.default\">\n\t\t\t\t<div class=\"elementor-widget-container\">\n\t\t\t\t\t\t\t\t\t<p>Procuraremos minimizar el caudal de nuestra captaci\u00f3n localizada. Cuanto m\u00e1s cerca tengamos la captaci\u00f3n del foco de origen del contaminante m\u00e1s reducido es el caudal, por lo tanto menor tama\u00f1o del sistema de aspiraci\u00f3n, as\u00ed como de los filtros necesarios. Para lograr esto, es importante dise\u00f1ar las campanas de captaci\u00f3n y conducciones de transporte de manera \u00f3ptima, evitando estrangulaciones, reducciones de secciones y codos pronunciados que aumentan la p\u00e9rdida de carga en la instalaci\u00f3n de captaci\u00f3n y transporte.<\/p>\t\t\t\t\t\t\t\t<\/div>\n\t\t\t\t<\/div>\n\t\t\t\t\t<\/div>\n\t\t<\/div>\n\t\t\t\t\t<\/div>\n\t\t<\/section>\n\t\t\t\t<section class=\"has_ae_slider elementor-section elementor-top-section elementor-element elementor-element-6185cda elementor-section-boxed elementor-section-height-default elementor-section-height-default ae-bg-gallery-type-default\" data-id=\"6185cda\" data-element_type=\"section\" data-e-type=\"section\">\n\t\t\t\t\t\t<div class=\"elementor-container elementor-column-gap-default\">\n\t\t\t\t\t<div class=\"has_ae_slider elementor-column elementor-col-100 elementor-top-column elementor-element elementor-element-1a3b468 ae-bg-gallery-type-default\" data-id=\"1a3b468\" data-element_type=\"column\" data-e-type=\"column\">\n\t\t\t<div class=\"elementor-widget-wrap elementor-element-populated\">\n\t\t\t\t\t\t<div class=\"elementor-element elementor-element-f20ce11 elementor-widget elementor-widget-heading\" data-id=\"f20ce11\" data-element_type=\"widget\" data-e-type=\"widget\" data-widget_type=\"heading.default\">\n\t\t\t\t<div class=\"elementor-widget-container\">\n\t\t\t\t\t<h2 class=\"elementor-heading-title elementor-size-default\">Elecci\u00f3n de filtros con mayor eficiencia energ\u00e9tica<\/h2>\t\t\t\t<\/div>\n\t\t\t\t<\/div>\n\t\t\t\t\t<\/div>\n\t\t<\/div>\n\t\t\t\t\t<\/div>\n\t\t<\/section>\n\t\t\t\t<section class=\"has_ae_slider elementor-section elementor-top-section elementor-element elementor-element-885c460 elementor-section-boxed elementor-section-height-default elementor-section-height-default ae-bg-gallery-type-default\" data-id=\"885c460\" data-element_type=\"section\" data-e-type=\"section\">\n\t\t\t\t\t\t<div class=\"elementor-container elementor-column-gap-default\">\n\t\t\t\t\t<div class=\"has_ae_slider elementor-column elementor-col-100 elementor-top-column elementor-element elementor-element-3a4832e ae-bg-gallery-type-default\" data-id=\"3a4832e\" data-element_type=\"column\" data-e-type=\"column\">\n\t\t\t<div class=\"elementor-widget-wrap elementor-element-populated\">\n\t\t\t\t\t\t<div class=\"elementor-element elementor-element-a620722 elementor-widget elementor-widget-text-editor\" data-id=\"a620722\" data-element_type=\"widget\" data-e-type=\"widget\" data-widget_type=\"text-editor.default\">\n\t\t\t\t<div class=\"elementor-widget-container\">\n\t\t\t\t\t\t\t\t\t<p>Los filtros deben ser dise\u00f1ados para minimizar la p\u00e9rdida de carga y maximizar la eficiencia energ\u00e9tica. Esto puede lograrse mediante la selecci\u00f3n de filtros con una menor resistencia al flujo de aire y una mayor capacidad de captura de part\u00edculas. La clasificaci\u00f3n de eficiencia energ\u00e9tica de Eurovent (Eurovent es la Asociaci\u00f3n Europea de la Industria de Climatizaci\u00f3n Interior, Refrigeraci\u00f3n de Procesos y Tecnolog\u00edas de la Cadena de Fr\u00edo de Alimentos), es una herramienta \u00fatil para elegir los filtros que mejor se ajusten a las necesidades de la empresa.<\/p><p>Un filtro consume energ\u00eda al causar resistencia al aire que fluye a trav\u00e9s de \u00e9l, provocando un descenso de presi\u00f3n. Como consecuencia el ventilador debe hacer un mayor esfuerzo para mover el aire. De ah\u00ed que Eurovent, dependiendo del consumo energ\u00e9tico esperado, a los productos les otorga una puntuaci\u00f3n en una escala de seis niveles, desde A+ (los mejores) hasta E (los peores).<\/p><p>Debemos poner nuestra atenci\u00f3n sobre el hecho de que el consumo de energ\u00eda es el mayor costo asociado con un filtro de aire. Si pensamos en los siguientes costes vinculados a un filtro: coste de compra, mantenimiento y consumo de energ\u00eda; Eurovent, tasa en un 80% el coste derivado al consumo de energ\u00eda. En comparaci\u00f3n, el precio de compra representa solo el 10%. Un filtro con un precio de compra m\u00e1s barato puede terminar costando mucho m\u00e1s a largo plazo.<\/p>\t\t\t\t\t\t\t\t<\/div>\n\t\t\t\t<\/div>\n\t\t\t\t\t<\/div>\n\t\t<\/div>\n\t\t\t\t\t<\/div>\n\t\t<\/section>\n\t\t\t\t<section class=\"has_ae_slider elementor-section elementor-top-section elementor-element elementor-element-c89da00 elementor-section-boxed elementor-section-height-default elementor-section-height-default ae-bg-gallery-type-default\" data-id=\"c89da00\" data-element_type=\"section\" data-e-type=\"section\">\n\t\t\t\t\t\t<div class=\"elementor-container elementor-column-gap-default\">\n\t\t\t\t\t<div class=\"has_ae_slider elementor-column elementor-col-100 elementor-top-column elementor-element elementor-element-8946b98 ae-bg-gallery-type-default\" data-id=\"8946b98\" data-element_type=\"column\" data-e-type=\"column\">\n\t\t\t<div class=\"elementor-widget-wrap elementor-element-populated\">\n\t\t\t\t\t\t<div class=\"elementor-element elementor-element-a9f247d elementor-widget elementor-widget-heading\" data-id=\"a9f247d\" data-element_type=\"widget\" data-e-type=\"widget\" data-widget_type=\"heading.default\">\n\t\t\t\t<div class=\"elementor-widget-container\">\n\t\t\t\t\t<h2 class=\"elementor-heading-title elementor-size-default\">Control de Velocidad de los Ventiladores<\/h2>\t\t\t\t<\/div>\n\t\t\t\t<\/div>\n\t\t\t\t\t<\/div>\n\t\t<\/div>\n\t\t\t\t\t<\/div>\n\t\t<\/section>\n\t\t\t\t<section class=\"has_ae_slider elementor-section elementor-top-section elementor-element elementor-element-d600dce elementor-section-boxed elementor-section-height-default elementor-section-height-default ae-bg-gallery-type-default\" data-id=\"d600dce\" data-element_type=\"section\" data-e-type=\"section\">\n\t\t\t\t\t\t<div class=\"elementor-container elementor-column-gap-default\">\n\t\t\t\t\t<div class=\"has_ae_slider elementor-column elementor-col-100 elementor-top-column elementor-element elementor-element-61a4374 ae-bg-gallery-type-default\" data-id=\"61a4374\" data-element_type=\"column\" data-e-type=\"column\">\n\t\t\t<div class=\"elementor-widget-wrap elementor-element-populated\">\n\t\t\t\t\t\t<div class=\"elementor-element elementor-element-74c2cf8 elementor-widget elementor-widget-text-editor\" data-id=\"74c2cf8\" data-element_type=\"widget\" data-e-type=\"widget\" data-widget_type=\"text-editor.default\">\n\t\t\t\t<div class=\"elementor-widget-container\">\n\t\t\t\t\t\t\t\t\t<p>La velocidad de los ventiladores es otro factor clave en la eficiencia energ\u00e9tica. Utilizar sistemas de control de velocidad con variadores de frecuencia y motores de alta eficiencia es esencial. Regular la velocidad de un sistema de ventilaci\u00f3n con estranguladores, provoca una p\u00e9rdida de carga, resultando sistemas menos eficientes.<\/p><p>Cabe decir que este es un tema delicado del dise\u00f1o, ya que hay una parte negativa en las fluctuaciones en el caudal de aire. Al variar la velocidad del ventilador, se pueden producir cambios en el caudal de aire aspirado. Esto puede afectar la eficacia de los filtros si no est\u00e1n dise\u00f1ados para funcionar en un rango amplio de caudales. Se requiere de un equilibrio que depender\u00e1 de las circunstancias de cada proyecto.<\/p>\t\t\t\t\t\t\t\t<\/div>\n\t\t\t\t<\/div>\n\t\t\t\t\t<\/div>\n\t\t<\/div>\n\t\t\t\t\t<\/div>\n\t\t<\/section>\n\t\t\t\t<section class=\"has_ae_slider elementor-section elementor-top-section elementor-element elementor-element-ed7192f elementor-section-boxed elementor-section-height-default elementor-section-height-default ae-bg-gallery-type-default\" data-id=\"ed7192f\" data-element_type=\"section\" data-e-type=\"section\">\n\t\t\t\t\t\t<div class=\"elementor-container elementor-column-gap-default\">\n\t\t\t\t\t<div class=\"has_ae_slider elementor-column elementor-col-100 elementor-top-column elementor-element elementor-element-9464e4f ae-bg-gallery-type-default\" data-id=\"9464e4f\" data-element_type=\"column\" data-e-type=\"column\">\n\t\t\t<div class=\"elementor-widget-wrap elementor-element-populated\">\n\t\t\t\t\t\t<div class=\"elementor-element elementor-element-35e0fa9 elementor-widget elementor-widget-heading\" data-id=\"35e0fa9\" data-element_type=\"widget\" data-e-type=\"widget\" data-widget_type=\"heading.default\">\n\t\t\t\t<div class=\"elementor-widget-container\">\n\t\t\t\t\t<h2 class=\"elementor-heading-title elementor-size-default\">Medici\u00f3n y Control de P\u00e9rdida de Carga<\/h2>\t\t\t\t<\/div>\n\t\t\t\t<\/div>\n\t\t\t\t\t<\/div>\n\t\t<\/div>\n\t\t\t\t\t<\/div>\n\t\t<\/section>\n\t\t\t\t<section class=\"has_ae_slider elementor-section elementor-top-section elementor-element elementor-element-3fdffde elementor-section-boxed elementor-section-height-default elementor-section-height-default ae-bg-gallery-type-default\" data-id=\"3fdffde\" data-element_type=\"section\" data-e-type=\"section\">\n\t\t\t\t\t\t<div class=\"elementor-container elementor-column-gap-default\">\n\t\t\t\t\t<div class=\"has_ae_slider elementor-column elementor-col-100 elementor-top-column elementor-element elementor-element-c1541c8 ae-bg-gallery-type-default\" data-id=\"c1541c8\" data-element_type=\"column\" data-e-type=\"column\">\n\t\t\t<div class=\"elementor-widget-wrap elementor-element-populated\">\n\t\t\t\t\t\t<div class=\"elementor-element elementor-element-ab0dfea elementor-widget elementor-widget-text-editor\" data-id=\"ab0dfea\" data-element_type=\"widget\" data-e-type=\"widget\" data-widget_type=\"text-editor.default\">\n\t\t\t\t<div class=\"elementor-widget-container\">\n\t\t\t\t\t\t\t\t\t<p>Para asegurar el buen funcionamiento del sistema, es fundamental medir la p\u00e9rdida de carga de los filtros y transmitir estas mediciones digitalmente a los aut\u00f3matas o interfaces que controlan el funcionamiento de la instalaci\u00f3n. Sustituir los filtros cuando est\u00e1n en su nivel de saturaci\u00f3n es crucial para mantener la eficiencia energ\u00e9tica y la calidad del aire interior.<\/p><p>En Grupo Innotec ponemos a tu disposici\u00f3n tecnolog\u00edas para la conectividad de los captadores de polvo que permite recoger, en tiempo real, las se\u00f1ales de la sens\u00f3rica instalada, poder visualizar la situaci\u00f3n de cada captador y recibir alarmas cuando las funciones de los filtros est\u00e9n pr\u00f3ximas al final de su etapa \u00fatil, lo que evitar\u00e1 paradas no planificadas y funcionamientos an\u00f3malos. Puede ampliar informaci\u00f3n sobre esta caracter\u00edstica aqu\u00ed.<\/p>\t\t\t\t\t\t\t\t<\/div>\n\t\t\t\t<\/div>\n\t\t\t\t\t<\/div>\n\t\t<\/div>\n\t\t\t\t\t<\/div>\n\t\t<\/section>\n\t\t\t\t<section class=\"has_ae_slider elementor-section elementor-top-section elementor-element elementor-element-418b43c elementor-section-boxed elementor-section-height-default elementor-section-height-default ae-bg-gallery-type-default\" data-id=\"418b43c\" data-element_type=\"section\" data-e-type=\"section\">\n\t\t\t\t\t\t<div class=\"elementor-container elementor-column-gap-default\">\n\t\t\t\t\t<div class=\"has_ae_slider elementor-column elementor-col-100 elementor-top-column elementor-element elementor-element-a82506a ae-bg-gallery-type-default\" data-id=\"a82506a\" data-element_type=\"column\" data-e-type=\"column\">\n\t\t\t<div class=\"elementor-widget-wrap elementor-element-populated\">\n\t\t\t\t\t\t<div class=\"elementor-element elementor-element-d6dc675 elementor-widget elementor-widget-text-editor\" data-id=\"d6dc675\" data-element_type=\"widget\" data-e-type=\"widget\" data-widget_type=\"text-editor.default\">\n\t\t\t\t<div class=\"elementor-widget-container\">\n\t\t\t\t\t\t\t\t\t<p>Como conclusi\u00f3n, debemos confiar la selecci\u00f3n de la mejor soluci\u00f3n de captaci\u00f3n localizada en nuestras industrias a empresas expertas que nos asesoren y gu\u00eden sobre las distintas opciones disponibles.<br \/>Si tienes cualquier duda sobre las distintas soluciones de captaci\u00f3n puedes ampliar informaci\u00f3n\u00a0<span style=\"color: #0000ff;\"><strong><a style=\"color: #0000ff;\" href=\"https:\/\/innotecgrupo.com\/industria-empresa\/calidad-aire-interior-soluciones-captacion-de-aire-industrial\/\" target=\"_blank\" rel=\"noopener\">aqu\u00ed\u00a0<\/a><\/strong><\/span>o sobre los sectores que habitualmente requieren de este tipo de soluciones\u00a0<strong><span style=\"color: #0000ff;\"><a style=\"color: #0000ff;\" href=\"https:\/\/innotecgrupo.com\/industria-empresa\/calidad-aire-interior-sectores-captacion-aire-industrial\/\" target=\"_blank\" rel=\"noopener\">aqu\u00ed<\/a><\/span><\/strong>.<\/p>\t\t\t\t\t\t\t\t<\/div>\n\t\t\t\t<\/div>\n\t\t\t\t\t<\/div>\n\t\t<\/div>\n\t\t\t\t\t<\/div>\n\t\t<\/section>\n\t\t\t\t<\/div>\n\t\t","protected":false},"excerpt":{"rendered":"<p>Introducci\u00f3n La eficiencia energ\u00e9tica en la captaci\u00f3n localizada industrial (tambi\u00e9n conocida como aspiraci\u00f3n o extracci\u00f3n localizada) es crucial para cualquier empresa o f\u00e1brica que genere contaminantes de tipo humos, neblinas, part\u00edculas en suspensi\u00f3n y COVs. La contaminaci\u00f3n del aire interior puede ser un problema significativo en entornos laborales, ya que puede afectar la salud y [&hellip;]<\/p>\n","protected":false},"author":15,"featured_media":20022,"comment_status":"closed","ping_status":"open","sticky":false,"template":"","format":"standard","meta":{"_acf_changed":false,"footnotes":""},"categories":[93,1],"tags":[56,41],"class_list":["post-20008","post","type-post","status-publish","format-standard","has-post-thumbnail","hentry","category-captacion-localizada","category-industria-empresa","tag-captacion-localizada","tag-eficiencia-energetica"],"acf":[],"yoast_head":"<!-- This site is optimized with the Yoast SEO plugin v27.3 - https:\/\/yoast.com\/product\/yoast-seo-wordpress\/ -->\n<title>Aspiraci\u00f3n localizada de aire y eficiencia energ\u00e9tica en entornos industriales | Innotec<\/title>\n<meta name=\"robots\" content=\"index, follow, max-snippet:-1, max-image-preview:large, max-video-preview:-1\" \/>\n<link rel=\"canonical\" href=\"https:\/\/innotecgrupo.com\/industria-empresa\/blog\/aspiracion-localizada-de-aire-y-eficiencia-energetica-en-entornos-industriales\/\" \/>\n<meta property=\"og:locale\" content=\"es_ES\" \/>\n<meta property=\"og:type\" content=\"article\" \/>\n<meta property=\"og:title\" content=\"Aspiraci\u00f3n localizada de aire y eficiencia energ\u00e9tica en entornos industriales | Innotec\" \/>\n<meta property=\"og:description\" content=\"Introducci\u00f3n La eficiencia energ\u00e9tica en la captaci\u00f3n localizada industrial (tambi\u00e9n conocida como aspiraci\u00f3n o extracci\u00f3n localizada) es crucial para cualquier empresa o f\u00e1brica que genere contaminantes de tipo humos, neblinas, part\u00edculas en suspensi\u00f3n y COVs. La contaminaci\u00f3n del aire interior puede ser un problema significativo en entornos laborales, ya que puede afectar la salud y [&hellip;]\" \/>\n<meta property=\"og:url\" content=\"https:\/\/innotecgrupo.com\/industria-empresa\/blog\/aspiracion-localizada-de-aire-y-eficiencia-energetica-en-entornos-industriales\/\" \/>\n<meta property=\"og:site_name\" content=\"Innotec\" \/>\n<meta property=\"article:published_time\" content=\"2024-06-25T08:44:44+00:00\" \/>\n<meta property=\"article:modified_time\" content=\"2025-10-28T14:53:25+00:00\" \/>\n<meta property=\"og:image\" content=\"https:\/\/innotecgrupo.com\/industria-empresa\/wp-content\/uploads\/2024\/06\/eficiencia-energetica-captacion-localizada.png\" \/>\n\t<meta property=\"og:image:width\" content=\"427\" \/>\n\t<meta property=\"og:image:height\" content=\"320\" \/>\n\t<meta property=\"og:image:type\" content=\"image\/png\" \/>\n<meta name=\"author\" content=\"Jos\u00e9 \u00c1ngel P\u00e9rez\" \/>\n<meta name=\"twitter:card\" content=\"summary_large_image\" \/>\n<meta name=\"twitter:label1\" content=\"Escrito por\" \/>\n\t<meta name=\"twitter:data1\" content=\"Jos\u00e9 \u00c1ngel P\u00e9rez\" \/>\n\t<meta name=\"twitter:label2\" content=\"Tiempo de lectura\" \/>\n\t<meta name=\"twitter:data2\" content=\"4 minutos\" \/>\n<script type=\"application\/ld+json\" class=\"yoast-schema-graph\">{\"@context\":\"https:\\\/\\\/schema.org\",\"@graph\":[{\"@type\":\"Article\",\"@id\":\"https:\\\/\\\/innotecgrupo.com\\\/industria-empresa\\\/blog\\\/aspiracion-localizada-de-aire-y-eficiencia-energetica-en-entornos-industriales\\\/#article\",\"isPartOf\":{\"@id\":\"https:\\\/\\\/innotecgrupo.com\\\/industria-empresa\\\/blog\\\/aspiracion-localizada-de-aire-y-eficiencia-energetica-en-entornos-industriales\\\/\"},\"author\":{\"name\":\"Jos\u00e9 \u00c1ngel P\u00e9rez\",\"@id\":\"https:\\\/\\\/innotecgrupo.com\\\/industria-empresa\\\/#\\\/schema\\\/person\\\/acbb50b8110286963d3f3f56f324ee87\"},\"headline\":\"Aspiraci\u00f3n localizada de aire y eficiencia energ\u00e9tica en entornos industriales\",\"datePublished\":\"2024-06-25T08:44:44+00:00\",\"dateModified\":\"2025-10-28T14:53:25+00:00\",\"mainEntityOfPage\":{\"@id\":\"https:\\\/\\\/innotecgrupo.com\\\/industria-empresa\\\/blog\\\/aspiracion-localizada-de-aire-y-eficiencia-energetica-en-entornos-industriales\\\/\"},\"wordCount\":911,\"publisher\":{\"@id\":\"https:\\\/\\\/innotecgrupo.com\\\/industria-empresa\\\/#organization\"},\"image\":{\"@id\":\"https:\\\/\\\/innotecgrupo.com\\\/industria-empresa\\\/blog\\\/aspiracion-localizada-de-aire-y-eficiencia-energetica-en-entornos-industriales\\\/#primaryimage\"},\"thumbnailUrl\":\"https:\\\/\\\/innotecgrupo.com\\\/industria-empresa\\\/wp-content\\\/uploads\\\/2024\\\/06\\\/eficiencia-energetica-captacion-localizada.png\",\"keywords\":[\"captaci\u00f3n localizada\",\"Eficiencia energ\u00e9tica\"],\"articleSection\":[\"Captaci\u00f3n localizada\",\"Industria y empresa\"],\"inLanguage\":\"es\"},{\"@type\":\"WebPage\",\"@id\":\"https:\\\/\\\/innotecgrupo.com\\\/industria-empresa\\\/blog\\\/aspiracion-localizada-de-aire-y-eficiencia-energetica-en-entornos-industriales\\\/\",\"url\":\"https:\\\/\\\/innotecgrupo.com\\\/industria-empresa\\\/blog\\\/aspiracion-localizada-de-aire-y-eficiencia-energetica-en-entornos-industriales\\\/\",\"name\":\"Aspiraci\u00f3n localizada de aire y eficiencia energ\u00e9tica en entornos industriales | Innotec\",\"isPartOf\":{\"@id\":\"https:\\\/\\\/innotecgrupo.com\\\/industria-empresa\\\/#website\"},\"primaryImageOfPage\":{\"@id\":\"https:\\\/\\\/innotecgrupo.com\\\/industria-empresa\\\/blog\\\/aspiracion-localizada-de-aire-y-eficiencia-energetica-en-entornos-industriales\\\/#primaryimage\"},\"image\":{\"@id\":\"https:\\\/\\\/innotecgrupo.com\\\/industria-empresa\\\/blog\\\/aspiracion-localizada-de-aire-y-eficiencia-energetica-en-entornos-industriales\\\/#primaryimage\"},\"thumbnailUrl\":\"https:\\\/\\\/innotecgrupo.com\\\/industria-empresa\\\/wp-content\\\/uploads\\\/2024\\\/06\\\/eficiencia-energetica-captacion-localizada.png\",\"datePublished\":\"2024-06-25T08:44:44+00:00\",\"dateModified\":\"2025-10-28T14:53:25+00:00\",\"breadcrumb\":{\"@id\":\"https:\\\/\\\/innotecgrupo.com\\\/industria-empresa\\\/blog\\\/aspiracion-localizada-de-aire-y-eficiencia-energetica-en-entornos-industriales\\\/#breadcrumb\"},\"inLanguage\":\"es\",\"potentialAction\":[{\"@type\":\"ReadAction\",\"target\":[\"https:\\\/\\\/innotecgrupo.com\\\/industria-empresa\\\/blog\\\/aspiracion-localizada-de-aire-y-eficiencia-energetica-en-entornos-industriales\\\/\"]}]},{\"@type\":\"ImageObject\",\"inLanguage\":\"es\",\"@id\":\"https:\\\/\\\/innotecgrupo.com\\\/industria-empresa\\\/blog\\\/aspiracion-localizada-de-aire-y-eficiencia-energetica-en-entornos-industriales\\\/#primaryimage\",\"url\":\"https:\\\/\\\/innotecgrupo.com\\\/industria-empresa\\\/wp-content\\\/uploads\\\/2024\\\/06\\\/eficiencia-energetica-captacion-localizada.png\",\"contentUrl\":\"https:\\\/\\\/innotecgrupo.com\\\/industria-empresa\\\/wp-content\\\/uploads\\\/2024\\\/06\\\/eficiencia-energetica-captacion-localizada.png\",\"width\":427,\"height\":320},{\"@type\":\"BreadcrumbList\",\"@id\":\"https:\\\/\\\/innotecgrupo.com\\\/industria-empresa\\\/blog\\\/aspiracion-localizada-de-aire-y-eficiencia-energetica-en-entornos-industriales\\\/#breadcrumb\",\"itemListElement\":[{\"@type\":\"ListItem\",\"position\":1,\"name\":\"Portada\",\"item\":\"https:\\\/\\\/innotecgrupo.com\\\/industria-empresa\\\/\"},{\"@type\":\"ListItem\",\"position\":2,\"name\":\"Aspiraci\u00f3n localizada de aire y eficiencia energ\u00e9tica en entornos industriales\"}]},{\"@type\":\"WebSite\",\"@id\":\"https:\\\/\\\/innotecgrupo.com\\\/industria-empresa\\\/#website\",\"url\":\"https:\\\/\\\/innotecgrupo.com\\\/industria-empresa\\\/\",\"name\":\"Innotec Grupo\",\"description\":\"CLIMATIZACI\u00d3N ENFOCADA AL BIENESTAR INTEGRAL\",\"publisher\":{\"@id\":\"https:\\\/\\\/innotecgrupo.com\\\/industria-empresa\\\/#organization\"},\"potentialAction\":[{\"@type\":\"SearchAction\",\"target\":{\"@type\":\"EntryPoint\",\"urlTemplate\":\"https:\\\/\\\/innotecgrupo.com\\\/industria-empresa\\\/?s={search_term_string}\"},\"query-input\":{\"@type\":\"PropertyValueSpecification\",\"valueRequired\":true,\"valueName\":\"search_term_string\"}}],\"inLanguage\":\"es\"},{\"@type\":\"Organization\",\"@id\":\"https:\\\/\\\/innotecgrupo.com\\\/industria-empresa\\\/#organization\",\"name\":\"Innotec\",\"url\":\"https:\\\/\\\/innotecgrupo.com\\\/industria-empresa\\\/\",\"logo\":{\"@type\":\"ImageObject\",\"inLanguage\":\"es\",\"@id\":\"https:\\\/\\\/innotecgrupo.com\\\/industria-empresa\\\/#\\\/schema\\\/logo\\\/image\\\/\",\"url\":\"https:\\\/\\\/innotecgrupo.com\\\/industria-empresa\\\/wp-content\\\/uploads\\\/2022\\\/01\\\/logo-innotec.png\",\"contentUrl\":\"https:\\\/\\\/innotecgrupo.com\\\/industria-empresa\\\/wp-content\\\/uploads\\\/2022\\\/01\\\/logo-innotec.png\",\"width\":166,\"height\":31,\"caption\":\"Innotec\"},\"image\":{\"@id\":\"https:\\\/\\\/innotecgrupo.com\\\/industria-empresa\\\/#\\\/schema\\\/logo\\\/image\\\/\"}},{\"@type\":\"Person\",\"@id\":\"https:\\\/\\\/innotecgrupo.com\\\/industria-empresa\\\/#\\\/schema\\\/person\\\/acbb50b8110286963d3f3f56f324ee87\",\"name\":\"Jos\u00e9 \u00c1ngel P\u00e9rez\",\"description\":\"Ingeniero T\u00e9cnico Industrial\",\"sameAs\":[\"https:\\\/\\\/www.linkedin.com\\\/in\\\/joseangelperezmilagros\\\/\"],\"url\":\"https:\\\/\\\/innotecgrupo.com\\\/industria-empresa\\\/blog\\\/author\\\/joseaperez\\\/\"}]}<\/script>\n<!-- \/ Yoast SEO plugin. -->","yoast_head_json":{"title":"Aspiraci\u00f3n localizada de aire y eficiencia energ\u00e9tica en entornos industriales | Innotec","robots":{"index":"index","follow":"follow","max-snippet":"max-snippet:-1","max-image-preview":"max-image-preview:large","max-video-preview":"max-video-preview:-1"},"canonical":"https:\/\/innotecgrupo.com\/industria-empresa\/blog\/aspiracion-localizada-de-aire-y-eficiencia-energetica-en-entornos-industriales\/","og_locale":"es_ES","og_type":"article","og_title":"Aspiraci\u00f3n localizada de aire y eficiencia energ\u00e9tica en entornos industriales | Innotec","og_description":"Introducci\u00f3n La eficiencia energ\u00e9tica en la captaci\u00f3n localizada industrial (tambi\u00e9n conocida como aspiraci\u00f3n o extracci\u00f3n localizada) es crucial para cualquier empresa o f\u00e1brica que genere contaminantes de tipo humos, neblinas, part\u00edculas en suspensi\u00f3n y COVs. La contaminaci\u00f3n del aire interior puede ser un problema significativo en entornos laborales, ya que puede afectar la salud y [&hellip;]","og_url":"https:\/\/innotecgrupo.com\/industria-empresa\/blog\/aspiracion-localizada-de-aire-y-eficiencia-energetica-en-entornos-industriales\/","og_site_name":"Innotec","article_published_time":"2024-06-25T08:44:44+00:00","article_modified_time":"2025-10-28T14:53:25+00:00","og_image":[{"width":427,"height":320,"url":"https:\/\/innotecgrupo.com\/industria-empresa\/wp-content\/uploads\/2024\/06\/eficiencia-energetica-captacion-localizada.png","type":"image\/png"}],"author":"Jos\u00e9 \u00c1ngel P\u00e9rez","twitter_card":"summary_large_image","twitter_misc":{"Escrito por":"Jos\u00e9 \u00c1ngel P\u00e9rez","Tiempo de lectura":"4 minutos"},"schema":{"@context":"https:\/\/schema.org","@graph":[{"@type":"Article","@id":"https:\/\/innotecgrupo.com\/industria-empresa\/blog\/aspiracion-localizada-de-aire-y-eficiencia-energetica-en-entornos-industriales\/#article","isPartOf":{"@id":"https:\/\/innotecgrupo.com\/industria-empresa\/blog\/aspiracion-localizada-de-aire-y-eficiencia-energetica-en-entornos-industriales\/"},"author":{"name":"Jos\u00e9 \u00c1ngel P\u00e9rez","@id":"https:\/\/innotecgrupo.com\/industria-empresa\/#\/schema\/person\/acbb50b8110286963d3f3f56f324ee87"},"headline":"Aspiraci\u00f3n localizada de aire y eficiencia energ\u00e9tica en entornos industriales","datePublished":"2024-06-25T08:44:44+00:00","dateModified":"2025-10-28T14:53:25+00:00","mainEntityOfPage":{"@id":"https:\/\/innotecgrupo.com\/industria-empresa\/blog\/aspiracion-localizada-de-aire-y-eficiencia-energetica-en-entornos-industriales\/"},"wordCount":911,"publisher":{"@id":"https:\/\/innotecgrupo.com\/industria-empresa\/#organization"},"image":{"@id":"https:\/\/innotecgrupo.com\/industria-empresa\/blog\/aspiracion-localizada-de-aire-y-eficiencia-energetica-en-entornos-industriales\/#primaryimage"},"thumbnailUrl":"https:\/\/innotecgrupo.com\/industria-empresa\/wp-content\/uploads\/2024\/06\/eficiencia-energetica-captacion-localizada.png","keywords":["captaci\u00f3n localizada","Eficiencia energ\u00e9tica"],"articleSection":["Captaci\u00f3n localizada","Industria y empresa"],"inLanguage":"es"},{"@type":"WebPage","@id":"https:\/\/innotecgrupo.com\/industria-empresa\/blog\/aspiracion-localizada-de-aire-y-eficiencia-energetica-en-entornos-industriales\/","url":"https:\/\/innotecgrupo.com\/industria-empresa\/blog\/aspiracion-localizada-de-aire-y-eficiencia-energetica-en-entornos-industriales\/","name":"Aspiraci\u00f3n localizada de aire y eficiencia energ\u00e9tica en entornos industriales | Innotec","isPartOf":{"@id":"https:\/\/innotecgrupo.com\/industria-empresa\/#website"},"primaryImageOfPage":{"@id":"https:\/\/innotecgrupo.com\/industria-empresa\/blog\/aspiracion-localizada-de-aire-y-eficiencia-energetica-en-entornos-industriales\/#primaryimage"},"image":{"@id":"https:\/\/innotecgrupo.com\/industria-empresa\/blog\/aspiracion-localizada-de-aire-y-eficiencia-energetica-en-entornos-industriales\/#primaryimage"},"thumbnailUrl":"https:\/\/innotecgrupo.com\/industria-empresa\/wp-content\/uploads\/2024\/06\/eficiencia-energetica-captacion-localizada.png","datePublished":"2024-06-25T08:44:44+00:00","dateModified":"2025-10-28T14:53:25+00:00","breadcrumb":{"@id":"https:\/\/innotecgrupo.com\/industria-empresa\/blog\/aspiracion-localizada-de-aire-y-eficiencia-energetica-en-entornos-industriales\/#breadcrumb"},"inLanguage":"es","potentialAction":[{"@type":"ReadAction","target":["https:\/\/innotecgrupo.com\/industria-empresa\/blog\/aspiracion-localizada-de-aire-y-eficiencia-energetica-en-entornos-industriales\/"]}]},{"@type":"ImageObject","inLanguage":"es","@id":"https:\/\/innotecgrupo.com\/industria-empresa\/blog\/aspiracion-localizada-de-aire-y-eficiencia-energetica-en-entornos-industriales\/#primaryimage","url":"https:\/\/innotecgrupo.com\/industria-empresa\/wp-content\/uploads\/2024\/06\/eficiencia-energetica-captacion-localizada.png","contentUrl":"https:\/\/innotecgrupo.com\/industria-empresa\/wp-content\/uploads\/2024\/06\/eficiencia-energetica-captacion-localizada.png","width":427,"height":320},{"@type":"BreadcrumbList","@id":"https:\/\/innotecgrupo.com\/industria-empresa\/blog\/aspiracion-localizada-de-aire-y-eficiencia-energetica-en-entornos-industriales\/#breadcrumb","itemListElement":[{"@type":"ListItem","position":1,"name":"Portada","item":"https:\/\/innotecgrupo.com\/industria-empresa\/"},{"@type":"ListItem","position":2,"name":"Aspiraci\u00f3n localizada de aire y eficiencia energ\u00e9tica en entornos industriales"}]},{"@type":"WebSite","@id":"https:\/\/innotecgrupo.com\/industria-empresa\/#website","url":"https:\/\/innotecgrupo.com\/industria-empresa\/","name":"Innotec Grupo","description":"CLIMATIZACI\u00d3N ENFOCADA AL BIENESTAR INTEGRAL","publisher":{"@id":"https:\/\/innotecgrupo.com\/industria-empresa\/#organization"},"potentialAction":[{"@type":"SearchAction","target":{"@type":"EntryPoint","urlTemplate":"https:\/\/innotecgrupo.com\/industria-empresa\/?s={search_term_string}"},"query-input":{"@type":"PropertyValueSpecification","valueRequired":true,"valueName":"search_term_string"}}],"inLanguage":"es"},{"@type":"Organization","@id":"https:\/\/innotecgrupo.com\/industria-empresa\/#organization","name":"Innotec","url":"https:\/\/innotecgrupo.com\/industria-empresa\/","logo":{"@type":"ImageObject","inLanguage":"es","@id":"https:\/\/innotecgrupo.com\/industria-empresa\/#\/schema\/logo\/image\/","url":"https:\/\/innotecgrupo.com\/industria-empresa\/wp-content\/uploads\/2022\/01\/logo-innotec.png","contentUrl":"https:\/\/innotecgrupo.com\/industria-empresa\/wp-content\/uploads\/2022\/01\/logo-innotec.png","width":166,"height":31,"caption":"Innotec"},"image":{"@id":"https:\/\/innotecgrupo.com\/industria-empresa\/#\/schema\/logo\/image\/"}},{"@type":"Person","@id":"https:\/\/innotecgrupo.com\/industria-empresa\/#\/schema\/person\/acbb50b8110286963d3f3f56f324ee87","name":"Jos\u00e9 \u00c1ngel P\u00e9rez","description":"Ingeniero T\u00e9cnico Industrial","sameAs":["https:\/\/www.linkedin.com\/in\/joseangelperezmilagros\/"],"url":"https:\/\/innotecgrupo.com\/industria-empresa\/blog\/author\/joseaperez\/"}]}},"_links":{"self":[{"href":"https:\/\/innotecgrupo.com\/industria-empresa\/wp-json\/wp\/v2\/posts\/20008","targetHints":{"allow":["GET"]}}],"collection":[{"href":"https:\/\/innotecgrupo.com\/industria-empresa\/wp-json\/wp\/v2\/posts"}],"about":[{"href":"https:\/\/innotecgrupo.com\/industria-empresa\/wp-json\/wp\/v2\/types\/post"}],"author":[{"embeddable":true,"href":"https:\/\/innotecgrupo.com\/industria-empresa\/wp-json\/wp\/v2\/users\/15"}],"replies":[{"embeddable":true,"href":"https:\/\/innotecgrupo.com\/industria-empresa\/wp-json\/wp\/v2\/comments?post=20008"}],"version-history":[{"count":14,"href":"https:\/\/innotecgrupo.com\/industria-empresa\/wp-json\/wp\/v2\/posts\/20008\/revisions"}],"predecessor-version":[{"id":20026,"href":"https:\/\/innotecgrupo.com\/industria-empresa\/wp-json\/wp\/v2\/posts\/20008\/revisions\/20026"}],"wp:featuredmedia":[{"embeddable":true,"href":"https:\/\/innotecgrupo.com\/industria-empresa\/wp-json\/wp\/v2\/media\/20022"}],"wp:attachment":[{"href":"https:\/\/innotecgrupo.com\/industria-empresa\/wp-json\/wp\/v2\/media?parent=20008"}],"wp:term":[{"taxonomy":"category","embeddable":true,"href":"https:\/\/innotecgrupo.com\/industria-empresa\/wp-json\/wp\/v2\/categories?post=20008"},{"taxonomy":"post_tag","embeddable":true,"href":"https:\/\/innotecgrupo.com\/industria-empresa\/wp-json\/wp\/v2\/tags?post=20008"}],"curies":[{"name":"wp","href":"https:\/\/api.w.org\/{rel}","templated":true}]}}