{"id":19766,"date":"2024-06-10T11:44:39","date_gmt":"2024-06-10T09:44:39","guid":{"rendered":"https:\/\/greenyellow-alligator-204266.hostingersite.com\/industria-empresa\/?p=19766"},"modified":"2025-09-11T12:42:22","modified_gmt":"2025-09-11T10:42:22","slug":"ventilacion-general-versus-ventilacion-localizada-soluciones-para-mejorar-la-calidad-de-aire-interior-en-la-industria","status":"publish","type":"post","link":"https:\/\/innotecgrupo.com\/industria-empresa\/blog\/ventilacion-general-versus-ventilacion-localizada-soluciones-para-mejorar-la-calidad-de-aire-interior-en-la-industria\/","title":{"rendered":"Ventilaci\u00f3n general versus ventilaci\u00f3n localizada: soluciones para mejorar la calidad de aire interior en la industria"},"content":{"rendered":"\t\t<div data-elementor-type=\"wp-post\" data-elementor-id=\"19766\" class=\"elementor elementor-19766\" data-elementor-post-type=\"post\">\n\t\t\t\t\t\t<section class=\"has_ae_slider elementor-section elementor-top-section elementor-element elementor-element-6754757 elementor-section-boxed elementor-section-height-default elementor-section-height-default ae-bg-gallery-type-default\" data-id=\"6754757\" data-element_type=\"section\" data-e-type=\"section\">\n\t\t\t\t\t\t<div class=\"elementor-container elementor-column-gap-default\">\n\t\t\t\t\t<div class=\"has_ae_slider elementor-column elementor-col-100 elementor-top-column elementor-element elementor-element-485c228 ae-bg-gallery-type-default\" data-id=\"485c228\" data-element_type=\"column\" data-e-type=\"column\">\n\t\t\t<div class=\"elementor-widget-wrap elementor-element-populated\">\n\t\t\t\t\t\t<div class=\"elementor-element elementor-element-eef3eb9 elementor-widget elementor-widget-heading\" data-id=\"eef3eb9\" data-element_type=\"widget\" data-e-type=\"widget\" data-widget_type=\"heading.default\">\n\t\t\t\t<div class=\"elementor-widget-container\">\n\t\t\t\t\t<h2 class=\"elementor-heading-title elementor-size-default\">Introducci\u00f3n<\/h2>\t\t\t\t<\/div>\n\t\t\t\t<\/div>\n\t\t\t\t\t<\/div>\n\t\t<\/div>\n\t\t\t\t\t<\/div>\n\t\t<\/section>\n\t\t\t\t<section class=\"has_ae_slider elementor-section elementor-top-section elementor-element elementor-element-791a4e5 elementor-section-boxed elementor-section-height-default elementor-section-height-default ae-bg-gallery-type-default\" data-id=\"791a4e5\" data-element_type=\"section\" data-e-type=\"section\">\n\t\t\t\t\t\t<div class=\"elementor-container elementor-column-gap-default\">\n\t\t\t\t\t<div class=\"has_ae_slider elementor-column elementor-col-100 elementor-top-column elementor-element elementor-element-7331523 ae-bg-gallery-type-default\" data-id=\"7331523\" data-element_type=\"column\" data-e-type=\"column\">\n\t\t\t<div class=\"elementor-widget-wrap elementor-element-populated\">\n\t\t\t\t\t\t<div class=\"elementor-element elementor-element-71b3f2e elementor-widget elementor-widget-text-editor\" data-id=\"71b3f2e\" data-element_type=\"widget\" data-e-type=\"widget\" data-widget_type=\"text-editor.default\">\n\t\t\t\t<div class=\"elementor-widget-container\">\n\t\t\t\t\t\t\t\t\t<p><span style=\"font-weight: 400;\">La calidad del aire interior es un factor crucial en cualquier entorno industrial. Los contaminantes del aire, como el polvo, los vapores qu\u00edmicos y los gases, pueden tener un impacto significativo en la salud y el bienestar de los trabajadores, as\u00ed como en la eficiencia y la productividad de los procesos industriales. Para abordar estos desaf\u00edos, existen dos enfoques principales: la ventilaci\u00f3n general y la ventilaci\u00f3n localizada. En este art\u00edculo, exploraremos en profundidad estos dos m\u00e9todos, sus ventajas y desventajas, y c\u00f3mo pueden aplicarse de manera efectiva en diferentes escenarios industriales.<\/span><\/p>\t\t\t\t\t\t\t\t<\/div>\n\t\t\t\t<\/div>\n\t\t\t\t\t<\/div>\n\t\t<\/div>\n\t\t\t\t\t<\/div>\n\t\t<\/section>\n\t\t\t\t<section class=\"has_ae_slider elementor-section elementor-top-section elementor-element elementor-element-f668363 elementor-section-boxed elementor-section-height-default elementor-section-height-default ae-bg-gallery-type-default\" data-id=\"f668363\" data-element_type=\"section\" data-e-type=\"section\">\n\t\t\t\t\t\t<div class=\"elementor-container elementor-column-gap-default\">\n\t\t\t\t\t<div class=\"has_ae_slider elementor-column elementor-col-100 elementor-top-column elementor-element elementor-element-87e4a35 ae-bg-gallery-type-default\" data-id=\"87e4a35\" data-element_type=\"column\" data-e-type=\"column\">\n\t\t\t<div class=\"elementor-widget-wrap elementor-element-populated\">\n\t\t\t\t\t\t<div class=\"elementor-element elementor-element-f62cf50 elementor-widget elementor-widget-heading\" data-id=\"f62cf50\" data-element_type=\"widget\" data-e-type=\"widget\" data-widget_type=\"heading.default\">\n\t\t\t\t<div class=\"elementor-widget-container\">\n\t\t\t\t\t<h2 class=\"elementor-heading-title elementor-size-default\">Importancia de la ventilaci\u00f3n en la industria<\/h2>\t\t\t\t<\/div>\n\t\t\t\t<\/div>\n\t\t\t\t\t<\/div>\n\t\t<\/div>\n\t\t\t\t\t<\/div>\n\t\t<\/section>\n\t\t\t\t<section class=\"has_ae_slider elementor-section elementor-top-section elementor-element elementor-element-2d01cf0 elementor-section-boxed elementor-section-height-default elementor-section-height-default ae-bg-gallery-type-default\" data-id=\"2d01cf0\" data-element_type=\"section\" data-e-type=\"section\">\n\t\t\t\t\t\t<div class=\"elementor-container elementor-column-gap-default\">\n\t\t\t\t\t<div class=\"has_ae_slider elementor-column elementor-col-100 elementor-top-column elementor-element elementor-element-5cc197d ae-bg-gallery-type-default\" data-id=\"5cc197d\" data-element_type=\"column\" data-e-type=\"column\">\n\t\t\t<div class=\"elementor-widget-wrap elementor-element-populated\">\n\t\t\t\t\t\t<div class=\"elementor-element elementor-element-5c7d645 elementor-widget elementor-widget-text-editor\" data-id=\"5c7d645\" data-element_type=\"widget\" data-e-type=\"widget\" data-widget_type=\"text-editor.default\">\n\t\t\t\t<div class=\"elementor-widget-container\">\n\t\t\t\t\t\t\t\t\t<p><span style=\"font-weight: 400;\">La ventilaci\u00f3n en entornos industriales desempe\u00f1a un papel crucial en diversos aspectos fundamentales para el bienestar y la seguridad de los trabajadores, as\u00ed como para el cumplimiento de la normativa vigente.<\/span><\/p><h3><span style=\"font-weight: 400; color: #000000;\">Salud y seguridad de los trabajadores<\/span><\/h3><p><span style=\"font-weight: 400;\">La ventilaci\u00f3n adecuada contribuye a salvaguardar la salud de los trabajadores al reducir la exposici\u00f3n a contaminantes y sustancias nocivas en el aire, minimizando el riesgo de enfermedades respiratorias y otros problemas de salud ocupacional.<\/span><\/p><h3><span style=\"font-weight: 400; color: #000000;\">Calidad del aire interior<\/span><\/h3><p><span style=\"font-weight: 400;\">La calidad del aire interior es esencial para mantener un ambiente de trabajo seguro y confortable. Una ventilaci\u00f3n eficaz ayuda a controlar la temperatura, la humedad y a eliminar los contaminantes en el aire que podr\u00edan perjudicar la salud y el bienestar de los empleados.<\/span><\/p><h3><span style=\"font-weight: 400; color: #000000;\">Cumplimiento de la normativa<\/span><\/h3><p><span style=\"font-weight: 400;\">La normativa sobre ventilaci\u00f3n en entornos industriales establece pautas y requisitos espec\u00edficos para garantizar un ambiente laboral seguro y saludable. Cumplir con estas regulaciones es fundamental para proteger a los trabajadores y evitar posibles sanciones legales. <\/span><\/p>\t\t\t\t\t\t\t\t<\/div>\n\t\t\t\t<\/div>\n\t\t\t\t\t<\/div>\n\t\t<\/div>\n\t\t\t\t\t<\/div>\n\t\t<\/section>\n\t\t\t\t<section class=\"has_ae_slider elementor-section elementor-top-section elementor-element elementor-element-6185cda elementor-section-boxed elementor-section-height-default elementor-section-height-default ae-bg-gallery-type-default\" data-id=\"6185cda\" data-element_type=\"section\" data-e-type=\"section\">\n\t\t\t\t\t\t<div class=\"elementor-container elementor-column-gap-default\">\n\t\t\t\t\t<div class=\"has_ae_slider elementor-column elementor-col-100 elementor-top-column elementor-element elementor-element-1a3b468 ae-bg-gallery-type-default\" data-id=\"1a3b468\" data-element_type=\"column\" data-e-type=\"column\">\n\t\t\t<div class=\"elementor-widget-wrap elementor-element-populated\">\n\t\t\t\t\t\t<div class=\"elementor-element elementor-element-f20ce11 elementor-widget elementor-widget-heading\" data-id=\"f20ce11\" data-element_type=\"widget\" data-e-type=\"widget\" data-widget_type=\"heading.default\">\n\t\t\t\t<div class=\"elementor-widget-container\">\n\t\t\t\t\t<h2 class=\"elementor-heading-title elementor-size-default\">Ventilaci\u00f3n General<\/h2>\t\t\t\t<\/div>\n\t\t\t\t<\/div>\n\t\t\t\t\t<\/div>\n\t\t<\/div>\n\t\t\t\t\t<\/div>\n\t\t<\/section>\n\t\t\t\t<section class=\"has_ae_slider elementor-section elementor-top-section elementor-element elementor-element-885c460 elementor-section-boxed elementor-section-height-default elementor-section-height-default ae-bg-gallery-type-default\" data-id=\"885c460\" data-element_type=\"section\" data-e-type=\"section\">\n\t\t\t\t\t\t<div class=\"elementor-container elementor-column-gap-default\">\n\t\t\t\t\t<div class=\"has_ae_slider elementor-column elementor-col-100 elementor-top-column elementor-element elementor-element-3a4832e ae-bg-gallery-type-default\" data-id=\"3a4832e\" data-element_type=\"column\" data-e-type=\"column\">\n\t\t\t<div class=\"elementor-widget-wrap elementor-element-populated\">\n\t\t\t\t\t\t<div class=\"elementor-element elementor-element-a620722 elementor-widget elementor-widget-text-editor\" data-id=\"a620722\" data-element_type=\"widget\" data-e-type=\"widget\" data-widget_type=\"text-editor.default\">\n\t\t\t\t<div class=\"elementor-widget-container\">\n\t\t\t\t\t\t\t\t\t<p><span style=\"font-weight: 400;\">La ventilaci\u00f3n general, tambi\u00e9n conocida como ventilaci\u00f3n por diluci\u00f3n, es un sistema que introduce aire fresco del exterior y extrae el aire contaminado del interior de la instalaci\u00f3n. Este enfoque se basa en la diluci\u00f3n de los contaminantes presentes en el aire mediante la introducci\u00f3n de aire limpio y la extracci\u00f3n del aire viciado.<\/span><\/p>\t\t\t\t\t\t\t\t<\/div>\n\t\t\t\t<\/div>\n\t\t\t\t\t<\/div>\n\t\t<\/div>\n\t\t\t\t\t<\/div>\n\t\t<\/section>\n\t\t\t\t<section class=\"has_ae_slider elementor-section elementor-top-section elementor-element elementor-element-418b43c elementor-section-boxed elementor-section-height-default elementor-section-height-default ae-bg-gallery-type-default\" data-id=\"418b43c\" data-element_type=\"section\" data-e-type=\"section\">\n\t\t\t\t\t\t<div class=\"elementor-container elementor-column-gap-default\">\n\t\t\t\t\t<div class=\"has_ae_slider elementor-column elementor-col-100 elementor-top-column elementor-element elementor-element-a82506a ae-bg-gallery-type-default\" data-id=\"a82506a\" data-element_type=\"column\" data-e-type=\"column\">\n\t\t\t<div class=\"elementor-widget-wrap elementor-element-populated\">\n\t\t\t\t\t\t<div class=\"elementor-element elementor-element-b128e0a elementor-widget elementor-widget-heading\" data-id=\"b128e0a\" data-element_type=\"widget\" data-e-type=\"widget\" data-widget_type=\"heading.default\">\n\t\t\t\t<div class=\"elementor-widget-container\">\n\t\t\t\t\t<h3 class=\"elementor-heading-title elementor-size-default\">Funcionamiento de la Ventilaci\u00f3n General<\/h3>\t\t\t\t<\/div>\n\t\t\t\t<\/div>\n\t\t\t\t<div class=\"elementor-element elementor-element-d6dc675 elementor-widget elementor-widget-text-editor\" data-id=\"d6dc675\" data-element_type=\"widget\" data-e-type=\"widget\" data-widget_type=\"text-editor.default\">\n\t\t\t\t<div class=\"elementor-widget-container\">\n\t\t\t\t\t\t\t\t\t<p><span style=\"font-weight: 400;\">El sistema de ventilaci\u00f3n general consta de varios componentes clave:<\/span><\/p><ol><li style=\"font-weight: 400;\" aria-level=\"1\"><span style=\"font-weight: 400;\">Tomas de aire exterior: Estas aberturas permiten la entrada de aire fresco del exterior al sistema de ventilaci\u00f3n.<\/span><\/li><li style=\"font-weight: 400;\" aria-level=\"1\"><span style=\"font-weight: 400;\">Unidades de tratamiento de aire: Estas unidades se encargan de filtrar, calentar o enfriar el aire entrante seg\u00fan sea necesario.<\/span><\/li><li style=\"font-weight: 400;\" aria-level=\"1\"><span style=\"font-weight: 400;\">Conductos de distribuci\u00f3n: Una red de conductos distribuye el aire tratado a las diferentes \u00e1reas de la instalaci\u00f3n.<\/span><\/li><li style=\"font-weight: 400;\" aria-level=\"1\"><span style=\"font-weight: 400;\">Rejillas de suministro: Estas rejillas permiten la salida del aire tratado al espacio interior.<\/span><\/li><li style=\"font-weight: 400;\" aria-level=\"1\"><span style=\"font-weight: 400;\">Rejillas de retorno: Estas rejillas recogen el aire viciado del interior para ser expulsado al exterior.<\/span><\/li><li style=\"font-weight: 400;\" aria-level=\"1\"><span style=\"font-weight: 400;\">Extractores: Los extractores o ventiladores de extracci\u00f3n impulsan la salida del aire contaminado al exterior.<\/span><\/li><\/ol>\t\t\t\t\t\t\t\t<\/div>\n\t\t\t\t<\/div>\n\t\t\t\t\t<\/div>\n\t\t<\/div>\n\t\t\t\t\t<\/div>\n\t\t<\/section>\n\t\t\t\t<section class=\"has_ae_slider elementor-section elementor-top-section elementor-element elementor-element-c9599a9 elementor-section-boxed elementor-section-height-default elementor-section-height-default ae-bg-gallery-type-default\" data-id=\"c9599a9\" data-element_type=\"section\" data-e-type=\"section\">\n\t\t\t\t\t\t<div class=\"elementor-container elementor-column-gap-default\">\n\t\t\t\t\t<div class=\"has_ae_slider elementor-column elementor-col-100 elementor-top-column elementor-element elementor-element-4105422 ae-bg-gallery-type-default\" data-id=\"4105422\" data-element_type=\"column\" data-e-type=\"column\">\n\t\t\t<div class=\"elementor-widget-wrap elementor-element-populated\">\n\t\t\t\t\t\t<div class=\"elementor-element elementor-element-3b3ba56 elementor-widget elementor-widget-heading\" data-id=\"3b3ba56\" data-element_type=\"widget\" data-e-type=\"widget\" data-widget_type=\"heading.default\">\n\t\t\t\t<div class=\"elementor-widget-container\">\n\t\t\t\t\t<h3 class=\"elementor-heading-title elementor-size-default\">Ventajas de la Ventilaci\u00f3n General<\/h3>\t\t\t\t<\/div>\n\t\t\t\t<\/div>\n\t\t\t\t<div class=\"elementor-element elementor-element-af30c9a elementor-widget elementor-widget-text-editor\" data-id=\"af30c9a\" data-element_type=\"widget\" data-e-type=\"widget\" data-widget_type=\"text-editor.default\">\n\t\t\t\t<div class=\"elementor-widget-container\">\n\t\t\t\t\t\t\t\t\t<ul><li style=\"font-weight: 400;\" aria-level=\"1\"><span style=\"font-weight: 400;\">Cobertura amplia: La ventilaci\u00f3n general proporciona una diluci\u00f3n de los contaminantes en todo el espacio interior, lo que la hace adecuada para instalaciones con fuentes de contaminaci\u00f3n dispersas.<\/span><\/li><li style=\"font-weight: 400;\" aria-level=\"1\"><span style=\"font-weight: 400;\">Mantenimiento sencillo: Los componentes del sistema de ventilaci\u00f3n general son relativamente f\u00e1ciles de mantener y reparar.<\/span><\/li><li style=\"font-weight: 400;\" aria-level=\"1\"><span style=\"font-weight: 400;\">Simplicidad: La ventilaci\u00f3n general es relativamente simple de dise\u00f1ar e implementar. No requiere un an\u00e1lisis detallado de las fuentes de contaminaci\u00f3n y puede cubrir grandes \u00e1reas con un solo sistema.<\/span><\/li><li style=\"font-weight: 400;\" aria-level=\"1\"><span style=\"font-weight: 400;\">Versatilidad: Este m\u00e9todo puede manejar una amplia gama de contaminantes, siempre y cuando no sean extremadamente t\u00f3xicos o est\u00e9n presentes en altas concentraciones.<\/span><\/li><li style=\"font-weight: 400;\" aria-level=\"1\"><span style=\"font-weight: 400;\">Costo-efectividad: En comparaci\u00f3n con la ventilaci\u00f3n localizada, la ventilaci\u00f3n general suele ser m\u00e1s econ\u00f3mica, ya que requiere menos equipos especializados y menos modificaciones en la infraestructura existente.<\/span><\/li><\/ul>\t\t\t\t\t\t\t\t<\/div>\n\t\t\t\t<\/div>\n\t\t\t\t\t<\/div>\n\t\t<\/div>\n\t\t\t\t\t<\/div>\n\t\t<\/section>\n\t\t\t\t<section class=\"has_ae_slider elementor-section elementor-top-section elementor-element elementor-element-a5fc865 elementor-section-boxed elementor-section-height-default elementor-section-height-default ae-bg-gallery-type-default\" data-id=\"a5fc865\" data-element_type=\"section\" data-e-type=\"section\">\n\t\t\t\t\t\t<div class=\"elementor-container elementor-column-gap-default\">\n\t\t\t\t\t<div class=\"has_ae_slider elementor-column elementor-col-100 elementor-top-column elementor-element elementor-element-0fd7591 ae-bg-gallery-type-default\" data-id=\"0fd7591\" data-element_type=\"column\" data-e-type=\"column\">\n\t\t\t<div class=\"elementor-widget-wrap elementor-element-populated\">\n\t\t\t\t\t\t<div class=\"elementor-element elementor-element-1643a17 elementor-widget elementor-widget-heading\" data-id=\"1643a17\" data-element_type=\"widget\" data-e-type=\"widget\" data-widget_type=\"heading.default\">\n\t\t\t\t<div class=\"elementor-widget-container\">\n\t\t\t\t\t<h3 class=\"elementor-heading-title elementor-size-default\">Desventajas de la Ventilaci\u00f3n General<\/h3>\t\t\t\t<\/div>\n\t\t\t\t<\/div>\n\t\t\t\t<div class=\"elementor-element elementor-element-dae0f38 elementor-widget elementor-widget-text-editor\" data-id=\"dae0f38\" data-element_type=\"widget\" data-e-type=\"widget\" data-widget_type=\"text-editor.default\">\n\t\t\t\t<div class=\"elementor-widget-container\">\n\t\t\t\t\t\t\t\t\t<ul><li style=\"font-weight: 400;\" aria-level=\"1\"><span style=\"font-weight: 400;\">Eficiencia limitada: La ventilaci\u00f3n general puede no ser efectiva para contaminantes altamente concentrados o localizados. Adem\u00e1s, puede requerir grandes vol\u00famenes de aire para lograr una diluci\u00f3n adecuada, lo que resulta en mayores costos de energ\u00eda.<\/span><\/li><li style=\"font-weight: 400;\" aria-level=\"1\"><span style=\"font-weight: 400;\">Distribuci\u00f3n desigual: La efectividad de la ventilaci\u00f3n general depende de la distribuci\u00f3n uniforme del aire fresco en todo el espacio. Los obst\u00e1culos, las corrientes de aire y la ubicaci\u00f3n de las entradas y salidas de aire pueden crear zonas con una ventilaci\u00f3n inadecuada.<\/span><\/li><li style=\"font-weight: 400;\" aria-level=\"1\"><span style=\"font-weight: 400;\">Exposici\u00f3n potencial: Los trabajadores cercanos a las fuentes de contaminaci\u00f3n pueden estar expuestos a niveles m\u00e1s altos de contaminantes antes de que se diluyan, lo que representa un riesgo para su salud.<\/span><\/li><li style=\"font-weight: 400;\" aria-level=\"1\"><span style=\"font-weight: 400;\">Consumo energ\u00e9tico elevado: La ventilaci\u00f3n general requiere mover grandes vol\u00famenes de aire, lo que implica un alto consumo de energ\u00eda.<\/span><\/li><li style=\"font-weight: 400;\" aria-level=\"1\"><span style=\"font-weight: 400;\">Posibles corrientes de aire: La introducci\u00f3n de aire fresco puede generar corrientes de aire molestas para los trabajadores.<\/span><\/li><\/ul>\t\t\t\t\t\t\t\t<\/div>\n\t\t\t\t<\/div>\n\t\t\t\t\t<\/div>\n\t\t<\/div>\n\t\t\t\t\t<\/div>\n\t\t<\/section>\n\t\t\t\t<section class=\"has_ae_slider elementor-section elementor-top-section elementor-element elementor-element-b2402a1 elementor-section-boxed elementor-section-height-default elementor-section-height-default ae-bg-gallery-type-default\" data-id=\"b2402a1\" data-element_type=\"section\" data-e-type=\"section\">\n\t\t\t\t\t\t<div class=\"elementor-container elementor-column-gap-default\">\n\t\t\t\t\t<div class=\"has_ae_slider elementor-column elementor-col-100 elementor-top-column elementor-element elementor-element-c849368 ae-bg-gallery-type-default\" data-id=\"c849368\" data-element_type=\"column\" data-e-type=\"column\">\n\t\t\t<div class=\"elementor-widget-wrap elementor-element-populated\">\n\t\t\t\t\t\t<div class=\"elementor-element elementor-element-b412eb9 elementor-widget elementor-widget-heading\" data-id=\"b412eb9\" data-element_type=\"widget\" data-e-type=\"widget\" data-widget_type=\"heading.default\">\n\t\t\t\t<div class=\"elementor-widget-container\">\n\t\t\t\t\t<h2 class=\"elementor-heading-title elementor-size-default\">Ventilaci\u00f3n Localizada<\/h2>\t\t\t\t<\/div>\n\t\t\t\t<\/div>\n\t\t\t\t\t<\/div>\n\t\t<\/div>\n\t\t\t\t\t<\/div>\n\t\t<\/section>\n\t\t\t\t<section class=\"has_ae_slider elementor-section elementor-top-section elementor-element elementor-element-87881cb elementor-section-boxed elementor-section-height-default elementor-section-height-default ae-bg-gallery-type-default\" data-id=\"87881cb\" data-element_type=\"section\" data-e-type=\"section\">\n\t\t\t\t\t\t<div class=\"elementor-container elementor-column-gap-default\">\n\t\t\t\t\t<div class=\"has_ae_slider elementor-column elementor-col-100 elementor-top-column elementor-element elementor-element-46ef017 ae-bg-gallery-type-default\" data-id=\"46ef017\" data-element_type=\"column\" data-e-type=\"column\">\n\t\t\t<div class=\"elementor-widget-wrap elementor-element-populated\">\n\t\t\t\t\t\t<div class=\"elementor-element elementor-element-0674e58 elementor-widget elementor-widget-text-editor\" data-id=\"0674e58\" data-element_type=\"widget\" data-e-type=\"widget\" data-widget_type=\"text-editor.default\">\n\t\t\t\t<div class=\"elementor-widget-container\">\n\t\t\t\t\t\t\t\t\t<p><span style=\"font-weight: 400;\">La ventilaci\u00f3n localizada, tambi\u00e9n conocida como extracci\u00f3n, aspiraci\u00f3n o captaci\u00f3n localizada, es un sistema que captura los contaminantes en su fuente de emisi\u00f3n antes de que se dispersen en el ambiente interior. Este enfoque se basa en la extracci\u00f3n de los contaminantes mediante una corriente de aire dirigida hacia la fuente de emisi\u00f3n.<\/span><\/p>\t\t\t\t\t\t\t\t<\/div>\n\t\t\t\t<\/div>\n\t\t\t\t\t<\/div>\n\t\t<\/div>\n\t\t\t\t\t<\/div>\n\t\t<\/section>\n\t\t\t\t<section class=\"has_ae_slider elementor-section elementor-top-section elementor-element elementor-element-a17a111 elementor-section-boxed elementor-section-height-default elementor-section-height-default ae-bg-gallery-type-default\" data-id=\"a17a111\" data-element_type=\"section\" data-e-type=\"section\">\n\t\t\t\t\t\t<div class=\"elementor-container elementor-column-gap-default\">\n\t\t\t\t\t<div class=\"has_ae_slider elementor-column elementor-col-100 elementor-top-column elementor-element elementor-element-ad12daf ae-bg-gallery-type-default\" data-id=\"ad12daf\" data-element_type=\"column\" data-e-type=\"column\">\n\t\t\t<div class=\"elementor-widget-wrap elementor-element-populated\">\n\t\t\t\t\t\t<div class=\"elementor-element elementor-element-dac21da elementor-widget elementor-widget-heading\" data-id=\"dac21da\" data-element_type=\"widget\" data-e-type=\"widget\" data-widget_type=\"heading.default\">\n\t\t\t\t<div class=\"elementor-widget-container\">\n\t\t\t\t\t<h3 class=\"elementor-heading-title elementor-size-default\">Funcionamiento de la Ventilaci\u00f3n Localizada<\/h3>\t\t\t\t<\/div>\n\t\t\t\t<\/div>\n\t\t\t\t<div class=\"elementor-element elementor-element-3adad69 elementor-widget elementor-widget-text-editor\" data-id=\"3adad69\" data-element_type=\"widget\" data-e-type=\"widget\" data-widget_type=\"text-editor.default\">\n\t\t\t\t<div class=\"elementor-widget-container\">\n\t\t\t\t\t\t\t\t\t<p><span style=\"font-weight: 400;\">El sistema de ventilaci\u00f3n localizada consta de los siguientes componentes principales:<\/span><\/p><ol><li style=\"font-weight: 400;\" aria-level=\"1\"><span style=\"font-weight: 400;\">Campanas de extracci\u00f3n: Estas campanas se colocan cerca de las fuentes de emisi\u00f3n de contaminantes y est\u00e1n dise\u00f1adas para capturar los contaminantes de manera eficiente.<\/span><\/li><li style=\"font-weight: 400;\" aria-level=\"1\"><span style=\"font-weight: 400;\">Conductos de extracci\u00f3n: Una red de conductos transporta los contaminantes capturados hacia el exterior de la instalaci\u00f3n.<\/span><\/li><li style=\"font-weight: 400;\" aria-level=\"1\"><span style=\"font-weight: 400;\">Ventiladores de extracci\u00f3n: Estos ventiladores generan la corriente de aire necesaria para capturar y transportar los contaminantes.<\/span><\/li><li style=\"font-weight: 400;\" aria-level=\"1\"><span style=\"font-weight: 400;\">Sistemas de filtraci\u00f3n: En algunos casos, se pueden instalar sistemas de filtraci\u00f3n para eliminar los contaminantes antes de expulsar el aire al exterior.<\/span><\/li><\/ol>\t\t\t\t\t\t\t\t<\/div>\n\t\t\t\t<\/div>\n\t\t\t\t\t<\/div>\n\t\t<\/div>\n\t\t\t\t\t<\/div>\n\t\t<\/section>\n\t\t\t\t<section class=\"has_ae_slider elementor-section elementor-top-section elementor-element elementor-element-b013b04 elementor-section-boxed elementor-section-height-default elementor-section-height-default ae-bg-gallery-type-default\" data-id=\"b013b04\" data-element_type=\"section\" data-e-type=\"section\">\n\t\t\t\t\t\t<div class=\"elementor-container elementor-column-gap-default\">\n\t\t\t\t\t<div class=\"has_ae_slider elementor-column elementor-col-100 elementor-top-column elementor-element elementor-element-eba28cb ae-bg-gallery-type-default\" data-id=\"eba28cb\" data-element_type=\"column\" data-e-type=\"column\">\n\t\t\t<div class=\"elementor-widget-wrap elementor-element-populated\">\n\t\t\t\t\t\t<div class=\"elementor-element elementor-element-35b884d elementor-widget elementor-widget-heading\" data-id=\"35b884d\" data-element_type=\"widget\" data-e-type=\"widget\" data-widget_type=\"heading.default\">\n\t\t\t\t<div class=\"elementor-widget-container\">\n\t\t\t\t\t<h3 class=\"elementor-heading-title elementor-size-default\">Ventajas de la Ventilaci\u00f3n Localizada<\/h3>\t\t\t\t<\/div>\n\t\t\t\t<\/div>\n\t\t\t\t<div class=\"elementor-element elementor-element-f72cee5 elementor-widget elementor-widget-text-editor\" data-id=\"f72cee5\" data-element_type=\"widget\" data-e-type=\"widget\" data-widget_type=\"text-editor.default\">\n\t\t\t\t<div class=\"elementor-widget-container\">\n\t\t\t\t\t\t\t\t\t<ul><li style=\"font-weight: 400;\" aria-level=\"1\"><span style=\"font-weight: 400;\">Alta eficiencia: Al capturar los contaminantes en su fuente de emisi\u00f3n, la ventilaci\u00f3n localizada es altamente eficiente en la eliminaci\u00f3n de contaminantes.<\/span><\/li><li style=\"font-weight: 400;\" aria-level=\"1\"><span style=\"font-weight: 400;\">Menor consumo energ\u00e9tico: Al tratar \u00fanicamente el aire contaminado, la ventilaci\u00f3n localizada requiere mover vol\u00famenes de aire m\u00e1s peque\u00f1os, lo que reduce el consumo de energ\u00eda.<\/span><\/li><li style=\"font-weight: 400;\" aria-level=\"1\"><span style=\"font-weight: 400;\">Protecci\u00f3n directa de los trabajadores: Al capturar los contaminantes cerca de su fuente, la ventilaci\u00f3n localizada protege directamente a los trabajadores expuestos.<\/span><\/li><li style=\"font-weight: 400;\" aria-level=\"1\"><span style=\"font-weight: 400;\">Menor impacto ambiental: Al eliminar los contaminantes de manera eficiente, la ventilaci\u00f3n localizada reduce la contaminaci\u00f3n del aire exterior.<\/span><\/li><li style=\"font-weight: 400;\" aria-level=\"1\"><span style=\"font-weight: 400;\">Flexibilidad: Los sistemas de ventilaci\u00f3n localizada pueden dise\u00f1arse a medida para adaptarse a procesos y equipos espec\u00edficos. Esto permite un control m\u00e1s preciso de los contaminantes y una mayor adaptabilidad a los cambios en los procesos industriales.<\/span><\/li><\/ul>\t\t\t\t\t\t\t\t<\/div>\n\t\t\t\t<\/div>\n\t\t\t\t\t<\/div>\n\t\t<\/div>\n\t\t\t\t\t<\/div>\n\t\t<\/section>\n\t\t\t\t<section class=\"has_ae_slider elementor-section elementor-top-section elementor-element elementor-element-1f4cc44 elementor-section-boxed elementor-section-height-default elementor-section-height-default ae-bg-gallery-type-default\" data-id=\"1f4cc44\" data-element_type=\"section\" data-e-type=\"section\">\n\t\t\t\t\t\t<div class=\"elementor-container elementor-column-gap-default\">\n\t\t\t\t\t<div class=\"has_ae_slider elementor-column elementor-col-100 elementor-top-column elementor-element elementor-element-9481e46 ae-bg-gallery-type-default\" data-id=\"9481e46\" data-element_type=\"column\" data-e-type=\"column\">\n\t\t\t<div class=\"elementor-widget-wrap elementor-element-populated\">\n\t\t\t\t\t\t<div class=\"elementor-element elementor-element-4562d79 elementor-widget elementor-widget-heading\" data-id=\"4562d79\" data-element_type=\"widget\" data-e-type=\"widget\" data-widget_type=\"heading.default\">\n\t\t\t\t<div class=\"elementor-widget-container\">\n\t\t\t\t\t<h3 class=\"elementor-heading-title elementor-size-default\">Desventajas de la Ventilaci\u00f3n Localizada<\/h3>\t\t\t\t<\/div>\n\t\t\t\t<\/div>\n\t\t\t\t<div class=\"elementor-element elementor-element-a49cdee elementor-widget elementor-widget-text-editor\" data-id=\"a49cdee\" data-element_type=\"widget\" data-e-type=\"widget\" data-widget_type=\"text-editor.default\">\n\t\t\t\t<div class=\"elementor-widget-container\">\n\t\t\t\t\t\t\t\t\t<ul><li style=\"font-weight: 400;\" aria-level=\"1\"><span style=\"font-weight: 400;\">Cobertura limitada: La ventilaci\u00f3n localizada es efectiva solo para fuentes de contaminaci\u00f3n puntuales y conocidas.<\/span><\/li><li style=\"font-weight: 400;\" aria-level=\"1\"><span style=\"font-weight: 400;\">Mayor complejidad: El dise\u00f1o y la implementaci\u00f3n de sistemas de ventilaci\u00f3n localizada requieren un an\u00e1lisis detallado de las fuentes de contaminaci\u00f3n y los patrones de flujo de aire. Esto puede implicar una mayor complejidad y costos iniciales m\u00e1s altos en comparaci\u00f3n con la ventilaci\u00f3n general.<\/span><\/li><li style=\"font-weight: 400;\" aria-level=\"1\"><span style=\"font-weight: 400;\">Mantenimiento adicional: Los dispositivos de captura, como las campanas y los encerramientos, requieren un mantenimiento regular para garantizar su eficacia continua. La obstrucci\u00f3n, los da\u00f1os y el desgaste pueden afectar el rendimiento del sistema y requerir reparaciones o reemplazos.<\/span><\/li><li style=\"font-weight: 400;\" aria-level=\"1\"><span style=\"font-weight: 400;\">Interferencia con los procesos: En algunos casos, los dispositivos de captura pueden interferir con los procesos industriales o requerir modificaciones en los equipos existentes. Esto puede implicar tiempo de inactividad y costos adicionales.<\/span><\/li><\/ul>\t\t\t\t\t\t\t\t<\/div>\n\t\t\t\t<\/div>\n\t\t\t\t\t<\/div>\n\t\t<\/div>\n\t\t\t\t\t<\/div>\n\t\t<\/section>\n\t\t\t\t<section class=\"has_ae_slider elementor-section elementor-top-section elementor-element elementor-element-4a3c3b2 elementor-section-boxed elementor-section-height-default elementor-section-height-default ae-bg-gallery-type-default\" data-id=\"4a3c3b2\" data-element_type=\"section\" data-e-type=\"section\">\n\t\t\t\t\t\t<div class=\"elementor-container elementor-column-gap-default\">\n\t\t\t\t\t<div class=\"has_ae_slider elementor-column elementor-col-100 elementor-top-column elementor-element elementor-element-8cc9937 ae-bg-gallery-type-default\" data-id=\"8cc9937\" data-element_type=\"column\" data-e-type=\"column\">\n\t\t\t<div class=\"elementor-widget-wrap elementor-element-populated\">\n\t\t\t\t\t\t<div class=\"elementor-element elementor-element-7c46677 elementor-widget elementor-widget-heading\" data-id=\"7c46677\" data-element_type=\"widget\" data-e-type=\"widget\" data-widget_type=\"heading.default\">\n\t\t\t\t<div class=\"elementor-widget-container\">\n\t\t\t\t\t<h2 class=\"elementor-heading-title elementor-size-default\">Factores a Considerar en la Elecci\u00f3n de la Soluci\u00f3n<\/h2>\t\t\t\t<\/div>\n\t\t\t\t<\/div>\n\t\t\t\t\t<\/div>\n\t\t<\/div>\n\t\t\t\t\t<\/div>\n\t\t<\/section>\n\t\t\t\t<section class=\"has_ae_slider elementor-section elementor-top-section elementor-element elementor-element-f79c390 elementor-section-boxed elementor-section-height-default elementor-section-height-default ae-bg-gallery-type-default\" data-id=\"f79c390\" data-element_type=\"section\" data-e-type=\"section\">\n\t\t\t\t\t\t<div class=\"elementor-container elementor-column-gap-default\">\n\t\t\t\t\t<div class=\"has_ae_slider elementor-column elementor-col-100 elementor-top-column elementor-element elementor-element-77b73f5 ae-bg-gallery-type-default\" data-id=\"77b73f5\" data-element_type=\"column\" data-e-type=\"column\">\n\t\t\t<div class=\"elementor-widget-wrap elementor-element-populated\">\n\t\t\t\t\t\t<div class=\"elementor-element elementor-element-649fd12 elementor-widget elementor-widget-text-editor\" data-id=\"649fd12\" data-element_type=\"widget\" data-e-type=\"widget\" data-widget_type=\"text-editor.default\">\n\t\t\t\t<div class=\"elementor-widget-container\">\n\t\t\t\t\t\t\t\t\t<p><span style=\"font-weight: 400;\">Al seleccionar la soluci\u00f3n m\u00e1s adecuada para mejorar la calidad del aire interior en una instalaci\u00f3n industrial, es importante tener en cuenta varios factores:<\/span><\/p><ol><li style=\"font-weight: 400;\" aria-level=\"1\"><span style=\"font-weight: 400;\">Naturaleza de los contaminantes: Es fundamental conocer las caracter\u00edsticas de los contaminantes presentes, como su toxicidad, concentraci\u00f3n y fuentes de emisi\u00f3n.<\/span><\/li><li style=\"font-weight: 400;\" aria-level=\"1\"><span style=\"font-weight: 400;\">Distribuci\u00f3n de las fuentes de contaminaci\u00f3n: Si las fuentes de contaminaci\u00f3n est\u00e1n dispersas o son puntuales, esto influir\u00e1 en la elecci\u00f3n del sistema de ventilaci\u00f3n.<\/span><\/li><li style=\"font-weight: 400;\" aria-level=\"1\"><span style=\"font-weight: 400;\">Requisitos normativos: Es necesario cumplir con las normativas y reglamentos aplicables en materia de calidad del aire interior y seguridad laboral.<\/span><\/li><li style=\"font-weight: 400;\" aria-level=\"1\"><span style=\"font-weight: 400;\">Costos de instalaci\u00f3n y operaci\u00f3n: Se deben considerar los costos iniciales de instalaci\u00f3n, as\u00ed como los costos operativos a largo plazo, como el consumo de energ\u00eda y el mantenimiento.<\/span><\/li><li style=\"font-weight: 400;\" aria-level=\"1\"><span style=\"font-weight: 400;\">Flexibilidad y adaptabilidad: Es importante evaluar la capacidad del sistema para adaptarse a cambios futuros en los procesos industriales o en la distribuci\u00f3n de la planta.<\/span><\/li><li style=\"font-weight: 400;\" aria-level=\"1\"><span style=\"font-weight: 400;\">Impacto ambiental: Se debe tener en cuenta el impacto ambiental de la soluci\u00f3n seleccionada, incluyendo la emisi\u00f3n de contaminantes al aire exterior.<\/span><\/li><\/ol>\t\t\t\t\t\t\t\t<\/div>\n\t\t\t\t<\/div>\n\t\t\t\t\t<\/div>\n\t\t<\/div>\n\t\t\t\t\t<\/div>\n\t\t<\/section>\n\t\t\t\t<section class=\"has_ae_slider elementor-section elementor-top-section elementor-element elementor-element-f1c4668 elementor-section-boxed elementor-section-height-default elementor-section-height-default ae-bg-gallery-type-default\" data-id=\"f1c4668\" data-element_type=\"section\" data-e-type=\"section\">\n\t\t\t\t\t\t<div class=\"elementor-container elementor-column-gap-default\">\n\t\t\t\t\t<div class=\"has_ae_slider elementor-column elementor-col-100 elementor-top-column elementor-element elementor-element-086ef9b ae-bg-gallery-type-default\" data-id=\"086ef9b\" data-element_type=\"column\" data-e-type=\"column\">\n\t\t\t<div class=\"elementor-widget-wrap elementor-element-populated\">\n\t\t\t\t\t\t<div class=\"elementor-element elementor-element-b677c89 elementor-widget elementor-widget-heading\" data-id=\"b677c89\" data-element_type=\"widget\" data-e-type=\"widget\" data-widget_type=\"heading.default\">\n\t\t\t\t<div class=\"elementor-widget-container\">\n\t\t\t\t\t<h2 class=\"elementor-heading-title elementor-size-default\">Mantenimiento y monitoreo de los sistemas de ventilaci\u00f3n<\/h2>\t\t\t\t<\/div>\n\t\t\t\t<\/div>\n\t\t\t\t\t<\/div>\n\t\t<\/div>\n\t\t\t\t\t<\/div>\n\t\t<\/section>\n\t\t\t\t<section class=\"has_ae_slider elementor-section elementor-top-section elementor-element elementor-element-e531468 elementor-section-boxed elementor-section-height-default elementor-section-height-default ae-bg-gallery-type-default\" data-id=\"e531468\" data-element_type=\"section\" data-e-type=\"section\">\n\t\t\t\t\t\t<div class=\"elementor-container elementor-column-gap-default\">\n\t\t\t\t\t<div class=\"has_ae_slider elementor-column elementor-col-100 elementor-top-column elementor-element elementor-element-6bebd1d ae-bg-gallery-type-default\" data-id=\"6bebd1d\" data-element_type=\"column\" data-e-type=\"column\">\n\t\t\t<div class=\"elementor-widget-wrap elementor-element-populated\">\n\t\t\t\t\t\t<div class=\"elementor-element elementor-element-7a520e1 elementor-widget elementor-widget-text-editor\" data-id=\"7a520e1\" data-element_type=\"widget\" data-e-type=\"widget\" data-widget_type=\"text-editor.default\">\n\t\t\t\t<div class=\"elementor-widget-container\">\n\t\t\t\t\t\t\t\t\t<p><span style=\"font-weight: 400;\">El mantenimiento adecuado de los sistemas de ventilaci\u00f3n es esencial para garantizar su correcto funcionamiento y prolongar su vida \u00fatil. A continuaci\u00f3n, se detallan las subsecciones importantes relacionadas con el mantenimiento y monitoreo de los sistemas de ventilaci\u00f3n:<\/span><\/p><p><strong><span style=\"color: #000000;\">Programas de mantenimiento preventivo<\/span><\/strong><\/p><ul><li style=\"font-weight: 400;\" aria-level=\"1\"><span style=\"font-weight: 400;\">Realizar inspecciones peri\u00f3dicas para detectar posibles fallos<\/span><\/li><li style=\"font-weight: 400;\" aria-level=\"1\"><span style=\"font-weight: 400;\">Limpieza regular de filtros y conductos de aire<\/span><\/li><li style=\"font-weight: 400;\" aria-level=\"1\"><span style=\"font-weight: 400;\">Revisi\u00f3n de componentes electr\u00f3nicos y mec\u00e1nicos<\/span><\/li><\/ul><p><strong><span style=\"color: #000000;\">Monitoreo de la calidad del aire<\/span><\/strong><\/p><ul><li style=\"font-weight: 400;\" aria-level=\"1\"><span style=\"font-weight: 400;\">Utilizaci\u00f3n de sensores para medir niveles de contaminantes<\/span><\/li><li style=\"font-weight: 400;\" aria-level=\"1\"><span style=\"font-weight: 400;\">Registro de datos para an\u00e1lisis de tendencias<\/span><\/li><li style=\"font-weight: 400;\" aria-level=\"1\"><span style=\"font-weight: 400;\">Implementaci\u00f3n de alarmas para alertar sobre condiciones anormales<\/span><\/li><\/ul><p><strong><span style=\"color: #000000;\">Ajustes y optimizaci\u00f3n de los sistemas<\/span><\/strong><\/p><ul><li style=\"font-weight: 400;\" aria-level=\"1\"><span style=\"font-weight: 400;\">Calibraci\u00f3n regular de equipos de ventilaci\u00f3n<\/span><\/li><li style=\"font-weight: 400;\" aria-level=\"1\"><span style=\"font-weight: 400;\">Optimizaci\u00f3n de la velocidad de los ventiladores seg\u00fan la demanda<\/span><\/li><li style=\"font-weight: 400;\" aria-level=\"1\"><span style=\"font-weight: 400;\">Actualizaci\u00f3n de sistemas de control para mejorar la eficiencia<\/span><\/li><\/ul><p>\u00a0<\/p>\t\t\t\t\t\t\t\t<\/div>\n\t\t\t\t<\/div>\n\t\t\t\t\t<\/div>\n\t\t<\/div>\n\t\t\t\t\t<\/div>\n\t\t<\/section>\n\t\t\t\t<section class=\"has_ae_slider elementor-section elementor-top-section elementor-element elementor-element-f5f9f7b elementor-section-boxed elementor-section-height-default elementor-section-height-default ae-bg-gallery-type-default\" data-id=\"f5f9f7b\" data-element_type=\"section\" data-e-type=\"section\">\n\t\t\t\t\t\t<div class=\"elementor-container elementor-column-gap-default\">\n\t\t\t\t\t<div class=\"has_ae_slider elementor-column elementor-col-100 elementor-top-column elementor-element elementor-element-03a5c48 ae-bg-gallery-type-default\" data-id=\"03a5c48\" data-element_type=\"column\" data-e-type=\"column\">\n\t\t\t<div class=\"elementor-widget-wrap elementor-element-populated\">\n\t\t\t\t\t\t<div class=\"elementor-element elementor-element-08e0b77 elementor-widget elementor-widget-heading\" data-id=\"08e0b77\" data-element_type=\"widget\" data-e-type=\"widget\" data-widget_type=\"heading.default\">\n\t\t\t\t<div class=\"elementor-widget-container\">\n\t\t\t\t\t<h2 class=\"elementor-heading-title elementor-size-default\">Normativa sobre ventilaci\u00f3n en entornos industriales en Espa\u00f1a<\/h2>\t\t\t\t<\/div>\n\t\t\t\t<\/div>\n\t\t\t\t<div class=\"elementor-element elementor-element-740aef0 elementor-widget elementor-widget-text-editor\" data-id=\"740aef0\" data-element_type=\"widget\" data-e-type=\"widget\" data-widget_type=\"text-editor.default\">\n\t\t\t\t<div class=\"elementor-widget-container\">\n\t\t\t\t\t\t\t\t\t<p><span style=\"font-weight: 400;\">La legislaci\u00f3n en Espa\u00f1a relacionada con la ventilaci\u00f3n en entornos industriales es fundamental para garantizar la seguridad y salud de los trabajadores. En este <\/span><span style=\"color: #0000ff;\"><a style=\"color: #0000ff;\" href=\"https:\/\/innotecgrupo.com\/industria-empresa\/blog\/importancia-ventilacion-general-y-localizada-en-la-prevencion-de-riesgos-laborales\/\"><b>post <\/b><\/a><\/span><span style=\"font-weight: 400;\">puedes ampliar informaci\u00f3n sobre la normativa nacional sobre agentes contaminantes a\u00e9reos que se pueden combatir gracias a la ventilaci\u00f3n general y localizada.<\/span><\/p>\t\t\t\t\t\t\t\t<\/div>\n\t\t\t\t<\/div>\n\t\t\t\t\t<\/div>\n\t\t<\/div>\n\t\t\t\t\t<\/div>\n\t\t<\/section>\n\t\t\t\t<section class=\"has_ae_slider elementor-section elementor-top-section elementor-element elementor-element-2d9749f elementor-section-boxed elementor-section-height-default elementor-section-height-default ae-bg-gallery-type-default\" data-id=\"2d9749f\" data-element_type=\"section\" data-e-type=\"section\">\n\t\t\t\t\t\t<div class=\"elementor-container elementor-column-gap-default\">\n\t\t\t\t\t<div class=\"has_ae_slider elementor-column elementor-col-100 elementor-top-column elementor-element elementor-element-b090a86 ae-bg-gallery-type-default\" data-id=\"b090a86\" data-element_type=\"column\" data-e-type=\"column\">\n\t\t\t<div class=\"elementor-widget-wrap elementor-element-populated\">\n\t\t\t\t\t\t<div class=\"elementor-element elementor-element-8afe3e5 elementor-widget elementor-widget-heading\" data-id=\"8afe3e5\" data-element_type=\"widget\" data-e-type=\"widget\" data-widget_type=\"heading.default\">\n\t\t\t\t<div class=\"elementor-widget-container\">\n\t\t\t\t\t<h2 class=\"elementor-heading-title elementor-size-default\">Soluciones Combinadas<\/h2>\t\t\t\t<\/div>\n\t\t\t\t<\/div>\n\t\t\t\t<div class=\"elementor-element elementor-element-79080db elementor-widget elementor-widget-text-editor\" data-id=\"79080db\" data-element_type=\"widget\" data-e-type=\"widget\" data-widget_type=\"text-editor.default\">\n\t\t\t\t<div class=\"elementor-widget-container\">\n\t\t\t\t\t\t\t\t\t<p><span style=\"font-weight: 400;\">En muchos casos, la soluci\u00f3n \u00f3ptima puede ser una combinaci\u00f3n de ventilaci\u00f3n general y ventilaci\u00f3n localizada. Esta estrategia permite aprovechar las ventajas de ambos enfoques y abordar de manera m\u00e1s efectiva la calidad del aire interior en la industria.<\/span><\/p><p><span style=\"font-weight: 400;\">Por ejemplo, se puede implementar un sistema de ventilaci\u00f3n general para proporcionar una diluci\u00f3n general de los contaminantes, complementado con sistemas de ventilaci\u00f3n localizada en las \u00e1reas o procesos que generan altas concentraciones de contaminantes espec\u00edficos.<\/span><\/p><p><span style=\"font-weight: 400;\">Esta soluci\u00f3n combinada puede ser particularmente efectiva en instalaciones industriales complejas con m\u00faltiples fuentes de contaminaci\u00f3n y requisitos variables de calidad del aire interior.<\/span><\/p><p>Puedes conocer nuestro servicio de ventilaci\u00f3n general\u00a0<span style=\"color: #0000ff;\"><a style=\"color: #0000ff;\" href=\"https:\/\/innotecgrupo.com\/industria-empresa\/calidad-aire-interior-sistemas-ventilacion\/\"><b>aqu\u00ed<\/b><\/a><\/span>.<\/p><p>Puedes ampliar m\u00e1s sobre nuestras soluciones de ventilaci\u00f3n localizada\u00a0<span style=\"color: #0000ff;\"><a style=\"color: #0000ff;\" href=\"https:\/\/innotecgrupo.com\/industria-empresa\/calidad-aire-interior-soluciones-captacion-de-aire-industrial\/\"><b>aqu\u00ed<\/b><\/a><\/span>.<\/p>\t\t\t\t\t\t\t\t<\/div>\n\t\t\t\t<\/div>\n\t\t\t\t\t<\/div>\n\t\t<\/div>\n\t\t\t\t\t<\/div>\n\t\t<\/section>\n\t\t\t\t<section class=\"has_ae_slider elementor-section elementor-top-section elementor-element elementor-element-25c2f98 elementor-section-boxed elementor-section-height-default elementor-section-height-default ae-bg-gallery-type-default\" data-id=\"25c2f98\" data-element_type=\"section\" data-e-type=\"section\">\n\t\t\t\t\t\t<div class=\"elementor-container elementor-column-gap-default\">\n\t\t\t\t\t<div class=\"has_ae_slider elementor-column elementor-col-100 elementor-top-column elementor-element elementor-element-df476a9 ae-bg-gallery-type-default\" data-id=\"df476a9\" data-element_type=\"column\" data-e-type=\"column\">\n\t\t\t<div class=\"elementor-widget-wrap elementor-element-populated\">\n\t\t\t\t\t\t<div class=\"elementor-element elementor-element-939182d elementor-widget elementor-widget-heading\" data-id=\"939182d\" data-element_type=\"widget\" data-e-type=\"widget\" data-widget_type=\"heading.default\">\n\t\t\t\t<div class=\"elementor-widget-container\">\n\t\t\t\t\t<h2 class=\"elementor-heading-title elementor-size-default\">Conclusi\u00f3n<\/h2>\t\t\t\t<\/div>\n\t\t\t\t<\/div>\n\t\t\t\t<div class=\"elementor-element elementor-element-bf1367e elementor-widget elementor-widget-text-editor\" data-id=\"bf1367e\" data-element_type=\"widget\" data-e-type=\"widget\" data-widget_type=\"text-editor.default\">\n\t\t\t\t<div class=\"elementor-widget-container\">\n\t\t\t\t\t\t\t\t\t<p><span style=\"font-weight: 400;\">La elecci\u00f3n entre ventilaci\u00f3n general y ventilaci\u00f3n localizada, o una combinaci\u00f3n de ambas, depender\u00e1 de las caracter\u00edsticas espec\u00edficas de cada instalaci\u00f3n industrial. Es fundamental realizar un an\u00e1lisis detallado de los contaminantes presentes, las fuentes de emisi\u00f3n, los requisitos normativos y los costos asociados.<\/span><\/p><p><span style=\"font-weight: 400;\">En general, la ventilaci\u00f3n localizada es m\u00e1s efectiva para fuentes de contaminaci\u00f3n puntuales y conocidas, mientras que la ventilaci\u00f3n general es m\u00e1s adecuada para fuentes dispersas o cuando se requiere una cobertura m\u00e1s amplia. Sin embargo, en muchos casos, una soluci\u00f3n combinada puede ser la opci\u00f3n m\u00e1s efectiva y eficiente para garantizar una buena calidad del aire interior en el entorno industrial.<\/span><\/p><p><span style=\"font-weight: 400;\">Independientemente de la soluci\u00f3n elegida, es crucial realizar un mantenimiento regular y un monitoreo continuo de la calidad del aire interior para asegurar el cumplimiento de las normativas y la protecci\u00f3n de la salud y la seguridad de los trabajadores.<\/span><\/p>\t\t\t\t\t\t\t\t<\/div>\n\t\t\t\t<\/div>\n\t\t\t\t\t<\/div>\n\t\t<\/div>\n\t\t\t\t\t<\/div>\n\t\t<\/section>\n\t\t\t\t<\/div>\n\t\t","protected":false},"excerpt":{"rendered":"<p>Introducci\u00f3n La calidad del aire interior es un factor crucial en cualquier entorno industrial. Los contaminantes del aire, como el polvo, los vapores qu\u00edmicos y los gases, pueden tener un impacto significativo en la salud y el bienestar de los trabajadores, as\u00ed como en la eficiencia y la productividad de los procesos industriales. Para abordar [&hellip;]<\/p>\n","protected":false},"author":9,"featured_media":19758,"comment_status":"closed","ping_status":"open","sticky":false,"template":"","format":"standard","meta":{"_acf_changed":false,"footnotes":""},"categories":[103],"tags":[],"class_list":["post-19766","post","type-post","status-publish","format-standard","has-post-thumbnail","hentry","category-ventilacion"],"acf":[],"yoast_head":"<!-- This site is optimized with the Yoast SEO plugin v27.3 - https:\/\/yoast.com\/product\/yoast-seo-wordpress\/ -->\n<title>Ventilaci\u00f3n general versus ventilaci\u00f3n localizada: soluciones para mejorar la calidad de aire interior en la industria | Innotec<\/title>\n<meta name=\"robots\" content=\"index, follow, max-snippet:-1, max-image-preview:large, max-video-preview:-1\" \/>\n<link rel=\"canonical\" href=\"https:\/\/innotecgrupo.com\/industria-empresa\/blog\/ventilacion-general-versus-ventilacion-localizada-soluciones-para-mejorar-la-calidad-de-aire-interior-en-la-industria\/\" \/>\n<meta property=\"og:locale\" content=\"es_ES\" \/>\n<meta property=\"og:type\" content=\"article\" \/>\n<meta property=\"og:title\" content=\"Ventilaci\u00f3n general versus ventilaci\u00f3n localizada: soluciones para mejorar la calidad de aire interior en la industria | Innotec\" \/>\n<meta property=\"og:description\" content=\"Introducci\u00f3n La calidad del aire interior es un factor crucial en cualquier entorno industrial. Los contaminantes del aire, como el polvo, los vapores qu\u00edmicos y los gases, pueden tener un impacto significativo en la salud y el bienestar de los trabajadores, as\u00ed como en la eficiencia y la productividad de los procesos industriales. Para abordar [&hellip;]\" \/>\n<meta property=\"og:url\" content=\"https:\/\/innotecgrupo.com\/industria-empresa\/blog\/ventilacion-general-versus-ventilacion-localizada-soluciones-para-mejorar-la-calidad-de-aire-interior-en-la-industria\/\" \/>\n<meta property=\"og:site_name\" content=\"Innotec\" \/>\n<meta property=\"article:published_time\" content=\"2024-06-10T09:44:39+00:00\" \/>\n<meta property=\"article:modified_time\" content=\"2025-09-11T10:42:22+00:00\" \/>\n<meta property=\"og:image\" content=\"https:\/\/innotecgrupo.com\/industria-empresa\/wp-content\/uploads\/2024\/06\/ventilacion.png\" \/>\n\t<meta property=\"og:image:width\" content=\"1485\" \/>\n\t<meta property=\"og:image:height\" content=\"494\" \/>\n\t<meta property=\"og:image:type\" content=\"image\/png\" \/>\n<meta name=\"author\" content=\"Manuel Bernal (Socio Fundador)\" \/>\n<meta name=\"twitter:card\" content=\"summary_large_image\" \/>\n<meta name=\"twitter:label1\" content=\"Escrito por\" \/>\n\t<meta name=\"twitter:data1\" content=\"Manuel Bernal (Socio Fundador)\" \/>\n\t<meta name=\"twitter:label2\" content=\"Tiempo de lectura\" \/>\n\t<meta name=\"twitter:data2\" content=\"10 minutos\" \/>\n<script type=\"application\/ld+json\" class=\"yoast-schema-graph\">{\"@context\":\"https:\\\/\\\/schema.org\",\"@graph\":[{\"@type\":\"Article\",\"@id\":\"https:\\\/\\\/innotecgrupo.com\\\/industria-empresa\\\/blog\\\/ventilacion-general-versus-ventilacion-localizada-soluciones-para-mejorar-la-calidad-de-aire-interior-en-la-industria\\\/#article\",\"isPartOf\":{\"@id\":\"https:\\\/\\\/innotecgrupo.com\\\/industria-empresa\\\/blog\\\/ventilacion-general-versus-ventilacion-localizada-soluciones-para-mejorar-la-calidad-de-aire-interior-en-la-industria\\\/\"},\"author\":{\"name\":\"Manuel Bernal (Socio Fundador)\",\"@id\":\"https:\\\/\\\/innotecgrupo.com\\\/industria-empresa\\\/#\\\/schema\\\/person\\\/cd83faa3aecd59ea2de1fcb467a88501\"},\"headline\":\"Ventilaci\u00f3n general versus ventilaci\u00f3n localizada: soluciones para mejorar la calidad de aire interior en la industria\",\"datePublished\":\"2024-06-10T09:44:39+00:00\",\"dateModified\":\"2025-09-11T10:42:22+00:00\",\"mainEntityOfPage\":{\"@id\":\"https:\\\/\\\/innotecgrupo.com\\\/industria-empresa\\\/blog\\\/ventilacion-general-versus-ventilacion-localizada-soluciones-para-mejorar-la-calidad-de-aire-interior-en-la-industria\\\/\"},\"wordCount\":1985,\"publisher\":{\"@id\":\"https:\\\/\\\/innotecgrupo.com\\\/industria-empresa\\\/#organization\"},\"image\":{\"@id\":\"https:\\\/\\\/innotecgrupo.com\\\/industria-empresa\\\/blog\\\/ventilacion-general-versus-ventilacion-localizada-soluciones-para-mejorar-la-calidad-de-aire-interior-en-la-industria\\\/#primaryimage\"},\"thumbnailUrl\":\"https:\\\/\\\/innotecgrupo.com\\\/industria-empresa\\\/wp-content\\\/uploads\\\/2024\\\/06\\\/ventilacion.png\",\"articleSection\":[\"Ventilaci\u00f3n\"],\"inLanguage\":\"es\"},{\"@type\":\"WebPage\",\"@id\":\"https:\\\/\\\/innotecgrupo.com\\\/industria-empresa\\\/blog\\\/ventilacion-general-versus-ventilacion-localizada-soluciones-para-mejorar-la-calidad-de-aire-interior-en-la-industria\\\/\",\"url\":\"https:\\\/\\\/innotecgrupo.com\\\/industria-empresa\\\/blog\\\/ventilacion-general-versus-ventilacion-localizada-soluciones-para-mejorar-la-calidad-de-aire-interior-en-la-industria\\\/\",\"name\":\"Ventilaci\u00f3n general versus ventilaci\u00f3n localizada: soluciones para mejorar la calidad de aire interior en la industria | Innotec\",\"isPartOf\":{\"@id\":\"https:\\\/\\\/innotecgrupo.com\\\/industria-empresa\\\/#website\"},\"primaryImageOfPage\":{\"@id\":\"https:\\\/\\\/innotecgrupo.com\\\/industria-empresa\\\/blog\\\/ventilacion-general-versus-ventilacion-localizada-soluciones-para-mejorar-la-calidad-de-aire-interior-en-la-industria\\\/#primaryimage\"},\"image\":{\"@id\":\"https:\\\/\\\/innotecgrupo.com\\\/industria-empresa\\\/blog\\\/ventilacion-general-versus-ventilacion-localizada-soluciones-para-mejorar-la-calidad-de-aire-interior-en-la-industria\\\/#primaryimage\"},\"thumbnailUrl\":\"https:\\\/\\\/innotecgrupo.com\\\/industria-empresa\\\/wp-content\\\/uploads\\\/2024\\\/06\\\/ventilacion.png\",\"datePublished\":\"2024-06-10T09:44:39+00:00\",\"dateModified\":\"2025-09-11T10:42:22+00:00\",\"breadcrumb\":{\"@id\":\"https:\\\/\\\/innotecgrupo.com\\\/industria-empresa\\\/blog\\\/ventilacion-general-versus-ventilacion-localizada-soluciones-para-mejorar-la-calidad-de-aire-interior-en-la-industria\\\/#breadcrumb\"},\"inLanguage\":\"es\",\"potentialAction\":[{\"@type\":\"ReadAction\",\"target\":[\"https:\\\/\\\/innotecgrupo.com\\\/industria-empresa\\\/blog\\\/ventilacion-general-versus-ventilacion-localizada-soluciones-para-mejorar-la-calidad-de-aire-interior-en-la-industria\\\/\"]}]},{\"@type\":\"ImageObject\",\"inLanguage\":\"es\",\"@id\":\"https:\\\/\\\/innotecgrupo.com\\\/industria-empresa\\\/blog\\\/ventilacion-general-versus-ventilacion-localizada-soluciones-para-mejorar-la-calidad-de-aire-interior-en-la-industria\\\/#primaryimage\",\"url\":\"https:\\\/\\\/innotecgrupo.com\\\/industria-empresa\\\/wp-content\\\/uploads\\\/2024\\\/06\\\/ventilacion.png\",\"contentUrl\":\"https:\\\/\\\/innotecgrupo.com\\\/industria-empresa\\\/wp-content\\\/uploads\\\/2024\\\/06\\\/ventilacion.png\",\"width\":1485,\"height\":494},{\"@type\":\"BreadcrumbList\",\"@id\":\"https:\\\/\\\/innotecgrupo.com\\\/industria-empresa\\\/blog\\\/ventilacion-general-versus-ventilacion-localizada-soluciones-para-mejorar-la-calidad-de-aire-interior-en-la-industria\\\/#breadcrumb\",\"itemListElement\":[{\"@type\":\"ListItem\",\"position\":1,\"name\":\"Portada\",\"item\":\"https:\\\/\\\/innotecgrupo.com\\\/industria-empresa\\\/\"},{\"@type\":\"ListItem\",\"position\":2,\"name\":\"Ventilaci\u00f3n general versus ventilaci\u00f3n localizada: soluciones para mejorar la calidad de aire interior en la industria\"}]},{\"@type\":\"WebSite\",\"@id\":\"https:\\\/\\\/innotecgrupo.com\\\/industria-empresa\\\/#website\",\"url\":\"https:\\\/\\\/innotecgrupo.com\\\/industria-empresa\\\/\",\"name\":\"Innotec Grupo\",\"description\":\"CLIMATIZACI\u00d3N ENFOCADA AL BIENESTAR INTEGRAL\",\"publisher\":{\"@id\":\"https:\\\/\\\/innotecgrupo.com\\\/industria-empresa\\\/#organization\"},\"potentialAction\":[{\"@type\":\"SearchAction\",\"target\":{\"@type\":\"EntryPoint\",\"urlTemplate\":\"https:\\\/\\\/innotecgrupo.com\\\/industria-empresa\\\/?s={search_term_string}\"},\"query-input\":{\"@type\":\"PropertyValueSpecification\",\"valueRequired\":true,\"valueName\":\"search_term_string\"}}],\"inLanguage\":\"es\"},{\"@type\":\"Organization\",\"@id\":\"https:\\\/\\\/innotecgrupo.com\\\/industria-empresa\\\/#organization\",\"name\":\"Innotec\",\"url\":\"https:\\\/\\\/innotecgrupo.com\\\/industria-empresa\\\/\",\"logo\":{\"@type\":\"ImageObject\",\"inLanguage\":\"es\",\"@id\":\"https:\\\/\\\/innotecgrupo.com\\\/industria-empresa\\\/#\\\/schema\\\/logo\\\/image\\\/\",\"url\":\"https:\\\/\\\/innotecgrupo.com\\\/industria-empresa\\\/wp-content\\\/uploads\\\/2022\\\/01\\\/logo-innotec.png\",\"contentUrl\":\"https:\\\/\\\/innotecgrupo.com\\\/industria-empresa\\\/wp-content\\\/uploads\\\/2022\\\/01\\\/logo-innotec.png\",\"width\":166,\"height\":31,\"caption\":\"Innotec\"},\"image\":{\"@id\":\"https:\\\/\\\/innotecgrupo.com\\\/industria-empresa\\\/#\\\/schema\\\/logo\\\/image\\\/\"}},{\"@type\":\"Person\",\"@id\":\"https:\\\/\\\/innotecgrupo.com\\\/industria-empresa\\\/#\\\/schema\\\/person\\\/cd83faa3aecd59ea2de1fcb467a88501\",\"name\":\"Manuel Bernal (Socio Fundador)\",\"description\":\"Ingeniero Industrial MBA en CESTE\",\"sameAs\":[\"https:\\\/\\\/www.linkedin.com\\\/in\\\/manuel-bernal-innotec\\\/\"],\"url\":\"https:\\\/\\\/innotecgrupo.com\\\/industria-empresa\\\/blog\\\/author\\\/manuel-bernal\\\/\"}]}<\/script>\n<!-- \/ Yoast SEO plugin. -->","yoast_head_json":{"title":"Ventilaci\u00f3n general versus ventilaci\u00f3n localizada: soluciones para mejorar la calidad de aire interior en la industria | Innotec","robots":{"index":"index","follow":"follow","max-snippet":"max-snippet:-1","max-image-preview":"max-image-preview:large","max-video-preview":"max-video-preview:-1"},"canonical":"https:\/\/innotecgrupo.com\/industria-empresa\/blog\/ventilacion-general-versus-ventilacion-localizada-soluciones-para-mejorar-la-calidad-de-aire-interior-en-la-industria\/","og_locale":"es_ES","og_type":"article","og_title":"Ventilaci\u00f3n general versus ventilaci\u00f3n localizada: soluciones para mejorar la calidad de aire interior en la industria | Innotec","og_description":"Introducci\u00f3n La calidad del aire interior es un factor crucial en cualquier entorno industrial. Los contaminantes del aire, como el polvo, los vapores qu\u00edmicos y los gases, pueden tener un impacto significativo en la salud y el bienestar de los trabajadores, as\u00ed como en la eficiencia y la productividad de los procesos industriales. Para abordar [&hellip;]","og_url":"https:\/\/innotecgrupo.com\/industria-empresa\/blog\/ventilacion-general-versus-ventilacion-localizada-soluciones-para-mejorar-la-calidad-de-aire-interior-en-la-industria\/","og_site_name":"Innotec","article_published_time":"2024-06-10T09:44:39+00:00","article_modified_time":"2025-09-11T10:42:22+00:00","og_image":[{"width":1485,"height":494,"url":"https:\/\/innotecgrupo.com\/industria-empresa\/wp-content\/uploads\/2024\/06\/ventilacion.png","type":"image\/png"}],"author":"Manuel Bernal (Socio Fundador)","twitter_card":"summary_large_image","twitter_misc":{"Escrito por":"Manuel Bernal (Socio Fundador)","Tiempo de lectura":"10 minutos"},"schema":{"@context":"https:\/\/schema.org","@graph":[{"@type":"Article","@id":"https:\/\/innotecgrupo.com\/industria-empresa\/blog\/ventilacion-general-versus-ventilacion-localizada-soluciones-para-mejorar-la-calidad-de-aire-interior-en-la-industria\/#article","isPartOf":{"@id":"https:\/\/innotecgrupo.com\/industria-empresa\/blog\/ventilacion-general-versus-ventilacion-localizada-soluciones-para-mejorar-la-calidad-de-aire-interior-en-la-industria\/"},"author":{"name":"Manuel Bernal (Socio Fundador)","@id":"https:\/\/innotecgrupo.com\/industria-empresa\/#\/schema\/person\/cd83faa3aecd59ea2de1fcb467a88501"},"headline":"Ventilaci\u00f3n general versus ventilaci\u00f3n localizada: soluciones para mejorar la calidad de aire interior en la industria","datePublished":"2024-06-10T09:44:39+00:00","dateModified":"2025-09-11T10:42:22+00:00","mainEntityOfPage":{"@id":"https:\/\/innotecgrupo.com\/industria-empresa\/blog\/ventilacion-general-versus-ventilacion-localizada-soluciones-para-mejorar-la-calidad-de-aire-interior-en-la-industria\/"},"wordCount":1985,"publisher":{"@id":"https:\/\/innotecgrupo.com\/industria-empresa\/#organization"},"image":{"@id":"https:\/\/innotecgrupo.com\/industria-empresa\/blog\/ventilacion-general-versus-ventilacion-localizada-soluciones-para-mejorar-la-calidad-de-aire-interior-en-la-industria\/#primaryimage"},"thumbnailUrl":"https:\/\/innotecgrupo.com\/industria-empresa\/wp-content\/uploads\/2024\/06\/ventilacion.png","articleSection":["Ventilaci\u00f3n"],"inLanguage":"es"},{"@type":"WebPage","@id":"https:\/\/innotecgrupo.com\/industria-empresa\/blog\/ventilacion-general-versus-ventilacion-localizada-soluciones-para-mejorar-la-calidad-de-aire-interior-en-la-industria\/","url":"https:\/\/innotecgrupo.com\/industria-empresa\/blog\/ventilacion-general-versus-ventilacion-localizada-soluciones-para-mejorar-la-calidad-de-aire-interior-en-la-industria\/","name":"Ventilaci\u00f3n general versus ventilaci\u00f3n localizada: soluciones para mejorar la calidad de aire interior en la industria | Innotec","isPartOf":{"@id":"https:\/\/innotecgrupo.com\/industria-empresa\/#website"},"primaryImageOfPage":{"@id":"https:\/\/innotecgrupo.com\/industria-empresa\/blog\/ventilacion-general-versus-ventilacion-localizada-soluciones-para-mejorar-la-calidad-de-aire-interior-en-la-industria\/#primaryimage"},"image":{"@id":"https:\/\/innotecgrupo.com\/industria-empresa\/blog\/ventilacion-general-versus-ventilacion-localizada-soluciones-para-mejorar-la-calidad-de-aire-interior-en-la-industria\/#primaryimage"},"thumbnailUrl":"https:\/\/innotecgrupo.com\/industria-empresa\/wp-content\/uploads\/2024\/06\/ventilacion.png","datePublished":"2024-06-10T09:44:39+00:00","dateModified":"2025-09-11T10:42:22+00:00","breadcrumb":{"@id":"https:\/\/innotecgrupo.com\/industria-empresa\/blog\/ventilacion-general-versus-ventilacion-localizada-soluciones-para-mejorar-la-calidad-de-aire-interior-en-la-industria\/#breadcrumb"},"inLanguage":"es","potentialAction":[{"@type":"ReadAction","target":["https:\/\/innotecgrupo.com\/industria-empresa\/blog\/ventilacion-general-versus-ventilacion-localizada-soluciones-para-mejorar-la-calidad-de-aire-interior-en-la-industria\/"]}]},{"@type":"ImageObject","inLanguage":"es","@id":"https:\/\/innotecgrupo.com\/industria-empresa\/blog\/ventilacion-general-versus-ventilacion-localizada-soluciones-para-mejorar-la-calidad-de-aire-interior-en-la-industria\/#primaryimage","url":"https:\/\/innotecgrupo.com\/industria-empresa\/wp-content\/uploads\/2024\/06\/ventilacion.png","contentUrl":"https:\/\/innotecgrupo.com\/industria-empresa\/wp-content\/uploads\/2024\/06\/ventilacion.png","width":1485,"height":494},{"@type":"BreadcrumbList","@id":"https:\/\/innotecgrupo.com\/industria-empresa\/blog\/ventilacion-general-versus-ventilacion-localizada-soluciones-para-mejorar-la-calidad-de-aire-interior-en-la-industria\/#breadcrumb","itemListElement":[{"@type":"ListItem","position":1,"name":"Portada","item":"https:\/\/innotecgrupo.com\/industria-empresa\/"},{"@type":"ListItem","position":2,"name":"Ventilaci\u00f3n general versus ventilaci\u00f3n localizada: soluciones para mejorar la calidad de aire interior en la industria"}]},{"@type":"WebSite","@id":"https:\/\/innotecgrupo.com\/industria-empresa\/#website","url":"https:\/\/innotecgrupo.com\/industria-empresa\/","name":"Innotec Grupo","description":"CLIMATIZACI\u00d3N ENFOCADA AL BIENESTAR INTEGRAL","publisher":{"@id":"https:\/\/innotecgrupo.com\/industria-empresa\/#organization"},"potentialAction":[{"@type":"SearchAction","target":{"@type":"EntryPoint","urlTemplate":"https:\/\/innotecgrupo.com\/industria-empresa\/?s={search_term_string}"},"query-input":{"@type":"PropertyValueSpecification","valueRequired":true,"valueName":"search_term_string"}}],"inLanguage":"es"},{"@type":"Organization","@id":"https:\/\/innotecgrupo.com\/industria-empresa\/#organization","name":"Innotec","url":"https:\/\/innotecgrupo.com\/industria-empresa\/","logo":{"@type":"ImageObject","inLanguage":"es","@id":"https:\/\/innotecgrupo.com\/industria-empresa\/#\/schema\/logo\/image\/","url":"https:\/\/innotecgrupo.com\/industria-empresa\/wp-content\/uploads\/2022\/01\/logo-innotec.png","contentUrl":"https:\/\/innotecgrupo.com\/industria-empresa\/wp-content\/uploads\/2022\/01\/logo-innotec.png","width":166,"height":31,"caption":"Innotec"},"image":{"@id":"https:\/\/innotecgrupo.com\/industria-empresa\/#\/schema\/logo\/image\/"}},{"@type":"Person","@id":"https:\/\/innotecgrupo.com\/industria-empresa\/#\/schema\/person\/cd83faa3aecd59ea2de1fcb467a88501","name":"Manuel Bernal (Socio Fundador)","description":"Ingeniero Industrial MBA en CESTE","sameAs":["https:\/\/www.linkedin.com\/in\/manuel-bernal-innotec\/"],"url":"https:\/\/innotecgrupo.com\/industria-empresa\/blog\/author\/manuel-bernal\/"}]}},"_links":{"self":[{"href":"https:\/\/innotecgrupo.com\/industria-empresa\/wp-json\/wp\/v2\/posts\/19766","targetHints":{"allow":["GET"]}}],"collection":[{"href":"https:\/\/innotecgrupo.com\/industria-empresa\/wp-json\/wp\/v2\/posts"}],"about":[{"href":"https:\/\/innotecgrupo.com\/industria-empresa\/wp-json\/wp\/v2\/types\/post"}],"author":[{"embeddable":true,"href":"https:\/\/innotecgrupo.com\/industria-empresa\/wp-json\/wp\/v2\/users\/9"}],"replies":[{"embeddable":true,"href":"https:\/\/innotecgrupo.com\/industria-empresa\/wp-json\/wp\/v2\/comments?post=19766"}],"version-history":[{"count":4,"href":"https:\/\/innotecgrupo.com\/industria-empresa\/wp-json\/wp\/v2\/posts\/19766\/revisions"}],"predecessor-version":[{"id":19773,"href":"https:\/\/innotecgrupo.com\/industria-empresa\/wp-json\/wp\/v2\/posts\/19766\/revisions\/19773"}],"wp:featuredmedia":[{"embeddable":true,"href":"https:\/\/innotecgrupo.com\/industria-empresa\/wp-json\/wp\/v2\/media\/19758"}],"wp:attachment":[{"href":"https:\/\/innotecgrupo.com\/industria-empresa\/wp-json\/wp\/v2\/media?parent=19766"}],"wp:term":[{"taxonomy":"category","embeddable":true,"href":"https:\/\/innotecgrupo.com\/industria-empresa\/wp-json\/wp\/v2\/categories?post=19766"},{"taxonomy":"post_tag","embeddable":true,"href":"https:\/\/innotecgrupo.com\/industria-empresa\/wp-json\/wp\/v2\/tags?post=19766"}],"curies":[{"name":"wp","href":"https:\/\/api.w.org\/{rel}","templated":true}]}}