{"id":19749,"date":"2024-06-10T00:20:45","date_gmt":"2024-06-09T22:20:45","guid":{"rendered":"https:\/\/greenyellow-alligator-204266.hostingersite.com\/industria-empresa\/?p=19749"},"modified":"2025-09-11T12:42:32","modified_gmt":"2025-09-11T10:42:32","slug":"importancia-ventilacion-general-y-localizada-en-la-prevencion-de-riesgos-laborales","status":"publish","type":"post","link":"https:\/\/innotecgrupo.com\/industria-empresa\/blog\/importancia-ventilacion-general-y-localizada-en-la-prevencion-de-riesgos-laborales\/","title":{"rendered":"Importancia de la ventilaci\u00f3n general y localizada en la prevenci\u00f3n de riesgos laborales en entornos industriales: Normativa espa\u00f1ola y beneficios para la salud"},"content":{"rendered":"\t\t<div data-elementor-type=\"wp-post\" data-elementor-id=\"19749\" class=\"elementor elementor-19749\" data-elementor-post-type=\"post\">\n\t\t\t\t\t\t<section class=\"has_ae_slider elementor-section elementor-top-section elementor-element elementor-element-6754757 elementor-section-boxed elementor-section-height-default elementor-section-height-default ae-bg-gallery-type-default\" data-id=\"6754757\" data-element_type=\"section\" data-e-type=\"section\">\n\t\t\t\t\t\t<div class=\"elementor-container elementor-column-gap-default\">\n\t\t\t\t\t<div class=\"has_ae_slider elementor-column elementor-col-100 elementor-top-column elementor-element elementor-element-485c228 ae-bg-gallery-type-default\" data-id=\"485c228\" data-element_type=\"column\" data-e-type=\"column\">\n\t\t\t<div class=\"elementor-widget-wrap elementor-element-populated\">\n\t\t\t\t\t\t<div class=\"elementor-element elementor-element-eef3eb9 elementor-widget elementor-widget-heading\" data-id=\"eef3eb9\" data-element_type=\"widget\" data-e-type=\"widget\" data-widget_type=\"heading.default\">\n\t\t\t\t<div class=\"elementor-widget-container\">\n\t\t\t\t\t<h2 class=\"elementor-heading-title elementor-size-default\">Introducci\u00f3n<\/h2>\t\t\t\t<\/div>\n\t\t\t\t<\/div>\n\t\t\t\t\t<\/div>\n\t\t<\/div>\n\t\t\t\t\t<\/div>\n\t\t<\/section>\n\t\t\t\t<section class=\"has_ae_slider elementor-section elementor-top-section elementor-element elementor-element-791a4e5 elementor-section-boxed elementor-section-height-default elementor-section-height-default ae-bg-gallery-type-default\" data-id=\"791a4e5\" data-element_type=\"section\" data-e-type=\"section\">\n\t\t\t\t\t\t<div class=\"elementor-container elementor-column-gap-default\">\n\t\t\t\t\t<div class=\"has_ae_slider elementor-column elementor-col-100 elementor-top-column elementor-element elementor-element-7331523 ae-bg-gallery-type-default\" data-id=\"7331523\" data-element_type=\"column\" data-e-type=\"column\">\n\t\t\t<div class=\"elementor-widget-wrap elementor-element-populated\">\n\t\t\t\t\t\t<div class=\"elementor-element elementor-element-71b3f2e elementor-widget elementor-widget-text-editor\" data-id=\"71b3f2e\" data-element_type=\"widget\" data-e-type=\"widget\" data-widget_type=\"text-editor.default\">\n\t\t\t\t<div class=\"elementor-widget-container\">\n\t\t\t\t\t\t\t\t\t<p>La seguridad y salud en el entorno laboral es una prioridad para cualquier empresa responsable. Uno de los aspectos clave en la prevenci\u00f3n de riesgos laborales es la calidad del aire que respiran los trabajadores. En este sentido, la ventilaci\u00f3n desempe\u00f1a un papel fundamental para garantizar un ambiente de trabajo saludable y libre de contaminantes.<\/p>\t\t\t\t\t\t\t\t<\/div>\n\t\t\t\t<\/div>\n\t\t\t\t\t<\/div>\n\t\t<\/div>\n\t\t\t\t\t<\/div>\n\t\t<\/section>\n\t\t\t\t<section class=\"has_ae_slider elementor-section elementor-top-section elementor-element elementor-element-f668363 elementor-section-boxed elementor-section-height-default elementor-section-height-default ae-bg-gallery-type-default\" data-id=\"f668363\" data-element_type=\"section\" data-e-type=\"section\">\n\t\t\t\t\t\t<div class=\"elementor-container elementor-column-gap-default\">\n\t\t\t\t\t<div class=\"has_ae_slider elementor-column elementor-col-100 elementor-top-column elementor-element elementor-element-87e4a35 ae-bg-gallery-type-default\" data-id=\"87e4a35\" data-element_type=\"column\" data-e-type=\"column\">\n\t\t\t<div class=\"elementor-widget-wrap elementor-element-populated\">\n\t\t\t\t\t\t<div class=\"elementor-element elementor-element-f62cf50 elementor-widget elementor-widget-heading\" data-id=\"f62cf50\" data-element_type=\"widget\" data-e-type=\"widget\" data-widget_type=\"heading.default\">\n\t\t\t\t<div class=\"elementor-widget-container\">\n\t\t\t\t\t<h2 class=\"elementor-heading-title elementor-size-default\">Importancia de la ventilaci\u00f3n en la prevenci\u00f3n de riesgos laborales\n<\/h2>\t\t\t\t<\/div>\n\t\t\t\t<\/div>\n\t\t\t\t\t<\/div>\n\t\t<\/div>\n\t\t\t\t\t<\/div>\n\t\t<\/section>\n\t\t\t\t<section class=\"has_ae_slider elementor-section elementor-top-section elementor-element elementor-element-2d01cf0 elementor-section-boxed elementor-section-height-default elementor-section-height-default ae-bg-gallery-type-default\" data-id=\"2d01cf0\" data-element_type=\"section\" data-e-type=\"section\">\n\t\t\t\t\t\t<div class=\"elementor-container elementor-column-gap-default\">\n\t\t\t\t\t<div class=\"has_ae_slider elementor-column elementor-col-100 elementor-top-column elementor-element elementor-element-5cc197d ae-bg-gallery-type-default\" data-id=\"5cc197d\" data-element_type=\"column\" data-e-type=\"column\">\n\t\t\t<div class=\"elementor-widget-wrap elementor-element-populated\">\n\t\t\t\t\t\t<div class=\"elementor-element elementor-element-5c7d645 elementor-widget elementor-widget-text-editor\" data-id=\"5c7d645\" data-element_type=\"widget\" data-e-type=\"widget\" data-widget_type=\"text-editor.default\">\n\t\t\t\t<div class=\"elementor-widget-container\">\n\t\t\t\t\t\t\t\t\t<p><span style=\"font-weight: 400;\">La ventilaci\u00f3n es crucial en la prevenci\u00f3n de riesgos laborales por varias razones:<\/span><\/p><ol><li style=\"font-weight: 400;\" aria-level=\"1\"><span style=\"font-weight: 400;\">Protecci\u00f3n de la salud respiratoria: Al capturar o diluir los contaminantes, la ventilaci\u00f3n reduce significativamente la exposici\u00f3n de los trabajadores a sustancias nocivas que pueden causar enfermedades respiratorias, alergias o intoxicaciones.<\/span><\/li><li style=\"font-weight: 400;\" aria-level=\"1\"><span style=\"font-weight: 400;\">Cumplimiento de la normativa: La legislaci\u00f3n espa\u00f1ola, a trav\u00e9s de la Ley 31\/1995 de Prevenci\u00f3n de Riesgos Laborales y otros reglamentos espec\u00edficos, establece la obligatoriedad de adoptar medidas para garantizar la seguridad y salud de los trabajadores. La ventilaci\u00f3n, general o localizada, es una de las medidas t\u00e9cnicas requeridas en muchos sectores industriales.<\/span><\/li><li style=\"font-weight: 400;\" aria-level=\"1\"><span style=\"font-weight: 400;\">Mejora de la productividad: Un ambiente de trabajo saludable y libre de contaminantes contribuye al bienestar de los empleados, reduciendo el absentismo laboral y aumentando la motivaci\u00f3n y eficiencia en el desempe\u00f1o de sus tareas.<\/span><\/li><li style=\"font-weight: 400;\" aria-level=\"1\"><span style=\"font-weight: 400;\">Prevenci\u00f3n de accidentes: La acumulaci\u00f3n de contaminantes en el aire puede generar riesgos adicionales, como la formaci\u00f3n de atm\u00f3sferas explosivas o la reducci\u00f3n de la visibilidad. La ventilaci\u00f3n general o localizada ayuda a mantener un entorno seguro, minimizando estos riesgos.<\/span><\/li><\/ol>\t\t\t\t\t\t\t\t<\/div>\n\t\t\t\t<\/div>\n\t\t\t\t\t<\/div>\n\t\t<\/div>\n\t\t\t\t\t<\/div>\n\t\t<\/section>\n\t\t\t\t<section class=\"has_ae_slider elementor-section elementor-top-section elementor-element elementor-element-6185cda elementor-section-boxed elementor-section-height-default elementor-section-height-default ae-bg-gallery-type-default\" data-id=\"6185cda\" data-element_type=\"section\" data-e-type=\"section\">\n\t\t\t\t\t\t<div class=\"elementor-container elementor-column-gap-default\">\n\t\t\t\t\t<div class=\"has_ae_slider elementor-column elementor-col-100 elementor-top-column elementor-element elementor-element-1a3b468 ae-bg-gallery-type-default\" data-id=\"1a3b468\" data-element_type=\"column\" data-e-type=\"column\">\n\t\t\t<div class=\"elementor-widget-wrap elementor-element-populated\">\n\t\t\t\t\t\t<div class=\"elementor-element elementor-element-f20ce11 elementor-widget elementor-widget-heading\" data-id=\"f20ce11\" data-element_type=\"widget\" data-e-type=\"widget\" data-widget_type=\"heading.default\">\n\t\t\t\t<div class=\"elementor-widget-container\">\n\t\t\t\t\t<h2 class=\"elementor-heading-title elementor-size-default\">Enfermedades y riesgos derivados de la exposici\u00f3n a contaminantes<\/h2>\t\t\t\t<\/div>\n\t\t\t\t<\/div>\n\t\t\t\t\t<\/div>\n\t\t<\/div>\n\t\t\t\t\t<\/div>\n\t\t<\/section>\n\t\t\t\t<section class=\"has_ae_slider elementor-section elementor-top-section elementor-element elementor-element-885c460 elementor-section-boxed elementor-section-height-default elementor-section-height-default ae-bg-gallery-type-default\" data-id=\"885c460\" data-element_type=\"section\" data-e-type=\"section\">\n\t\t\t\t\t\t<div class=\"elementor-container elementor-column-gap-default\">\n\t\t\t\t\t<div class=\"has_ae_slider elementor-column elementor-col-100 elementor-top-column elementor-element elementor-element-3a4832e ae-bg-gallery-type-default\" data-id=\"3a4832e\" data-element_type=\"column\" data-e-type=\"column\">\n\t\t\t<div class=\"elementor-widget-wrap elementor-element-populated\">\n\t\t\t\t\t\t<div class=\"elementor-element elementor-element-a620722 elementor-widget elementor-widget-text-editor\" data-id=\"a620722\" data-element_type=\"widget\" data-e-type=\"widget\" data-widget_type=\"text-editor.default\">\n\t\t\t\t<div class=\"elementor-widget-container\">\n\t\t\t\t\t\t\t\t\t<p><span style=\"font-weight: 400;\">La exposici\u00f3n a contaminantes a\u00e9reos en el ambiente laboral puede desencadenar una variedad de problemas de salud en los trabajadores, afectando principalmente al sistema respiratorio, cardiovascular y neurol\u00f3gico, e incluso aumentando el riesgo de desarrollar c\u00e1ncer.<\/span><\/p>\t\t\t\t\t\t\t\t<\/div>\n\t\t\t\t<\/div>\n\t\t\t\t\t<\/div>\n\t\t<\/div>\n\t\t\t\t\t<\/div>\n\t\t<\/section>\n\t\t\t\t<section class=\"has_ae_slider elementor-section elementor-top-section elementor-element elementor-element-418b43c elementor-section-boxed elementor-section-height-default elementor-section-height-default ae-bg-gallery-type-default\" data-id=\"418b43c\" data-element_type=\"section\" data-e-type=\"section\">\n\t\t\t\t\t\t<div class=\"elementor-container elementor-column-gap-default\">\n\t\t\t\t\t<div class=\"has_ae_slider elementor-column elementor-col-100 elementor-top-column elementor-element elementor-element-a82506a ae-bg-gallery-type-default\" data-id=\"a82506a\" data-element_type=\"column\" data-e-type=\"column\">\n\t\t\t<div class=\"elementor-widget-wrap elementor-element-populated\">\n\t\t\t\t\t\t<div class=\"elementor-element elementor-element-b128e0a elementor-widget elementor-widget-heading\" data-id=\"b128e0a\" data-element_type=\"widget\" data-e-type=\"widget\" data-widget_type=\"heading.default\">\n\t\t\t\t<div class=\"elementor-widget-container\">\n\t\t\t\t\t<h3 class=\"elementor-heading-title elementor-size-default\">Enfermedades Respiratorias\n<\/h3>\t\t\t\t<\/div>\n\t\t\t\t<\/div>\n\t\t\t\t<div class=\"elementor-element elementor-element-d6dc675 elementor-widget elementor-widget-text-editor\" data-id=\"d6dc675\" data-element_type=\"widget\" data-e-type=\"widget\" data-widget_type=\"text-editor.default\">\n\t\t\t\t<div class=\"elementor-widget-container\">\n\t\t\t\t\t\t\t\t\t<ul><li style=\"font-weight: 400;\" aria-level=\"1\"><span style=\"font-weight: 400;\">Afecciones como la bronquitis y el asma bronquial pueden manifestarse debido a la inhalaci\u00f3n de sustancias nocivas en el aire del entorno laboral.<\/span><\/li><li style=\"font-weight: 400;\" aria-level=\"1\"><span style=\"font-weight: 400;\">La exposici\u00f3n prolongada a contaminantes respiratorios puede provocar enfermedades m\u00e1s graves, como la fibrosis pulmonar.<\/span><\/li><\/ul>\t\t\t\t\t\t\t\t<\/div>\n\t\t\t\t<\/div>\n\t\t\t\t\t<\/div>\n\t\t<\/div>\n\t\t\t\t\t<\/div>\n\t\t<\/section>\n\t\t\t\t<section class=\"has_ae_slider elementor-section elementor-top-section elementor-element elementor-element-c9599a9 elementor-section-boxed elementor-section-height-default elementor-section-height-default ae-bg-gallery-type-default\" data-id=\"c9599a9\" data-element_type=\"section\" data-e-type=\"section\">\n\t\t\t\t\t\t<div class=\"elementor-container elementor-column-gap-default\">\n\t\t\t\t\t<div class=\"has_ae_slider elementor-column elementor-col-100 elementor-top-column elementor-element elementor-element-4105422 ae-bg-gallery-type-default\" data-id=\"4105422\" data-element_type=\"column\" data-e-type=\"column\">\n\t\t\t<div class=\"elementor-widget-wrap elementor-element-populated\">\n\t\t\t\t\t\t<div class=\"elementor-element elementor-element-3b3ba56 elementor-widget elementor-widget-heading\" data-id=\"3b3ba56\" data-element_type=\"widget\" data-e-type=\"widget\" data-widget_type=\"heading.default\">\n\t\t\t\t<div class=\"elementor-widget-container\">\n\t\t\t\t\t<h3 class=\"elementor-heading-title elementor-size-default\">Problemas Cardiovasculares<\/h3>\t\t\t\t<\/div>\n\t\t\t\t<\/div>\n\t\t\t\t<div class=\"elementor-element elementor-element-af30c9a elementor-widget elementor-widget-text-editor\" data-id=\"af30c9a\" data-element_type=\"widget\" data-e-type=\"widget\" data-widget_type=\"text-editor.default\">\n\t\t\t\t<div class=\"elementor-widget-container\">\n\t\t\t\t\t\t\t\t\t<ul><li style=\"font-weight: 400;\" aria-level=\"1\"><span style=\"font-weight: 400;\">La presencia de contaminantes en el ambiente laboral puede contribuir al desarrollo de enfermedades cardiovasculares, como la hipertensi\u00f3n y las enfermedades card\u00edacas.<\/span><\/li><li style=\"font-weight: 400;\" aria-level=\"1\"><span style=\"font-weight: 400;\">La exposici\u00f3n constante a estas sustancias puede aumentar el riesgo de sufrir infartos y accidentes cerebrovasculares.<\/span><\/li><\/ul>\t\t\t\t\t\t\t\t<\/div>\n\t\t\t\t<\/div>\n\t\t\t\t\t<\/div>\n\t\t<\/div>\n\t\t\t\t\t<\/div>\n\t\t<\/section>\n\t\t\t\t<section class=\"has_ae_slider elementor-section elementor-top-section elementor-element elementor-element-a5fc865 elementor-section-boxed elementor-section-height-default elementor-section-height-default ae-bg-gallery-type-default\" data-id=\"a5fc865\" data-element_type=\"section\" data-e-type=\"section\">\n\t\t\t\t\t\t<div class=\"elementor-container elementor-column-gap-default\">\n\t\t\t\t\t<div class=\"has_ae_slider elementor-column elementor-col-100 elementor-top-column elementor-element elementor-element-0fd7591 ae-bg-gallery-type-default\" data-id=\"0fd7591\" data-element_type=\"column\" data-e-type=\"column\">\n\t\t\t<div class=\"elementor-widget-wrap elementor-element-populated\">\n\t\t\t\t\t\t<div class=\"elementor-element elementor-element-1643a17 elementor-widget elementor-widget-heading\" data-id=\"1643a17\" data-element_type=\"widget\" data-e-type=\"widget\" data-widget_type=\"heading.default\">\n\t\t\t\t<div class=\"elementor-widget-container\">\n\t\t\t\t\t<h3 class=\"elementor-heading-title elementor-size-default\">Riesgos Neurol\u00f3gicos<\/h3>\t\t\t\t<\/div>\n\t\t\t\t<\/div>\n\t\t\t\t<div class=\"elementor-element elementor-element-dae0f38 elementor-widget elementor-widget-text-editor\" data-id=\"dae0f38\" data-element_type=\"widget\" data-e-type=\"widget\" data-widget_type=\"text-editor.default\">\n\t\t\t\t<div class=\"elementor-widget-container\">\n\t\t\t\t\t\t\t\t\t<ul><li style=\"font-weight: 400;\" aria-level=\"1\"><span style=\"font-weight: 400;\">La inhalaci\u00f3n de ciertos contaminantes puede tener efectos adversos en el sistema nervioso, aumentando la probabilidad de padecer trastornos neurol\u00f3gicos como la neurotoxicidad.<\/span><\/li><li style=\"font-weight: 400;\" aria-level=\"1\"><span style=\"font-weight: 400;\">Los trabajadores expuestos a niveles altos de contaminantes pueden experimentar deterioro cognitivo y dificultades en las funciones cerebrales.<\/span><\/li><\/ul>\t\t\t\t\t\t\t\t<\/div>\n\t\t\t\t<\/div>\n\t\t\t\t\t<\/div>\n\t\t<\/div>\n\t\t\t\t\t<\/div>\n\t\t<\/section>\n\t\t\t\t<section class=\"has_ae_slider elementor-section elementor-top-section elementor-element elementor-element-d95c8d3 elementor-section-boxed elementor-section-height-default elementor-section-height-default ae-bg-gallery-type-default\" data-id=\"d95c8d3\" data-element_type=\"section\" data-e-type=\"section\">\n\t\t\t\t\t\t<div class=\"elementor-container elementor-column-gap-default\">\n\t\t\t\t\t<div class=\"has_ae_slider elementor-column elementor-col-100 elementor-top-column elementor-element elementor-element-6fb4485 ae-bg-gallery-type-default\" data-id=\"6fb4485\" data-element_type=\"column\" data-e-type=\"column\">\n\t\t\t<div class=\"elementor-widget-wrap elementor-element-populated\">\n\t\t\t\t\t\t<div class=\"elementor-element elementor-element-99846c5 elementor-widget elementor-widget-heading\" data-id=\"99846c5\" data-element_type=\"widget\" data-e-type=\"widget\" data-widget_type=\"heading.default\">\n\t\t\t\t<div class=\"elementor-widget-container\">\n\t\t\t\t\t<h3 class=\"elementor-heading-title elementor-size-default\">Aumento del Riesgo de C\u00e1ncer<\/h3>\t\t\t\t<\/div>\n\t\t\t\t<\/div>\n\t\t\t\t<div class=\"elementor-element elementor-element-85b5aae elementor-widget elementor-widget-text-editor\" data-id=\"85b5aae\" data-element_type=\"widget\" data-e-type=\"widget\" data-widget_type=\"text-editor.default\">\n\t\t\t\t<div class=\"elementor-widget-container\">\n\t\t\t\t\t\t\t\t\t<ul><li style=\"font-weight: 400;\" aria-level=\"1\"><span style=\"font-weight: 400;\">La exposici\u00f3n a ciertos agentes carcin\u00f3genos presentes en el ambiente laboral puede incrementar el riesgo de padecer c\u00e1ncer de pulm\u00f3n, piel y otras \u00e1reas del cuerpo.<\/span><\/li><li style=\"font-weight: 400;\" aria-level=\"1\"><span style=\"font-weight: 400;\">La protecci\u00f3n adecuada mediante sistemas de aspiraci\u00f3n localizada es fundamental para reducir la exposici\u00f3n y prevenir este grave riesgo para la salud de los trabajadores.<\/span><\/li><\/ul>\t\t\t\t\t\t\t\t<\/div>\n\t\t\t\t<\/div>\n\t\t\t\t\t<\/div>\n\t\t<\/div>\n\t\t\t\t\t<\/div>\n\t\t<\/section>\n\t\t\t\t<section class=\"has_ae_slider elementor-section elementor-top-section elementor-element elementor-element-b2402a1 elementor-section-boxed elementor-section-height-default elementor-section-height-default ae-bg-gallery-type-default\" data-id=\"b2402a1\" data-element_type=\"section\" data-e-type=\"section\">\n\t\t\t\t\t\t<div class=\"elementor-container elementor-column-gap-default\">\n\t\t\t\t\t<div class=\"has_ae_slider elementor-column elementor-col-100 elementor-top-column elementor-element elementor-element-c849368 ae-bg-gallery-type-default\" data-id=\"c849368\" data-element_type=\"column\" data-e-type=\"column\">\n\t\t\t<div class=\"elementor-widget-wrap elementor-element-populated\">\n\t\t\t\t\t\t<div class=\"elementor-element elementor-element-b412eb9 elementor-widget elementor-widget-heading\" data-id=\"b412eb9\" data-element_type=\"widget\" data-e-type=\"widget\" data-widget_type=\"heading.default\">\n\t\t\t\t<div class=\"elementor-widget-container\">\n\t\t\t\t\t<h2 class=\"elementor-heading-title elementor-size-default\">Legislaci\u00f3n espa\u00f1ola sobre valores l\u00edmites admisibles de agentes contaminantes del aire<\/h2>\t\t\t\t<\/div>\n\t\t\t\t<\/div>\n\t\t\t\t\t<\/div>\n\t\t<\/div>\n\t\t\t\t\t<\/div>\n\t\t<\/section>\n\t\t\t\t<section class=\"has_ae_slider elementor-section elementor-top-section elementor-element elementor-element-87881cb elementor-section-boxed elementor-section-height-default elementor-section-height-default ae-bg-gallery-type-default\" data-id=\"87881cb\" data-element_type=\"section\" data-e-type=\"section\">\n\t\t\t\t\t\t<div class=\"elementor-container elementor-column-gap-default\">\n\t\t\t\t\t<div class=\"has_ae_slider elementor-column elementor-col-100 elementor-top-column elementor-element elementor-element-46ef017 ae-bg-gallery-type-default\" data-id=\"46ef017\" data-element_type=\"column\" data-e-type=\"column\">\n\t\t\t<div class=\"elementor-widget-wrap elementor-element-populated\">\n\t\t\t\t\t\t<div class=\"elementor-element elementor-element-0674e58 elementor-widget elementor-widget-text-editor\" data-id=\"0674e58\" data-element_type=\"widget\" data-e-type=\"widget\" data-widget_type=\"text-editor.default\">\n\t\t\t\t<div class=\"elementor-widget-container\">\n\t\t\t\t\t\t\t\t\t<p><span style=\"font-weight: 400;\">La legislaci\u00f3n espa\u00f1ola establece un marco normativo s\u00f3lido para garantizar la seguridad y salud de los trabajadores en el entorno laboral. En lo que respecta a la agentes contaminantes en el aire, existen varias normas y reglamentos que regulan su aplicaci\u00f3n y establecen los requisitos m\u00ednimos que deben cumplir estos sistemas.<\/span><\/p>\t\t\t\t\t\t\t\t<\/div>\n\t\t\t\t<\/div>\n\t\t\t\t\t<\/div>\n\t\t<\/div>\n\t\t\t\t\t<\/div>\n\t\t<\/section>\n\t\t\t\t<section class=\"has_ae_slider elementor-section elementor-top-section elementor-element elementor-element-a17a111 elementor-section-boxed elementor-section-height-default elementor-section-height-default ae-bg-gallery-type-default\" data-id=\"a17a111\" data-element_type=\"section\" data-e-type=\"section\">\n\t\t\t\t\t\t<div class=\"elementor-container elementor-column-gap-default\">\n\t\t\t\t\t<div class=\"has_ae_slider elementor-column elementor-col-100 elementor-top-column elementor-element elementor-element-ad12daf ae-bg-gallery-type-default\" data-id=\"ad12daf\" data-element_type=\"column\" data-e-type=\"column\">\n\t\t\t<div class=\"elementor-widget-wrap elementor-element-populated\">\n\t\t\t\t\t\t<div class=\"elementor-element elementor-element-dac21da elementor-widget elementor-widget-heading\" data-id=\"dac21da\" data-element_type=\"widget\" data-e-type=\"widget\" data-widget_type=\"heading.default\">\n\t\t\t\t<div class=\"elementor-widget-container\">\n\t\t\t\t\t<h3 class=\"elementor-heading-title elementor-size-default\">Ley 31\/1995 de Prevenci\u00f3n de Riesgos Laborales<\/h3>\t\t\t\t<\/div>\n\t\t\t\t<\/div>\n\t\t\t\t<div class=\"elementor-element elementor-element-3adad69 elementor-widget elementor-widget-text-editor\" data-id=\"3adad69\" data-element_type=\"widget\" data-e-type=\"widget\" data-widget_type=\"text-editor.default\">\n\t\t\t\t<div class=\"elementor-widget-container\">\n\t\t\t\t\t\t\t\t\t<p><span style=\"font-weight: 400;\">La Ley 31\/1995 de Prevenci\u00f3n de Riesgos Laborales es la norma b\u00e1sica en materia de seguridad y salud en el trabajo en Espa\u00f1a. Esta ley establece los principios generales de la acci\u00f3n preventiva y las obligaciones de los empresarios para garantizar la protecci\u00f3n de los trabajadores.<\/span><\/p><p><span style=\"font-weight: 400;\">En su art\u00edculo 15, la ley menciona la necesidad de \u00abadoptar medidas que antepongan la protecci\u00f3n colectiva a la individual\u00bb, lo que implica la implementaci\u00f3n de sistemas de ventilaci\u00f3n general o localizada cuando sea necesario para controlar los riesgos.<\/span><\/p>\t\t\t\t\t\t\t\t<\/div>\n\t\t\t\t<\/div>\n\t\t\t\t\t<\/div>\n\t\t<\/div>\n\t\t\t\t\t<\/div>\n\t\t<\/section>\n\t\t\t\t<section class=\"has_ae_slider elementor-section elementor-top-section elementor-element elementor-element-b013b04 elementor-section-boxed elementor-section-height-default elementor-section-height-default ae-bg-gallery-type-default\" data-id=\"b013b04\" data-element_type=\"section\" data-e-type=\"section\">\n\t\t\t\t\t\t<div class=\"elementor-container elementor-column-gap-default\">\n\t\t\t\t\t<div class=\"has_ae_slider elementor-column elementor-col-100 elementor-top-column elementor-element elementor-element-eba28cb ae-bg-gallery-type-default\" data-id=\"eba28cb\" data-element_type=\"column\" data-e-type=\"column\">\n\t\t\t<div class=\"elementor-widget-wrap elementor-element-populated\">\n\t\t\t\t\t\t<div class=\"elementor-element elementor-element-35b884d elementor-widget elementor-widget-heading\" data-id=\"35b884d\" data-element_type=\"widget\" data-e-type=\"widget\" data-widget_type=\"heading.default\">\n\t\t\t\t<div class=\"elementor-widget-container\">\n\t\t\t\t\t<h3 class=\"elementor-heading-title elementor-size-default\">Real Decreto 486\/1997 sobre disposiciones m\u00ednimas de seguridad y salud en los lugares de trabajo<\/h3>\t\t\t\t<\/div>\n\t\t\t\t<\/div>\n\t\t\t\t<div class=\"elementor-element elementor-element-f72cee5 elementor-widget elementor-widget-text-editor\" data-id=\"f72cee5\" data-element_type=\"widget\" data-e-type=\"widget\" data-widget_type=\"text-editor.default\">\n\t\t\t\t<div class=\"elementor-widget-container\">\n\t\t\t\t\t\t\t\t\t<p><span style=\"font-weight: 400;\">El Real Decreto 486\/1997 establece las disposiciones m\u00ednimas de seguridad y salud que deben cumplir los lugares de trabajo. En su Anexo III, se abordan espec\u00edficamente los requisitos de ventilaci\u00f3n y climatizaci\u00f3n.<\/span><\/p><p><span style=\"font-weight: 400;\">Seg\u00fan este real decreto, la exposici\u00f3n a las condiciones ambientales de los lugares de trabajo no debe suponer un riesgo para la seguridad y salud de los trabajadores. Adem\u00e1s, se establece que, en los locales de trabajo cerrados, deber\u00e1n cumplirse, entre otras, las siguientes condiciones sobre ventilaci\u00f3n para una adecuada calidad de aire interior:<\/span><\/p><ul><li style=\"font-weight: 400;\" aria-level=\"1\"><span style=\"font-weight: 400;\">La renovaci\u00f3n m\u00ednima del aire de los locales de trabajo ser\u00e1 de 30 metros c\u00fabicos de aire limpio por hora y trabajador, en el caso de trabajos sedentarios en ambientes no calurosos ni contaminados, y de 50 metros c\u00fabicos en los casos restantes.<\/span><\/li><li style=\"font-weight: 400;\" aria-level=\"1\"><span style=\"font-weight: 400;\">Se evitar\u00e1n los olores desagradables y las emanaciones peligrosas o nocivas.<\/span><\/li><\/ul><p><span style=\"font-weight: 400;\">Estos requisitos resaltan la importancia de contar con sistemas de ventilaci\u00f3n adecuados, como la aspiraci\u00f3n localizada, para mantener una calidad del aire \u00f3ptima en el entorno laboral.<\/span><\/p>\t\t\t\t\t\t\t\t<\/div>\n\t\t\t\t<\/div>\n\t\t\t\t\t<\/div>\n\t\t<\/div>\n\t\t\t\t\t<\/div>\n\t\t<\/section>\n\t\t\t\t<section class=\"has_ae_slider elementor-section elementor-top-section elementor-element elementor-element-1f4cc44 elementor-section-boxed elementor-section-height-default elementor-section-height-default ae-bg-gallery-type-default\" data-id=\"1f4cc44\" data-element_type=\"section\" data-e-type=\"section\">\n\t\t\t\t\t\t<div class=\"elementor-container elementor-column-gap-default\">\n\t\t\t\t\t<div class=\"has_ae_slider elementor-column elementor-col-100 elementor-top-column elementor-element elementor-element-9481e46 ae-bg-gallery-type-default\" data-id=\"9481e46\" data-element_type=\"column\" data-e-type=\"column\">\n\t\t\t<div class=\"elementor-widget-wrap elementor-element-populated\">\n\t\t\t\t\t\t<div class=\"elementor-element elementor-element-4562d79 elementor-widget elementor-widget-heading\" data-id=\"4562d79\" data-element_type=\"widget\" data-e-type=\"widget\" data-widget_type=\"heading.default\">\n\t\t\t\t<div class=\"elementor-widget-container\">\n\t\t\t\t\t<h3 class=\"elementor-heading-title elementor-size-default\">Gu\u00eda T\u00e9cnica para la evaluaci\u00f3n de prevenci\u00f3n de los riesgos relativos a la utilizaci\u00f3n de los lugares de trabajo.<\/h3>\t\t\t\t<\/div>\n\t\t\t\t<\/div>\n\t\t\t\t<div class=\"elementor-element elementor-element-a49cdee elementor-widget elementor-widget-text-editor\" data-id=\"a49cdee\" data-element_type=\"widget\" data-e-type=\"widget\" data-widget_type=\"text-editor.default\">\n\t\t\t\t<div class=\"elementor-widget-container\">\n\t\t\t\t\t\t\t\t\t<p><span style=\"font-weight: 400;\">El <\/span><span style=\"color: #000000;\">Real Decreto 486\/1997<\/span><span style=\"font-weight: 400;\"> encomienda de manera espec\u00edfica, en su disposici\u00f3n final primera, al Instituto, la elaboraci\u00f3n y el mantenimiento actualizado de una Gu\u00eda T\u00e9cnica de car\u00e1cter no vinculante para la evaluaci\u00f3n y prevenci\u00f3n de los riesgos relativos a la utilizaci\u00f3n de los lugares de trabajo. Dicha Gu\u00eda proporciona criterios y recomendaciones que pueden facilitar a los empresarios y a los responsables de prevenci\u00f3n la interpretaci\u00f3n y aplicaci\u00f3n del citado real decreto, especialmente en lo que se refiere a la evaluaci\u00f3n de riesgos para la salud de los trabajadores involucrados y en lo concerniente a medidas preventivas aplicables. En lo que a Calidad de Aire interior respecta, muestra las siguientes tablas con los agentes m\u00e1s destacables relacionados con la calidad de aire interior:<\/span><\/p>\t\t\t\t\t\t\t\t<\/div>\n\t\t\t\t<\/div>\n\t\t\t\t\t<\/div>\n\t\t<\/div>\n\t\t\t\t\t<\/div>\n\t\t<\/section>\n\t\t\t\t<section class=\"has_ae_slider elementor-section elementor-top-section elementor-element elementor-element-e32c265 elementor-section-boxed elementor-section-height-default elementor-section-height-default ae-bg-gallery-type-default\" data-id=\"e32c265\" data-element_type=\"section\" data-e-type=\"section\">\n\t\t\t\t\t\t<div class=\"elementor-container elementor-column-gap-default\">\n\t\t\t\t\t<div class=\"has_ae_slider elementor-column elementor-col-100 elementor-top-column elementor-element elementor-element-84483ae ae-bg-gallery-type-default\" data-id=\"84483ae\" data-element_type=\"column\" data-e-type=\"column\">\n\t\t\t<div class=\"elementor-widget-wrap elementor-element-populated\">\n\t\t\t\t\t\t<div class=\"elementor-element elementor-element-83b9155 elementor-widget elementor-widget-image\" data-id=\"83b9155\" data-element_type=\"widget\" data-e-type=\"widget\" data-widget_type=\"image.default\">\n\t\t\t\t<div class=\"elementor-widget-container\">\n\t\t\t\t\t\t\t\t\t\t\t\t\t\t\t<img fetchpriority=\"high\" decoding=\"async\" width=\"800\" height=\"505\" src=\"https:\/\/innotecgrupo.com\/industria-empresa\/wp-content\/uploads\/2024\/06\/imagen1.png\" class=\"attachment-large size-large wp-image-19752\" alt=\"\" srcset=\"https:\/\/innotecgrupo.com\/industria-empresa\/wp-content\/uploads\/2024\/06\/imagen1.png 951w, https:\/\/innotecgrupo.com\/industria-empresa\/wp-content\/uploads\/2024\/06\/imagen1-300x189.png 300w, https:\/\/innotecgrupo.com\/industria-empresa\/wp-content\/uploads\/2024\/06\/imagen1-768x485.png 768w\" sizes=\"(max-width: 800px) 100vw, 800px\" \/>\t\t\t\t\t\t\t\t\t\t\t\t\t\t\t<\/div>\n\t\t\t\t<\/div>\n\t\t\t\t\t<\/div>\n\t\t<\/div>\n\t\t\t\t\t<\/div>\n\t\t<\/section>\n\t\t\t\t<section class=\"has_ae_slider elementor-section elementor-top-section elementor-element elementor-element-29af23d elementor-section-boxed elementor-section-height-default elementor-section-height-default ae-bg-gallery-type-default\" data-id=\"29af23d\" data-element_type=\"section\" data-e-type=\"section\">\n\t\t\t\t\t\t<div class=\"elementor-container elementor-column-gap-default\">\n\t\t\t\t\t<div class=\"has_ae_slider elementor-column elementor-col-100 elementor-top-column elementor-element elementor-element-3f0ec4a ae-bg-gallery-type-default\" data-id=\"3f0ec4a\" data-element_type=\"column\" data-e-type=\"column\">\n\t\t\t<div class=\"elementor-widget-wrap elementor-element-populated\">\n\t\t\t\t\t\t<div class=\"elementor-element elementor-element-ea5f69c elementor-widget elementor-widget-image\" data-id=\"ea5f69c\" data-element_type=\"widget\" data-e-type=\"widget\" data-widget_type=\"image.default\">\n\t\t\t\t<div class=\"elementor-widget-container\">\n\t\t\t\t\t\t\t\t\t\t\t\t<figure class=\"wp-caption\">\n\t\t\t\t\t\t\t\t\t\t<img decoding=\"async\" width=\"800\" height=\"679\" src=\"https:\/\/innotecgrupo.com\/industria-empresa\/wp-content\/uploads\/2024\/06\/imagen2.png\" class=\"attachment-large size-large wp-image-19753\" alt=\"\" srcset=\"https:\/\/innotecgrupo.com\/industria-empresa\/wp-content\/uploads\/2024\/06\/imagen2.png 952w, https:\/\/innotecgrupo.com\/industria-empresa\/wp-content\/uploads\/2024\/06\/imagen2-300x255.png 300w, https:\/\/innotecgrupo.com\/industria-empresa\/wp-content\/uploads\/2024\/06\/imagen2-768x652.png 768w\" sizes=\"(max-width: 800px) 100vw, 800px\" \/>\t\t\t\t\t\t\t\t\t\t\t<figcaption class=\"widget-image-caption wp-caption-text\">Fuente: INSST<\/figcaption>\n\t\t\t\t\t\t\t\t\t\t<\/figure>\n\t\t\t\t\t\t\t\t\t<\/div>\n\t\t\t\t<\/div>\n\t\t\t\t\t<\/div>\n\t\t<\/div>\n\t\t\t\t\t<\/div>\n\t\t<\/section>\n\t\t\t\t<section class=\"has_ae_slider elementor-section elementor-top-section elementor-element elementor-element-f79c390 elementor-section-boxed elementor-section-height-default elementor-section-height-default ae-bg-gallery-type-default\" data-id=\"f79c390\" data-element_type=\"section\" data-e-type=\"section\">\n\t\t\t\t\t\t<div class=\"elementor-container elementor-column-gap-default\">\n\t\t\t\t\t<div class=\"has_ae_slider elementor-column elementor-col-100 elementor-top-column elementor-element elementor-element-77b73f5 ae-bg-gallery-type-default\" data-id=\"77b73f5\" data-element_type=\"column\" data-e-type=\"column\">\n\t\t\t<div class=\"elementor-widget-wrap elementor-element-populated\">\n\t\t\t\t\t\t<div class=\"elementor-element elementor-element-80f7bc0 elementor-widget elementor-widget-heading\" data-id=\"80f7bc0\" data-element_type=\"widget\" data-e-type=\"widget\" data-widget_type=\"heading.default\">\n\t\t\t\t<div class=\"elementor-widget-container\">\n\t\t\t\t\t<h3 class=\"elementor-heading-title elementor-size-default\">Real Decreto 374\/2001, de 6 de abril, sobre la protecci\u00f3n de la salud y seguridad de los trabajadores contra los riesgos relacionados con agentes qu\u00edmicos durante el trabajo.<\/h3>\t\t\t\t<\/div>\n\t\t\t\t<\/div>\n\t\t\t\t<div class=\"elementor-element elementor-element-649fd12 elementor-widget elementor-widget-text-editor\" data-id=\"649fd12\" data-element_type=\"widget\" data-e-type=\"widget\" data-widget_type=\"text-editor.default\">\n\t\t\t\t<div class=\"elementor-widget-container\">\n\t\t\t\t\t\t\t\t\t<p><span style=\"font-weight: 400;\">Este Real Decreto establece los valores l\u00edmite de exposici\u00f3n profesional (VLA) para agentes qu\u00edmicos en el lugar de trabajo<\/span><span style=\"font-weight: 400;\">, estableciendo las pautas para la evaluaci\u00f3n de riesgos derivados de la exposici\u00f3n por inhalaci\u00f3n a estos agentes.<\/span><\/p><p><span style=\"font-weight: 400;\">Seg\u00fan este Real Decreto, la evaluaci\u00f3n de riesgos debe incluir la medici\u00f3n de las concentraciones del agente qu\u00edmico peligroso en el aire, espec\u00edficamente en la zona de respiraci\u00f3n del trabajador. Estas mediciones deben compararse con los valores l\u00edmite ambientales correspondientes.<\/span><\/p><p><span style=\"font-weight: 400;\">Los procedimientos de medida a utilizar deben cumplir con la normativa espec\u00edfica aplicable, incluyendo los requisitos exigibles a los instrumentos de medida. Adem\u00e1s, se deben emplear m\u00e9todos validados que proporcionen resultados con el grado de fiabilidad requerido.<\/span><\/p><p><span style=\"font-weight: 400;\">Los productos con valores limitados en este real decreto son:<\/span><\/p><p><span style=\"font-weight: 400;\">Plomo inorg\u00e1nico y sus derivados\u00a0<\/span><\/p><p><span style=\"font-weight: 400;\">Los productos prohibidos en este real decreto son:<\/span><\/p><p><span style=\"font-weight: 400;\">2 &#8211; naftilamina y sus sales<\/span><\/p><p><span style=\"font-weight: 400;\">4 &#8211; aminodifenilo y sus sales<\/span><\/p><p><span style=\"font-weight: 400;\">Bencidina y sus sales\u00a0<\/span><\/p><p><span style=\"font-weight: 400;\">4 &#8211; nitrodifenilo<\/span><\/p><p><span style=\"font-weight: 400;\">Con un l\u00edmite de concentraci\u00f3n de 0,1% en peso para estar exentos de dicha prohibici\u00f3n.<\/span><\/p>\t\t\t\t\t\t\t\t<\/div>\n\t\t\t\t<\/div>\n\t\t\t\t\t<\/div>\n\t\t<\/div>\n\t\t\t\t\t<\/div>\n\t\t<\/section>\n\t\t\t\t<section class=\"has_ae_slider elementor-section elementor-top-section elementor-element elementor-element-e531468 elementor-section-boxed elementor-section-height-default elementor-section-height-default ae-bg-gallery-type-default\" data-id=\"e531468\" data-element_type=\"section\" data-e-type=\"section\">\n\t\t\t\t\t\t<div class=\"elementor-container elementor-column-gap-default\">\n\t\t\t\t\t<div class=\"has_ae_slider elementor-column elementor-col-100 elementor-top-column elementor-element elementor-element-6bebd1d ae-bg-gallery-type-default\" data-id=\"6bebd1d\" data-element_type=\"column\" data-e-type=\"column\">\n\t\t\t<div class=\"elementor-widget-wrap elementor-element-populated\">\n\t\t\t\t\t\t<div class=\"elementor-element elementor-element-1a30d52 elementor-widget elementor-widget-heading\" data-id=\"1a30d52\" data-element_type=\"widget\" data-e-type=\"widget\" data-widget_type=\"heading.default\">\n\t\t\t\t<div class=\"elementor-widget-container\">\n\t\t\t\t\t<h3 class=\"elementor-heading-title elementor-size-default\">Gu\u00eda T\u00e9cnica para la evaluaci\u00f3n y prevenci\u00f3n de los riesgos relacionados con los agentes qu\u00edmicos presentes en los lugares de trabajo.<\/h3>\t\t\t\t<\/div>\n\t\t\t\t<\/div>\n\t\t\t\t<div class=\"elementor-element elementor-element-7a520e1 elementor-widget elementor-widget-text-editor\" data-id=\"7a520e1\" data-element_type=\"widget\" data-e-type=\"widget\" data-widget_type=\"text-editor.default\">\n\t\t\t\t<div class=\"elementor-widget-container\">\n\t\t\t\t\t\t\t\t\t<p><span style=\"font-weight: 400;\">Esta Gu\u00eda, publicada por el Instituto Nacional de Seguridad y Salud en el Trabajo (INSST), proporciona orientaciones pr\u00e1cticas para la aplicaci\u00f3n del Real Decreto 374\/2001.<\/span><\/p>\t\t\t\t\t\t\t\t<\/div>\n\t\t\t\t<\/div>\n\t\t\t\t\t<\/div>\n\t\t<\/div>\n\t\t\t\t\t<\/div>\n\t\t<\/section>\n\t\t\t\t<section class=\"has_ae_slider elementor-section elementor-top-section elementor-element elementor-element-2d9749f elementor-section-boxed elementor-section-height-default elementor-section-height-default ae-bg-gallery-type-default\" data-id=\"2d9749f\" data-element_type=\"section\" data-e-type=\"section\">\n\t\t\t\t\t\t<div class=\"elementor-container elementor-column-gap-default\">\n\t\t\t\t\t<div class=\"has_ae_slider elementor-column elementor-col-100 elementor-top-column elementor-element elementor-element-b090a86 ae-bg-gallery-type-default\" data-id=\"b090a86\" data-element_type=\"column\" data-e-type=\"column\">\n\t\t\t<div class=\"elementor-widget-wrap elementor-element-populated\">\n\t\t\t\t\t\t<div class=\"elementor-element elementor-element-16c1b91 elementor-widget elementor-widget-heading\" data-id=\"16c1b91\" data-element_type=\"widget\" data-e-type=\"widget\" data-widget_type=\"heading.default\">\n\t\t\t\t<div class=\"elementor-widget-container\">\n\t\t\t\t\t<h3 class=\"elementor-heading-title elementor-size-default\">Real Decreto 665\/1997, de 12 de mayo, sobre la protecci\u00f3n de los trabajadores contra los riesgos relacionados con la exposici\u00f3n a agentes cancer\u00edgenos durante el trabajo.<\/h3>\t\t\t\t<\/div>\n\t\t\t\t<\/div>\n\t\t\t\t<div class=\"elementor-element elementor-element-79080db elementor-widget elementor-widget-text-editor\" data-id=\"79080db\" data-element_type=\"widget\" data-e-type=\"widget\" data-widget_type=\"text-editor.default\">\n\t\t\t\t<div class=\"elementor-widget-container\">\n\t\t\t\t\t\t\t\t\t<p><span style=\"font-weight: 400;\">A efectos de este real decreto, se entender\u00e1 por agente cancer\u00edgeno o mut\u00e1geno una sustancia o mezcla que cumpla los criterios para su clasificaci\u00f3n como cancer\u00edgeno o mut\u00e1geno en c\u00e9lulas germinales de categor\u00eda 1A o 1B establecidos en el anexo I del Reglamento (CE) n\u00ba 1272\/2008 del Parlamento Europeo y del Consejo, de 16 de diciembre de 2008, sobre clasificaci\u00f3n, etiquetado y envasado de sustancias y mezclas.<\/span><\/p><p><span style=\"font-weight: 400;\">Tambi\u00e9n se entender\u00e1 como agente cancer\u00edgeno una sustancia, mezcla o procedimiento de los mencionados en el anexo I de este real decreto, as\u00ed como una sustancia o mezcla que se produzca durante uno de los procedimientos mencionados en dicho anexo. A continuaci\u00f3n se expone dicha lista:<\/span><\/p><p><span style=\"font-weight: 400;\">1. Fabricaci\u00f3n de auramina.<\/span><\/p><p><span style=\"font-weight: 400;\">2.Trabajos que supongan exposici\u00f3n a los hidrocarburos arom\u00e1ticos polic\u00edclicos presentes en el holl\u00edn, el alquitr\u00e1n o la brea de hulla.<\/span><\/p><p><span style=\"font-weight: 400;\">3.Trabajos que supongan exposici\u00f3n al polvo, al humo o a las nieblas producidas durante la calcinaci\u00f3n y el afinado el\u00e9ctrico de las matas de n\u00edquel.<\/span><\/p><p><span style=\"font-weight: 400;\">4.Procedimiento con \u00e1cido fuerte en la fabricaci\u00f3n de alcohol isoprop\u00edlico.<\/span><\/p><p><span style=\"font-weight: 400;\">5.Trabajos que supongan exposici\u00f3n a polvo de maderas duras.<\/span><\/p><p><span style=\"font-weight: 400;\">6.Trabajos que supongan exposici\u00f3n a polvo respirable de s\u00edlice cristalina generado en un proceso de trabajo.<\/span><\/p><p><span style=\"font-weight: 400;\">7.Trabajos que supongan exposici\u00f3n cut\u00e1nea a aceites minerales previamente utilizados en motores de combusti\u00f3n interna para lubrificar y refrigerar los elementos m\u00f3viles del motor.<\/span><\/p><p><span style=\"font-weight: 400;\">8.Trabajos que supongan exposici\u00f3n a emisiones de motores di\u00e9sel.<\/span><\/p><p><span style=\"font-weight: 400;\">En el anexo III del Real Decreto 665\/1997 se establecen valores l\u00edmite de exposici\u00f3n para los agentes cancer\u00edgenos o mut\u00e1genos para los cuales se ha establecido un valor l\u00edmite vinculante a nivel europeo en la Directiva 2004\/37\/CE.<\/span><\/p><ul><li style=\"font-weight: 400;\" aria-level=\"1\"><span style=\"font-weight: 400;\">Polvo de maderas duras<\/span><\/li><li style=\"font-weight: 400;\" aria-level=\"1\"><span style=\"font-weight: 400;\">Compuestos de cromo (VI) solubles<\/span><\/li><li style=\"font-weight: 400;\" aria-level=\"1\"><span style=\"font-weight: 400;\">Fibras cer\u00e1micas refractarias<\/span><\/li><li style=\"font-weight: 400;\" aria-level=\"1\"><span style=\"font-weight: 400;\">Polvo de s\u00edlice cristalina respirable<\/span><\/li><li style=\"font-weight: 400;\" aria-level=\"1\"><span style=\"font-weight: 400;\">Benceno<\/span><\/li><li style=\"font-weight: 400;\" aria-level=\"1\"><span style=\"font-weight: 400;\">Cloruro de vinilo mon\u00f3mero<\/span><\/li><li style=\"font-weight: 400;\" aria-level=\"1\"><span style=\"font-weight: 400;\">\u00d3xido de etileno<\/span><\/li><li style=\"font-weight: 400;\" aria-level=\"1\"><span style=\"font-weight: 400;\">1,2-epoxipropano<\/span><\/li><li style=\"font-weight: 400;\" aria-level=\"1\"><span style=\"font-weight: 400;\">Tricloroetileno<\/span><\/li><li style=\"font-weight: 400;\" aria-level=\"1\"><span style=\"font-weight: 400;\">Acrilamida<\/span><\/li><li style=\"font-weight: 400;\" aria-level=\"1\"><span style=\"font-weight: 400;\">2-Nitropropano<\/span><\/li><li style=\"font-weight: 400;\" aria-level=\"1\"><span style=\"font-weight: 400;\">o-Toluidina<\/span><\/li><li style=\"font-weight: 400;\" aria-level=\"1\"><span style=\"font-weight: 400;\">4,4\u2019 &#8211; Metilendianilina<\/span><\/li><li style=\"font-weight: 400;\" aria-level=\"1\"><span style=\"font-weight: 400;\">Epiclorohidrina<\/span><\/li><li style=\"font-weight: 400;\" aria-level=\"1\"><span style=\"font-weight: 400;\">Bromuro de etileno<\/span><\/li><li style=\"font-weight: 400;\" aria-level=\"1\"><span style=\"font-weight: 400;\">1,3-Butadieno<\/span><\/li><li style=\"font-weight: 400;\" aria-level=\"1\"><span style=\"font-weight: 400;\">Dicloruro de etileno<\/span><\/li><li style=\"font-weight: 400;\" aria-level=\"1\"><span style=\"font-weight: 400;\">Hidracina<\/span><\/li><li style=\"font-weight: 400;\" aria-level=\"1\"><span style=\"font-weight: 400;\">Bromoetileno<\/span><\/li><li style=\"font-weight: 400;\" aria-level=\"1\"><span style=\"font-weight: 400;\">Emisiones de motores di\u00e9sel<\/span><\/li><li style=\"font-weight: 400;\" aria-level=\"1\"><span style=\"font-weight: 400;\">Mezclas de hidrocarburos arom\u00e1ticos polic\u00edclicos, en particular los que contienen benzo[a]pireno y son agentes carcin\u00f3genos en el sentido del presente real decreto.<\/span><\/li><li style=\"font-weight: 400;\" aria-level=\"1\"><span style=\"font-weight: 400;\">Aceites minerales previamente utilizados en motores de combusti\u00f3n interna para lubrificar y refrigerar los elementos m\u00f3viles del motor.<\/span><\/li><li style=\"font-weight: 400;\" aria-level=\"1\"><span style=\"font-weight: 400;\">Cadmio y sus compuestos inorg\u00e1nicos.<\/span><\/li><li style=\"font-weight: 400;\" aria-level=\"1\"><span style=\"font-weight: 400;\">Berilio y compuestos inorg\u00e1nicos del berilio.<\/span><\/li><li style=\"font-weight: 400;\" aria-level=\"1\"><span style=\"font-weight: 400;\">\u00c1cido ars\u00e9nico y sus sales, as\u00ed como compuestos inorg\u00e1nicos<\/span><\/li><li style=\"font-weight: 400;\" aria-level=\"1\"><span style=\"font-weight: 400;\">Formaldeh\u00eddo.<\/span><\/li><li style=\"font-weight: 400;\" aria-level=\"1\"><span style=\"font-weight: 400;\">4,4\u2032-metilenbis (2 cloro-anilina).<\/span><\/li><\/ul><p><span style=\"font-weight: 400;\">En virtud de los comentarios efectuados sobre las disposiciones del art\u00edculo 1 del Real Decreto 665\/1997, cuando un agente cancer\u00edgeno o mut\u00e1geno no tenga asignado un valor l\u00edmite de exposici\u00f3n profesional en el anexo III del Real Decreto 665\/1997, le ser\u00e1 de aplicaci\u00f3n lo dispuesto en el Real Decreto 374\/2001:<\/span><\/p><p><span style=\"font-weight: 400;\">\u201cLos valores l\u00edmite ambientales establecidos en su anexo I o en una normativa espec\u00edfica aplicable [como es el presente Real Decreto]; y, en ausencia de los anteriores, los valores l\u00edmite ambientales publicados por el Instituto Nacional de Seguridad e Higiene en el Trabajo en el \u201cDocumento sobre L\u00edmites de Exposici\u00f3n Profesional para Agentes Qu\u00edmicos en Espa\u00f1a\u201d cuya aplicaci\u00f3n sea recomendada por la Comisi\u00f3n Nacional de Seguridad y Salud en el Trabajo\u201d.<\/span><\/p>\t\t\t\t\t\t\t\t<\/div>\n\t\t\t\t<\/div>\n\t\t\t\t\t<\/div>\n\t\t<\/div>\n\t\t\t\t\t<\/div>\n\t\t<\/section>\n\t\t\t\t<section class=\"has_ae_slider elementor-section elementor-top-section elementor-element elementor-element-f9af6e1 elementor-section-boxed elementor-section-height-default elementor-section-height-default ae-bg-gallery-type-default\" data-id=\"f9af6e1\" data-element_type=\"section\" data-e-type=\"section\">\n\t\t\t\t\t\t<div class=\"elementor-container elementor-column-gap-default\">\n\t\t\t\t\t<div class=\"has_ae_slider elementor-column elementor-col-100 elementor-top-column elementor-element elementor-element-11546ac ae-bg-gallery-type-default\" data-id=\"11546ac\" data-element_type=\"column\" data-e-type=\"column\">\n\t\t\t<div class=\"elementor-widget-wrap elementor-element-populated\">\n\t\t\t\t\t\t<div class=\"elementor-element elementor-element-a0ecb09 elementor-widget elementor-widget-heading\" data-id=\"a0ecb09\" data-element_type=\"widget\" data-e-type=\"widget\" data-widget_type=\"heading.default\">\n\t\t\t\t<div class=\"elementor-widget-container\">\n\t\t\t\t\t<h3 class=\"elementor-heading-title elementor-size-default\">Gu\u00eda T\u00e9cnica para la evaluaci\u00f3n y prevenci\u00f3n de riesgos relacionados con agentes cancer\u00edgenos o mut\u00e1genos en el trabajo<\/h3>\t\t\t\t<\/div>\n\t\t\t\t<\/div>\n\t\t\t\t<div class=\"elementor-element elementor-element-b9d38e1 elementor-widget elementor-widget-text-editor\" data-id=\"b9d38e1\" data-element_type=\"widget\" data-e-type=\"widget\" data-widget_type=\"text-editor.default\">\n\t\t\t\t<div class=\"elementor-widget-container\">\n\t\t\t\t\t\t\t\t\t<p><span style=\"font-weight: 400;\">Se ha redactado una Gu\u00eda T\u00e9cnica para la evaluaci\u00f3n y prevenci\u00f3n de riesgos relacionados con agentes cancer\u00edgenos o mut\u00e1genos en el trabajo, elaborada por el Instituto Nacional de Seguridad y Salud en el Trabajo, de caracter no vinculante, que proporciona informaci\u00f3n y recomendaciones para facilitar la aplicaci\u00f3n del Real Decreto 665\/1997. <\/span><\/p>\t\t\t\t\t\t\t\t<\/div>\n\t\t\t\t<\/div>\n\t\t\t\t\t<\/div>\n\t\t<\/div>\n\t\t\t\t\t<\/div>\n\t\t<\/section>\n\t\t\t\t<section class=\"has_ae_slider elementor-section elementor-top-section elementor-element elementor-element-932cc35 elementor-section-boxed elementor-section-height-default elementor-section-height-default ae-bg-gallery-type-default\" data-id=\"932cc35\" data-element_type=\"section\" data-e-type=\"section\">\n\t\t\t\t\t\t<div class=\"elementor-container elementor-column-gap-default\">\n\t\t\t\t\t<div class=\"has_ae_slider elementor-column elementor-col-100 elementor-top-column elementor-element elementor-element-5bce8a9 ae-bg-gallery-type-default\" data-id=\"5bce8a9\" data-element_type=\"column\" data-e-type=\"column\">\n\t\t\t<div class=\"elementor-widget-wrap elementor-element-populated\">\n\t\t\t\t\t\t<div class=\"elementor-element elementor-element-30afc5f elementor-widget elementor-widget-heading\" data-id=\"30afc5f\" data-element_type=\"widget\" data-e-type=\"widget\" data-widget_type=\"heading.default\">\n\t\t\t\t<div class=\"elementor-widget-container\">\n\t\t\t\t\t<h3 class=\"elementor-heading-title elementor-size-default\">Documento t\u00e9cnico del INSST \"L\u00edmites de exposici\u00f3n profesional para agentes qu\u00edmicos en Espa\u00f1a\"<\/h3>\t\t\t\t<\/div>\n\t\t\t\t<\/div>\n\t\t\t\t<div class=\"elementor-element elementor-element-68625e0 elementor-widget elementor-widget-text-editor\" data-id=\"68625e0\" data-element_type=\"widget\" data-e-type=\"widget\" data-widget_type=\"text-editor.default\">\n\t\t\t\t<div class=\"elementor-widget-container\">\n\t\t\t\t\t\t\t\t\t<p><span style=\"font-weight: 400;\">El Instituto Nacional de Seguridad y Salud en el Trabajo (INSST) publica anualmente un documento t\u00e9cnico que establece los valores l\u00edmite de referencia para la exposici\u00f3n de los trabajadores a agentes qu\u00edmicos en el ambiente laboral. Este documento, titulado \u00abL\u00edmites de Exposici\u00f3n Profesional para Agentes Qu\u00edmicos en Espa\u00f1a\u00bb, es una herramienta fundamental para la evaluaci\u00f3n y control de riesgos en el \u00e1mbito laboral.<\/span><\/p><h4><strong><span style=\"color: #000000;\">Valores L\u00edmite Ambientales (VLA)<\/span><\/strong><\/h4><p><span style=\"font-weight: 400;\">El documento define dos tipos de Valores L\u00edmite Ambientales (VLA), que representan las concentraciones m\u00e1ximas permitidas de agentes qu\u00edmicos en el aire:<\/span><\/p><h4><strong><span style=\"color: #000000;\">VLA-ED (Valor L\u00edmite Ambiental-Exposici\u00f3n Diaria)<\/span><\/strong><\/h4><p><span style=\"font-weight: 400;\">Este valor indica las condiciones a las que se considera que la mayor\u00eda de los trabajadores pueden estar expuestos durante una jornada laboral de 8 horas diarias y 40 horas semanales, sin sufrir efectos adversos para su salud.<\/span><\/p><h4><strong><span style=\"color: #000000;\">VLA-EC (Valor L\u00edmite Ambiental-Exposici\u00f3n de Corta Duraci\u00f3n)<\/span><\/strong><\/h4><p><span style=\"font-weight: 400;\">Este valor establece el l\u00edmite de referencia para exposiciones de corta duraci\u00f3n, que no deben superarse en ning\u00fan momento de la jornada laboral.<\/span><\/p><p><span style=\"font-weight: 400;\">Es fundamental que los profesionales de la prevenci\u00f3n de riesgos laborales y las empresas consulten este documento t\u00e9cnico para conocer los VLA aplicables a los agentes qu\u00edmicos presentes en sus lugares de trabajo. Esto les permitir\u00e1 realizar una evaluaci\u00f3n adecuada de los riesgos y establecer las medidas de control necesarias para garantizar la seguridad y salud de los trabajadores expuestos a sustancias qu\u00edmicas.<\/span><\/p>\t\t\t\t\t\t\t\t<\/div>\n\t\t\t\t<\/div>\n\t\t\t\t\t<\/div>\n\t\t<\/div>\n\t\t\t\t\t<\/div>\n\t\t<\/section>\n\t\t\t\t<section class=\"has_ae_slider elementor-section elementor-top-section elementor-element elementor-element-9db366d elementor-section-boxed elementor-section-height-default elementor-section-height-default ae-bg-gallery-type-default\" data-id=\"9db366d\" data-element_type=\"section\" data-e-type=\"section\">\n\t\t\t\t\t\t<div class=\"elementor-container elementor-column-gap-default\">\n\t\t\t\t\t<div class=\"has_ae_slider elementor-column elementor-col-100 elementor-top-column elementor-element elementor-element-384c39f ae-bg-gallery-type-default\" data-id=\"384c39f\" data-element_type=\"column\" data-e-type=\"column\">\n\t\t\t<div class=\"elementor-widget-wrap elementor-element-populated\">\n\t\t\t\t\t\t<div class=\"elementor-element elementor-element-61a3ed8 elementor-widget elementor-widget-heading\" data-id=\"61a3ed8\" data-element_type=\"widget\" data-e-type=\"widget\" data-widget_type=\"heading.default\">\n\t\t\t\t<div class=\"elementor-widget-container\">\n\t\t\t\t\t<h2 class=\"elementor-heading-title elementor-size-default\">Notas t\u00e9cnicas de prevenci\u00f3n del INSST (Instituto Nacional de Seguridad y Salud en el Trabajo).<\/h2>\t\t\t\t<\/div>\n\t\t\t\t<\/div>\n\t\t\t\t\t<\/div>\n\t\t<\/div>\n\t\t\t\t\t<\/div>\n\t\t<\/section>\n\t\t\t\t<section class=\"has_ae_slider elementor-section elementor-top-section elementor-element elementor-element-d9c17b9 elementor-section-boxed elementor-section-height-default elementor-section-height-default ae-bg-gallery-type-default\" data-id=\"d9c17b9\" data-element_type=\"section\" data-e-type=\"section\">\n\t\t\t\t\t\t<div class=\"elementor-container elementor-column-gap-default\">\n\t\t\t\t\t<div class=\"has_ae_slider elementor-column elementor-col-100 elementor-top-column elementor-element elementor-element-ff63112 ae-bg-gallery-type-default\" data-id=\"ff63112\" data-element_type=\"column\" data-e-type=\"column\">\n\t\t\t<div class=\"elementor-widget-wrap elementor-element-populated\">\n\t\t\t\t\t\t<div class=\"elementor-element elementor-element-cd7837d elementor-widget elementor-widget-heading\" data-id=\"cd7837d\" data-element_type=\"widget\" data-e-type=\"widget\" data-widget_type=\"heading.default\">\n\t\t\t\t<div class=\"elementor-widget-container\">\n\t\t\t\t\t<h3 class=\"elementor-heading-title elementor-size-default\">NTP 7: Soldadura. Prevenci\u00f3n de Riesgos Higi\u00e9nicos<\/h3>\t\t\t\t<\/div>\n\t\t\t\t<\/div>\n\t\t\t\t<div class=\"elementor-element elementor-element-6c3b50b elementor-widget elementor-widget-text-editor\" data-id=\"6c3b50b\" data-element_type=\"widget\" data-e-type=\"widget\" data-widget_type=\"text-editor.default\">\n\t\t\t\t<div class=\"elementor-widget-container\">\n\t\t\t\t\t\t\t\t\t<p><span style=\"font-weight: 400;\">El objetivo de esta nota es la difusi\u00f3n de los medios m\u00e1s com\u00fanmente utilizados en Higiene Industrial para la prevenci\u00f3n de los riesgos higi\u00e9nicos en los procesos de soldadura.<\/span><\/p>\t\t\t\t\t\t\t\t<\/div>\n\t\t\t\t<\/div>\n\t\t\t\t\t<\/div>\n\t\t<\/div>\n\t\t\t\t\t<\/div>\n\t\t<\/section>\n\t\t\t\t<section class=\"has_ae_slider elementor-section elementor-top-section elementor-element elementor-element-1e101cf elementor-section-boxed elementor-section-height-default elementor-section-height-default ae-bg-gallery-type-default\" data-id=\"1e101cf\" data-element_type=\"section\" data-e-type=\"section\">\n\t\t\t\t\t\t<div class=\"elementor-container elementor-column-gap-default\">\n\t\t\t\t\t<div class=\"has_ae_slider elementor-column elementor-col-100 elementor-top-column elementor-element elementor-element-e1a5f69 ae-bg-gallery-type-default\" data-id=\"e1a5f69\" data-element_type=\"column\" data-e-type=\"column\">\n\t\t\t<div class=\"elementor-widget-wrap elementor-element-populated\">\n\t\t\t\t\t\t<div class=\"elementor-element elementor-element-c0acd27 elementor-widget elementor-widget-heading\" data-id=\"c0acd27\" data-element_type=\"widget\" data-e-type=\"widget\" data-widget_type=\"heading.default\">\n\t\t\t\t<div class=\"elementor-widget-container\">\n\t\t\t\t\t<h3 class=\"elementor-heading-title elementor-size-default\">NTP 526: Valores l\u00edmite de exposici\u00f3n profesional en la Uni\u00f3n Europea y en Espa\u00f1a<\/h3>\t\t\t\t<\/div>\n\t\t\t\t<\/div>\n\t\t\t\t<div class=\"elementor-element elementor-element-d32423e elementor-widget elementor-widget-text-editor\" data-id=\"d32423e\" data-element_type=\"widget\" data-e-type=\"widget\" data-widget_type=\"text-editor.default\">\n\t\t\t\t<div class=\"elementor-widget-container\">\n\t\t\t\t\t\t\t\t\t<p><span style=\"font-weight: 400;\">El objetivo de esta NTP es informar sobre los valores l\u00edmite indicativos y vinculantes fijados en la Uni\u00f3n Europea seg\u00fan las Directivas 91\/322\/CEE, 96\/94\/CE y 98\/24\/CE, 1999\/38CE, 91\/382\/CEE y su situaci\u00f3n legal en Espa\u00f1a.<\/span><\/p>\t\t\t\t\t\t\t\t<\/div>\n\t\t\t\t<\/div>\n\t\t\t\t\t<\/div>\n\t\t<\/div>\n\t\t\t\t\t<\/div>\n\t\t<\/section>\n\t\t\t\t<section class=\"has_ae_slider elementor-section elementor-top-section elementor-element elementor-element-31ed090 elementor-section-boxed elementor-section-height-default elementor-section-height-default ae-bg-gallery-type-default\" data-id=\"31ed090\" data-element_type=\"section\" data-e-type=\"section\">\n\t\t\t\t\t\t<div class=\"elementor-container elementor-column-gap-default\">\n\t\t\t\t\t<div class=\"has_ae_slider elementor-column elementor-col-100 elementor-top-column elementor-element elementor-element-e7538b6 ae-bg-gallery-type-default\" data-id=\"e7538b6\" data-element_type=\"column\" data-e-type=\"column\">\n\t\t\t<div class=\"elementor-widget-wrap elementor-element-populated\">\n\t\t\t\t\t\t<div class=\"elementor-element elementor-element-d5ce820 elementor-widget elementor-widget-heading\" data-id=\"d5ce820\" data-element_type=\"widget\" data-e-type=\"widget\" data-widget_type=\"heading.default\">\n\t\t\t\t<div class=\"elementor-widget-container\">\n\t\t\t\t\t<h3 class=\"elementor-heading-title elementor-size-default\">NTP 549: El di\u00f3xido de carbono en la evaluaci\u00f3n de la calidad del aire interior<\/h3>\t\t\t\t<\/div>\n\t\t\t\t<\/div>\n\t\t\t\t\t<\/div>\n\t\t<\/div>\n\t\t\t\t\t<\/div>\n\t\t<\/section>\n\t\t\t\t<section class=\"has_ae_slider elementor-section elementor-top-section elementor-element elementor-element-3c3808d elementor-section-boxed elementor-section-height-default elementor-section-height-default ae-bg-gallery-type-default\" data-id=\"3c3808d\" data-element_type=\"section\" data-e-type=\"section\">\n\t\t\t\t\t\t<div class=\"elementor-container elementor-column-gap-default\">\n\t\t\t\t\t<div class=\"has_ae_slider elementor-column elementor-col-100 elementor-top-column elementor-element elementor-element-66f2594 ae-bg-gallery-type-default\" data-id=\"66f2594\" data-element_type=\"column\" data-e-type=\"column\">\n\t\t\t<div class=\"elementor-widget-wrap elementor-element-populated\">\n\t\t\t\t\t\t<div class=\"elementor-element elementor-element-bd24efc elementor-widget elementor-widget-heading\" data-id=\"bd24efc\" data-element_type=\"widget\" data-e-type=\"widget\" data-widget_type=\"heading.default\">\n\t\t\t\t<div class=\"elementor-widget-container\">\n\t\t\t\t\t<h3 class=\"elementor-heading-title elementor-size-default\">NTP 583: Evaluaci\u00f3n de la exposici\u00f3n laboral a agentes qu\u00edmicos. Norma UNE-EN-482 y relacionadas<\/h3>\t\t\t\t<\/div>\n\t\t\t\t<\/div>\n\t\t\t\t<div class=\"elementor-element elementor-element-9882488 elementor-widget elementor-widget-text-editor\" data-id=\"9882488\" data-element_type=\"widget\" data-e-type=\"widget\" data-widget_type=\"text-editor.default\">\n\t\t\t\t<div class=\"elementor-widget-container\">\n\t\t\t\t\t\t\t\t\t<p><span style=\"font-weight: 400;\">En la presente Nota T\u00e9cnica de Prevenci\u00f3n se exponen los aspectos m\u00e1s importantes de la norma UNE-EN-482: 1995. Atm\u00f3sferas en el lugar de trabajo. Requisitos generales relativos al funcionamiento de los procedimientos de medici\u00f3n de contaminantes qu\u00edmicos, as\u00ed como de otras normas relacionadas.<\/span><\/p>\t\t\t\t\t\t\t\t<\/div>\n\t\t\t\t<\/div>\n\t\t\t\t\t<\/div>\n\t\t<\/div>\n\t\t\t\t\t<\/div>\n\t\t<\/section>\n\t\t\t\t<section class=\"has_ae_slider elementor-section elementor-top-section elementor-element elementor-element-0bcfd00 elementor-section-boxed elementor-section-height-default elementor-section-height-default ae-bg-gallery-type-default\" data-id=\"0bcfd00\" data-element_type=\"section\" data-e-type=\"section\">\n\t\t\t\t\t\t<div class=\"elementor-container elementor-column-gap-default\">\n\t\t\t\t\t<div class=\"has_ae_slider elementor-column elementor-col-100 elementor-top-column elementor-element elementor-element-ee45642 ae-bg-gallery-type-default\" data-id=\"ee45642\" data-element_type=\"column\" data-e-type=\"column\">\n\t\t\t<div class=\"elementor-widget-wrap elementor-element-populated\">\n\t\t\t\t\t\t<div class=\"elementor-element elementor-element-2499238 elementor-widget elementor-widget-heading\" data-id=\"2499238\" data-element_type=\"widget\" data-e-type=\"widget\" data-widget_type=\"heading.default\">\n\t\t\t\t<div class=\"elementor-widget-container\">\n\t\t\t\t\t<h3 class=\"elementor-heading-title elementor-size-default\">NTP 731: Evaluaci\u00f3n de la exposici\u00f3n laboral a aerosoles (I): aspectos generales.<\/h3>\t\t\t\t<\/div>\n\t\t\t\t<\/div>\n\t\t\t\t<div class=\"elementor-element elementor-element-12cfa3b elementor-widget elementor-widget-text-editor\" data-id=\"12cfa3b\" data-element_type=\"widget\" data-e-type=\"widget\" data-widget_type=\"text-editor.default\">\n\t\t\t\t<div class=\"elementor-widget-container\">\n\t\t\t\t\t\t\t\t\t<p><span style=\"font-weight: 400;\">En esta Nota T\u00e9cnica de Prevenci\u00f3n se exponen los aspectos m\u00e1s importantes de las Normas UNE-EN 481, UNE-EN 13205 y UNE482, y de la gu\u00eda CEN\/TR 15230, en relaci\u00f3n con la evaluaci\u00f3n de la exposici\u00f3n laboral a aerosoles. El conocimiento de los aspectos que se resaltan de las mismas es fundamental para un enfoque t\u00e9cnicamente correcto de dicha evaluaci\u00f3n<\/span><\/p>\t\t\t\t\t\t\t\t<\/div>\n\t\t\t\t<\/div>\n\t\t\t\t\t<\/div>\n\t\t<\/div>\n\t\t\t\t\t<\/div>\n\t\t<\/section>\n\t\t\t\t<section class=\"has_ae_slider elementor-section elementor-top-section elementor-element elementor-element-9b783d4 elementor-section-boxed elementor-section-height-default elementor-section-height-default ae-bg-gallery-type-default\" data-id=\"9b783d4\" data-element_type=\"section\" data-e-type=\"section\">\n\t\t\t\t\t\t<div class=\"elementor-container elementor-column-gap-default\">\n\t\t\t\t\t<div class=\"has_ae_slider elementor-column elementor-col-100 elementor-top-column elementor-element elementor-element-d9583ed ae-bg-gallery-type-default\" data-id=\"d9583ed\" data-element_type=\"column\" data-e-type=\"column\">\n\t\t\t<div class=\"elementor-widget-wrap elementor-element-populated\">\n\t\t\t\t\t\t<div class=\"elementor-element elementor-element-14e410a elementor-widget elementor-widget-heading\" data-id=\"14e410a\" data-element_type=\"widget\" data-e-type=\"widget\" data-widget_type=\"heading.default\">\n\t\t\t\t<div class=\"elementor-widget-container\">\n\t\t\t\t\t<h2 class=\"elementor-heading-title elementor-size-default\">Normativa<\/h2>\t\t\t\t<\/div>\n\t\t\t\t<\/div>\n\t\t\t\t\t<\/div>\n\t\t<\/div>\n\t\t\t\t\t<\/div>\n\t\t<\/section>\n\t\t\t\t<section class=\"has_ae_slider elementor-section elementor-top-section elementor-element elementor-element-58d5190 elementor-section-boxed elementor-section-height-default elementor-section-height-default ae-bg-gallery-type-default\" data-id=\"58d5190\" data-element_type=\"section\" data-e-type=\"section\">\n\t\t\t\t\t\t<div class=\"elementor-container elementor-column-gap-default\">\n\t\t\t\t\t<div class=\"has_ae_slider elementor-column elementor-col-100 elementor-top-column elementor-element elementor-element-3bb3486 ae-bg-gallery-type-default\" data-id=\"3bb3486\" data-element_type=\"column\" data-e-type=\"column\">\n\t\t\t<div class=\"elementor-widget-wrap elementor-element-populated\">\n\t\t\t\t\t\t<div class=\"elementor-element elementor-element-879253c elementor-widget elementor-widget-heading\" data-id=\"879253c\" data-element_type=\"widget\" data-e-type=\"widget\" data-widget_type=\"heading.default\">\n\t\t\t\t<div class=\"elementor-widget-container\">\n\t\t\t\t\t<h3 class=\"elementor-heading-title elementor-size-default\">Norma UNE-EN 481:1995, sobre \"Atm\u00f3sferas en los lugares de trabajo. Definici\u00f3n de las fracciones por el tama\u00f1o de las part\u00edculas para la medici\u00f3n de aerosoles\".\n<\/h3>\t\t\t\t<\/div>\n\t\t\t\t<\/div>\n\t\t\t\t<div class=\"elementor-element elementor-element-3fca110 elementor-widget elementor-widget-text-editor\" data-id=\"3fca110\" data-element_type=\"widget\" data-e-type=\"widget\" data-widget_type=\"text-editor.default\">\n\t\t\t\t<div class=\"elementor-widget-container\">\n\t\t\t\t\t\t\t\t\t<p><span style=\"font-weight: 400;\">Esta norma define las fracciones de tama\u00f1o de part\u00edcula relevantes para la evaluaci\u00f3n de la exposici\u00f3n por inhalaci\u00f3n en el lugar de trabajo.<\/span><\/p>\t\t\t\t\t\t\t\t<\/div>\n\t\t\t\t<\/div>\n\t\t\t\t\t<\/div>\n\t\t<\/div>\n\t\t\t\t\t<\/div>\n\t\t<\/section>\n\t\t\t\t<section class=\"has_ae_slider elementor-section elementor-top-section elementor-element elementor-element-8b68542 elementor-section-boxed elementor-section-height-default elementor-section-height-default ae-bg-gallery-type-default\" data-id=\"8b68542\" data-element_type=\"section\" data-e-type=\"section\">\n\t\t\t\t\t\t<div class=\"elementor-container elementor-column-gap-default\">\n\t\t\t\t\t<div class=\"has_ae_slider elementor-column elementor-col-100 elementor-top-column elementor-element elementor-element-64b25a9 ae-bg-gallery-type-default\" data-id=\"64b25a9\" data-element_type=\"column\" data-e-type=\"column\">\n\t\t\t<div class=\"elementor-widget-wrap elementor-element-populated\">\n\t\t\t\t\t\t<div class=\"elementor-element elementor-element-5fbaf36 elementor-widget elementor-widget-heading\" data-id=\"5fbaf36\" data-element_type=\"widget\" data-e-type=\"widget\" data-widget_type=\"heading.default\">\n\t\t\t\t<div class=\"elementor-widget-container\">\n\t\t\t\t\t<h3 class=\"elementor-heading-title elementor-size-default\">UNE-EN 482:2021 \u201cExposici\u00f3n en el lugar de trabajo. Procedimientos para la determinaci\u00f3n de la concentraci\u00f3n de los agentes qu\u00edmicos. Requisitos generales relativos al funcionamiento\u201d\n<\/h3>\t\t\t\t<\/div>\n\t\t\t\t<\/div>\n\t\t\t\t<div class=\"elementor-element elementor-element-3a1c200 elementor-widget elementor-widget-text-editor\" data-id=\"3a1c200\" data-element_type=\"widget\" data-e-type=\"widget\" data-widget_type=\"text-editor.default\">\n\t\t\t\t<div class=\"elementor-widget-container\">\n\t\t\t\t\t\t\t\t\t<p><span style=\"font-weight: 400;\">Esta norma establece los requisitos que deben cumplir las mediciones de agentes qu\u00edmicos en el ambiente laboral cuando se comparan con los valores l\u00edmite de exposici\u00f3n profesional.<\/span><\/p><p><span style=\"font-weight: 400;\">El prop\u00f3sito principal de esta norma es garantizar que las mediciones realizadas para determinar la concentraci\u00f3n de agentes qu\u00edmicos en el ambiente laboral sean confiables y comparables con los valores l\u00edmite de exposici\u00f3n profesional establecidos. Esto permite evaluar adecuadamente los riesgos y adoptar las medidas de control necesarias para proteger la salud de los trabajadores expuestos.<\/span><\/p>\t\t\t\t\t\t\t\t<\/div>\n\t\t\t\t<\/div>\n\t\t\t\t\t<\/div>\n\t\t<\/div>\n\t\t\t\t\t<\/div>\n\t\t<\/section>\n\t\t\t\t<section class=\"has_ae_slider elementor-section elementor-top-section elementor-element elementor-element-3e5bad7 elementor-section-boxed elementor-section-height-default elementor-section-height-default ae-bg-gallery-type-default\" data-id=\"3e5bad7\" data-element_type=\"section\" data-e-type=\"section\">\n\t\t\t\t\t\t<div class=\"elementor-container elementor-column-gap-default\">\n\t\t\t\t\t<div class=\"has_ae_slider elementor-column elementor-col-100 elementor-top-column elementor-element elementor-element-28b1a29 ae-bg-gallery-type-default\" data-id=\"28b1a29\" data-element_type=\"column\" data-e-type=\"column\">\n\t\t\t<div class=\"elementor-widget-wrap elementor-element-populated\">\n\t\t\t\t\t\t<div class=\"elementor-element elementor-element-7e6b80d elementor-widget elementor-widget-heading\" data-id=\"7e6b80d\" data-element_type=\"widget\" data-e-type=\"widget\" data-widget_type=\"heading.default\">\n\t\t\t\t<div class=\"elementor-widget-container\">\n\t\t\t\t\t<h3 class=\"elementor-heading-title elementor-size-default\">Norma UNE-EN 689:2019+AC:2019 Exposici\u00f3n en el lugar de trabajo. Medici\u00f3n de la exposici\u00f3n por inhalaci\u00f3n de agentes qu\u00edmicos. Estrategia para verificar la conformidad con los valores l\u00edmite de exposici\u00f3n profesional.<\/h3>\t\t\t\t<\/div>\n\t\t\t\t<\/div>\n\t\t\t\t<div class=\"elementor-element elementor-element-dd68d51 elementor-widget elementor-widget-text-editor\" data-id=\"dd68d51\" data-element_type=\"widget\" data-e-type=\"widget\" data-widget_type=\"text-editor.default\">\n\t\t\t\t<div class=\"elementor-widget-container\">\n\t\t\t\t\t\t\t\t\t<p><span style=\"font-weight: 400;\">La norma UNE-EN 689:2019 establece una estrategia para realizar mediciones representativas de la exposici\u00f3n laboral por inhalaci\u00f3n de agentes qu\u00edmicos y verificar su conformidad con los VLA.<\/span><\/p><p><span style=\"font-weight: 400;\">Entre las principales novedades de esta norma destacan:<\/span><\/p><ul><li style=\"font-weight: 400;\" aria-level=\"1\"><span style=\"font-weight: 400;\">La evaluaci\u00f3n se realizar\u00e1 siempre por grupos de exposici\u00f3n similar (GES), determinados por el evaluador en base a la diversidad de tareas, perfiles de exposici\u00f3n, condiciones de trabajo, etc.<\/span><\/li><li style=\"font-weight: 400;\" aria-level=\"1\"><span style=\"font-weight: 400;\">La agrupaci\u00f3n de trabajadores en GES se validar\u00e1 mediante t\u00e9cnicas estad\u00edsticas tras realizar las mediciones.<\/span><\/li><li style=\"font-weight: 400;\" aria-level=\"1\"><span style=\"font-weight: 400;\">La muestra m\u00ednima de un GES son tres exposiciones. Ya no es posible decidir la conformidad con una \u00fanica medici\u00f3n.<\/span><\/li><li style=\"font-weight: 400;\" aria-level=\"1\"><span style=\"font-weight: 400;\">Se requiere un m\u00ednimo de 6 mediciones para determinar la periodicidad de futuras evaluaciones en funci\u00f3n de los resultados obtenidos.<\/span><\/li><\/ul>\t\t\t\t\t\t\t\t<\/div>\n\t\t\t\t<\/div>\n\t\t\t\t\t<\/div>\n\t\t<\/div>\n\t\t\t\t\t<\/div>\n\t\t<\/section>\n\t\t\t\t<section class=\"has_ae_slider elementor-section elementor-top-section elementor-element elementor-element-5309f02 elementor-section-boxed elementor-section-height-default elementor-section-height-default ae-bg-gallery-type-default\" data-id=\"5309f02\" data-element_type=\"section\" data-e-type=\"section\">\n\t\t\t\t\t\t<div class=\"elementor-container elementor-column-gap-default\">\n\t\t\t\t\t<div class=\"has_ae_slider elementor-column elementor-col-100 elementor-top-column elementor-element elementor-element-8d88a94 ae-bg-gallery-type-default\" data-id=\"8d88a94\" data-element_type=\"column\" data-e-type=\"column\">\n\t\t\t<div class=\"elementor-widget-wrap elementor-element-populated\">\n\t\t\t\t\t\t<div class=\"elementor-element elementor-element-331eddd elementor-widget elementor-widget-heading\" data-id=\"331eddd\" data-element_type=\"widget\" data-e-type=\"widget\" data-widget_type=\"heading.default\">\n\t\t\t\t<div class=\"elementor-widget-container\">\n\t\t\t\t\t<h2 class=\"elementor-heading-title elementor-size-default\">Ventilaci\u00f3n General vs Ventilaci\u00f3n Localizada<\/h2>\t\t\t\t<\/div>\n\t\t\t\t<\/div>\n\t\t\t\t<div class=\"elementor-element elementor-element-3cef65a elementor-widget elementor-widget-text-editor\" data-id=\"3cef65a\" data-element_type=\"widget\" data-e-type=\"widget\" data-widget_type=\"text-editor.default\">\n\t\t\t\t<div class=\"elementor-widget-container\">\n\t\t\t\t\t\t\t\t\t<p><span style=\"font-weight: 400;\">La calidad del aire interior es un factor crucial en el entorno industrial, ya que un aire contaminado puede afectar negativamente la salud de los trabajadores y disminuir su productividad. Existen dos enfoques principales para mejorar la calidad del aire: la ventilaci\u00f3n general y la ventilaci\u00f3n localizada. Ambos sistemas tienen sus ventajas y desventajas, y la elecci\u00f3n depender\u00e1 de las necesidades espec\u00edficas de cada industria.<\/span><\/p><p><span style=\"font-weight: 400;\">Puedes conocer nuestro servicio de ventilaci\u00f3n general <\/span><a href=\"https:\/\/innotecgrupo.com\/industria-empresa\/calidad-aire-interior-sistemas-ventilacion\/\"><b><span style=\"color: #000000;\">aqu\u00ed<\/span><\/b><\/a><span style=\"font-weight: 400;\">.<\/span><\/p><p><span style=\"font-weight: 400;\">Puedes ampliar m\u00e1s sobre nuestras soluciones de ventilaci\u00f3n localizada <\/span><span style=\"color: #000000;\"><a style=\"color: #000000;\" href=\"https:\/\/innotecgrupo.com\/industria-empresa\/calidad-aire-interior-soluciones-captacion-de-aire-industrial\/\"><b>aqu\u00ed<\/b><\/a><\/span><span style=\"font-weight: 400;\">.<\/span><\/p><p><span style=\"font-weight: 400;\">En resumen, tanto la ventilaci\u00f3n general como la ventilaci\u00f3n localizada son soluciones v\u00e1lidas para mejorar la calidad del aire interior en la industria. La elecci\u00f3n depender\u00e1 de factores como el tipo de contaminantes presentes, su distribuci\u00f3n en el espacio, los costos energ\u00e9ticos y los requisitos de mantenimiento. En muchos casos, la combinaci\u00f3n de ambos sistemas puede ser la soluci\u00f3n m\u00e1s efectiva para garantizar un ambiente de trabajo saludable y productivo.<\/span><\/p>\t\t\t\t\t\t\t\t<\/div>\n\t\t\t\t<\/div>\n\t\t\t\t\t<\/div>\n\t\t<\/div>\n\t\t\t\t\t<\/div>\n\t\t<\/section>\n\t\t\t\t<\/div>\n\t\t","protected":false},"excerpt":{"rendered":"<p>Introducci\u00f3n La seguridad y salud en el entorno laboral es una prioridad para cualquier empresa responsable. Uno de los aspectos clave en la prevenci\u00f3n de riesgos laborales es la calidad del aire que respiran los trabajadores. En este sentido, la ventilaci\u00f3n desempe\u00f1a un papel fundamental para garantizar un ambiente de trabajo saludable y libre de [&hellip;]<\/p>\n","protected":false},"author":9,"featured_media":19775,"comment_status":"closed","ping_status":"open","sticky":false,"template":"","format":"standard","meta":{"_acf_changed":false,"footnotes":""},"categories":[103],"tags":[],"class_list":["post-19749","post","type-post","status-publish","format-standard","has-post-thumbnail","hentry","category-ventilacion"],"acf":[],"yoast_head":"<!-- This site is optimized with the Yoast SEO plugin v27.3 - https:\/\/yoast.com\/product\/yoast-seo-wordpress\/ -->\n<title>Importancia de la ventilaci\u00f3n general y localizada en la prevenci\u00f3n de riesgos laborales en entornos industriales: Normativa espa\u00f1ola y beneficios para la salud | Innotec<\/title>\n<meta name=\"robots\" content=\"index, follow, max-snippet:-1, max-image-preview:large, max-video-preview:-1\" \/>\n<link rel=\"canonical\" href=\"https:\/\/innotecgrupo.com\/industria-empresa\/blog\/importancia-ventilacion-general-y-localizada-en-la-prevencion-de-riesgos-laborales\/\" \/>\n<meta property=\"og:locale\" content=\"es_ES\" \/>\n<meta property=\"og:type\" content=\"article\" \/>\n<meta property=\"og:title\" content=\"Importancia de la ventilaci\u00f3n general y localizada en la prevenci\u00f3n de riesgos laborales en entornos industriales: Normativa espa\u00f1ola y beneficios para la salud | Innotec\" \/>\n<meta property=\"og:description\" content=\"Introducci\u00f3n La seguridad y salud en el entorno laboral es una prioridad para cualquier empresa responsable. Uno de los aspectos clave en la prevenci\u00f3n de riesgos laborales es la calidad del aire que respiran los trabajadores. En este sentido, la ventilaci\u00f3n desempe\u00f1a un papel fundamental para garantizar un ambiente de trabajo saludable y libre de [&hellip;]\" \/>\n<meta property=\"og:url\" content=\"https:\/\/innotecgrupo.com\/industria-empresa\/blog\/importancia-ventilacion-general-y-localizada-en-la-prevencion-de-riesgos-laborales\/\" \/>\n<meta property=\"og:site_name\" content=\"Innotec\" \/>\n<meta property=\"article:published_time\" content=\"2024-06-09T22:20:45+00:00\" \/>\n<meta property=\"article:modified_time\" content=\"2025-09-11T10:42:32+00:00\" \/>\n<meta property=\"og:image\" content=\"https:\/\/innotecgrupo.com\/industria-empresa\/wp-content\/uploads\/2024\/06\/prl-industria.png\" \/>\n\t<meta property=\"og:image:width\" content=\"768\" \/>\n\t<meta property=\"og:image:height\" content=\"432\" \/>\n\t<meta property=\"og:image:type\" content=\"image\/png\" \/>\n<meta name=\"author\" content=\"Manuel Bernal (Socio Fundador)\" \/>\n<meta name=\"twitter:card\" content=\"summary_large_image\" \/>\n<meta name=\"twitter:label1\" content=\"Escrito por\" \/>\n\t<meta name=\"twitter:data1\" content=\"Manuel Bernal (Socio Fundador)\" \/>\n\t<meta name=\"twitter:label2\" content=\"Tiempo de lectura\" \/>\n\t<meta name=\"twitter:data2\" content=\"15 minutos\" \/>\n<script type=\"application\/ld+json\" class=\"yoast-schema-graph\">{\"@context\":\"https:\\\/\\\/schema.org\",\"@graph\":[{\"@type\":\"Article\",\"@id\":\"https:\\\/\\\/innotecgrupo.com\\\/industria-empresa\\\/blog\\\/importancia-ventilacion-general-y-localizada-en-la-prevencion-de-riesgos-laborales\\\/#article\",\"isPartOf\":{\"@id\":\"https:\\\/\\\/innotecgrupo.com\\\/industria-empresa\\\/blog\\\/importancia-ventilacion-general-y-localizada-en-la-prevencion-de-riesgos-laborales\\\/\"},\"author\":{\"name\":\"Manuel Bernal (Socio Fundador)\",\"@id\":\"https:\\\/\\\/innotecgrupo.com\\\/industria-empresa\\\/#\\\/schema\\\/person\\\/cd83faa3aecd59ea2de1fcb467a88501\"},\"headline\":\"Importancia de la ventilaci\u00f3n general y localizada en la prevenci\u00f3n de riesgos laborales en entornos industriales: Normativa espa\u00f1ola y beneficios para la salud\",\"datePublished\":\"2024-06-09T22:20:45+00:00\",\"dateModified\":\"2025-09-11T10:42:32+00:00\",\"mainEntityOfPage\":{\"@id\":\"https:\\\/\\\/innotecgrupo.com\\\/industria-empresa\\\/blog\\\/importancia-ventilacion-general-y-localizada-en-la-prevencion-de-riesgos-laborales\\\/\"},\"wordCount\":3055,\"publisher\":{\"@id\":\"https:\\\/\\\/innotecgrupo.com\\\/industria-empresa\\\/#organization\"},\"image\":{\"@id\":\"https:\\\/\\\/innotecgrupo.com\\\/industria-empresa\\\/blog\\\/importancia-ventilacion-general-y-localizada-en-la-prevencion-de-riesgos-laborales\\\/#primaryimage\"},\"thumbnailUrl\":\"https:\\\/\\\/innotecgrupo.com\\\/industria-empresa\\\/wp-content\\\/uploads\\\/2024\\\/06\\\/prl-industria.png\",\"articleSection\":[\"Ventilaci\u00f3n\"],\"inLanguage\":\"es\"},{\"@type\":\"WebPage\",\"@id\":\"https:\\\/\\\/innotecgrupo.com\\\/industria-empresa\\\/blog\\\/importancia-ventilacion-general-y-localizada-en-la-prevencion-de-riesgos-laborales\\\/\",\"url\":\"https:\\\/\\\/innotecgrupo.com\\\/industria-empresa\\\/blog\\\/importancia-ventilacion-general-y-localizada-en-la-prevencion-de-riesgos-laborales\\\/\",\"name\":\"Importancia de la ventilaci\u00f3n general y localizada en la prevenci\u00f3n de riesgos laborales en entornos industriales: Normativa espa\u00f1ola y beneficios para la salud | Innotec\",\"isPartOf\":{\"@id\":\"https:\\\/\\\/innotecgrupo.com\\\/industria-empresa\\\/#website\"},\"primaryImageOfPage\":{\"@id\":\"https:\\\/\\\/innotecgrupo.com\\\/industria-empresa\\\/blog\\\/importancia-ventilacion-general-y-localizada-en-la-prevencion-de-riesgos-laborales\\\/#primaryimage\"},\"image\":{\"@id\":\"https:\\\/\\\/innotecgrupo.com\\\/industria-empresa\\\/blog\\\/importancia-ventilacion-general-y-localizada-en-la-prevencion-de-riesgos-laborales\\\/#primaryimage\"},\"thumbnailUrl\":\"https:\\\/\\\/innotecgrupo.com\\\/industria-empresa\\\/wp-content\\\/uploads\\\/2024\\\/06\\\/prl-industria.png\",\"datePublished\":\"2024-06-09T22:20:45+00:00\",\"dateModified\":\"2025-09-11T10:42:32+00:00\",\"breadcrumb\":{\"@id\":\"https:\\\/\\\/innotecgrupo.com\\\/industria-empresa\\\/blog\\\/importancia-ventilacion-general-y-localizada-en-la-prevencion-de-riesgos-laborales\\\/#breadcrumb\"},\"inLanguage\":\"es\",\"potentialAction\":[{\"@type\":\"ReadAction\",\"target\":[\"https:\\\/\\\/innotecgrupo.com\\\/industria-empresa\\\/blog\\\/importancia-ventilacion-general-y-localizada-en-la-prevencion-de-riesgos-laborales\\\/\"]}]},{\"@type\":\"ImageObject\",\"inLanguage\":\"es\",\"@id\":\"https:\\\/\\\/innotecgrupo.com\\\/industria-empresa\\\/blog\\\/importancia-ventilacion-general-y-localizada-en-la-prevencion-de-riesgos-laborales\\\/#primaryimage\",\"url\":\"https:\\\/\\\/innotecgrupo.com\\\/industria-empresa\\\/wp-content\\\/uploads\\\/2024\\\/06\\\/prl-industria.png\",\"contentUrl\":\"https:\\\/\\\/innotecgrupo.com\\\/industria-empresa\\\/wp-content\\\/uploads\\\/2024\\\/06\\\/prl-industria.png\",\"width\":768,\"height\":432},{\"@type\":\"BreadcrumbList\",\"@id\":\"https:\\\/\\\/innotecgrupo.com\\\/industria-empresa\\\/blog\\\/importancia-ventilacion-general-y-localizada-en-la-prevencion-de-riesgos-laborales\\\/#breadcrumb\",\"itemListElement\":[{\"@type\":\"ListItem\",\"position\":1,\"name\":\"Portada\",\"item\":\"https:\\\/\\\/innotecgrupo.com\\\/industria-empresa\\\/\"},{\"@type\":\"ListItem\",\"position\":2,\"name\":\"Importancia de la ventilaci\u00f3n general y localizada en la prevenci\u00f3n de riesgos laborales en entornos industriales: Normativa espa\u00f1ola y beneficios para la salud\"}]},{\"@type\":\"WebSite\",\"@id\":\"https:\\\/\\\/innotecgrupo.com\\\/industria-empresa\\\/#website\",\"url\":\"https:\\\/\\\/innotecgrupo.com\\\/industria-empresa\\\/\",\"name\":\"Innotec Grupo\",\"description\":\"CLIMATIZACI\u00d3N ENFOCADA AL BIENESTAR INTEGRAL\",\"publisher\":{\"@id\":\"https:\\\/\\\/innotecgrupo.com\\\/industria-empresa\\\/#organization\"},\"potentialAction\":[{\"@type\":\"SearchAction\",\"target\":{\"@type\":\"EntryPoint\",\"urlTemplate\":\"https:\\\/\\\/innotecgrupo.com\\\/industria-empresa\\\/?s={search_term_string}\"},\"query-input\":{\"@type\":\"PropertyValueSpecification\",\"valueRequired\":true,\"valueName\":\"search_term_string\"}}],\"inLanguage\":\"es\"},{\"@type\":\"Organization\",\"@id\":\"https:\\\/\\\/innotecgrupo.com\\\/industria-empresa\\\/#organization\",\"name\":\"Innotec\",\"url\":\"https:\\\/\\\/innotecgrupo.com\\\/industria-empresa\\\/\",\"logo\":{\"@type\":\"ImageObject\",\"inLanguage\":\"es\",\"@id\":\"https:\\\/\\\/innotecgrupo.com\\\/industria-empresa\\\/#\\\/schema\\\/logo\\\/image\\\/\",\"url\":\"https:\\\/\\\/innotecgrupo.com\\\/industria-empresa\\\/wp-content\\\/uploads\\\/2022\\\/01\\\/logo-innotec.png\",\"contentUrl\":\"https:\\\/\\\/innotecgrupo.com\\\/industria-empresa\\\/wp-content\\\/uploads\\\/2022\\\/01\\\/logo-innotec.png\",\"width\":166,\"height\":31,\"caption\":\"Innotec\"},\"image\":{\"@id\":\"https:\\\/\\\/innotecgrupo.com\\\/industria-empresa\\\/#\\\/schema\\\/logo\\\/image\\\/\"}},{\"@type\":\"Person\",\"@id\":\"https:\\\/\\\/innotecgrupo.com\\\/industria-empresa\\\/#\\\/schema\\\/person\\\/cd83faa3aecd59ea2de1fcb467a88501\",\"name\":\"Manuel Bernal (Socio Fundador)\",\"description\":\"Ingeniero Industrial MBA en CESTE\",\"sameAs\":[\"https:\\\/\\\/www.linkedin.com\\\/in\\\/manuel-bernal-innotec\\\/\"],\"url\":\"https:\\\/\\\/innotecgrupo.com\\\/industria-empresa\\\/blog\\\/author\\\/manuel-bernal\\\/\"}]}<\/script>\n<!-- \/ Yoast SEO plugin. -->","yoast_head_json":{"title":"Importancia de la ventilaci\u00f3n general y localizada en la prevenci\u00f3n de riesgos laborales en entornos industriales: Normativa espa\u00f1ola y beneficios para la salud | Innotec","robots":{"index":"index","follow":"follow","max-snippet":"max-snippet:-1","max-image-preview":"max-image-preview:large","max-video-preview":"max-video-preview:-1"},"canonical":"https:\/\/innotecgrupo.com\/industria-empresa\/blog\/importancia-ventilacion-general-y-localizada-en-la-prevencion-de-riesgos-laborales\/","og_locale":"es_ES","og_type":"article","og_title":"Importancia de la ventilaci\u00f3n general y localizada en la prevenci\u00f3n de riesgos laborales en entornos industriales: Normativa espa\u00f1ola y beneficios para la salud | Innotec","og_description":"Introducci\u00f3n La seguridad y salud en el entorno laboral es una prioridad para cualquier empresa responsable. Uno de los aspectos clave en la prevenci\u00f3n de riesgos laborales es la calidad del aire que respiran los trabajadores. En este sentido, la ventilaci\u00f3n desempe\u00f1a un papel fundamental para garantizar un ambiente de trabajo saludable y libre de [&hellip;]","og_url":"https:\/\/innotecgrupo.com\/industria-empresa\/blog\/importancia-ventilacion-general-y-localizada-en-la-prevencion-de-riesgos-laborales\/","og_site_name":"Innotec","article_published_time":"2024-06-09T22:20:45+00:00","article_modified_time":"2025-09-11T10:42:32+00:00","og_image":[{"width":768,"height":432,"url":"https:\/\/innotecgrupo.com\/industria-empresa\/wp-content\/uploads\/2024\/06\/prl-industria.png","type":"image\/png"}],"author":"Manuel Bernal (Socio Fundador)","twitter_card":"summary_large_image","twitter_misc":{"Escrito por":"Manuel Bernal (Socio Fundador)","Tiempo de lectura":"15 minutos"},"schema":{"@context":"https:\/\/schema.org","@graph":[{"@type":"Article","@id":"https:\/\/innotecgrupo.com\/industria-empresa\/blog\/importancia-ventilacion-general-y-localizada-en-la-prevencion-de-riesgos-laborales\/#article","isPartOf":{"@id":"https:\/\/innotecgrupo.com\/industria-empresa\/blog\/importancia-ventilacion-general-y-localizada-en-la-prevencion-de-riesgos-laborales\/"},"author":{"name":"Manuel Bernal (Socio Fundador)","@id":"https:\/\/innotecgrupo.com\/industria-empresa\/#\/schema\/person\/cd83faa3aecd59ea2de1fcb467a88501"},"headline":"Importancia de la ventilaci\u00f3n general y localizada en la prevenci\u00f3n de riesgos laborales en entornos industriales: Normativa espa\u00f1ola y beneficios para la salud","datePublished":"2024-06-09T22:20:45+00:00","dateModified":"2025-09-11T10:42:32+00:00","mainEntityOfPage":{"@id":"https:\/\/innotecgrupo.com\/industria-empresa\/blog\/importancia-ventilacion-general-y-localizada-en-la-prevencion-de-riesgos-laborales\/"},"wordCount":3055,"publisher":{"@id":"https:\/\/innotecgrupo.com\/industria-empresa\/#organization"},"image":{"@id":"https:\/\/innotecgrupo.com\/industria-empresa\/blog\/importancia-ventilacion-general-y-localizada-en-la-prevencion-de-riesgos-laborales\/#primaryimage"},"thumbnailUrl":"https:\/\/innotecgrupo.com\/industria-empresa\/wp-content\/uploads\/2024\/06\/prl-industria.png","articleSection":["Ventilaci\u00f3n"],"inLanguage":"es"},{"@type":"WebPage","@id":"https:\/\/innotecgrupo.com\/industria-empresa\/blog\/importancia-ventilacion-general-y-localizada-en-la-prevencion-de-riesgos-laborales\/","url":"https:\/\/innotecgrupo.com\/industria-empresa\/blog\/importancia-ventilacion-general-y-localizada-en-la-prevencion-de-riesgos-laborales\/","name":"Importancia de la ventilaci\u00f3n general y localizada en la prevenci\u00f3n de riesgos laborales en entornos industriales: Normativa espa\u00f1ola y beneficios para la salud | Innotec","isPartOf":{"@id":"https:\/\/innotecgrupo.com\/industria-empresa\/#website"},"primaryImageOfPage":{"@id":"https:\/\/innotecgrupo.com\/industria-empresa\/blog\/importancia-ventilacion-general-y-localizada-en-la-prevencion-de-riesgos-laborales\/#primaryimage"},"image":{"@id":"https:\/\/innotecgrupo.com\/industria-empresa\/blog\/importancia-ventilacion-general-y-localizada-en-la-prevencion-de-riesgos-laborales\/#primaryimage"},"thumbnailUrl":"https:\/\/innotecgrupo.com\/industria-empresa\/wp-content\/uploads\/2024\/06\/prl-industria.png","datePublished":"2024-06-09T22:20:45+00:00","dateModified":"2025-09-11T10:42:32+00:00","breadcrumb":{"@id":"https:\/\/innotecgrupo.com\/industria-empresa\/blog\/importancia-ventilacion-general-y-localizada-en-la-prevencion-de-riesgos-laborales\/#breadcrumb"},"inLanguage":"es","potentialAction":[{"@type":"ReadAction","target":["https:\/\/innotecgrupo.com\/industria-empresa\/blog\/importancia-ventilacion-general-y-localizada-en-la-prevencion-de-riesgos-laborales\/"]}]},{"@type":"ImageObject","inLanguage":"es","@id":"https:\/\/innotecgrupo.com\/industria-empresa\/blog\/importancia-ventilacion-general-y-localizada-en-la-prevencion-de-riesgos-laborales\/#primaryimage","url":"https:\/\/innotecgrupo.com\/industria-empresa\/wp-content\/uploads\/2024\/06\/prl-industria.png","contentUrl":"https:\/\/innotecgrupo.com\/industria-empresa\/wp-content\/uploads\/2024\/06\/prl-industria.png","width":768,"height":432},{"@type":"BreadcrumbList","@id":"https:\/\/innotecgrupo.com\/industria-empresa\/blog\/importancia-ventilacion-general-y-localizada-en-la-prevencion-de-riesgos-laborales\/#breadcrumb","itemListElement":[{"@type":"ListItem","position":1,"name":"Portada","item":"https:\/\/innotecgrupo.com\/industria-empresa\/"},{"@type":"ListItem","position":2,"name":"Importancia de la ventilaci\u00f3n general y localizada en la prevenci\u00f3n de riesgos laborales en entornos industriales: Normativa espa\u00f1ola y beneficios para la salud"}]},{"@type":"WebSite","@id":"https:\/\/innotecgrupo.com\/industria-empresa\/#website","url":"https:\/\/innotecgrupo.com\/industria-empresa\/","name":"Innotec Grupo","description":"CLIMATIZACI\u00d3N ENFOCADA AL BIENESTAR INTEGRAL","publisher":{"@id":"https:\/\/innotecgrupo.com\/industria-empresa\/#organization"},"potentialAction":[{"@type":"SearchAction","target":{"@type":"EntryPoint","urlTemplate":"https:\/\/innotecgrupo.com\/industria-empresa\/?s={search_term_string}"},"query-input":{"@type":"PropertyValueSpecification","valueRequired":true,"valueName":"search_term_string"}}],"inLanguage":"es"},{"@type":"Organization","@id":"https:\/\/innotecgrupo.com\/industria-empresa\/#organization","name":"Innotec","url":"https:\/\/innotecgrupo.com\/industria-empresa\/","logo":{"@type":"ImageObject","inLanguage":"es","@id":"https:\/\/innotecgrupo.com\/industria-empresa\/#\/schema\/logo\/image\/","url":"https:\/\/innotecgrupo.com\/industria-empresa\/wp-content\/uploads\/2022\/01\/logo-innotec.png","contentUrl":"https:\/\/innotecgrupo.com\/industria-empresa\/wp-content\/uploads\/2022\/01\/logo-innotec.png","width":166,"height":31,"caption":"Innotec"},"image":{"@id":"https:\/\/innotecgrupo.com\/industria-empresa\/#\/schema\/logo\/image\/"}},{"@type":"Person","@id":"https:\/\/innotecgrupo.com\/industria-empresa\/#\/schema\/person\/cd83faa3aecd59ea2de1fcb467a88501","name":"Manuel Bernal (Socio Fundador)","description":"Ingeniero Industrial MBA en CESTE","sameAs":["https:\/\/www.linkedin.com\/in\/manuel-bernal-innotec\/"],"url":"https:\/\/innotecgrupo.com\/industria-empresa\/blog\/author\/manuel-bernal\/"}]}},"_links":{"self":[{"href":"https:\/\/innotecgrupo.com\/industria-empresa\/wp-json\/wp\/v2\/posts\/19749","targetHints":{"allow":["GET"]}}],"collection":[{"href":"https:\/\/innotecgrupo.com\/industria-empresa\/wp-json\/wp\/v2\/posts"}],"about":[{"href":"https:\/\/innotecgrupo.com\/industria-empresa\/wp-json\/wp\/v2\/types\/post"}],"author":[{"embeddable":true,"href":"https:\/\/innotecgrupo.com\/industria-empresa\/wp-json\/wp\/v2\/users\/9"}],"replies":[{"embeddable":true,"href":"https:\/\/innotecgrupo.com\/industria-empresa\/wp-json\/wp\/v2\/comments?post=19749"}],"version-history":[{"count":8,"href":"https:\/\/innotecgrupo.com\/industria-empresa\/wp-json\/wp\/v2\/posts\/19749\/revisions"}],"predecessor-version":[{"id":19770,"href":"https:\/\/innotecgrupo.com\/industria-empresa\/wp-json\/wp\/v2\/posts\/19749\/revisions\/19770"}],"wp:featuredmedia":[{"embeddable":true,"href":"https:\/\/innotecgrupo.com\/industria-empresa\/wp-json\/wp\/v2\/media\/19775"}],"wp:attachment":[{"href":"https:\/\/innotecgrupo.com\/industria-empresa\/wp-json\/wp\/v2\/media?parent=19749"}],"wp:term":[{"taxonomy":"category","embeddable":true,"href":"https:\/\/innotecgrupo.com\/industria-empresa\/wp-json\/wp\/v2\/categories?post=19749"},{"taxonomy":"post_tag","embeddable":true,"href":"https:\/\/innotecgrupo.com\/industria-empresa\/wp-json\/wp\/v2\/tags?post=19749"}],"curies":[{"name":"wp","href":"https:\/\/api.w.org\/{rel}","templated":true}]}}