{"id":12443,"date":"2023-07-14T10:11:41","date_gmt":"2023-07-14T10:11:41","guid":{"rendered":"https:\/\/greenyellow-alligator-204266.hostingersite.com\/industria-empresa\/?p=12443"},"modified":"2023-07-27T11:04:02","modified_gmt":"2023-07-27T11:04:02","slug":"plan-nacional-clima-21-30-futuro","status":"publish","type":"post","link":"https:\/\/innotecgrupo.com\/industria-empresa\/blog\/plan-nacional-clima-21-30-futuro\/","title":{"rendered":"Plan nacional integrado de energ\u00eda y clima 2021-2030. Hacia un nuevo horizonte energ\u00e9tico."},"content":{"rendered":"\n<p>Como <a href=\"https:\/\/greenyellow-alligator-204266.hostingersite.com\/industria-empresa\/instalaciones-profesionales\/\">empresa de climatizaci\u00f3n<\/a> comprometida con la <strong>instalaci\u00f3n de las soluciones m\u00e1s eficientes tanto en calefacci\u00f3n como en aire acondicionad<\/strong>o, de forma f\u00e1cil y profesional, la transici\u00f3n hacia una econom\u00eda m\u00e1s sostenible y respetuosa con el medio ambiente es una de las grandes prioridades para Innotec y por supuesto, de nuestro tiempo. <\/p>\n\n\n\n<p>En este sentido, el borrador actualizado del <strong>Plan Nacional Integrado de Energ\u00eda y Clima 2021-2030<\/strong> es una hoja de ruta que marca el camino hacia una econom\u00eda m\u00e1s eficiente y menos contaminante. <\/p>\n\n\n\n<div style=\"height:10px\" aria-hidden=\"true\" class=\"wp-block-spacer\"><\/div>\n\n\n\n<h2 class=\"wp-block-heading\">Medidas y objetivos para mejorar la eficiencia energ\u00e9tica en los edificios existentes<\/h2>\n\n\n\n<div style=\"height:10px\" aria-hidden=\"true\" class=\"wp-block-spacer\"><\/div>\n\n\n\n<p>Uno de los aspectos m\u00e1s destacados de este plan es la importancia que se le da a la eficiencia energ\u00e9tica y a la rehabilitaci\u00f3n de edificios.<\/p>\n\n\n\n<p>En este sentido, se establecen una serie de <strong>medidas y objetivos concretos que buscan mejorar la eficiencia energ\u00e9tica<\/strong> de los edificios existentes y fomentar la construcci\u00f3n de edificios de alta eficiencia energ\u00e9tica. <\/p>\n\n\n\n<div style=\"height:10px\" aria-hidden=\"true\" class=\"wp-block-spacer\"><\/div>\n\n\n\n<p class=\"has-primary-background-color has-background\">En concreto, el plan establece que se debe reducir el consumo de energ\u00eda final en edificios en un 39,5% en 2030 respecto a los niveles de 2005. Para lograr este objetivo, se establecen una serie de medidas que buscan:<\/p>\n\n\n\n<div style=\"height:10px\" aria-hidden=\"true\" class=\"wp-block-spacer\"><\/div>\n\n\n\n<ul class=\"wp-block-list\">\n<li>mejorar la envolvente t\u00e9rmica de los edificios.<\/li>\n\n\n\n<li>fomentar la instalaci\u00f3n de sistemas de climatizaci\u00f3n eficientes y&nbsp;<\/li>\n\n\n\n<li>promover el uso de energ\u00edas renovables en los edificios.<\/li>\n<\/ul>\n\n\n\n<div style=\"height:20px\" aria-hidden=\"true\" class=\"wp-block-spacer\"><\/div>\n\n\n\n<p>Adem\u00e1s, el plan establece que se debe <strong>fomentar la rehabilitaci\u00f3n de edificios existentes<\/strong> para mejorar su eficiencia energ\u00e9tica. En este sentido, se establecen una serie de medidas que buscan facilitar el acceso a financiaci\u00f3n para la rehabilitaci\u00f3n de edificios y promover la realizaci\u00f3n de auditor\u00edas energ\u00e9ticas en los edificios existentes.<\/p>\n\n\n\n<div style=\"height:10px\" aria-hidden=\"true\" class=\"wp-block-spacer\"><\/div>\n\n\n\n<h2 class=\"wp-block-heading\">Electrificaci\u00f3n de la econom\u00eda<\/h2>\n\n\n\n<div style=\"height:10px\" aria-hidden=\"true\" class=\"wp-block-spacer\"><\/div>\n\n\n\n<p>Otro aspecto destacado del plan es la importancia que se le da a la electrificaci\u00f3n de la econom\u00eda. En este sentido, se establece que se debe <strong>aumentar el consumo final de electricidad del 23% en 2015 al 27% en 2030<\/strong>. <\/p>\n\n\n\n<div style=\"height:10px\" aria-hidden=\"true\" class=\"wp-block-spacer\"><\/div>\n\n\n\n<p class=\"has-primary-background-color has-background\">Para lograr este objetivo, se establecen una serie de medidas que buscan fomentar la<strong> electrificaci\u00f3n del transporte, la industria y los edificios<\/strong>. En concreto, se establece que se debe:<\/p>\n\n\n\n<div style=\"height:10px\" aria-hidden=\"true\" class=\"wp-block-spacer\"><\/div>\n\n\n\n<ul class=\"wp-block-list\">\n<li>fomentar la instalaci\u00f3n de puntos de recarga para veh\u00edculos el\u00e9ctricos.<\/li>\n\n\n\n<li>promover la renovaci\u00f3n de flotas de transporte p\u00fablico y<\/li>\n\n\n\n<li>fomentar la electrificaci\u00f3n del sector industrial.<\/li>\n<\/ul>\n\n\n\n<div style=\"height:10px\" aria-hidden=\"true\" class=\"wp-block-spacer\"><\/div>\n\n\n\n<p>Adem\u00e1s, se establecen medidas para fomentar la generaci\u00f3n de energ\u00eda el\u00e9ctrica a partir de fuentes renovables, como la energ\u00eda e\u00f3lica y solar.<\/p>\n\n\n\n<div style=\"height:10px\" aria-hidden=\"true\" class=\"wp-block-spacer\"><\/div>\n\n\n\n<h2 class=\"wp-block-heading\">Movilidad sostenible<\/h2>\n\n\n\n<div style=\"height:10px\" aria-hidden=\"true\" class=\"wp-block-spacer\"><\/div>\n\n\n\n<p>Otro aspecto destacado del plan es la importancia que se le da a la movilidad sostenible. En este sentido, se establece que se debe <strong>fomentar el uso de medios de transporte m\u00e1s sostenibles,<\/strong> como la bicicleta y el transporte p\u00fablico. Adem\u00e1s, se establecen medidas para fomentar:<\/p>\n\n\n\n<ul class=\"wp-block-list\">\n<li>la renovaci\u00f3n de flotas de transporte p\u00fablico y<\/li>\n\n\n\n<li>la electrificaci\u00f3n del transporte.<\/li>\n<\/ul>\n\n\n\n<div style=\"height:20px\" aria-hidden=\"true\" class=\"wp-block-spacer\"><\/div>\n\n\n\n<h2 class=\"wp-block-heading\">Fuentes renovables<\/h2>\n\n\n\n<div style=\"height:10px\" aria-hidden=\"true\" class=\"wp-block-spacer\"><\/div>\n\n\n\n<p>En cuanto a la generaci\u00f3n de energ\u00eda el\u00e9ctrica, el plan establece que se debe<strong> fomentar la generaci\u00f3n de energ\u00eda a partir de fuentes renovables<\/strong>, como la energ\u00eda e\u00f3lica y solar. <\/p>\n\n\n\n<p>En concreto, se establece que <strong>se debe alcanzar una potencia total instalada en el sector el\u00e9ctrico de 160.837 MW en 2030<\/strong>, de los cuales 50.333 ser\u00e1n energ\u00eda e\u00f3lica, 39.181 solar fotovoltaica, 26.612 centrales de ciclo combinado de gas, 17.296 hidr\u00e1ulica y bombeo mixto y 7.303 solar termoel\u00e9ctrica.<\/p>\n\n\n\n<div style=\"height:10px\" aria-hidden=\"true\" class=\"wp-block-spacer\"><\/div>\n\n\n\n<h2 class=\"wp-block-heading\">Reducci\u00f3n de gases de efecto invernadero<\/h2>\n\n\n\n<div style=\"height:10px\" aria-hidden=\"true\" class=\"wp-block-spacer\"><\/div>\n\n\n\n<p>En cuanto a la reducci\u00f3n de emisiones de gases de efecto invernadero, el plan establece que se debe <strong>reducir las emisiones de gases de efecto invernadero en un 23% en 2030<\/strong> respecto a los niveles de 1990. Para lograr este objetivo, se establecen una serie de medidas que buscan reducir las emisiones en los sectores de la energ\u00eda, el transporte, la industria y la agricultura.<\/p>\n\n\n\n<ul class=\"wp-block-list\">\n<li>En el sector de la energ\u00eda, se establecen medidas para fomentar la generaci\u00f3n de energ\u00eda a partir de fuentes renovables y reducir la dependencia de los combustibles f\u00f3siles.<\/li>\n\n\n\n<li>En el sector del transporte, se establecen medidas para fomentar la movilidad sostenible y reducir las emisiones de los veh\u00edculos.<\/li>\n\n\n\n<li>En el sector industrial, se establecen medidas para fomentar la eficiencia energ\u00e9tica y reducir las emisiones de los procesos industriales.<\/li>\n\n\n\n<li>En el sector agr\u00edcola, se establecen medidas para fomentar pr\u00e1cticas agr\u00edcolas m\u00e1s sostenibles y reducir las emisiones de metano y \u00f3xido nitroso.<\/li>\n<\/ul>\n\n\n\n<div style=\"height:20px\" aria-hidden=\"true\" class=\"wp-block-spacer\"><\/div>\n\n\n\n<figure class=\"wp-block-image size-large\"><img fetchpriority=\"high\" decoding=\"async\" width=\"1024\" height=\"686\" src=\"https:\/\/greenyellow-alligator-204266.hostingersite.com\/industria-empresa\/wp-content\/uploads\/2023\/07\/horizonte-energetico-1024x686.jpg\" alt=\"nuevo horizonte energ\u00e9tico\" class=\"wp-image-12456\" srcset=\"https:\/\/innotecgrupo.com\/industria-empresa\/wp-content\/uploads\/2023\/07\/horizonte-energetico-1024x686.jpg 1024w, https:\/\/innotecgrupo.com\/industria-empresa\/wp-content\/uploads\/2023\/07\/horizonte-energetico-300x201.jpg 300w, https:\/\/innotecgrupo.com\/industria-empresa\/wp-content\/uploads\/2023\/07\/horizonte-energetico-768x514.jpg 768w, https:\/\/innotecgrupo.com\/industria-empresa\/wp-content\/uploads\/2023\/07\/horizonte-energetico-1200x803.jpg 1200w, https:\/\/innotecgrupo.com\/industria-empresa\/wp-content\/uploads\/2023\/07\/horizonte-energetico.jpg 1410w\" sizes=\"(max-width: 1024px) 100vw, 1024px\" \/><\/figure>\n\n\n\n<div style=\"height:20px\" aria-hidden=\"true\" class=\"wp-block-spacer\"><\/div>\n\n\n\n<h2 class=\"wp-block-heading\">Financiaci\u00f3n de la transici\u00f3n energ\u00e9tica<\/h2>\n\n\n\n<div style=\"height:10px\" aria-hidden=\"true\" class=\"wp-block-spacer\"><\/div>\n\n\n\n<p>En cuanto a la financiaci\u00f3n de la transici\u00f3n energ\u00e9tica, el plan establece que<strong> la inversi\u00f3n total requerida para la transformaci\u00f3n del sector el\u00e9ctrico (renovables y redes) sobrepasar\u00e1 los 150.000 millones de euros a lo largo de la d\u00e9cada 2021-2030<\/strong>. Esta inversi\u00f3n ser\u00e1 realizada mayoritariamente por el sector privado, aunque se establecen medidas para fomentar la inversi\u00f3n p\u00fablica y la colaboraci\u00f3n p\u00fablico-privada.<\/p>\n\n\n\n<blockquote class=\"wp-block-quote is-layout-flow wp-block-quote-is-layout-flow\">\n<p>En definitiva, el borrador actualizado del Plan Nacional Integrado de Energ\u00eda y Clima 2021-2030 es una hoja de ruta que marca el camino hacia una econom\u00eda m\u00e1s eficiente y menos contaminante. <\/p>\n<\/blockquote>\n\n\n\n<p>La importancia que se le da a la eficiencia energ\u00e9tica y a la rehabilitaci\u00f3n de edificios es especialmente destacable, ya que estos aspectos tienen un gran potencial para <strong>reducir el consumo de energ\u00eda y las emisiones de gases de efecto invernadero<\/strong>. <\/p>\n\n\n\n<p>Adem\u00e1s, la importancia que se le da a la electrificaci\u00f3n de la econom\u00eda y a la movilidad sostenible son aspectos clave para lograr una transici\u00f3n energ\u00e9tica exitosa. En definitiva, se trata de un plan ambicioso y necesario para<strong> hacer frente al reto del cambio clim\u00e1tico<\/strong> y construir un futuro m\u00e1s sostenible.<\/p>\n","protected":false},"excerpt":{"rendered":"<p>Como empresa de climatizaci\u00f3n comprometida con la instalaci\u00f3n de las soluciones m\u00e1s eficientes tanto en calefacci\u00f3n como en aire acondicionado, de forma f\u00e1cil y profesional, la transici\u00f3n hacia una econom\u00eda m\u00e1s sostenible y respetuosa con el medio ambiente es una de las grandes prioridades para Innotec y por supuesto, de nuestro tiempo. En este sentido, [&hellip;]<\/p>\n","protected":false},"author":9,"featured_media":12456,"comment_status":"closed","ping_status":"open","sticky":false,"template":"","format":"standard","meta":{"_acf_changed":false,"footnotes":""},"categories":[1],"tags":[],"class_list":["post-12443","post","type-post","status-publish","format-standard","has-post-thumbnail","hentry","category-industria-empresa"],"acf":[],"yoast_head":"<!-- This site is optimized with the Yoast SEO plugin v27.3 - https:\/\/yoast.com\/product\/yoast-seo-wordpress\/ -->\n<title>Plan nacional integrado de energ\u00eda y clima 2021-2030. Hacia un nuevo horizonte energ\u00e9tico. | Innotec<\/title>\n<meta name=\"robots\" content=\"index, follow, max-snippet:-1, max-image-preview:large, max-video-preview:-1\" \/>\n<link rel=\"canonical\" href=\"https:\/\/innotecgrupo.com\/industria-empresa\/blog\/plan-nacional-clima-21-30-futuro\/\" \/>\n<meta property=\"og:locale\" content=\"es_ES\" \/>\n<meta property=\"og:type\" content=\"article\" \/>\n<meta property=\"og:title\" content=\"Plan nacional integrado de energ\u00eda y clima 2021-2030. Hacia un nuevo horizonte energ\u00e9tico. | Innotec\" \/>\n<meta property=\"og:description\" content=\"Como empresa de climatizaci\u00f3n comprometida con la instalaci\u00f3n de las soluciones m\u00e1s eficientes tanto en calefacci\u00f3n como en aire acondicionado, de forma f\u00e1cil y profesional, la transici\u00f3n hacia una econom\u00eda m\u00e1s sostenible y respetuosa con el medio ambiente es una de las grandes prioridades para Innotec y por supuesto, de nuestro tiempo. En este sentido, [&hellip;]\" \/>\n<meta property=\"og:url\" content=\"https:\/\/innotecgrupo.com\/industria-empresa\/blog\/plan-nacional-clima-21-30-futuro\/\" \/>\n<meta property=\"og:site_name\" content=\"Innotec\" \/>\n<meta property=\"article:published_time\" content=\"2023-07-14T10:11:41+00:00\" \/>\n<meta property=\"article:modified_time\" content=\"2023-07-27T11:04:02+00:00\" \/>\n<meta property=\"og:image\" content=\"https:\/\/innotecgrupo.com\/industria-empresa\/wp-content\/uploads\/2023\/07\/horizonte-energetico.jpg\" \/>\n\t<meta property=\"og:image:width\" content=\"1410\" \/>\n\t<meta property=\"og:image:height\" content=\"944\" \/>\n\t<meta property=\"og:image:type\" content=\"image\/jpeg\" \/>\n<meta name=\"author\" content=\"Manuel Bernal (Socio Fundador)\" \/>\n<meta name=\"twitter:card\" content=\"summary_large_image\" \/>\n<meta name=\"twitter:label1\" content=\"Escrito por\" \/>\n\t<meta name=\"twitter:data1\" content=\"Manuel Bernal (Socio Fundador)\" \/>\n\t<meta name=\"twitter:label2\" content=\"Tiempo de lectura\" \/>\n\t<meta name=\"twitter:data2\" content=\"5 minutos\" \/>\n<script type=\"application\/ld+json\" class=\"yoast-schema-graph\">{\"@context\":\"https:\\\/\\\/schema.org\",\"@graph\":[{\"@type\":\"Article\",\"@id\":\"https:\\\/\\\/innotecgrupo.com\\\/industria-empresa\\\/blog\\\/plan-nacional-clima-21-30-futuro\\\/#article\",\"isPartOf\":{\"@id\":\"https:\\\/\\\/innotecgrupo.com\\\/industria-empresa\\\/blog\\\/plan-nacional-clima-21-30-futuro\\\/\"},\"author\":{\"name\":\"Manuel Bernal (Socio Fundador)\",\"@id\":\"https:\\\/\\\/innotecgrupo.com\\\/industria-empresa\\\/#\\\/schema\\\/person\\\/cd83faa3aecd59ea2de1fcb467a88501\"},\"headline\":\"Plan nacional integrado de energ\u00eda y clima 2021-2030. Hacia un nuevo horizonte energ\u00e9tico.\",\"datePublished\":\"2023-07-14T10:11:41+00:00\",\"dateModified\":\"2023-07-27T11:04:02+00:00\",\"mainEntityOfPage\":{\"@id\":\"https:\\\/\\\/innotecgrupo.com\\\/industria-empresa\\\/blog\\\/plan-nacional-clima-21-30-futuro\\\/\"},\"wordCount\":983,\"publisher\":{\"@id\":\"https:\\\/\\\/innotecgrupo.com\\\/industria-empresa\\\/#organization\"},\"image\":{\"@id\":\"https:\\\/\\\/innotecgrupo.com\\\/industria-empresa\\\/blog\\\/plan-nacional-clima-21-30-futuro\\\/#primaryimage\"},\"thumbnailUrl\":\"https:\\\/\\\/innotecgrupo.com\\\/industria-empresa\\\/wp-content\\\/uploads\\\/2023\\\/07\\\/horizonte-energetico.jpg\",\"articleSection\":[\"Industria y empresa\"],\"inLanguage\":\"es\"},{\"@type\":\"WebPage\",\"@id\":\"https:\\\/\\\/innotecgrupo.com\\\/industria-empresa\\\/blog\\\/plan-nacional-clima-21-30-futuro\\\/\",\"url\":\"https:\\\/\\\/innotecgrupo.com\\\/industria-empresa\\\/blog\\\/plan-nacional-clima-21-30-futuro\\\/\",\"name\":\"Plan nacional integrado de energ\u00eda y clima 2021-2030. Hacia un nuevo horizonte energ\u00e9tico. | Innotec\",\"isPartOf\":{\"@id\":\"https:\\\/\\\/innotecgrupo.com\\\/industria-empresa\\\/#website\"},\"primaryImageOfPage\":{\"@id\":\"https:\\\/\\\/innotecgrupo.com\\\/industria-empresa\\\/blog\\\/plan-nacional-clima-21-30-futuro\\\/#primaryimage\"},\"image\":{\"@id\":\"https:\\\/\\\/innotecgrupo.com\\\/industria-empresa\\\/blog\\\/plan-nacional-clima-21-30-futuro\\\/#primaryimage\"},\"thumbnailUrl\":\"https:\\\/\\\/innotecgrupo.com\\\/industria-empresa\\\/wp-content\\\/uploads\\\/2023\\\/07\\\/horizonte-energetico.jpg\",\"datePublished\":\"2023-07-14T10:11:41+00:00\",\"dateModified\":\"2023-07-27T11:04:02+00:00\",\"breadcrumb\":{\"@id\":\"https:\\\/\\\/innotecgrupo.com\\\/industria-empresa\\\/blog\\\/plan-nacional-clima-21-30-futuro\\\/#breadcrumb\"},\"inLanguage\":\"es\",\"potentialAction\":[{\"@type\":\"ReadAction\",\"target\":[\"https:\\\/\\\/innotecgrupo.com\\\/industria-empresa\\\/blog\\\/plan-nacional-clima-21-30-futuro\\\/\"]}]},{\"@type\":\"ImageObject\",\"inLanguage\":\"es\",\"@id\":\"https:\\\/\\\/innotecgrupo.com\\\/industria-empresa\\\/blog\\\/plan-nacional-clima-21-30-futuro\\\/#primaryimage\",\"url\":\"https:\\\/\\\/innotecgrupo.com\\\/industria-empresa\\\/wp-content\\\/uploads\\\/2023\\\/07\\\/horizonte-energetico.jpg\",\"contentUrl\":\"https:\\\/\\\/innotecgrupo.com\\\/industria-empresa\\\/wp-content\\\/uploads\\\/2023\\\/07\\\/horizonte-energetico.jpg\",\"width\":1410,\"height\":944,\"caption\":\"nuevo horizonte energ\u00e9tico\"},{\"@type\":\"BreadcrumbList\",\"@id\":\"https:\\\/\\\/innotecgrupo.com\\\/industria-empresa\\\/blog\\\/plan-nacional-clima-21-30-futuro\\\/#breadcrumb\",\"itemListElement\":[{\"@type\":\"ListItem\",\"position\":1,\"name\":\"Portada\",\"item\":\"https:\\\/\\\/innotecgrupo.com\\\/industria-empresa\\\/\"},{\"@type\":\"ListItem\",\"position\":2,\"name\":\"Plan nacional integrado de energ\u00eda y clima 2021-2030. Hacia un nuevo horizonte energ\u00e9tico.\"}]},{\"@type\":\"WebSite\",\"@id\":\"https:\\\/\\\/innotecgrupo.com\\\/industria-empresa\\\/#website\",\"url\":\"https:\\\/\\\/innotecgrupo.com\\\/industria-empresa\\\/\",\"name\":\"Innotec Grupo\",\"description\":\"CLIMATIZACI\u00d3N ENFOCADA AL BIENESTAR INTEGRAL\",\"publisher\":{\"@id\":\"https:\\\/\\\/innotecgrupo.com\\\/industria-empresa\\\/#organization\"},\"potentialAction\":[{\"@type\":\"SearchAction\",\"target\":{\"@type\":\"EntryPoint\",\"urlTemplate\":\"https:\\\/\\\/innotecgrupo.com\\\/industria-empresa\\\/?s={search_term_string}\"},\"query-input\":{\"@type\":\"PropertyValueSpecification\",\"valueRequired\":true,\"valueName\":\"search_term_string\"}}],\"inLanguage\":\"es\"},{\"@type\":\"Organization\",\"@id\":\"https:\\\/\\\/innotecgrupo.com\\\/industria-empresa\\\/#organization\",\"name\":\"Innotec\",\"url\":\"https:\\\/\\\/innotecgrupo.com\\\/industria-empresa\\\/\",\"logo\":{\"@type\":\"ImageObject\",\"inLanguage\":\"es\",\"@id\":\"https:\\\/\\\/innotecgrupo.com\\\/industria-empresa\\\/#\\\/schema\\\/logo\\\/image\\\/\",\"url\":\"https:\\\/\\\/innotecgrupo.com\\\/industria-empresa\\\/wp-content\\\/uploads\\\/2022\\\/01\\\/logo-innotec.png\",\"contentUrl\":\"https:\\\/\\\/innotecgrupo.com\\\/industria-empresa\\\/wp-content\\\/uploads\\\/2022\\\/01\\\/logo-innotec.png\",\"width\":166,\"height\":31,\"caption\":\"Innotec\"},\"image\":{\"@id\":\"https:\\\/\\\/innotecgrupo.com\\\/industria-empresa\\\/#\\\/schema\\\/logo\\\/image\\\/\"}},{\"@type\":\"Person\",\"@id\":\"https:\\\/\\\/innotecgrupo.com\\\/industria-empresa\\\/#\\\/schema\\\/person\\\/cd83faa3aecd59ea2de1fcb467a88501\",\"name\":\"Manuel Bernal (Socio Fundador)\",\"description\":\"Ingeniero Industrial MBA en CESTE\",\"sameAs\":[\"https:\\\/\\\/www.linkedin.com\\\/in\\\/manuel-bernal-innotec\\\/\"],\"url\":\"https:\\\/\\\/innotecgrupo.com\\\/industria-empresa\\\/blog\\\/author\\\/manuel-bernal\\\/\"}]}<\/script>\n<!-- \/ Yoast SEO plugin. -->","yoast_head_json":{"title":"Plan nacional integrado de energ\u00eda y clima 2021-2030. Hacia un nuevo horizonte energ\u00e9tico. | Innotec","robots":{"index":"index","follow":"follow","max-snippet":"max-snippet:-1","max-image-preview":"max-image-preview:large","max-video-preview":"max-video-preview:-1"},"canonical":"https:\/\/innotecgrupo.com\/industria-empresa\/blog\/plan-nacional-clima-21-30-futuro\/","og_locale":"es_ES","og_type":"article","og_title":"Plan nacional integrado de energ\u00eda y clima 2021-2030. Hacia un nuevo horizonte energ\u00e9tico. | Innotec","og_description":"Como empresa de climatizaci\u00f3n comprometida con la instalaci\u00f3n de las soluciones m\u00e1s eficientes tanto en calefacci\u00f3n como en aire acondicionado, de forma f\u00e1cil y profesional, la transici\u00f3n hacia una econom\u00eda m\u00e1s sostenible y respetuosa con el medio ambiente es una de las grandes prioridades para Innotec y por supuesto, de nuestro tiempo. En este sentido, [&hellip;]","og_url":"https:\/\/innotecgrupo.com\/industria-empresa\/blog\/plan-nacional-clima-21-30-futuro\/","og_site_name":"Innotec","article_published_time":"2023-07-14T10:11:41+00:00","article_modified_time":"2023-07-27T11:04:02+00:00","og_image":[{"width":1410,"height":944,"url":"https:\/\/innotecgrupo.com\/industria-empresa\/wp-content\/uploads\/2023\/07\/horizonte-energetico.jpg","type":"image\/jpeg"}],"author":"Manuel Bernal (Socio Fundador)","twitter_card":"summary_large_image","twitter_misc":{"Escrito por":"Manuel Bernal (Socio Fundador)","Tiempo de lectura":"5 minutos"},"schema":{"@context":"https:\/\/schema.org","@graph":[{"@type":"Article","@id":"https:\/\/innotecgrupo.com\/industria-empresa\/blog\/plan-nacional-clima-21-30-futuro\/#article","isPartOf":{"@id":"https:\/\/innotecgrupo.com\/industria-empresa\/blog\/plan-nacional-clima-21-30-futuro\/"},"author":{"name":"Manuel Bernal (Socio Fundador)","@id":"https:\/\/innotecgrupo.com\/industria-empresa\/#\/schema\/person\/cd83faa3aecd59ea2de1fcb467a88501"},"headline":"Plan nacional integrado de energ\u00eda y clima 2021-2030. Hacia un nuevo horizonte energ\u00e9tico.","datePublished":"2023-07-14T10:11:41+00:00","dateModified":"2023-07-27T11:04:02+00:00","mainEntityOfPage":{"@id":"https:\/\/innotecgrupo.com\/industria-empresa\/blog\/plan-nacional-clima-21-30-futuro\/"},"wordCount":983,"publisher":{"@id":"https:\/\/innotecgrupo.com\/industria-empresa\/#organization"},"image":{"@id":"https:\/\/innotecgrupo.com\/industria-empresa\/blog\/plan-nacional-clima-21-30-futuro\/#primaryimage"},"thumbnailUrl":"https:\/\/innotecgrupo.com\/industria-empresa\/wp-content\/uploads\/2023\/07\/horizonte-energetico.jpg","articleSection":["Industria y empresa"],"inLanguage":"es"},{"@type":"WebPage","@id":"https:\/\/innotecgrupo.com\/industria-empresa\/blog\/plan-nacional-clima-21-30-futuro\/","url":"https:\/\/innotecgrupo.com\/industria-empresa\/blog\/plan-nacional-clima-21-30-futuro\/","name":"Plan nacional integrado de energ\u00eda y clima 2021-2030. Hacia un nuevo horizonte energ\u00e9tico. | Innotec","isPartOf":{"@id":"https:\/\/innotecgrupo.com\/industria-empresa\/#website"},"primaryImageOfPage":{"@id":"https:\/\/innotecgrupo.com\/industria-empresa\/blog\/plan-nacional-clima-21-30-futuro\/#primaryimage"},"image":{"@id":"https:\/\/innotecgrupo.com\/industria-empresa\/blog\/plan-nacional-clima-21-30-futuro\/#primaryimage"},"thumbnailUrl":"https:\/\/innotecgrupo.com\/industria-empresa\/wp-content\/uploads\/2023\/07\/horizonte-energetico.jpg","datePublished":"2023-07-14T10:11:41+00:00","dateModified":"2023-07-27T11:04:02+00:00","breadcrumb":{"@id":"https:\/\/innotecgrupo.com\/industria-empresa\/blog\/plan-nacional-clima-21-30-futuro\/#breadcrumb"},"inLanguage":"es","potentialAction":[{"@type":"ReadAction","target":["https:\/\/innotecgrupo.com\/industria-empresa\/blog\/plan-nacional-clima-21-30-futuro\/"]}]},{"@type":"ImageObject","inLanguage":"es","@id":"https:\/\/innotecgrupo.com\/industria-empresa\/blog\/plan-nacional-clima-21-30-futuro\/#primaryimage","url":"https:\/\/innotecgrupo.com\/industria-empresa\/wp-content\/uploads\/2023\/07\/horizonte-energetico.jpg","contentUrl":"https:\/\/innotecgrupo.com\/industria-empresa\/wp-content\/uploads\/2023\/07\/horizonte-energetico.jpg","width":1410,"height":944,"caption":"nuevo horizonte energ\u00e9tico"},{"@type":"BreadcrumbList","@id":"https:\/\/innotecgrupo.com\/industria-empresa\/blog\/plan-nacional-clima-21-30-futuro\/#breadcrumb","itemListElement":[{"@type":"ListItem","position":1,"name":"Portada","item":"https:\/\/innotecgrupo.com\/industria-empresa\/"},{"@type":"ListItem","position":2,"name":"Plan nacional integrado de energ\u00eda y clima 2021-2030. Hacia un nuevo horizonte energ\u00e9tico."}]},{"@type":"WebSite","@id":"https:\/\/innotecgrupo.com\/industria-empresa\/#website","url":"https:\/\/innotecgrupo.com\/industria-empresa\/","name":"Innotec Grupo","description":"CLIMATIZACI\u00d3N ENFOCADA AL BIENESTAR INTEGRAL","publisher":{"@id":"https:\/\/innotecgrupo.com\/industria-empresa\/#organization"},"potentialAction":[{"@type":"SearchAction","target":{"@type":"EntryPoint","urlTemplate":"https:\/\/innotecgrupo.com\/industria-empresa\/?s={search_term_string}"},"query-input":{"@type":"PropertyValueSpecification","valueRequired":true,"valueName":"search_term_string"}}],"inLanguage":"es"},{"@type":"Organization","@id":"https:\/\/innotecgrupo.com\/industria-empresa\/#organization","name":"Innotec","url":"https:\/\/innotecgrupo.com\/industria-empresa\/","logo":{"@type":"ImageObject","inLanguage":"es","@id":"https:\/\/innotecgrupo.com\/industria-empresa\/#\/schema\/logo\/image\/","url":"https:\/\/innotecgrupo.com\/industria-empresa\/wp-content\/uploads\/2022\/01\/logo-innotec.png","contentUrl":"https:\/\/innotecgrupo.com\/industria-empresa\/wp-content\/uploads\/2022\/01\/logo-innotec.png","width":166,"height":31,"caption":"Innotec"},"image":{"@id":"https:\/\/innotecgrupo.com\/industria-empresa\/#\/schema\/logo\/image\/"}},{"@type":"Person","@id":"https:\/\/innotecgrupo.com\/industria-empresa\/#\/schema\/person\/cd83faa3aecd59ea2de1fcb467a88501","name":"Manuel Bernal (Socio Fundador)","description":"Ingeniero Industrial MBA en CESTE","sameAs":["https:\/\/www.linkedin.com\/in\/manuel-bernal-innotec\/"],"url":"https:\/\/innotecgrupo.com\/industria-empresa\/blog\/author\/manuel-bernal\/"}]}},"_links":{"self":[{"href":"https:\/\/innotecgrupo.com\/industria-empresa\/wp-json\/wp\/v2\/posts\/12443","targetHints":{"allow":["GET"]}}],"collection":[{"href":"https:\/\/innotecgrupo.com\/industria-empresa\/wp-json\/wp\/v2\/posts"}],"about":[{"href":"https:\/\/innotecgrupo.com\/industria-empresa\/wp-json\/wp\/v2\/types\/post"}],"author":[{"embeddable":true,"href":"https:\/\/innotecgrupo.com\/industria-empresa\/wp-json\/wp\/v2\/users\/9"}],"replies":[{"embeddable":true,"href":"https:\/\/innotecgrupo.com\/industria-empresa\/wp-json\/wp\/v2\/comments?post=12443"}],"version-history":[{"count":13,"href":"https:\/\/innotecgrupo.com\/industria-empresa\/wp-json\/wp\/v2\/posts\/12443\/revisions"}],"predecessor-version":[{"id":12471,"href":"https:\/\/innotecgrupo.com\/industria-empresa\/wp-json\/wp\/v2\/posts\/12443\/revisions\/12471"}],"wp:featuredmedia":[{"embeddable":true,"href":"https:\/\/innotecgrupo.com\/industria-empresa\/wp-json\/wp\/v2\/media\/12456"}],"wp:attachment":[{"href":"https:\/\/innotecgrupo.com\/industria-empresa\/wp-json\/wp\/v2\/media?parent=12443"}],"wp:term":[{"taxonomy":"category","embeddable":true,"href":"https:\/\/innotecgrupo.com\/industria-empresa\/wp-json\/wp\/v2\/categories?post=12443"},{"taxonomy":"post_tag","embeddable":true,"href":"https:\/\/innotecgrupo.com\/industria-empresa\/wp-json\/wp\/v2\/tags?post=12443"}],"curies":[{"name":"wp","href":"https:\/\/api.w.org\/{rel}","templated":true}]}}