{"id":12430,"date":"2023-07-21T19:06:36","date_gmt":"2023-07-21T19:06:36","guid":{"rendered":"https:\/\/greenyellow-alligator-204266.hostingersite.com\/industria-empresa\/?p=12430"},"modified":"2025-09-11T12:45:18","modified_gmt":"2025-09-11T10:45:18","slug":"climatizacion-industrial-futuro-gases-fluorados","status":"publish","type":"post","link":"https:\/\/innotecgrupo.com\/industria-empresa\/blog\/climatizacion-industrial-futuro-gases-fluorados\/","title":{"rendered":"Climatizaci\u00f3n Industrial: \u00bfhacia d\u00f3nde se dirige la normativa que regula el uso de gases fluorados?"},"content":{"rendered":"\n<p>Hoy vamos a hablar de un tema muy importante y actual: la <strong>revisi\u00f3n del Reglamento F-Gas<\/strong> que establecer\u00e1 las l\u00edneas maestras del uso de gases fluorados en el futuro pr\u00f3ximo.<\/p>\n\n\n\n<h2 class=\"wp-block-heading\">Revisi\u00f3n del Reglamento F-Gas<\/h2>\n\n\n\n<p>Antes de sumergirnos en los detalles, es importante destacar que<strong> el Reglamento F-Gas se refiere a los gases fluorados de efecto invernadero<\/strong>, que son utilizados en equipos de refrigeraci\u00f3n y aire acondicionado. <\/p>\n\n\n\n<div style=\"height:10px\" aria-hidden=\"true\" class=\"wp-block-spacer\"><\/div>\n\n\n\n<p class=\"has-primary-background-color has-background\">Estos gases <strong>tienen un alto potencial de calentamiento global y contribuyen al cambio clim\u00e1tico<\/strong>. La propuesta de revisi\u00f3n del Reglamento, presentada por la Comisi\u00f3n Europea en abril de 2022, est\u00e1 actualmente en negociaci\u00f3n entre el Parlamento Europeo y el Consejo Europeo. <\/p>\n\n\n\n<div style=\"height:10px\" aria-hidden=\"true\" class=\"wp-block-spacer\"><\/div>\n\n\n\n<p>Se espera que sea aprobada durante el segundo semestre de 2023, bajo la presidencia espa\u00f1ola de la Uni\u00f3n Europea. \u00a1Esto significa que pronto veremos cambios significativos en el sector de la climatizaci\u00f3n!<\/p>\n\n\n\n<h2 class=\"wp-block-heading\">Nuevos requisitos para el control de fugas en equipos de refrigeraci\u00f3n y aire acondicionado<\/h2>\n\n\n\n<p>Una de las medidas m\u00e1s destacadas es la<strong> introducci\u00f3n de nuevos requisitos para el control de fugas en equipos de refrigeraci\u00f3n y aire acondicionado<\/strong>. <\/p>\n\n\n\n<p>Anteriormente, s\u00f3lo se exig\u00eda el control de fugas en equipos que conten\u00edan ciertos gases fluorados. Sin embargo, con la revisi\u00f3n propuesta, <strong>se ampl\u00eda esta obligaci\u00f3n a equipos que contengan Hidroflorocarbonos insaturados (HFOs). <\/strong><\/p>\n\n\n\n<div style=\"height:10px\" aria-hidden=\"true\" class=\"wp-block-spacer\"><\/div>\n\n\n\n<p class=\"has-primary-background-color has-background\">Esto significa que los instaladores de refrigeraci\u00f3n y aire acondicionado deber\u00e1n realizar <strong>controles peri\u00f3dicos de fugas<\/strong> en una gama m\u00e1s amplia de equipos. \u00a1Es crucial para garantizar la eficiencia y la reducci\u00f3n de emisiones!<\/p>\n\n\n\n<div style=\"height:10px\" aria-hidden=\"true\" class=\"wp-block-spacer\"><\/div>\n\n\n\n<p>Adem\u00e1s, se establecer\u00e1n <strong>nuevas restricciones en el uso de gases fluorados <\/strong>para el <strong><a href=\"https:\/\/greenyellow-alligator-204266.hostingersite.com\/industria-empresa\/hogar\/mantenimiento-aire-acondicionado\/\">mantenimiento del aire acondicionado<\/a><\/strong> <strong>e instalaciones de climatizaci\u00f3n<\/strong>. Esto implica que los profesionales del sector deber\u00e1n adquirir formaci\u00f3n en tecnolog\u00edas alternativas para mantener la validez de sus certificados profesionales. \u00a1Es una oportunidad para aprender sobre nuevas soluciones m\u00e1s sostenibles y eficientes!<\/p>\n\n\n\n<p>Pero eso no es todo. Los fabricantes de equipos de refrigeraci\u00f3n, aire acondicionado y bombas de calor tambi\u00e9n se ver\u00e1n afectados por las nuevas prohibiciones. <\/p>\n\n\n\n<blockquote class=\"wp-block-quote is-layout-flow wp-block-quote-is-layout-flow\">\n<p>Estas prohibiciones incluir\u00e1n l<strong>a prohibici\u00f3n de comercializar equipos que contengan gases fluorados<\/strong> con un potencial de calentamiento global superior a cierto l\u00edmite establecido. <\/p>\n<\/blockquote>\n\n\n\n<p>Esto significa que los fabricantes deber\u00e1n adaptar sus productos para cumplir con los nuevos est\u00e1ndares y ofrecer soluciones m\u00e1s respetuosas con el medio ambiente.<\/p>\n\n\n\n<div style=\"height:20px\" aria-hidden=\"true\" class=\"wp-block-spacer\"><\/div>\n\n\n\n<figure class=\"wp-block-image size-large\"><img fetchpriority=\"high\" decoding=\"async\" width=\"1024\" height=\"686\" src=\"https:\/\/greenyellow-alligator-204266.hostingersite.com\/industria-empresa\/wp-content\/uploads\/2023\/07\/climatizacion-industrial-revision-normativa-gases-fluorados-1024x686.jpg\" alt=\"climatizaci\u00f3n industrial y revisi\u00f3n normativa\" class=\"wp-image-12447\" srcset=\"https:\/\/innotecgrupo.com\/industria-empresa\/wp-content\/uploads\/2023\/07\/climatizacion-industrial-revision-normativa-gases-fluorados-1024x686.jpg 1024w, https:\/\/innotecgrupo.com\/industria-empresa\/wp-content\/uploads\/2023\/07\/climatizacion-industrial-revision-normativa-gases-fluorados-300x201.jpg 300w, https:\/\/innotecgrupo.com\/industria-empresa\/wp-content\/uploads\/2023\/07\/climatizacion-industrial-revision-normativa-gases-fluorados-768x514.jpg 768w, https:\/\/innotecgrupo.com\/industria-empresa\/wp-content\/uploads\/2023\/07\/climatizacion-industrial-revision-normativa-gases-fluorados-1200x803.jpg 1200w, https:\/\/innotecgrupo.com\/industria-empresa\/wp-content\/uploads\/2023\/07\/climatizacion-industrial-revision-normativa-gases-fluorados.jpg 1410w\" sizes=\"(max-width: 1024px) 100vw, 1024px\" \/><\/figure>\n\n\n\n<div style=\"height:20px\" aria-hidden=\"true\" class=\"wp-block-spacer\"><\/div>\n\n\n\n<h2 class=\"wp-block-heading\">Beneficios de la revisi\u00f3n del Reglamento F-Gas<\/h2>\n\n\n\n<p>Ahora, hablemos de los beneficios de estas medidas. La reducci\u00f3n del uso de gases fluorados de efecto invernadero <strong>tendr\u00e1 un impacto significativo en la lucha contra el cambio clim\u00e1tico<\/strong>. <\/p>\n\n\n\n<p>Seg\u00fan el documento, se espera <strong>evitar la emisi\u00f3n de 180 millones de toneladas de CO2-equivalentes<\/strong> para el a\u00f1o 2050. \u00a1Eso es una cantidad impresionante! Adem\u00e1s, se evitar\u00e1 la emisi\u00f3n de sustancias que agotan la capa de ozono, lo que contribuir\u00e1 a la protecci\u00f3n de nuestro planeta.<\/p>\n\n\n\n<h2 class=\"wp-block-heading\">Alternativas a los gases fluorados<\/h2>\n\n\n\n<p>Pero, \u00bfqu\u00e9 alternativas existen a los gases fluorados? La propuesta de revisi\u00f3n del Reglamento F-Gas establece que los instaladores certificados deber\u00e1n tener acceso a<strong> tecnolog\u00edas alternativas como el di\u00f3xido de carbono, el amon\u00edaco, los hidrocarburos y los gases fluorados de bajo potencial<\/strong> de calentamiento atmosf\u00e9rico. <\/p>\n\n\n\n<div style=\"height:10px\" aria-hidden=\"true\" class=\"wp-block-spacer\"><\/div>\n\n\n\n<p class=\"has-primary-background-color has-background\">Estas alternativas <strong>son m\u00e1s respetuosas con el medio ambiente<\/strong> y tienen un menor impacto en el calentamiento global. Por ejemplo, el di\u00f3xido de carbono (CO2) se utiliza cada vez m\u00e1s en sistemas de refrigeraci\u00f3n y aire acondicionado debido a su bajo potencial de calentamiento global y su disponibilidad. <\/p>\n\n\n\n<div style=\"height:10px\" aria-hidden=\"true\" class=\"wp-block-spacer\"><\/div>\n\n\n\n<p>En resumen, la revisi\u00f3n del Reglamento F-Gas traer\u00e1 <strong>cambios significativos al sector de la climatizaci\u00f3n<\/strong>. <\/p>\n\n\n\n<ul class=\"wp-block-list\">\n<li>Los<strong> profesionales<\/strong> deber\u00e1n adaptarse a nuevas regulaciones y adquirir conocimientos sobre tecnolog\u00edas alternativas m\u00e1s sostenibles. <\/li>\n\n\n\n<li>Los<strong> fabricantes<\/strong> deber\u00e1n desarrollar productos que cumplan con los nuevos est\u00e1ndares y reduzcan el impacto ambiental. <\/li>\n<\/ul>\n\n\n\n<div style=\"height:10px\" aria-hidden=\"true\" class=\"wp-block-spacer\"><\/div>\n\n\n\n<p>Pero, en \u00faltima instancia, estas medidas <strong>nos llevar\u00e1n hacia un futuro m\u00e1s sostenible<\/strong> y contribuir\u00e1n a la protecci\u00f3n de nuestro planeta.<\/p>\n\n\n\n<p>Desde Grupo Innotec apostamos por la formaci\u00f3n continua en temas tan relevantes para nuestro sector como el de los gases fluorados, para estar a la \u00faltima en aspectos normativos y poder <strong>asesorar a nuestros clientes con el mejor criterio disponible<\/strong>. Si tiene cualquier necesidad o duda en su instalaci\u00f3n, \u00a1cons\u00faltenos!<\/p>\n","protected":false},"excerpt":{"rendered":"<p>Hoy vamos a hablar de un tema muy importante y actual: la revisi\u00f3n del Reglamento F-Gas que establecer\u00e1 las l\u00edneas maestras del uso de gases fluorados en el futuro pr\u00f3ximo. Revisi\u00f3n del Reglamento F-Gas Antes de sumergirnos en los detalles, es importante destacar que el Reglamento F-Gas se refiere a los gases fluorados de efecto [&hellip;]<\/p>\n","protected":false},"author":9,"featured_media":12447,"comment_status":"closed","ping_status":"open","sticky":false,"template":"","format":"standard","meta":{"_acf_changed":false,"footnotes":""},"categories":[102],"tags":[],"class_list":["post-12430","post","type-post","status-publish","format-standard","has-post-thumbnail","hentry","category-climatizacion"],"acf":[],"yoast_head":"<!-- This site is optimized with the Yoast SEO plugin v27.3 - https:\/\/yoast.com\/product\/yoast-seo-wordpress\/ -->\n<title>Climatizaci\u00f3n Industrial: \u00bfhacia d\u00f3nde se dirige la normativa que regula el uso de gases fluorados? | Innotec<\/title>\n<meta name=\"robots\" content=\"index, follow, max-snippet:-1, max-image-preview:large, max-video-preview:-1\" \/>\n<link rel=\"canonical\" href=\"https:\/\/innotecgrupo.com\/industria-empresa\/blog\/climatizacion-industrial-futuro-gases-fluorados\/\" \/>\n<meta property=\"og:locale\" content=\"es_ES\" \/>\n<meta property=\"og:type\" content=\"article\" \/>\n<meta property=\"og:title\" content=\"Climatizaci\u00f3n Industrial: \u00bfhacia d\u00f3nde se dirige la normativa que regula el uso de gases fluorados? | Innotec\" \/>\n<meta property=\"og:description\" content=\"Hoy vamos a hablar de un tema muy importante y actual: la revisi\u00f3n del Reglamento F-Gas que establecer\u00e1 las l\u00edneas maestras del uso de gases fluorados en el futuro pr\u00f3ximo. Revisi\u00f3n del Reglamento F-Gas Antes de sumergirnos en los detalles, es importante destacar que el Reglamento F-Gas se refiere a los gases fluorados de efecto [&hellip;]\" \/>\n<meta property=\"og:url\" content=\"https:\/\/innotecgrupo.com\/industria-empresa\/blog\/climatizacion-industrial-futuro-gases-fluorados\/\" \/>\n<meta property=\"og:site_name\" content=\"Innotec\" \/>\n<meta property=\"article:published_time\" content=\"2023-07-21T19:06:36+00:00\" \/>\n<meta property=\"article:modified_time\" content=\"2025-09-11T10:45:18+00:00\" \/>\n<meta property=\"og:image\" content=\"https:\/\/innotecgrupo.com\/industria-empresa\/wp-content\/uploads\/2023\/07\/climatizacion-industrial-revision-normativa-gases-fluorados.jpg\" \/>\n\t<meta property=\"og:image:width\" content=\"1410\" \/>\n\t<meta property=\"og:image:height\" content=\"944\" \/>\n\t<meta property=\"og:image:type\" content=\"image\/jpeg\" \/>\n<meta name=\"author\" content=\"Manuel Bernal (Socio Fundador)\" \/>\n<meta name=\"twitter:card\" content=\"summary_large_image\" \/>\n<meta name=\"twitter:label1\" content=\"Escrito por\" \/>\n\t<meta name=\"twitter:data1\" content=\"Manuel Bernal (Socio Fundador)\" \/>\n\t<meta name=\"twitter:label2\" content=\"Tiempo de lectura\" \/>\n\t<meta name=\"twitter:data2\" content=\"4 minutos\" \/>\n<script type=\"application\/ld+json\" class=\"yoast-schema-graph\">{\"@context\":\"https:\\\/\\\/schema.org\",\"@graph\":[{\"@type\":\"Article\",\"@id\":\"https:\\\/\\\/innotecgrupo.com\\\/industria-empresa\\\/blog\\\/climatizacion-industrial-futuro-gases-fluorados\\\/#article\",\"isPartOf\":{\"@id\":\"https:\\\/\\\/innotecgrupo.com\\\/industria-empresa\\\/blog\\\/climatizacion-industrial-futuro-gases-fluorados\\\/\"},\"author\":{\"name\":\"Manuel Bernal (Socio Fundador)\",\"@id\":\"https:\\\/\\\/innotecgrupo.com\\\/industria-empresa\\\/#\\\/schema\\\/person\\\/cd83faa3aecd59ea2de1fcb467a88501\"},\"headline\":\"Climatizaci\u00f3n Industrial: \u00bfhacia d\u00f3nde se dirige la normativa que regula el uso de gases fluorados?\",\"datePublished\":\"2023-07-21T19:06:36+00:00\",\"dateModified\":\"2025-09-11T10:45:18+00:00\",\"mainEntityOfPage\":{\"@id\":\"https:\\\/\\\/innotecgrupo.com\\\/industria-empresa\\\/blog\\\/climatizacion-industrial-futuro-gases-fluorados\\\/\"},\"wordCount\":756,\"publisher\":{\"@id\":\"https:\\\/\\\/innotecgrupo.com\\\/industria-empresa\\\/#organization\"},\"image\":{\"@id\":\"https:\\\/\\\/innotecgrupo.com\\\/industria-empresa\\\/blog\\\/climatizacion-industrial-futuro-gases-fluorados\\\/#primaryimage\"},\"thumbnailUrl\":\"https:\\\/\\\/innotecgrupo.com\\\/industria-empresa\\\/wp-content\\\/uploads\\\/2023\\\/07\\\/climatizacion-industrial-revision-normativa-gases-fluorados.jpg\",\"articleSection\":[\"Climatizaci\u00f3n\"],\"inLanguage\":\"es\"},{\"@type\":\"WebPage\",\"@id\":\"https:\\\/\\\/innotecgrupo.com\\\/industria-empresa\\\/blog\\\/climatizacion-industrial-futuro-gases-fluorados\\\/\",\"url\":\"https:\\\/\\\/innotecgrupo.com\\\/industria-empresa\\\/blog\\\/climatizacion-industrial-futuro-gases-fluorados\\\/\",\"name\":\"Climatizaci\u00f3n Industrial: \u00bfhacia d\u00f3nde se dirige la normativa que regula el uso de gases fluorados? | Innotec\",\"isPartOf\":{\"@id\":\"https:\\\/\\\/innotecgrupo.com\\\/industria-empresa\\\/#website\"},\"primaryImageOfPage\":{\"@id\":\"https:\\\/\\\/innotecgrupo.com\\\/industria-empresa\\\/blog\\\/climatizacion-industrial-futuro-gases-fluorados\\\/#primaryimage\"},\"image\":{\"@id\":\"https:\\\/\\\/innotecgrupo.com\\\/industria-empresa\\\/blog\\\/climatizacion-industrial-futuro-gases-fluorados\\\/#primaryimage\"},\"thumbnailUrl\":\"https:\\\/\\\/innotecgrupo.com\\\/industria-empresa\\\/wp-content\\\/uploads\\\/2023\\\/07\\\/climatizacion-industrial-revision-normativa-gases-fluorados.jpg\",\"datePublished\":\"2023-07-21T19:06:36+00:00\",\"dateModified\":\"2025-09-11T10:45:18+00:00\",\"breadcrumb\":{\"@id\":\"https:\\\/\\\/innotecgrupo.com\\\/industria-empresa\\\/blog\\\/climatizacion-industrial-futuro-gases-fluorados\\\/#breadcrumb\"},\"inLanguage\":\"es\",\"potentialAction\":[{\"@type\":\"ReadAction\",\"target\":[\"https:\\\/\\\/innotecgrupo.com\\\/industria-empresa\\\/blog\\\/climatizacion-industrial-futuro-gases-fluorados\\\/\"]}]},{\"@type\":\"ImageObject\",\"inLanguage\":\"es\",\"@id\":\"https:\\\/\\\/innotecgrupo.com\\\/industria-empresa\\\/blog\\\/climatizacion-industrial-futuro-gases-fluorados\\\/#primaryimage\",\"url\":\"https:\\\/\\\/innotecgrupo.com\\\/industria-empresa\\\/wp-content\\\/uploads\\\/2023\\\/07\\\/climatizacion-industrial-revision-normativa-gases-fluorados.jpg\",\"contentUrl\":\"https:\\\/\\\/innotecgrupo.com\\\/industria-empresa\\\/wp-content\\\/uploads\\\/2023\\\/07\\\/climatizacion-industrial-revision-normativa-gases-fluorados.jpg\",\"width\":1410,\"height\":944,\"caption\":\"climatizaci\u00f3n industrial y revisi\u00f3n normativa\"},{\"@type\":\"BreadcrumbList\",\"@id\":\"https:\\\/\\\/innotecgrupo.com\\\/industria-empresa\\\/blog\\\/climatizacion-industrial-futuro-gases-fluorados\\\/#breadcrumb\",\"itemListElement\":[{\"@type\":\"ListItem\",\"position\":1,\"name\":\"Portada\",\"item\":\"https:\\\/\\\/innotecgrupo.com\\\/industria-empresa\\\/\"},{\"@type\":\"ListItem\",\"position\":2,\"name\":\"Climatizaci\u00f3n Industrial: \u00bfhacia d\u00f3nde se dirige la normativa que regula el uso de gases fluorados?\"}]},{\"@type\":\"WebSite\",\"@id\":\"https:\\\/\\\/innotecgrupo.com\\\/industria-empresa\\\/#website\",\"url\":\"https:\\\/\\\/innotecgrupo.com\\\/industria-empresa\\\/\",\"name\":\"Innotec Grupo\",\"description\":\"CLIMATIZACI\u00d3N ENFOCADA AL BIENESTAR INTEGRAL\",\"publisher\":{\"@id\":\"https:\\\/\\\/innotecgrupo.com\\\/industria-empresa\\\/#organization\"},\"potentialAction\":[{\"@type\":\"SearchAction\",\"target\":{\"@type\":\"EntryPoint\",\"urlTemplate\":\"https:\\\/\\\/innotecgrupo.com\\\/industria-empresa\\\/?s={search_term_string}\"},\"query-input\":{\"@type\":\"PropertyValueSpecification\",\"valueRequired\":true,\"valueName\":\"search_term_string\"}}],\"inLanguage\":\"es\"},{\"@type\":\"Organization\",\"@id\":\"https:\\\/\\\/innotecgrupo.com\\\/industria-empresa\\\/#organization\",\"name\":\"Innotec\",\"url\":\"https:\\\/\\\/innotecgrupo.com\\\/industria-empresa\\\/\",\"logo\":{\"@type\":\"ImageObject\",\"inLanguage\":\"es\",\"@id\":\"https:\\\/\\\/innotecgrupo.com\\\/industria-empresa\\\/#\\\/schema\\\/logo\\\/image\\\/\",\"url\":\"https:\\\/\\\/innotecgrupo.com\\\/industria-empresa\\\/wp-content\\\/uploads\\\/2022\\\/01\\\/logo-innotec.png\",\"contentUrl\":\"https:\\\/\\\/innotecgrupo.com\\\/industria-empresa\\\/wp-content\\\/uploads\\\/2022\\\/01\\\/logo-innotec.png\",\"width\":166,\"height\":31,\"caption\":\"Innotec\"},\"image\":{\"@id\":\"https:\\\/\\\/innotecgrupo.com\\\/industria-empresa\\\/#\\\/schema\\\/logo\\\/image\\\/\"}},{\"@type\":\"Person\",\"@id\":\"https:\\\/\\\/innotecgrupo.com\\\/industria-empresa\\\/#\\\/schema\\\/person\\\/cd83faa3aecd59ea2de1fcb467a88501\",\"name\":\"Manuel Bernal (Socio Fundador)\",\"description\":\"Ingeniero Industrial MBA en CESTE\",\"sameAs\":[\"https:\\\/\\\/www.linkedin.com\\\/in\\\/manuel-bernal-innotec\\\/\"],\"url\":\"https:\\\/\\\/innotecgrupo.com\\\/industria-empresa\\\/blog\\\/author\\\/manuel-bernal\\\/\"}]}<\/script>\n<!-- \/ Yoast SEO plugin. -->","yoast_head_json":{"title":"Climatizaci\u00f3n Industrial: \u00bfhacia d\u00f3nde se dirige la normativa que regula el uso de gases fluorados? | Innotec","robots":{"index":"index","follow":"follow","max-snippet":"max-snippet:-1","max-image-preview":"max-image-preview:large","max-video-preview":"max-video-preview:-1"},"canonical":"https:\/\/innotecgrupo.com\/industria-empresa\/blog\/climatizacion-industrial-futuro-gases-fluorados\/","og_locale":"es_ES","og_type":"article","og_title":"Climatizaci\u00f3n Industrial: \u00bfhacia d\u00f3nde se dirige la normativa que regula el uso de gases fluorados? | Innotec","og_description":"Hoy vamos a hablar de un tema muy importante y actual: la revisi\u00f3n del Reglamento F-Gas que establecer\u00e1 las l\u00edneas maestras del uso de gases fluorados en el futuro pr\u00f3ximo. Revisi\u00f3n del Reglamento F-Gas Antes de sumergirnos en los detalles, es importante destacar que el Reglamento F-Gas se refiere a los gases fluorados de efecto [&hellip;]","og_url":"https:\/\/innotecgrupo.com\/industria-empresa\/blog\/climatizacion-industrial-futuro-gases-fluorados\/","og_site_name":"Innotec","article_published_time":"2023-07-21T19:06:36+00:00","article_modified_time":"2025-09-11T10:45:18+00:00","og_image":[{"width":1410,"height":944,"url":"https:\/\/innotecgrupo.com\/industria-empresa\/wp-content\/uploads\/2023\/07\/climatizacion-industrial-revision-normativa-gases-fluorados.jpg","type":"image\/jpeg"}],"author":"Manuel Bernal (Socio Fundador)","twitter_card":"summary_large_image","twitter_misc":{"Escrito por":"Manuel Bernal (Socio Fundador)","Tiempo de lectura":"4 minutos"},"schema":{"@context":"https:\/\/schema.org","@graph":[{"@type":"Article","@id":"https:\/\/innotecgrupo.com\/industria-empresa\/blog\/climatizacion-industrial-futuro-gases-fluorados\/#article","isPartOf":{"@id":"https:\/\/innotecgrupo.com\/industria-empresa\/blog\/climatizacion-industrial-futuro-gases-fluorados\/"},"author":{"name":"Manuel Bernal (Socio Fundador)","@id":"https:\/\/innotecgrupo.com\/industria-empresa\/#\/schema\/person\/cd83faa3aecd59ea2de1fcb467a88501"},"headline":"Climatizaci\u00f3n Industrial: \u00bfhacia d\u00f3nde se dirige la normativa que regula el uso de gases fluorados?","datePublished":"2023-07-21T19:06:36+00:00","dateModified":"2025-09-11T10:45:18+00:00","mainEntityOfPage":{"@id":"https:\/\/innotecgrupo.com\/industria-empresa\/blog\/climatizacion-industrial-futuro-gases-fluorados\/"},"wordCount":756,"publisher":{"@id":"https:\/\/innotecgrupo.com\/industria-empresa\/#organization"},"image":{"@id":"https:\/\/innotecgrupo.com\/industria-empresa\/blog\/climatizacion-industrial-futuro-gases-fluorados\/#primaryimage"},"thumbnailUrl":"https:\/\/innotecgrupo.com\/industria-empresa\/wp-content\/uploads\/2023\/07\/climatizacion-industrial-revision-normativa-gases-fluorados.jpg","articleSection":["Climatizaci\u00f3n"],"inLanguage":"es"},{"@type":"WebPage","@id":"https:\/\/innotecgrupo.com\/industria-empresa\/blog\/climatizacion-industrial-futuro-gases-fluorados\/","url":"https:\/\/innotecgrupo.com\/industria-empresa\/blog\/climatizacion-industrial-futuro-gases-fluorados\/","name":"Climatizaci\u00f3n Industrial: \u00bfhacia d\u00f3nde se dirige la normativa que regula el uso de gases fluorados? | Innotec","isPartOf":{"@id":"https:\/\/innotecgrupo.com\/industria-empresa\/#website"},"primaryImageOfPage":{"@id":"https:\/\/innotecgrupo.com\/industria-empresa\/blog\/climatizacion-industrial-futuro-gases-fluorados\/#primaryimage"},"image":{"@id":"https:\/\/innotecgrupo.com\/industria-empresa\/blog\/climatizacion-industrial-futuro-gases-fluorados\/#primaryimage"},"thumbnailUrl":"https:\/\/innotecgrupo.com\/industria-empresa\/wp-content\/uploads\/2023\/07\/climatizacion-industrial-revision-normativa-gases-fluorados.jpg","datePublished":"2023-07-21T19:06:36+00:00","dateModified":"2025-09-11T10:45:18+00:00","breadcrumb":{"@id":"https:\/\/innotecgrupo.com\/industria-empresa\/blog\/climatizacion-industrial-futuro-gases-fluorados\/#breadcrumb"},"inLanguage":"es","potentialAction":[{"@type":"ReadAction","target":["https:\/\/innotecgrupo.com\/industria-empresa\/blog\/climatizacion-industrial-futuro-gases-fluorados\/"]}]},{"@type":"ImageObject","inLanguage":"es","@id":"https:\/\/innotecgrupo.com\/industria-empresa\/blog\/climatizacion-industrial-futuro-gases-fluorados\/#primaryimage","url":"https:\/\/innotecgrupo.com\/industria-empresa\/wp-content\/uploads\/2023\/07\/climatizacion-industrial-revision-normativa-gases-fluorados.jpg","contentUrl":"https:\/\/innotecgrupo.com\/industria-empresa\/wp-content\/uploads\/2023\/07\/climatizacion-industrial-revision-normativa-gases-fluorados.jpg","width":1410,"height":944,"caption":"climatizaci\u00f3n industrial y revisi\u00f3n normativa"},{"@type":"BreadcrumbList","@id":"https:\/\/innotecgrupo.com\/industria-empresa\/blog\/climatizacion-industrial-futuro-gases-fluorados\/#breadcrumb","itemListElement":[{"@type":"ListItem","position":1,"name":"Portada","item":"https:\/\/innotecgrupo.com\/industria-empresa\/"},{"@type":"ListItem","position":2,"name":"Climatizaci\u00f3n Industrial: \u00bfhacia d\u00f3nde se dirige la normativa que regula el uso de gases fluorados?"}]},{"@type":"WebSite","@id":"https:\/\/innotecgrupo.com\/industria-empresa\/#website","url":"https:\/\/innotecgrupo.com\/industria-empresa\/","name":"Innotec Grupo","description":"CLIMATIZACI\u00d3N ENFOCADA AL BIENESTAR INTEGRAL","publisher":{"@id":"https:\/\/innotecgrupo.com\/industria-empresa\/#organization"},"potentialAction":[{"@type":"SearchAction","target":{"@type":"EntryPoint","urlTemplate":"https:\/\/innotecgrupo.com\/industria-empresa\/?s={search_term_string}"},"query-input":{"@type":"PropertyValueSpecification","valueRequired":true,"valueName":"search_term_string"}}],"inLanguage":"es"},{"@type":"Organization","@id":"https:\/\/innotecgrupo.com\/industria-empresa\/#organization","name":"Innotec","url":"https:\/\/innotecgrupo.com\/industria-empresa\/","logo":{"@type":"ImageObject","inLanguage":"es","@id":"https:\/\/innotecgrupo.com\/industria-empresa\/#\/schema\/logo\/image\/","url":"https:\/\/innotecgrupo.com\/industria-empresa\/wp-content\/uploads\/2022\/01\/logo-innotec.png","contentUrl":"https:\/\/innotecgrupo.com\/industria-empresa\/wp-content\/uploads\/2022\/01\/logo-innotec.png","width":166,"height":31,"caption":"Innotec"},"image":{"@id":"https:\/\/innotecgrupo.com\/industria-empresa\/#\/schema\/logo\/image\/"}},{"@type":"Person","@id":"https:\/\/innotecgrupo.com\/industria-empresa\/#\/schema\/person\/cd83faa3aecd59ea2de1fcb467a88501","name":"Manuel Bernal (Socio Fundador)","description":"Ingeniero Industrial MBA en CESTE","sameAs":["https:\/\/www.linkedin.com\/in\/manuel-bernal-innotec\/"],"url":"https:\/\/innotecgrupo.com\/industria-empresa\/blog\/author\/manuel-bernal\/"}]}},"_links":{"self":[{"href":"https:\/\/innotecgrupo.com\/industria-empresa\/wp-json\/wp\/v2\/posts\/12430","targetHints":{"allow":["GET"]}}],"collection":[{"href":"https:\/\/innotecgrupo.com\/industria-empresa\/wp-json\/wp\/v2\/posts"}],"about":[{"href":"https:\/\/innotecgrupo.com\/industria-empresa\/wp-json\/wp\/v2\/types\/post"}],"author":[{"embeddable":true,"href":"https:\/\/innotecgrupo.com\/industria-empresa\/wp-json\/wp\/v2\/users\/9"}],"replies":[{"embeddable":true,"href":"https:\/\/innotecgrupo.com\/industria-empresa\/wp-json\/wp\/v2\/comments?post=12430"}],"version-history":[{"count":13,"href":"https:\/\/innotecgrupo.com\/industria-empresa\/wp-json\/wp\/v2\/posts\/12430\/revisions"}],"predecessor-version":[{"id":12463,"href":"https:\/\/innotecgrupo.com\/industria-empresa\/wp-json\/wp\/v2\/posts\/12430\/revisions\/12463"}],"wp:featuredmedia":[{"embeddable":true,"href":"https:\/\/innotecgrupo.com\/industria-empresa\/wp-json\/wp\/v2\/media\/12447"}],"wp:attachment":[{"href":"https:\/\/innotecgrupo.com\/industria-empresa\/wp-json\/wp\/v2\/media?parent=12430"}],"wp:term":[{"taxonomy":"category","embeddable":true,"href":"https:\/\/innotecgrupo.com\/industria-empresa\/wp-json\/wp\/v2\/categories?post=12430"},{"taxonomy":"post_tag","embeddable":true,"href":"https:\/\/innotecgrupo.com\/industria-empresa\/wp-json\/wp\/v2\/tags?post=12430"}],"curies":[{"name":"wp","href":"https:\/\/api.w.org\/{rel}","templated":true}]}}