{"id":25634,"date":"2026-04-27T06:00:00","date_gmt":"2026-04-27T04:00:00","guid":{"rendered":"https:\/\/innotecgrupo.com\/hogar\/?p=25634"},"modified":"2026-03-26T17:16:11","modified_gmt":"2026-03-26T16:16:11","slug":"como-reducir-el-consumo-electrico-del-aire-acondicionado","status":"publish","type":"post","link":"https:\/\/innotecgrupo.com\/hogar\/blog\/como-reducir-el-consumo-electrico-del-aire-acondicionado\/","title":{"rendered":"C\u00f3mo reducir el consumo el\u00e9ctrico del aire acondicionado"},"content":{"rendered":"\t\t<div data-elementor-type=\"wp-post\" data-elementor-id=\"25634\" class=\"elementor elementor-25634\" data-elementor-post-type=\"post\">\n\t\t\t\t<div class=\"has_ae_slider elementor-element elementor-element-91647bf e-flex e-con-boxed ae-bg-gallery-type-default e-con e-parent\" data-id=\"91647bf\" data-element_type=\"container\" data-e-type=\"container\">\n\t\t\t\t\t<div class=\"e-con-inner\">\n\t\t\t\t<div class=\"elementor-element elementor-element-e3e25aa elementor-widget elementor-widget-text-editor\" data-id=\"e3e25aa\" data-element_type=\"widget\" data-e-type=\"widget\" data-widget_type=\"text-editor.default\">\n\t\t\t\t<div class=\"elementor-widget-container\">\n\t\t\t\t\t\t\t\t\t<p><span style=\"font-weight: 400;\">El aire acondicionado se ha convertido en un imprescindible en muchos hogares, especialmente durante los meses de calor intenso. Sin embargo, su uso continuado puede disparar la factura el\u00e9ctrica si no se utiliza de forma eficiente. La buena noticia es que existen m\u00faltiples estrategias para reducir el consumo sin tener que pasar calor ni sacrificar tu comodidad.<\/span><\/p><p>\u00a0<\/p><p><span style=\"font-weight: 400;\">En este art\u00edculo te explicamos, de forma clara y pr\u00e1ctica, c\u00f3mo optimizar el uso de tu aire acondicionado para ahorrar energ\u00eda, dinero y alargar la vida \u00fatil de tu equipo.<\/span><\/p>\t\t\t\t\t\t\t\t<\/div>\n\t\t\t\t<\/div>\n\t\t\t\t<div class=\"elementor-element elementor-element-8bff9f6 elementor-widget elementor-widget-video\" data-id=\"8bff9f6\" data-element_type=\"widget\" data-e-type=\"widget\" data-settings=\"{&quot;youtube_url&quot;:&quot;https:\\\/\\\/youtu.be\\\/mwUcX2R372I&quot;,&quot;video_type&quot;:&quot;youtube&quot;,&quot;controls&quot;:&quot;yes&quot;}\" data-widget_type=\"video.default\">\n\t\t\t\t<div class=\"elementor-widget-container\">\n\t\t\t\t\t\t\t<div class=\"elementor-wrapper elementor-open-inline\">\n\t\t\t<div class=\"elementor-video\"><\/div>\t\t<\/div>\n\t\t\t\t\t\t<\/div>\n\t\t\t\t<\/div>\n\t\t\t\t<div class=\"elementor-element elementor-element-edf51de elementor-widget elementor-widget-heading\" data-id=\"edf51de\" data-element_type=\"widget\" data-e-type=\"widget\" data-widget_type=\"heading.default\">\n\t\t\t\t<div class=\"elementor-widget-container\">\n\t\t\t\t\t<h2 class=\"elementor-heading-title elementor-size-default\">Por qu\u00e9 consume tanto el aire acondicionado\n<\/h2>\t\t\t\t<\/div>\n\t\t\t\t<\/div>\n\t\t\t\t<div class=\"elementor-element elementor-element-781f4c0 elementor-widget elementor-widget-text-editor\" data-id=\"781f4c0\" data-element_type=\"widget\" data-e-type=\"widget\" data-widget_type=\"text-editor.default\">\n\t\t\t\t<div class=\"elementor-widget-container\">\n\t\t\t\t\t\t\t\t\t<p><span style=\"font-weight: 400;\">Antes de entrar en soluciones, es importante entender el problema. El aire acondicionado es uno de los electrodom\u00e9sticos que m\u00e1s energ\u00eda consume en el hogar porque necesita:<\/span><\/p><p>\u00a0<\/p><ul><li style=\"font-weight: 400;\" aria-level=\"1\"><span style=\"font-weight: 400;\">Extraer el calor del interior<\/span><\/li><li style=\"font-weight: 400;\" aria-level=\"1\"><span style=\"font-weight: 400;\">Transferirlo al exterior<\/span><\/li><li style=\"font-weight: 400;\" aria-level=\"1\"><span style=\"font-weight: 400;\">Mantener una temperatura constante<\/span><\/li><\/ul><p>\u00a0<\/p><p><span style=\"font-weight: 400;\">Este proceso implica un alto gasto energ\u00e9tico, especialmente si el equipo no es eficiente o se utiliza de forma incorrecta.<\/span><\/p>\t\t\t\t\t\t\t\t<\/div>\n\t\t\t\t<\/div>\n\t\t\t\t<div class=\"elementor-element elementor-element-b868e2c elementor-widget elementor-widget-heading\" data-id=\"b868e2c\" data-element_type=\"widget\" data-e-type=\"widget\" data-widget_type=\"heading.default\">\n\t\t\t\t<div class=\"elementor-widget-container\">\n\t\t\t\t\t<h2 class=\"elementor-heading-title elementor-size-default\">Ajusta correctamente la temperatura\n<\/h2>\t\t\t\t<\/div>\n\t\t\t\t<\/div>\n\t\t\t\t<div class=\"elementor-element elementor-element-59b86c0 elementor-widget elementor-widget-text-editor\" data-id=\"59b86c0\" data-element_type=\"widget\" data-e-type=\"widget\" data-widget_type=\"text-editor.default\">\n\t\t\t\t<div class=\"elementor-widget-container\">\n\t\t\t\t\t\t\t\t\t<p><span style=\"font-weight: 400;\">Uno de los errores m\u00e1s comunes es poner el aire acondicionado a temperaturas muy bajas pensando que as\u00ed enfriar\u00e1 antes. Esto no solo no acelera el proceso, sino que aumenta el consumo el\u00e9ctrico.<\/span><\/p><h3><b>\u00bfCu\u00e1l es la temperatura ideal?<\/b><\/h3><p><span style=\"font-weight: 400;\">La temperatura recomendada est\u00e1 entre los <\/span><b>24 y 26 grados<\/b><span style=\"font-weight: 400;\">. Cada grado por debajo de ese rango puede aumentar el consumo energ\u00e9tico entre un 6% y un 8%.<\/span><\/p><p>\u00a0<\/p><p><span style=\"font-weight: 400;\">Adem\u00e1s, una temperatura demasiado baja genera un contraste t\u00e9rmico excesivo con el exterior, lo que puede afectar a tu salud.<\/span><\/p>\t\t\t\t\t\t\t\t<\/div>\n\t\t\t\t<\/div>\n\t\t\t\t<div class=\"elementor-element elementor-element-0e7df30 elementor-widget elementor-widget-heading\" data-id=\"0e7df30\" data-element_type=\"widget\" data-e-type=\"widget\" data-widget_type=\"heading.default\">\n\t\t\t\t<div class=\"elementor-widget-container\">\n\t\t\t\t\t<h2 class=\"elementor-heading-title elementor-size-default\">Aprovecha el modo ECO o modo eficiente\n<\/h2>\t\t\t\t<\/div>\n\t\t\t\t<\/div>\n\t\t\t\t<div class=\"elementor-element elementor-element-8790249 elementor-widget elementor-widget-text-editor\" data-id=\"8790249\" data-element_type=\"widget\" data-e-type=\"widget\" data-widget_type=\"text-editor.default\">\n\t\t\t\t<div class=\"elementor-widget-container\">\n\t\t\t\t\t\t\t\t\t<p><span style=\"font-weight: 400;\">La mayor\u00eda de los equipos modernos incluyen funciones como el modo ECO o modo ahorro. Este ajuste optimiza el funcionamiento del compresor para consumir menos energ\u00eda.<\/span><\/p><p>\u00a0<\/p><p><span style=\"font-weight: 400;\">Aunque el enfriamiento puede ser ligeramente m\u00e1s lento, el ahorro a medio plazo es significativo. Si utilizas el aire acondicionado durante muchas horas al d\u00eda, este modo es clave.<\/span><\/p>\t\t\t\t\t\t\t\t<\/div>\n\t\t\t\t<\/div>\n\t\t\t\t<div class=\"elementor-element elementor-element-76d6a46 elementor-widget elementor-widget-image\" data-id=\"76d6a46\" data-element_type=\"widget\" data-e-type=\"widget\" data-widget_type=\"image.default\">\n\t\t\t\t<div class=\"elementor-widget-container\">\n\t\t\t\t\t\t\t\t\t\t\t\t\t\t\t<img fetchpriority=\"high\" decoding=\"async\" width=\"800\" height=\"400\" src=\"https:\/\/innotecgrupo.com\/hogar\/wp-content\/uploads\/2026\/03\/como-reducir-consumo-aire-acondicionado-1-2.png\" class=\"attachment-large size-large wp-image-25637\" alt=\"C\u00f3mo reducir el consumo el\u00e9ctrico del aire acondicionado\" srcset=\"https:\/\/innotecgrupo.com\/hogar\/wp-content\/uploads\/2026\/03\/como-reducir-consumo-aire-acondicionado-1-2.png 1000w, https:\/\/innotecgrupo.com\/hogar\/wp-content\/uploads\/2026\/03\/como-reducir-consumo-aire-acondicionado-1-2-300x150.png 300w, https:\/\/innotecgrupo.com\/hogar\/wp-content\/uploads\/2026\/03\/como-reducir-consumo-aire-acondicionado-1-2-768x384.png 768w\" sizes=\"(max-width: 800px) 100vw, 800px\" \/>\t\t\t\t\t\t\t\t\t\t\t\t\t\t\t<\/div>\n\t\t\t\t<\/div>\n\t\t\t\t<div class=\"elementor-element elementor-element-3a75a64 elementor-widget elementor-widget-heading\" data-id=\"3a75a64\" data-element_type=\"widget\" data-e-type=\"widget\" data-widget_type=\"heading.default\">\n\t\t\t\t<div class=\"elementor-widget-container\">\n\t\t\t\t\t<h2 class=\"elementor-heading-title elementor-size-default\">Mejora el aislamiento de tu vivienda\n<\/h2>\t\t\t\t<\/div>\n\t\t\t\t<\/div>\n\t\t\t\t<div class=\"elementor-element elementor-element-95dafd0 elementor-widget elementor-widget-text-editor\" data-id=\"95dafd0\" data-element_type=\"widget\" data-e-type=\"widget\" data-widget_type=\"text-editor.default\">\n\t\t\t\t<div class=\"elementor-widget-container\">\n\t\t\t\t\t\t\t\t\t<p><span style=\"font-weight: 400;\">El aire acondicionado no trabaja solo: depende en gran parte del entorno donde est\u00e1 instalado.<\/span><\/p><p>\u00a0<\/p><p><span style=\"font-weight: 400;\">Un mal aislamiento provoca que el aire fr\u00edo se escape y el calor entre constantemente, obligando al equipo a trabajar m\u00e1s.<\/span><\/p><h3><b>Qu\u00e9 puedes hacer:<\/b><\/h3><ul><li style=\"font-weight: 400;\" aria-level=\"1\"><span style=\"font-weight: 400;\">Revisar puertas y ventanas<\/span><\/li><li style=\"font-weight: 400;\" aria-level=\"1\"><span style=\"font-weight: 400;\">Instalar burletes<\/span><\/li><li style=\"font-weight: 400;\" aria-level=\"1\"><span style=\"font-weight: 400;\">Utilizar cortinas t\u00e9rmicas<\/span><\/li><li style=\"font-weight: 400;\" aria-level=\"1\"><span style=\"font-weight: 400;\">Bajar persianas en horas de m\u00e1ximo calor<\/span><\/li><\/ul><p>\u00a0<\/p><p><span style=\"font-weight: 400;\">Cuanto mejor conserves el fr\u00edo dentro de casa, menos tendr\u00e1 que trabajar el aire acondicionado.<\/span><\/p>\t\t\t\t\t\t\t\t<\/div>\n\t\t\t\t<\/div>\n\t\t\t\t<div class=\"elementor-element elementor-element-a89f029 elementor-widget elementor-widget-heading\" data-id=\"a89f029\" data-element_type=\"widget\" data-e-type=\"widget\" data-widget_type=\"heading.default\">\n\t\t\t\t<div class=\"elementor-widget-container\">\n\t\t\t\t\t<h2 class=\"elementor-heading-title elementor-size-default\">Mant\u00e9n los filtros limpios\n<\/h2>\t\t\t\t<\/div>\n\t\t\t\t<\/div>\n\t\t\t\t<div class=\"elementor-element elementor-element-42e43ea elementor-widget elementor-widget-text-editor\" data-id=\"42e43ea\" data-element_type=\"widget\" data-e-type=\"widget\" data-widget_type=\"text-editor.default\">\n\t\t\t\t<div class=\"elementor-widget-container\">\n\t\t\t\t\t\t\t\t\t<p><span style=\"font-weight: 400;\">Un equipo sucio consume m\u00e1s energ\u00eda. Los filtros acumulan polvo, suciedad y part\u00edculas que dificultan el flujo de aire.<\/span><\/p><p>\u00a0<\/p><p><span style=\"font-weight: 400;\">Esto provoca que el sistema tenga que esforzarse m\u00e1s para enfriar la estancia.<\/span><\/p><h3><b>Frecuencia recomendada<\/b><\/h3><p><span style=\"font-weight: 400;\">Se recomienda limpiar los filtros al menos una vez al mes durante \u00e9pocas de uso intensivo.<\/span><\/p><p><span style=\"font-weight: 400;\">Es una tarea sencilla que puedes hacer t\u00fa mismo y que tiene un impacto directo en el consumo.<\/span><\/p>\t\t\t\t\t\t\t\t<\/div>\n\t\t\t\t<\/div>\n\t\t\t\t<div class=\"elementor-element elementor-element-1785147 elementor-widget elementor-widget-image\" data-id=\"1785147\" data-element_type=\"widget\" data-e-type=\"widget\" data-widget_type=\"image.default\">\n\t\t\t\t<div class=\"elementor-widget-container\">\n\t\t\t\t\t\t\t\t\t\t\t\t\t\t\t<img decoding=\"async\" width=\"800\" height=\"400\" src=\"https:\/\/innotecgrupo.com\/hogar\/wp-content\/uploads\/2026\/03\/como-reducir-consumo-aire-acondicionado-1-3.png\" class=\"attachment-large size-large wp-image-25638\" alt=\"C\u00f3mo reducir el consumo el\u00e9ctrico del aire acondicionado\" srcset=\"https:\/\/innotecgrupo.com\/hogar\/wp-content\/uploads\/2026\/03\/como-reducir-consumo-aire-acondicionado-1-3.png 1000w, https:\/\/innotecgrupo.com\/hogar\/wp-content\/uploads\/2026\/03\/como-reducir-consumo-aire-acondicionado-1-3-300x150.png 300w, https:\/\/innotecgrupo.com\/hogar\/wp-content\/uploads\/2026\/03\/como-reducir-consumo-aire-acondicionado-1-3-768x384.png 768w\" sizes=\"(max-width: 800px) 100vw, 800px\" \/>\t\t\t\t\t\t\t\t\t\t\t\t\t\t\t<\/div>\n\t\t\t\t<\/div>\n\t\t\t\t<div class=\"elementor-element elementor-element-fb77c85 elementor-widget elementor-widget-heading\" data-id=\"fb77c85\" data-element_type=\"widget\" data-e-type=\"widget\" data-widget_type=\"heading.default\">\n\t\t\t\t<div class=\"elementor-widget-container\">\n\t\t\t\t\t<h2 class=\"elementor-heading-title elementor-size-default\">Evita encender y apagar constantemente\n<\/h2>\t\t\t\t<\/div>\n\t\t\t\t<\/div>\n\t\t\t\t<div class=\"elementor-element elementor-element-b2ee225 elementor-widget elementor-widget-text-editor\" data-id=\"b2ee225\" data-element_type=\"widget\" data-e-type=\"widget\" data-widget_type=\"text-editor.default\">\n\t\t\t\t<div class=\"elementor-widget-container\">\n\t\t\t\t\t\t\t\t\t<p><span style=\"font-weight: 400;\">Muchas personas creen que apagar el aire acondicionado cuando salen de la habitaci\u00f3n ahorra energ\u00eda. Sin embargo, encenderlo de nuevo repetidamente puede generar picos de consumo m\u00e1s altos.<\/span><\/p><p>\u00a0<\/p><p><span style=\"font-weight: 400;\">Lo ideal es:<\/span><\/p><p>\u00a0<\/p><ul><li style=\"font-weight: 400;\" aria-level=\"1\"><span style=\"font-weight: 400;\">Mantener una temperatura estable<\/span><\/li><li style=\"font-weight: 400;\" aria-level=\"1\"><span style=\"font-weight: 400;\">Utilizar temporizadores<\/span><\/li><li style=\"font-weight: 400;\" aria-level=\"1\"><span style=\"font-weight: 400;\">Ajustar el funcionamiento seg\u00fan tus rutinas<\/span><\/li><\/ul><p>\u00a0<\/p><p><span style=\"font-weight: 400;\">Los cambios bruscos de encendido y apagado no son eficientes.<\/span><\/p>\t\t\t\t\t\t\t\t<\/div>\n\t\t\t\t<\/div>\n\t\t\t\t<div class=\"elementor-element elementor-element-08e8d82 elementor-widget elementor-widget-heading\" data-id=\"08e8d82\" data-element_type=\"widget\" data-e-type=\"widget\" data-widget_type=\"heading.default\">\n\t\t\t\t<div class=\"elementor-widget-container\">\n\t\t\t\t\t<h2 class=\"elementor-heading-title elementor-size-default\">Utiliza ventiladores como complemento\n<\/h2>\t\t\t\t<\/div>\n\t\t\t\t<\/div>\n\t\t\t\t<div class=\"elementor-element elementor-element-078d9d3 elementor-widget elementor-widget-text-editor\" data-id=\"078d9d3\" data-element_type=\"widget\" data-e-type=\"widget\" data-widget_type=\"text-editor.default\">\n\t\t\t\t<div class=\"elementor-widget-container\">\n\t\t\t\t\t\t\t\t\t<p><span style=\"font-weight: 400;\">El uso de ventiladores puede ayudarte a distribuir mejor el aire fr\u00edo. Esto permite subir uno o dos grados la temperatura del aire acondicionado sin perder sensaci\u00f3n de frescor.<\/span><\/p><p>\u00a0<\/p><p><span style=\"font-weight: 400;\">El ventilador consume mucha menos electricidad, por lo que esta combinaci\u00f3n es altamente eficiente.<\/span><\/p>\t\t\t\t\t\t\t\t<\/div>\n\t\t\t\t<\/div>\n\t\t\t\t<div class=\"elementor-element elementor-element-8e85c1c elementor-widget elementor-widget-image\" data-id=\"8e85c1c\" data-element_type=\"widget\" data-e-type=\"widget\" data-widget_type=\"image.default\">\n\t\t\t\t<div class=\"elementor-widget-container\">\n\t\t\t\t\t\t\t\t\t\t\t\t\t\t\t<img decoding=\"async\" width=\"800\" height=\"400\" src=\"https:\/\/innotecgrupo.com\/hogar\/wp-content\/uploads\/2026\/03\/como-reducir-consumo-aire-acondicionado-1-4.png\" class=\"attachment-large size-large wp-image-25639\" alt=\"C\u00f3mo reducir el consumo el\u00e9ctrico del aire acondicionado\" srcset=\"https:\/\/innotecgrupo.com\/hogar\/wp-content\/uploads\/2026\/03\/como-reducir-consumo-aire-acondicionado-1-4.png 1000w, https:\/\/innotecgrupo.com\/hogar\/wp-content\/uploads\/2026\/03\/como-reducir-consumo-aire-acondicionado-1-4-300x150.png 300w, https:\/\/innotecgrupo.com\/hogar\/wp-content\/uploads\/2026\/03\/como-reducir-consumo-aire-acondicionado-1-4-768x384.png 768w\" sizes=\"(max-width: 800px) 100vw, 800px\" \/>\t\t\t\t\t\t\t\t\t\t\t\t\t\t\t<\/div>\n\t\t\t\t<\/div>\n\t\t\t\t<div class=\"elementor-element elementor-element-b176308 elementor-widget elementor-widget-heading\" data-id=\"b176308\" data-element_type=\"widget\" data-e-type=\"widget\" data-widget_type=\"heading.default\">\n\t\t\t\t<div class=\"elementor-widget-container\">\n\t\t\t\t\t<h2 class=\"elementor-heading-title elementor-size-default\">Programa el aire acondicionado\n<\/h2>\t\t\t\t<\/div>\n\t\t\t\t<\/div>\n\t\t\t\t<div class=\"elementor-element elementor-element-e33491f elementor-widget elementor-widget-text-editor\" data-id=\"e33491f\" data-element_type=\"widget\" data-e-type=\"widget\" data-widget_type=\"text-editor.default\">\n\t\t\t\t<div class=\"elementor-widget-container\">\n\t\t\t\t\t\t\t\t\t<p><span style=\"font-weight: 400;\">La programaci\u00f3n es una de las herramientas m\u00e1s infrautilizadas.<\/span><\/p><p>\u00a0<\/p><p><span style=\"font-weight: 400;\">Puedes configurar el equipo para que:<\/span><\/p><p>\u00a0<\/p><ul><li style=\"font-weight: 400;\" aria-level=\"1\"><span style=\"font-weight: 400;\">Se encienda antes de que llegues a casa<\/span><\/li><li style=\"font-weight: 400;\" aria-level=\"1\"><span style=\"font-weight: 400;\">Se apague durante la noche<\/span><\/li><li style=\"font-weight: 400;\" aria-level=\"1\"><span style=\"font-weight: 400;\">Ajuste la temperatura autom\u00e1ticamente<\/span><\/li><\/ul><p>\u00a0<\/p><p><span style=\"font-weight: 400;\">Esto evita que funcione m\u00e1s tiempo del necesario y reduce el consumo sin que tengas que preocuparte.<\/span><\/p>\t\t\t\t\t\t\t\t<\/div>\n\t\t\t\t<\/div>\n\t\t\t\t<div class=\"elementor-element elementor-element-1382403 elementor-widget elementor-widget-heading\" data-id=\"1382403\" data-element_type=\"widget\" data-e-type=\"widget\" data-widget_type=\"heading.default\">\n\t\t\t\t<div class=\"elementor-widget-container\">\n\t\t\t\t\t<h2 class=\"elementor-heading-title elementor-size-default\">Evita fuentes de calor internas\n<\/h2>\t\t\t\t<\/div>\n\t\t\t\t<\/div>\n\t\t\t\t<div class=\"elementor-element elementor-element-fd458ea elementor-widget elementor-widget-text-editor\" data-id=\"fd458ea\" data-element_type=\"widget\" data-e-type=\"widget\" data-widget_type=\"text-editor.default\">\n\t\t\t\t<div class=\"elementor-widget-container\">\n\t\t\t\t\t\t\t\t\t<p><span style=\"font-weight: 400;\">Muchos electrodom\u00e9sticos generan calor, lo que obliga al aire acondicionado a compensar ese aumento de temperatura.<\/span><\/p><p>\u00a0<\/p><p><span style=\"font-weight: 400;\">Algunos consejos \u00fatiles:<\/span><\/p><p>\u00a0<\/p><ul><li style=\"font-weight: 400;\" aria-level=\"1\"><span style=\"font-weight: 400;\">Evita usar horno o vitrocer\u00e1mica en horas de calor<\/span><\/li><li style=\"font-weight: 400;\" aria-level=\"1\"><span style=\"font-weight: 400;\">Apaga luces innecesarias<\/span><\/li><li style=\"font-weight: 400;\" aria-level=\"1\"><span style=\"font-weight: 400;\">Desconecta aparatos que no est\u00e9s usando<\/span><\/li><\/ul><p>\u00a0<\/p><p><span style=\"font-weight: 400;\">Reducir el calor interno facilita el trabajo del sistema de climatizaci\u00f3n.<\/span><\/p>\t\t\t\t\t\t\t\t<\/div>\n\t\t\t\t<\/div>\n\t\t\t\t<div class=\"elementor-element elementor-element-3612efc elementor-widget elementor-widget-heading\" data-id=\"3612efc\" data-element_type=\"widget\" data-e-type=\"widget\" data-widget_type=\"heading.default\">\n\t\t\t\t<div class=\"elementor-widget-container\">\n\t\t\t\t\t<h2 class=\"elementor-heading-title elementor-size-default\">Revisa la ubicaci\u00f3n de la unidad exterior\n<\/h2>\t\t\t\t<\/div>\n\t\t\t\t<\/div>\n\t\t\t\t<div class=\"elementor-element elementor-element-b84e35d elementor-widget elementor-widget-text-editor\" data-id=\"b84e35d\" data-element_type=\"widget\" data-e-type=\"widget\" data-widget_type=\"text-editor.default\">\n\t\t\t\t<div class=\"elementor-widget-container\">\n\t\t\t\t\t\t\t\t\t<p><span style=\"font-weight: 400;\">La unidad exterior tambi\u00e9n influye en el consumo energ\u00e9tico. Si est\u00e1 expuesta directamente al sol, su rendimiento disminuye.<\/span><\/p><p>\u00a0<\/p><h3><b>Recomendaciones:<\/b><\/h3><ul><li style=\"font-weight: 400;\" aria-level=\"1\"><span style=\"font-weight: 400;\">Instalarla en una zona sombreada<\/span><\/li><li style=\"font-weight: 400;\" aria-level=\"1\"><span style=\"font-weight: 400;\">Asegurar una buena ventilaci\u00f3n<\/span><\/li><li style=\"font-weight: 400;\" aria-level=\"1\"><span style=\"font-weight: 400;\">Evitar obstrucciones alrededor<\/span><\/li><\/ul><p>\u00a0<\/p><p><span style=\"font-weight: 400;\">Un equipo que trabaja en mejores condiciones consume menos energ\u00eda.<\/span><\/p>\t\t\t\t\t\t\t\t<\/div>\n\t\t\t\t<\/div>\n\t\t\t\t<div class=\"elementor-element elementor-element-04b3d34 elementor-widget elementor-widget-image\" data-id=\"04b3d34\" data-element_type=\"widget\" data-e-type=\"widget\" data-widget_type=\"image.default\">\n\t\t\t\t<div class=\"elementor-widget-container\">\n\t\t\t\t\t\t\t\t\t\t\t\t\t\t\t<img loading=\"lazy\" decoding=\"async\" width=\"800\" height=\"400\" src=\"https:\/\/innotecgrupo.com\/hogar\/wp-content\/uploads\/2026\/03\/como-reducir-consumo-aire-acondicionado-1-5.png\" class=\"attachment-large size-large wp-image-25640\" alt=\"C\u00f3mo reducir el consumo el\u00e9ctrico del aire acondicionado\" srcset=\"https:\/\/innotecgrupo.com\/hogar\/wp-content\/uploads\/2026\/03\/como-reducir-consumo-aire-acondicionado-1-5.png 1000w, https:\/\/innotecgrupo.com\/hogar\/wp-content\/uploads\/2026\/03\/como-reducir-consumo-aire-acondicionado-1-5-300x150.png 300w, https:\/\/innotecgrupo.com\/hogar\/wp-content\/uploads\/2026\/03\/como-reducir-consumo-aire-acondicionado-1-5-768x384.png 768w\" sizes=\"(max-width: 800px) 100vw, 800px\" \/>\t\t\t\t\t\t\t\t\t\t\t\t\t\t\t<\/div>\n\t\t\t\t<\/div>\n\t\t\t\t<div class=\"elementor-element elementor-element-d855ac2 elementor-widget elementor-widget-heading\" data-id=\"d855ac2\" data-element_type=\"widget\" data-e-type=\"widget\" data-widget_type=\"heading.default\">\n\t\t\t\t<div class=\"elementor-widget-container\">\n\t\t\t\t\t<h2 class=\"elementor-heading-title elementor-size-default\">Apuesta por equipos eficientes\n<\/h2>\t\t\t\t<\/div>\n\t\t\t\t<\/div>\n\t\t\t\t<div class=\"elementor-element elementor-element-db2a34f elementor-widget elementor-widget-text-editor\" data-id=\"db2a34f\" data-element_type=\"widget\" data-e-type=\"widget\" data-widget_type=\"text-editor.default\">\n\t\t\t\t<div class=\"elementor-widget-container\">\n\t\t\t\t\t\t\t\t\t<p><span style=\"font-weight: 400;\">Si tu aire acondicionado tiene muchos a\u00f1os, es probable que su eficiencia sea baja.<\/span><\/p><p>\u00a0<\/p><p><span style=\"font-weight: 400;\">Los equipos actuales cuentan con tecnolog\u00edas como inverter, que ajustan la potencia seg\u00fan la necesidad real, evitando consumos innecesarios.<\/span><\/p><p>\u00a0<\/p><p><span style=\"font-weight: 400;\">Aunque la inversi\u00f3n inicial puede ser mayor, el ahorro a largo plazo compensa claramente.<\/span><\/p>\t\t\t\t\t\t\t\t<\/div>\n\t\t\t\t<\/div>\n\t\t\t\t<div class=\"elementor-element elementor-element-fcb5a15 elementor-widget elementor-widget-heading\" data-id=\"fcb5a15\" data-element_type=\"widget\" data-e-type=\"widget\" data-widget_type=\"heading.default\">\n\t\t\t\t<div class=\"elementor-widget-container\">\n\t\t\t\t\t<h2 class=\"elementor-heading-title elementor-size-default\">Realiza un mantenimiento profesional<\/h2>\t\t\t\t<\/div>\n\t\t\t\t<\/div>\n\t\t\t\t<div class=\"elementor-element elementor-element-9223757 elementor-widget elementor-widget-text-editor\" data-id=\"9223757\" data-element_type=\"widget\" data-e-type=\"widget\" data-widget_type=\"text-editor.default\">\n\t\t\t\t<div class=\"elementor-widget-container\">\n\t\t\t\t\t\t\t\t\t<p><span style=\"font-weight: 400;\">Adem\u00e1s del mantenimiento b\u00e1sico que puedes hacer t\u00fa, es importante realizar revisiones peri\u00f3dicas con profesionales.<\/span><\/p><p>\u00a0<\/p><p><span style=\"font-weight: 400;\">Un t\u00e9cnico especializado puede:<\/span><\/p><ul><li style=\"font-weight: 400;\" aria-level=\"1\"><span style=\"font-weight: 400;\">Detectar fallos ocultos<\/span><\/li><li style=\"font-weight: 400;\" aria-level=\"1\"><span style=\"font-weight: 400;\">Revisar el gas refrigerante<\/span><\/li><li style=\"font-weight: 400;\" aria-level=\"1\"><span style=\"font-weight: 400;\">Optimizar el rendimiento del equipo<\/span><\/li><\/ul><p>\u00a0<\/p><p><span style=\"font-weight: 400;\">Un sistema bien mantenido siempre consume menos.<\/span><\/p>\t\t\t\t\t\t\t\t<\/div>\n\t\t\t\t<\/div>\n\t\t\t\t<div class=\"elementor-element elementor-element-06fddf5 elementor-widget elementor-widget-image\" data-id=\"06fddf5\" data-element_type=\"widget\" data-e-type=\"widget\" data-widget_type=\"image.default\">\n\t\t\t\t<div class=\"elementor-widget-container\">\n\t\t\t\t\t\t\t\t\t\t\t\t\t\t\t<img loading=\"lazy\" decoding=\"async\" width=\"800\" height=\"400\" src=\"https:\/\/innotecgrupo.com\/hogar\/wp-content\/uploads\/2026\/03\/como-reducir-consumo-aire-acondicionado-1-6.png\" class=\"attachment-large size-large wp-image-25635\" alt=\"C\u00f3mo reducir el consumo el\u00e9ctrico del aire acondicionado\" srcset=\"https:\/\/innotecgrupo.com\/hogar\/wp-content\/uploads\/2026\/03\/como-reducir-consumo-aire-acondicionado-1-6.png 1000w, https:\/\/innotecgrupo.com\/hogar\/wp-content\/uploads\/2026\/03\/como-reducir-consumo-aire-acondicionado-1-6-300x150.png 300w, https:\/\/innotecgrupo.com\/hogar\/wp-content\/uploads\/2026\/03\/como-reducir-consumo-aire-acondicionado-1-6-768x384.png 768w\" sizes=\"(max-width: 800px) 100vw, 800px\" \/>\t\t\t\t\t\t\t\t\t\t\t\t\t\t\t<\/div>\n\t\t\t\t<\/div>\n\t\t\t\t<div class=\"elementor-element elementor-element-94a6b77 elementor-widget elementor-widget-heading\" data-id=\"94a6b77\" data-element_type=\"widget\" data-e-type=\"widget\" data-widget_type=\"heading.default\">\n\t\t\t\t<div class=\"elementor-widget-container\">\n\t\t\t\t\t<h2 class=\"elementor-heading-title elementor-size-default\">Aprovecha la ventilaci\u00f3n natural\n<\/h2>\t\t\t\t<\/div>\n\t\t\t\t<\/div>\n\t\t\t\t<div class=\"elementor-element elementor-element-2104451 elementor-widget elementor-widget-text-editor\" data-id=\"2104451\" data-element_type=\"widget\" data-e-type=\"widget\" data-widget_type=\"text-editor.default\">\n\t\t\t\t<div class=\"elementor-widget-container\">\n\t\t\t\t\t\t\t\t\t<p><span style=\"font-weight: 400;\">Durante las primeras horas del d\u00eda o por la noche, la temperatura exterior suele ser m\u00e1s baja.<\/span><\/p><p>\u00a0<\/p><p><span style=\"font-weight: 400;\">Aprovecha estos momentos para ventilar la casa y renovar el aire. Esto reduce la necesidad de usar el aire acondicionado durante tantas horas.<\/span><\/p><p>\u00a0<\/p><p><span style=\"font-weight: 400;\">Eso s\u00ed, aseg\u00farate de cerrar bien despu\u00e9s para conservar el frescor.<\/span><\/p>\t\t\t\t\t\t\t\t<\/div>\n\t\t\t\t<\/div>\n\t\t\t\t<div class=\"elementor-element elementor-element-55f122f elementor-widget elementor-widget-heading\" data-id=\"55f122f\" data-element_type=\"widget\" data-e-type=\"widget\" data-widget_type=\"heading.default\">\n\t\t\t\t<div class=\"elementor-widget-container\">\n\t\t\t\t\t<h2 class=\"elementor-heading-title elementor-size-default\">Evita enfriar estancias vac\u00edas<\/h2>\t\t\t\t<\/div>\n\t\t\t\t<\/div>\n\t\t\t\t<div class=\"elementor-element elementor-element-7c0ec55 elementor-widget elementor-widget-text-editor\" data-id=\"7c0ec55\" data-element_type=\"widget\" data-e-type=\"widget\" data-widget_type=\"text-editor.default\">\n\t\t\t\t<div class=\"elementor-widget-container\">\n\t\t\t\t\t\t\t\t\t<p><span style=\"font-weight: 400;\">No tiene sentido climatizar habitaciones que no est\u00e1s utilizando.<\/span><\/p><p>\u00a0<\/p><p><span style=\"font-weight: 400;\">Si tienes un sistema por splits, enciende solo los necesarios. Si es centralizado, ajusta las zonas activas.<\/span><\/p><p>\u00a0<\/p><p><span style=\"font-weight: 400;\">Este peque\u00f1o gesto puede marcar una gran diferencia en la factura.<\/span><\/p>\t\t\t\t\t\t\t\t<\/div>\n\t\t\t\t<\/div>\n\t\t\t\t<div class=\"elementor-element elementor-element-c7e7ef1 elementor-widget elementor-widget-heading\" data-id=\"c7e7ef1\" data-element_type=\"widget\" data-e-type=\"widget\" data-widget_type=\"heading.default\">\n\t\t\t\t<div class=\"elementor-widget-container\">\n\t\t\t\t\t<h2 class=\"elementor-heading-title elementor-size-default\">Controla el consumo con tecnolog\u00eda\n<\/h2>\t\t\t\t<\/div>\n\t\t\t\t<\/div>\n\t\t\t\t<div class=\"elementor-element elementor-element-bb9aeaa elementor-widget elementor-widget-text-editor\" data-id=\"bb9aeaa\" data-element_type=\"widget\" data-e-type=\"widget\" data-widget_type=\"text-editor.default\">\n\t\t\t\t<div class=\"elementor-widget-container\">\n\t\t\t\t\t\t\t\t\t<p><span style=\"font-weight: 400;\">Hoy en d\u00eda existen soluciones inteligentes que te permiten monitorizar y controlar el consumo energ\u00e9tico.<\/span><\/p><p>\u00a0<\/p><p><span style=\"font-weight: 400;\">Desde apps m\u00f3viles hasta termostatos inteligentes, estas herramientas te ayudan a tomar decisiones m\u00e1s eficientes y detectar posibles excesos.<\/span><\/p>\t\t\t\t\t\t\t\t<\/div>\n\t\t\t\t<\/div>\n\t\t\t\t<div class=\"elementor-element elementor-element-f874c3b elementor-widget elementor-widget-heading\" data-id=\"f874c3b\" data-element_type=\"widget\" data-e-type=\"widget\" data-widget_type=\"heading.default\">\n\t\t\t\t<div class=\"elementor-widget-container\">\n\t\t\t\t\t<h2 class=\"elementor-heading-title elementor-size-default\">Peque\u00f1os cambios, gran ahorro\n<\/h2>\t\t\t\t<\/div>\n\t\t\t\t<\/div>\n\t\t\t\t<div class=\"elementor-element elementor-element-ea7a9df elementor-widget elementor-widget-text-editor\" data-id=\"ea7a9df\" data-element_type=\"widget\" data-e-type=\"widget\" data-widget_type=\"text-editor.default\">\n\t\t\t\t<div class=\"elementor-widget-container\">\n\t\t\t\t\t\t\t\t\t<p><span style=\"font-weight: 400;\">Reducir el consumo el\u00e9ctrico del aire acondicionado no implica pasar calor ni renunciar al confort. Se trata de usar el equipo de forma inteligente y mantenerlo en condiciones \u00f3ptimas.<\/span><\/p><p>\u00a0<\/p><p><span style=\"font-weight: 400;\">Aplicando estos consejos podr\u00e1s:<\/span><\/p><ul><li style=\"font-weight: 400;\" aria-level=\"1\"><span style=\"font-weight: 400;\">Reducir tu factura de la luz<\/span><\/li><li style=\"font-weight: 400;\" aria-level=\"1\"><span style=\"font-weight: 400;\">Mejorar la eficiencia energ\u00e9tica de tu hogar<\/span><\/li><li style=\"font-weight: 400;\" aria-level=\"1\"><span style=\"font-weight: 400;\">Alargar la vida \u00fatil de tu sistema de climatizaci\u00f3n<\/span><\/li><\/ul>\t\t\t\t\t\t\t\t<\/div>\n\t\t\t\t<\/div>\n\t\t\t\t<div class=\"elementor-element elementor-element-4bf99fd elementor-widget elementor-widget-heading\" data-id=\"4bf99fd\" data-element_type=\"widget\" data-e-type=\"widget\" data-widget_type=\"heading.default\">\n\t\t\t\t<div class=\"elementor-widget-container\">\n\t\t\t\t\t<h2 class=\"elementor-heading-title elementor-size-default\">\u00bfQuieres optimizar tu sistema de climatizaci\u00f3n?\n<\/h2>\t\t\t\t<\/div>\n\t\t\t\t<\/div>\n\t\t\t\t<div class=\"elementor-element elementor-element-f53dbb6 elementor-widget elementor-widget-text-editor\" data-id=\"f53dbb6\" data-element_type=\"widget\" data-e-type=\"widget\" data-widget_type=\"text-editor.default\">\n\t\t\t\t<div class=\"elementor-widget-container\">\n\t\t\t\t\t\t\t\t\t<p><span style=\"font-weight: 400;\">En Grupo Innotec somos especialistas en climatizaci\u00f3n eficiente para el hogar. Analizamos tu caso, optimizamos tu instalaci\u00f3n y te ayudamos a reducir el consumo energ\u00e9tico sin perder confort.<\/span><\/p><p>\u00a0<\/p><p><span style=\"font-weight: 400;\">Si est\u00e1s pensando en mejorar tu aire acondicionado o quieres asegurarte de que est\u00e1s consumiendo lo justo, contacta con nosotros y empieza a ahorrar desde el primer d\u00eda.<\/span><\/p><p><br \/><br \/><\/p>\t\t\t\t\t\t\t\t<\/div>\n\t\t\t\t<\/div>\n\t\t\t\t\t<\/div>\n\t\t\t\t<\/div>\n\t\t\t\t<\/div>\n\t\t","protected":false},"excerpt":{"rendered":"<p>El aire acondicionado se ha convertido en un imprescindible en muchos hogares, especialmente durante los meses de calor intenso. Sin embargo, su uso continuado puede disparar la factura el\u00e9ctrica si no se utiliza de forma eficiente. La buena noticia es que existen m\u00faltiples estrategias para reducir el consumo sin tener que pasar calor ni sacrificar [&hellip;]<\/p>\n","protected":false},"author":9,"featured_media":25636,"comment_status":"closed","ping_status":"closed","sticky":false,"template":"","format":"standard","meta":{"_acf_changed":false,"footnotes":""},"categories":[38],"tags":[],"class_list":["post-25634","post","type-post","status-publish","format-standard","has-post-thumbnail","hentry","category-aire-acondicionado"],"acf":[],"yoast_head":"<!-- This site is optimized with the Yoast SEO plugin v27.4 - https:\/\/yoast.com\/product\/yoast-seo-wordpress\/ -->\n<title>C\u00f3mo reducir el consumo el\u00e9ctrico del aire acondicionado | Innotec Grupo - Hogar<\/title>\n<meta name=\"description\" content=\"El aire acondicionado se ha convertido en un imprescindible en muchos hogares, especialmente durante los meses de calor intenso.\" \/>\n<meta name=\"robots\" content=\"index, follow, max-snippet:-1, max-image-preview:large, max-video-preview:-1\" \/>\n<link rel=\"canonical\" href=\"https:\/\/innotecgrupo.com\/hogar\/blog\/como-reducir-el-consumo-electrico-del-aire-acondicionado\/\" \/>\n<meta property=\"og:locale\" content=\"es_ES\" \/>\n<meta property=\"og:type\" content=\"article\" \/>\n<meta property=\"og:title\" content=\"C\u00f3mo reducir el consumo el\u00e9ctrico del aire acondicionado | Innotec Grupo - Hogar\" \/>\n<meta property=\"og:description\" content=\"El aire acondicionado se ha convertido en un imprescindible en muchos hogares, especialmente durante los meses de calor intenso.\" \/>\n<meta property=\"og:url\" content=\"https:\/\/innotecgrupo.com\/hogar\/blog\/como-reducir-el-consumo-electrico-del-aire-acondicionado\/\" \/>\n<meta property=\"og:site_name\" content=\"Innotec Grupo - Hogar\" \/>\n<meta property=\"article:published_time\" content=\"2026-04-27T04:00:00+00:00\" \/>\n<meta property=\"og:image\" content=\"https:\/\/innotecgrupo.com\/hogar\/wp-content\/uploads\/2026\/03\/como-reducir-consumo-aire-acondicionado-1-1.png\" \/>\n\t<meta property=\"og:image:width\" content=\"1000\" \/>\n\t<meta property=\"og:image:height\" content=\"500\" \/>\n\t<meta property=\"og:image:type\" content=\"image\/png\" \/>\n<meta name=\"author\" content=\"Manuel Bernal (Socio Fundador)\" \/>\n<meta name=\"twitter:card\" content=\"summary_large_image\" \/>\n<meta name=\"twitter:label1\" content=\"Escrito por\" \/>\n\t<meta name=\"twitter:data1\" content=\"Manuel Bernal (Socio Fundador)\" \/>\n\t<meta name=\"twitter:label2\" content=\"Tiempo de lectura\" \/>\n\t<meta name=\"twitter:data2\" content=\"7 minutos\" \/>\n<script type=\"application\/ld+json\" class=\"yoast-schema-graph\">{\"@context\":\"https:\\\/\\\/schema.org\",\"@graph\":[{\"@type\":\"Article\",\"@id\":\"https:\\\/\\\/innotecgrupo.com\\\/hogar\\\/blog\\\/como-reducir-el-consumo-electrico-del-aire-acondicionado\\\/#article\",\"isPartOf\":{\"@id\":\"https:\\\/\\\/innotecgrupo.com\\\/hogar\\\/blog\\\/como-reducir-el-consumo-electrico-del-aire-acondicionado\\\/\"},\"author\":{\"name\":\"Manuel Bernal (Socio Fundador)\",\"@id\":\"https:\\\/\\\/innotecgrupo.com\\\/hogar\\\/#\\\/schema\\\/person\\\/cd83faa3aecd59ea2de1fcb467a88501\"},\"headline\":\"C\u00f3mo reducir el consumo el\u00e9ctrico del aire acondicionado\",\"datePublished\":\"2026-04-27T04:00:00+00:00\",\"mainEntityOfPage\":{\"@id\":\"https:\\\/\\\/innotecgrupo.com\\\/hogar\\\/blog\\\/como-reducir-el-consumo-electrico-del-aire-acondicionado\\\/\"},\"wordCount\":1156,\"publisher\":{\"@id\":\"https:\\\/\\\/innotecgrupo.com\\\/hogar\\\/#organization\"},\"image\":{\"@id\":\"https:\\\/\\\/innotecgrupo.com\\\/hogar\\\/blog\\\/como-reducir-el-consumo-electrico-del-aire-acondicionado\\\/#primaryimage\"},\"thumbnailUrl\":\"https:\\\/\\\/innotecgrupo.com\\\/hogar\\\/wp-content\\\/uploads\\\/2026\\\/03\\\/como-reducir-consumo-aire-acondicionado-1-1.png\",\"articleSection\":[\"Aire acondicionado\"],\"inLanguage\":\"es\"},{\"@type\":\"WebPage\",\"@id\":\"https:\\\/\\\/innotecgrupo.com\\\/hogar\\\/blog\\\/como-reducir-el-consumo-electrico-del-aire-acondicionado\\\/\",\"url\":\"https:\\\/\\\/innotecgrupo.com\\\/hogar\\\/blog\\\/como-reducir-el-consumo-electrico-del-aire-acondicionado\\\/\",\"name\":\"C\u00f3mo reducir el consumo el\u00e9ctrico del aire acondicionado | Innotec Grupo - Hogar\",\"isPartOf\":{\"@id\":\"https:\\\/\\\/innotecgrupo.com\\\/hogar\\\/#website\"},\"primaryImageOfPage\":{\"@id\":\"https:\\\/\\\/innotecgrupo.com\\\/hogar\\\/blog\\\/como-reducir-el-consumo-electrico-del-aire-acondicionado\\\/#primaryimage\"},\"image\":{\"@id\":\"https:\\\/\\\/innotecgrupo.com\\\/hogar\\\/blog\\\/como-reducir-el-consumo-electrico-del-aire-acondicionado\\\/#primaryimage\"},\"thumbnailUrl\":\"https:\\\/\\\/innotecgrupo.com\\\/hogar\\\/wp-content\\\/uploads\\\/2026\\\/03\\\/como-reducir-consumo-aire-acondicionado-1-1.png\",\"datePublished\":\"2026-04-27T04:00:00+00:00\",\"description\":\"El aire acondicionado se ha convertido en un imprescindible en muchos hogares, especialmente durante los meses de calor intenso.\",\"breadcrumb\":{\"@id\":\"https:\\\/\\\/innotecgrupo.com\\\/hogar\\\/blog\\\/como-reducir-el-consumo-electrico-del-aire-acondicionado\\\/#breadcrumb\"},\"inLanguage\":\"es\",\"potentialAction\":[{\"@type\":\"ReadAction\",\"target\":[\"https:\\\/\\\/innotecgrupo.com\\\/hogar\\\/blog\\\/como-reducir-el-consumo-electrico-del-aire-acondicionado\\\/\"]}]},{\"@type\":\"ImageObject\",\"inLanguage\":\"es\",\"@id\":\"https:\\\/\\\/innotecgrupo.com\\\/hogar\\\/blog\\\/como-reducir-el-consumo-electrico-del-aire-acondicionado\\\/#primaryimage\",\"url\":\"https:\\\/\\\/innotecgrupo.com\\\/hogar\\\/wp-content\\\/uploads\\\/2026\\\/03\\\/como-reducir-consumo-aire-acondicionado-1-1.png\",\"contentUrl\":\"https:\\\/\\\/innotecgrupo.com\\\/hogar\\\/wp-content\\\/uploads\\\/2026\\\/03\\\/como-reducir-consumo-aire-acondicionado-1-1.png\",\"width\":1000,\"height\":500,\"caption\":\"C\u00f3mo reducir el consumo el\u00e9ctrico del aire acondicionado\"},{\"@type\":\"BreadcrumbList\",\"@id\":\"https:\\\/\\\/innotecgrupo.com\\\/hogar\\\/blog\\\/como-reducir-el-consumo-electrico-del-aire-acondicionado\\\/#breadcrumb\",\"itemListElement\":[{\"@type\":\"ListItem\",\"position\":1,\"name\":\"Portada\",\"item\":\"https:\\\/\\\/innotecgrupo.com\\\/hogar\\\/\"},{\"@type\":\"ListItem\",\"position\":2,\"name\":\"C\u00f3mo reducir el consumo el\u00e9ctrico del aire acondicionado\"}]},{\"@type\":\"WebSite\",\"@id\":\"https:\\\/\\\/innotecgrupo.com\\\/hogar\\\/#website\",\"url\":\"https:\\\/\\\/innotecgrupo.com\\\/hogar\\\/\",\"name\":\"Innotec Grupo\",\"description\":\"CLIMATIZACI\u00d3N ENFOCADA AL BIENESTAR INTEGRAL\",\"publisher\":{\"@id\":\"https:\\\/\\\/innotecgrupo.com\\\/hogar\\\/#organization\"},\"potentialAction\":[{\"@type\":\"SearchAction\",\"target\":{\"@type\":\"EntryPoint\",\"urlTemplate\":\"https:\\\/\\\/innotecgrupo.com\\\/hogar\\\/?s={search_term_string}\"},\"query-input\":{\"@type\":\"PropertyValueSpecification\",\"valueRequired\":true,\"valueName\":\"search_term_string\"}}],\"inLanguage\":\"es\"},{\"@type\":\"Organization\",\"@id\":\"https:\\\/\\\/innotecgrupo.com\\\/hogar\\\/#organization\",\"name\":\"Innotec\",\"url\":\"https:\\\/\\\/innotecgrupo.com\\\/hogar\\\/\",\"logo\":{\"@type\":\"ImageObject\",\"inLanguage\":\"es\",\"@id\":\"https:\\\/\\\/innotecgrupo.com\\\/hogar\\\/#\\\/schema\\\/logo\\\/image\\\/\",\"url\":\"https:\\\/\\\/innotecgrupo.com\\\/hogar\\\/wp-content\\\/uploads\\\/2022\\\/01\\\/logo-innotec.png\",\"contentUrl\":\"https:\\\/\\\/innotecgrupo.com\\\/hogar\\\/wp-content\\\/uploads\\\/2022\\\/01\\\/logo-innotec.png\",\"width\":166,\"height\":31,\"caption\":\"Innotec\"},\"image\":{\"@id\":\"https:\\\/\\\/innotecgrupo.com\\\/hogar\\\/#\\\/schema\\\/logo\\\/image\\\/\"}},{\"@type\":\"Person\",\"@id\":\"https:\\\/\\\/innotecgrupo.com\\\/hogar\\\/#\\\/schema\\\/person\\\/cd83faa3aecd59ea2de1fcb467a88501\",\"name\":\"Manuel Bernal (Socio Fundador)\",\"description\":\"Ingeniero Industrial MBA en CESTE\",\"sameAs\":[\"https:\\\/\\\/www.linkedin.com\\\/in\\\/manuel-bernal-innotec\\\/\"],\"url\":\"https:\\\/\\\/innotecgrupo.com\\\/hogar\\\/blog\\\/author\\\/manuel-bernal\\\/\"}]}<\/script>\n<!-- \/ Yoast SEO plugin. -->","yoast_head_json":{"title":"C\u00f3mo reducir el consumo el\u00e9ctrico del aire acondicionado | Innotec Grupo - Hogar","description":"El aire acondicionado se ha convertido en un imprescindible en muchos hogares, especialmente durante los meses de calor intenso.","robots":{"index":"index","follow":"follow","max-snippet":"max-snippet:-1","max-image-preview":"max-image-preview:large","max-video-preview":"max-video-preview:-1"},"canonical":"https:\/\/innotecgrupo.com\/hogar\/blog\/como-reducir-el-consumo-electrico-del-aire-acondicionado\/","og_locale":"es_ES","og_type":"article","og_title":"C\u00f3mo reducir el consumo el\u00e9ctrico del aire acondicionado | Innotec Grupo - Hogar","og_description":"El aire acondicionado se ha convertido en un imprescindible en muchos hogares, especialmente durante los meses de calor intenso.","og_url":"https:\/\/innotecgrupo.com\/hogar\/blog\/como-reducir-el-consumo-electrico-del-aire-acondicionado\/","og_site_name":"Innotec Grupo - Hogar","article_published_time":"2026-04-27T04:00:00+00:00","og_image":[{"width":1000,"height":500,"url":"https:\/\/innotecgrupo.com\/hogar\/wp-content\/uploads\/2026\/03\/como-reducir-consumo-aire-acondicionado-1-1.png","type":"image\/png"}],"author":"Manuel Bernal (Socio Fundador)","twitter_card":"summary_large_image","twitter_misc":{"Escrito por":"Manuel Bernal (Socio Fundador)","Tiempo de lectura":"7 minutos"},"schema":{"@context":"https:\/\/schema.org","@graph":[{"@type":"Article","@id":"https:\/\/innotecgrupo.com\/hogar\/blog\/como-reducir-el-consumo-electrico-del-aire-acondicionado\/#article","isPartOf":{"@id":"https:\/\/innotecgrupo.com\/hogar\/blog\/como-reducir-el-consumo-electrico-del-aire-acondicionado\/"},"author":{"name":"Manuel Bernal (Socio Fundador)","@id":"https:\/\/innotecgrupo.com\/hogar\/#\/schema\/person\/cd83faa3aecd59ea2de1fcb467a88501"},"headline":"C\u00f3mo reducir el consumo el\u00e9ctrico del aire acondicionado","datePublished":"2026-04-27T04:00:00+00:00","mainEntityOfPage":{"@id":"https:\/\/innotecgrupo.com\/hogar\/blog\/como-reducir-el-consumo-electrico-del-aire-acondicionado\/"},"wordCount":1156,"publisher":{"@id":"https:\/\/innotecgrupo.com\/hogar\/#organization"},"image":{"@id":"https:\/\/innotecgrupo.com\/hogar\/blog\/como-reducir-el-consumo-electrico-del-aire-acondicionado\/#primaryimage"},"thumbnailUrl":"https:\/\/innotecgrupo.com\/hogar\/wp-content\/uploads\/2026\/03\/como-reducir-consumo-aire-acondicionado-1-1.png","articleSection":["Aire acondicionado"],"inLanguage":"es"},{"@type":"WebPage","@id":"https:\/\/innotecgrupo.com\/hogar\/blog\/como-reducir-el-consumo-electrico-del-aire-acondicionado\/","url":"https:\/\/innotecgrupo.com\/hogar\/blog\/como-reducir-el-consumo-electrico-del-aire-acondicionado\/","name":"C\u00f3mo reducir el consumo el\u00e9ctrico del aire acondicionado | Innotec Grupo - Hogar","isPartOf":{"@id":"https:\/\/innotecgrupo.com\/hogar\/#website"},"primaryImageOfPage":{"@id":"https:\/\/innotecgrupo.com\/hogar\/blog\/como-reducir-el-consumo-electrico-del-aire-acondicionado\/#primaryimage"},"image":{"@id":"https:\/\/innotecgrupo.com\/hogar\/blog\/como-reducir-el-consumo-electrico-del-aire-acondicionado\/#primaryimage"},"thumbnailUrl":"https:\/\/innotecgrupo.com\/hogar\/wp-content\/uploads\/2026\/03\/como-reducir-consumo-aire-acondicionado-1-1.png","datePublished":"2026-04-27T04:00:00+00:00","description":"El aire acondicionado se ha convertido en un imprescindible en muchos hogares, especialmente durante los meses de calor intenso.","breadcrumb":{"@id":"https:\/\/innotecgrupo.com\/hogar\/blog\/como-reducir-el-consumo-electrico-del-aire-acondicionado\/#breadcrumb"},"inLanguage":"es","potentialAction":[{"@type":"ReadAction","target":["https:\/\/innotecgrupo.com\/hogar\/blog\/como-reducir-el-consumo-electrico-del-aire-acondicionado\/"]}]},{"@type":"ImageObject","inLanguage":"es","@id":"https:\/\/innotecgrupo.com\/hogar\/blog\/como-reducir-el-consumo-electrico-del-aire-acondicionado\/#primaryimage","url":"https:\/\/innotecgrupo.com\/hogar\/wp-content\/uploads\/2026\/03\/como-reducir-consumo-aire-acondicionado-1-1.png","contentUrl":"https:\/\/innotecgrupo.com\/hogar\/wp-content\/uploads\/2026\/03\/como-reducir-consumo-aire-acondicionado-1-1.png","width":1000,"height":500,"caption":"C\u00f3mo reducir el consumo el\u00e9ctrico del aire acondicionado"},{"@type":"BreadcrumbList","@id":"https:\/\/innotecgrupo.com\/hogar\/blog\/como-reducir-el-consumo-electrico-del-aire-acondicionado\/#breadcrumb","itemListElement":[{"@type":"ListItem","position":1,"name":"Portada","item":"https:\/\/innotecgrupo.com\/hogar\/"},{"@type":"ListItem","position":2,"name":"C\u00f3mo reducir el consumo el\u00e9ctrico del aire acondicionado"}]},{"@type":"WebSite","@id":"https:\/\/innotecgrupo.com\/hogar\/#website","url":"https:\/\/innotecgrupo.com\/hogar\/","name":"Innotec Grupo","description":"CLIMATIZACI\u00d3N ENFOCADA AL BIENESTAR INTEGRAL","publisher":{"@id":"https:\/\/innotecgrupo.com\/hogar\/#organization"},"potentialAction":[{"@type":"SearchAction","target":{"@type":"EntryPoint","urlTemplate":"https:\/\/innotecgrupo.com\/hogar\/?s={search_term_string}"},"query-input":{"@type":"PropertyValueSpecification","valueRequired":true,"valueName":"search_term_string"}}],"inLanguage":"es"},{"@type":"Organization","@id":"https:\/\/innotecgrupo.com\/hogar\/#organization","name":"Innotec","url":"https:\/\/innotecgrupo.com\/hogar\/","logo":{"@type":"ImageObject","inLanguage":"es","@id":"https:\/\/innotecgrupo.com\/hogar\/#\/schema\/logo\/image\/","url":"https:\/\/innotecgrupo.com\/hogar\/wp-content\/uploads\/2022\/01\/logo-innotec.png","contentUrl":"https:\/\/innotecgrupo.com\/hogar\/wp-content\/uploads\/2022\/01\/logo-innotec.png","width":166,"height":31,"caption":"Innotec"},"image":{"@id":"https:\/\/innotecgrupo.com\/hogar\/#\/schema\/logo\/image\/"}},{"@type":"Person","@id":"https:\/\/innotecgrupo.com\/hogar\/#\/schema\/person\/cd83faa3aecd59ea2de1fcb467a88501","name":"Manuel Bernal (Socio Fundador)","description":"Ingeniero Industrial MBA en CESTE","sameAs":["https:\/\/www.linkedin.com\/in\/manuel-bernal-innotec\/"],"url":"https:\/\/innotecgrupo.com\/hogar\/blog\/author\/manuel-bernal\/"}]}},"_links":{"self":[{"href":"https:\/\/innotecgrupo.com\/hogar\/wp-json\/wp\/v2\/posts\/25634","targetHints":{"allow":["GET"]}}],"collection":[{"href":"https:\/\/innotecgrupo.com\/hogar\/wp-json\/wp\/v2\/posts"}],"about":[{"href":"https:\/\/innotecgrupo.com\/hogar\/wp-json\/wp\/v2\/types\/post"}],"author":[{"embeddable":true,"href":"https:\/\/innotecgrupo.com\/hogar\/wp-json\/wp\/v2\/users\/9"}],"replies":[{"embeddable":true,"href":"https:\/\/innotecgrupo.com\/hogar\/wp-json\/wp\/v2\/comments?post=25634"}],"version-history":[{"count":4,"href":"https:\/\/innotecgrupo.com\/hogar\/wp-json\/wp\/v2\/posts\/25634\/revisions"}],"predecessor-version":[{"id":25644,"href":"https:\/\/innotecgrupo.com\/hogar\/wp-json\/wp\/v2\/posts\/25634\/revisions\/25644"}],"wp:featuredmedia":[{"embeddable":true,"href":"https:\/\/innotecgrupo.com\/hogar\/wp-json\/wp\/v2\/media\/25636"}],"wp:attachment":[{"href":"https:\/\/innotecgrupo.com\/hogar\/wp-json\/wp\/v2\/media?parent=25634"}],"wp:term":[{"taxonomy":"category","embeddable":true,"href":"https:\/\/innotecgrupo.com\/hogar\/wp-json\/wp\/v2\/categories?post=25634"},{"taxonomy":"post_tag","embeddable":true,"href":"https:\/\/innotecgrupo.com\/hogar\/wp-json\/wp\/v2\/tags?post=25634"}],"curies":[{"name":"wp","href":"https:\/\/api.w.org\/{rel}","templated":true}]}}